{"id":1179,"date":"2018-03-06T23:30:26","date_gmt":"2018-03-06T22:30:26","guid":{"rendered":"http:\/\/literackieprzeszpiegi.pl\/?p=1179"},"modified":"2018-03-06T23:31:00","modified_gmt":"2018-03-06T22:31:00","slug":"marcowe-zwiady-cz-ii-2018","status":"publish","type":"post","link":"https:\/\/literackieprzeszpiegi.pl\/index.php\/2018\/03\/06\/marcowe-zwiady-cz-ii-2018\/","title":{"rendered":"Marcowe zwiady, cz.II #2018"},"content":{"rendered":"<p>Mocno si\u0119 trzymajcie, bo w marcu amatorzy krymina\u0142\u00f3w i thriller\u00f3w maj\u0105 w czym wybiera\u0107!<!--more--><br \/>\n_________________________________________________________________________________________________________________<\/p>\n<p><img loading=\"lazy\" decoding=\"async\" class=\"wp-image-1181 size-medium alignleft\" src=\"http:\/\/literackieprzeszpiegi.pl\/wp-content\/uploads\/2018\/03\/\u015blepy-archeolog-211x300.jpg\" alt=\"\" width=\"211\" height=\"300\" srcset=\"https:\/\/literackieprzeszpiegi.pl\/wp-content\/uploads\/2018\/03\/\u015blepy-archeolog-211x300.jpg 211w, https:\/\/literackieprzeszpiegi.pl\/wp-content\/uploads\/2018\/03\/\u015blepy-archeolog.jpg 352w\" sizes=\"(max-width: 211px) 100vw, 211px\" \/>Archeolog Tom Mara jest szefem wykopalisk na Krecie. Po utracie wzroku, inne zmys\u0142y doprowadzi\u0142 do perfekcji, zw\u0142aszcza dotyk. Posiada r\u00f3wnie\u017c pami\u0119\u0107 absolutn\u0105, pami\u0119ta ka\u017cdy kamie\u0144, a na podstawie k\u0105ta padania promieni s\u0142onecznych i zapachu powietrza jest w stanie poda\u0107 dok\u0142adna lokalizacj\u0119.<\/p>\n<p>Ale na wykopaliskach zaczynaj\u0105 dzia\u0107 sie dziwne rzeczy. Ginie pies asystentki, a potem na wskutek nierozwi\u0105zanych przez niego \u0142amig\u0142\u00f3wek, r\u00f3wnie\u017c ona sama.<\/p>\n<p>Czy Mara ma zwidy, czy zosta\u0142 wplatany w niebezpieczn\u0105 gr\u0119?<\/p>\n<p><strong>Marta Guzowska &#8220;\u015alepy archeolog&#8221;<\/strong><br \/>\n<strong>Wydawnictwo Marginesy,<\/strong><br \/>\n<strong>data premiery: 14.03.2018 r.<\/strong><\/p>\n<p>__________________________________________________________________________________<\/p>\n<p><img loading=\"lazy\" decoding=\"async\" class=\"size-medium wp-image-1182 alignright\" src=\"http:\/\/literackieprzeszpiegi.pl\/wp-content\/uploads\/2018\/03\/droga-ucieczki-211x300.jpg\" alt=\"\" width=\"211\" height=\"300\" srcset=\"https:\/\/literackieprzeszpiegi.pl\/wp-content\/uploads\/2018\/03\/droga-ucieczki-211x300.jpg 211w, https:\/\/literackieprzeszpiegi.pl\/wp-content\/uploads\/2018\/03\/droga-ucieczki.jpg 352w\" sizes=\"(max-width: 211px) 100vw, 211px\" \/><\/p>\n<p>Spokojna, angielska wie\u015b skrywa zatrwa\u017caj\u0105co du\u017co sekret\u00f3w.<br \/>\nM\u0142oda dziewczyna, Abbie Cambell, zostaje potr\u0105cona i pozostawiona na pewn\u0105 \u015bmier\u0107 na bocznej drodze.<br \/>\nAle jej \u015bmier\u0107 to tylko pocz\u0105tek zmian w Little Melham.<\/p>\n<p>Pewne tajemnice nie mog\u0105 ujrze\u0107 \u015bwiat\u0142a dziennego i niekt\u00f3rzy zrobi\u0105 bardzo du\u017co, by tak si\u0119 sta\u0142o. Co maj\u0105 do ukrycia ludzie, kt\u00f3rych \u017cycie na co dzie\u0144 zamyka si\u0119 w eleganckich willach, otoczonych r\u00f3wno przystrzy\u017conymi \u017cywop\u0142otami?<\/p>\n<p><strong>Rachel Abbott &#8220;Droga ucieczki&#8221;<\/strong><br \/>\n<strong>Wydawnictwo Filia Mroczna strona<\/strong><br \/>\n<strong>data premiery: 14.03.2018 r.<\/strong><\/p>\n<p>___________________________________________________________________________________________<\/p>\n<p><img loading=\"lazy\" decoding=\"async\" class=\"size-medium wp-image-1183 alignleft\" src=\"http:\/\/literackieprzeszpiegi.pl\/wp-content\/uploads\/2018\/03\/porwanie-211x300.jpg\" alt=\"\" width=\"211\" height=\"300\" srcset=\"https:\/\/literackieprzeszpiegi.pl\/wp-content\/uploads\/2018\/03\/porwanie-211x300.jpg 211w, https:\/\/literackieprzeszpiegi.pl\/wp-content\/uploads\/2018\/03\/porwanie.jpg 352w\" sizes=\"(max-width: 211px) 100vw, 211px\" \/><\/p>\n<p>Problemy finansowe potrafi\u0105 przyt\u0142oczy\u0107.<br \/>\nSeweryn, w\u0142a\u015bciciel podupadaj\u0105cej firmy, decyduje si\u0119 na szalony krok. Upozorowuje porwanie swojego syna, Tymka, by wymusi\u0107 okup na swoim znacznie zamo\u017cniejszym bracie.<br \/>\nAle do\u015b\u0107 nieoczekiwanie Tymek wpada w r\u0119ce prawdziwych porywaczy. Czas mija, a nie pojawiaj\u0105 si\u0119 \u017cadne \u017c\u0105dania. O co w tym wszystkim chodzi?<\/p>\n<p>T\u0119 zagadk\u0119 chc\u0105 rozwi\u0105za\u0107 komisarz Kamil Sroka i prokurator Milena \u0141empicka-Krol.<\/p>\n<p><strong>Agnieszka Pietrzyk &#8220;Porwanie&#8221;<\/strong><br \/>\n<strong>Wydawnictwo Czwarta Strona<\/strong><br \/>\n<strong>data premiery: 14.03.2018 r.<\/strong><\/p>\n<p>___________________________________________________________________________________________<\/p>\n<p><img loading=\"lazy\" decoding=\"async\" class=\"size-medium wp-image-1184 alignright\" src=\"http:\/\/literackieprzeszpiegi.pl\/wp-content\/uploads\/2018\/03\/smak-prawdy-211x300.jpg\" alt=\"\" width=\"211\" height=\"300\" srcset=\"https:\/\/literackieprzeszpiegi.pl\/wp-content\/uploads\/2018\/03\/smak-prawdy-211x300.jpg 211w, https:\/\/literackieprzeszpiegi.pl\/wp-content\/uploads\/2018\/03\/smak-prawdy.jpg 352w\" sizes=\"(max-width: 211px) 100vw, 211px\" \/><\/p>\n<p>Presti\u017cowy konkurs na Kucharza Roku przyci\u0105ga tylko tych najlepszych z bran\u017cy gastronomicznej. Relacj\u0119 z gali\u00a0 ma przygotowa\u0107 dziennikarka Solveig Berg.<br \/>\nAle wszystko si\u0119 zmienia, gdy jej szefowa zostaje zastrzelona przez nieznanego sprawc\u0119. \u015aledztwo policji nie przynosi efekt\u00f3w, dlatego kobieta szuka sprawcy na w\u0142asn\u0105 r\u0119k\u0119.<\/p>\n<p>Ale nie spodziewa\u0142a si\u0119, \u017ce \u015brodowisko czo\u0142owych kucharzy w Szwecji mo\u017ce by\u0107 tak niebezpieczne&#8230;<\/p>\n<p><strong>Hanna Lindberg &#8220;Smak prawdy&#8221;<\/strong><br \/>\n<strong>Wydawnictwo Edipresse<\/strong><br \/>\n<strong>data premiery: 14.03.2018 r.<\/strong><\/p>\n","protected":false},"excerpt":{"rendered":"<p>Mocno si\u0119 trzymajcie, bo w marcu amatorzy krymina\u0142\u00f3w i thriller\u00f3w maj\u0105 w czym wybiera\u0107!<\/p>\n","protected":false},"author":1,"featured_media":1186,"comment_status":"open","ping_status":"open","sticky":false,"template":"","format":"standard","meta":{"om_disable_all_campaigns":false,"_exactmetrics_skip_tracking":false,"_exactmetrics_sitenote_active":false,"_exactmetrics_sitenote_note":"","_exactmetrics_sitenote_category":0,"_monsterinsights_skip_tracking":false,"_monsterinsights_sitenote_active":false,"_monsterinsights_sitenote_note":"","_monsterinsights_sitenote_category":0,"_uf_show_specific_survey":0,"_uf_disable_surveys":false,"footnotes":""},"categories":[4],"tags":[10,75,103,77],"yoast_head":"<!-- This site is optimized with the Yoast SEO plugin v22.9 - https:\/\/yoast.com\/wordpress\/plugins\/seo\/ -->\n<title>Marcowe zwiady cz.II #2018 | Literackieprzeszpiegi.pl<\/title>\n<meta name=\"description\" content=\"Mocno si\u0119 trzymajcie, bo w marcu amatorzy krymina\u0142\u00f3w i thriller\u00f3w maj\u0105 w czym wybiera\u0107! A zatem nie marnujcie czasu!\" \/>\n<meta name=\"robots\" content=\"index, follow, max-snippet:-1, max-image-preview:large, max-video-preview:-1\" \/>\n<link rel=\"canonical\" href=\"https:\/\/literackieprzeszpiegi.pl\/index.php\/2018\/03\/06\/marcowe-zwiady-cz-ii-2018\/\" \/>\n<meta property=\"og:locale\" content=\"pl_PL\" \/>\n<meta property=\"og:type\" content=\"article\" \/>\n<meta property=\"og:title\" content=\"Marcowe zwiady, cz.II #2018 | Literackieprzeszpiegi.pl\" \/>\n<meta property=\"og:description\" content=\"Mocno si\u0119 trzymajcie, bo w marcu amatorzy krymina\u0142\u00f3w i thriller\u00f3w maj\u0105 w czym wybiera\u0107!\" \/>\n<meta property=\"og:url\" content=\"https:\/\/literackieprzeszpiegi.pl\/index.php\/2018\/03\/06\/marcowe-zwiady-cz-ii-2018\/\" \/>\n<meta property=\"og:site_name\" content=\"Literackie przeszpiegi\" \/>\n<meta property=\"article:published_time\" content=\"2018-03-06T22:30:26+00:00\" \/>\n<meta property=\"article:modified_time\" content=\"2018-03-06T22:31:00+00:00\" \/>\n<meta property=\"og:image\" content=\"https:\/\/literackieprzeszpiegi.pl\/wp-content\/uploads\/2018\/03\/zwiady-tytu\u0142owe.jpg\" \/>\n\t<meta property=\"og:image:width\" content=\"755\" \/>\n\t<meta property=\"og:image:height\" content=\"1051\" \/>\n\t<meta property=\"og:image:type\" content=\"image\/jpeg\" \/>\n<meta name=\"author\" content=\"Szpieg\" \/>\n<meta name=\"twitter:card\" content=\"summary_large_image\" \/>\n<meta name=\"twitter:label1\" content=\"Napisane przez\" \/>\n\t<meta name=\"twitter:data1\" content=\"Szpieg\" \/>\n\t<meta name=\"twitter:label2\" content=\"Szacowany czas czytania\" \/>\n\t<meta name=\"twitter:data2\" content=\"2 minuty\" \/>\n<script type=\"application\/ld+json\" class=\"yoast-schema-graph\">{\"@context\":\"https:\/\/schema.org\",\"@graph\":[{\"@type\":\"Article\",\"@id\":\"https:\/\/literackieprzeszpiegi.pl\/index.php\/2018\/03\/06\/marcowe-zwiady-cz-ii-2018\/#article\",\"isPartOf\":{\"@id\":\"https:\/\/literackieprzeszpiegi.pl\/index.php\/2018\/03\/06\/marcowe-zwiady-cz-ii-2018\/\"},\"author\":{\"name\":\"Szpieg\",\"@id\":\"https:\/\/literackieprzeszpiegi.pl\/#\/schema\/person\/fd5c4f317aed549d4833e6402ffea017\"},\"headline\":\"Marcowe zwiady, cz.II #2018\",\"datePublished\":\"2018-03-06T22:30:26+00:00\",\"dateModified\":\"2018-03-06T22:31:00+00:00\",\"mainEntityOfPage\":{\"@id\":\"https:\/\/literackieprzeszpiegi.pl\/index.php\/2018\/03\/06\/marcowe-zwiady-cz-ii-2018\/\"},\"wordCount\":357,\"commentCount\":2,\"publisher\":{\"@id\":\"https:\/\/literackieprzeszpiegi.pl\/#organization\"},\"image\":{\"@id\":\"https:\/\/literackieprzeszpiegi.pl\/index.php\/2018\/03\/06\/marcowe-zwiady-cz-ii-2018\/#primaryimage\"},\"thumbnailUrl\":\"https:\/\/literackieprzeszpiegi.pl\/wp-content\/uploads\/2018\/03\/zwiady-tytu\u0142owe.jpg\",\"keywords\":[\"czwarta strona\",\"Filia Mroczna Strona\",\"Wydawnictwo Edipresse\",\"Wydawnictwo Marginesy\"],\"articleSection\":[\"Na zwiadach w ksi\u0119garniach\"],\"inLanguage\":\"pl-PL\",\"potentialAction\":[{\"@type\":\"CommentAction\",\"name\":\"Comment\",\"target\":[\"https:\/\/literackieprzeszpiegi.pl\/index.php\/2018\/03\/06\/marcowe-zwiady-cz-ii-2018\/#respond\"]}]},{\"@type\":\"WebPage\",\"@id\":\"https:\/\/literackieprzeszpiegi.pl\/index.php\/2018\/03\/06\/marcowe-zwiady-cz-ii-2018\/\",\"url\":\"https:\/\/literackieprzeszpiegi.pl\/index.php\/2018\/03\/06\/marcowe-zwiady-cz-ii-2018\/\",\"name\":\"Marcowe zwiady cz.II #2018 | Literackieprzeszpiegi.pl\",\"isPartOf\":{\"@id\":\"https:\/\/literackieprzeszpiegi.pl\/#website\"},\"primaryImageOfPage\":{\"@id\":\"https:\/\/literackieprzeszpiegi.pl\/index.php\/2018\/03\/06\/marcowe-zwiady-cz-ii-2018\/#primaryimage\"},\"image\":{\"@id\":\"https:\/\/literackieprzeszpiegi.pl\/index.php\/2018\/03\/06\/marcowe-zwiady-cz-ii-2018\/#primaryimage\"},\"thumbnailUrl\":\"https:\/\/literackieprzeszpiegi.pl\/wp-content\/uploads\/2018\/03\/zwiady-tytu\u0142owe.jpg\",\"datePublished\":\"2018-03-06T22:30:26+00:00\",\"dateModified\":\"2018-03-06T22:31:00+00:00\",\"description\":\"Mocno si\u0119 trzymajcie, bo w marcu amatorzy krymina\u0142\u00f3w i thriller\u00f3w maj\u0105 w czym wybiera\u0107! A zatem nie marnujcie czasu!\",\"breadcrumb\":{\"@id\":\"https:\/\/literackieprzeszpiegi.pl\/index.php\/2018\/03\/06\/marcowe-zwiady-cz-ii-2018\/#breadcrumb\"},\"inLanguage\":\"pl-PL\",\"potentialAction\":[{\"@type\":\"ReadAction\",\"target\":[\"https:\/\/literackieprzeszpiegi.pl\/index.php\/2018\/03\/06\/marcowe-zwiady-cz-ii-2018\/\"]}]},{\"@type\":\"ImageObject\",\"inLanguage\":\"pl-PL\",\"@id\":\"https:\/\/literackieprzeszpiegi.pl\/index.php\/2018\/03\/06\/marcowe-zwiady-cz-ii-2018\/#primaryimage\",\"url\":\"https:\/\/literackieprzeszpiegi.pl\/wp-content\/uploads\/2018\/03\/zwiady-tytu\u0142owe.jpg\",\"contentUrl\":\"https:\/\/literackieprzeszpiegi.pl\/wp-content\/uploads\/2018\/03\/zwiady-tytu\u0142owe.jpg\",\"width\":755,\"height\":1051},{\"@type\":\"BreadcrumbList\",\"@id\":\"https:\/\/literackieprzeszpiegi.pl\/index.php\/2018\/03\/06\/marcowe-zwiady-cz-ii-2018\/#breadcrumb\",\"itemListElement\":[{\"@type\":\"ListItem\",\"position\":1,\"name\":\"Home\",\"item\":\"https:\/\/literackieprzeszpiegi.pl\/\"},{\"@type\":\"ListItem\",\"position\":2,\"name\":\"Marcowe zwiady, cz.II #2018\"}]},{\"@type\":\"WebSite\",\"@id\":\"https:\/\/literackieprzeszpiegi.pl\/#website\",\"url\":\"https:\/\/literackieprzeszpiegi.pl\/\",\"name\":\"Literackie przeszpiegi\",\"description\":\"blog o ksi\u0105\u017ckach\",\"publisher\":{\"@id\":\"https:\/\/literackieprzeszpiegi.pl\/#organization\"},\"potentialAction\":[{\"@type\":\"SearchAction\",\"target\":{\"@type\":\"EntryPoint\",\"urlTemplate\":\"https:\/\/literackieprzeszpiegi.pl\/?s={search_term_string}\"},\"query-input\":\"required name=search_term_string\"}],\"inLanguage\":\"pl-PL\"},{\"@type\":\"Organization\",\"@id\":\"https:\/\/literackieprzeszpiegi.pl\/#organization\",\"name\":\"Literackie przeszpiegi\",\"url\":\"https:\/\/literackieprzeszpiegi.pl\/\",\"logo\":{\"@type\":\"ImageObject\",\"inLanguage\":\"pl-PL\",\"@id\":\"https:\/\/literackieprzeszpiegi.pl\/#\/schema\/logo\/image\/\",\"url\":\"https:\/\/literackieprzeszpiegi.pl\/wp-content\/uploads\/2021\/01\/cropped-cropped-Literackie-przeszpiegi-1.png\",\"contentUrl\":\"https:\/\/literackieprzeszpiegi.pl\/wp-content\/uploads\/2021\/01\/cropped-cropped-Literackie-przeszpiegi-1.png\",\"width\":499,\"height\":142,\"caption\":\"Literackie przeszpiegi\"},\"image\":{\"@id\":\"https:\/\/literackieprzeszpiegi.pl\/#\/schema\/logo\/image\/\"}},{\"@type\":\"Person\",\"@id\":\"https:\/\/literackieprzeszpiegi.pl\/#\/schema\/person\/fd5c4f317aed549d4833e6402ffea017\",\"name\":\"Szpieg\",\"image\":{\"@type\":\"ImageObject\",\"inLanguage\":\"pl-PL\",\"@id\":\"https:\/\/literackieprzeszpiegi.pl\/#\/schema\/person\/image\/\",\"url\":\"https:\/\/secure.gravatar.com\/avatar\/45a17869257e08975d929f204ef78290?s=96&d=mm&r=g\",\"contentUrl\":\"https:\/\/secure.gravatar.com\/avatar\/45a17869257e08975d929f204ef78290?s=96&d=mm&r=g\",\"caption\":\"Szpieg\"},\"url\":\"https:\/\/literackieprzeszpiegi.pl\/index.php\/author\/admin\/\"}]}<\/script>\n<!-- \/ Yoast SEO plugin. -->","yoast_head_json":{"title":"Marcowe zwiady cz.II #2018 | Literackieprzeszpiegi.pl","description":"Mocno si\u0119 trzymajcie, bo w marcu amatorzy krymina\u0142\u00f3w i thriller\u00f3w maj\u0105 w czym wybiera\u0107! A zatem nie marnujcie czasu!","robots":{"index":"index","follow":"follow","max-snippet":"max-snippet:-1","max-image-preview":"max-image-preview:large","max-video-preview":"max-video-preview:-1"},"canonical":"https:\/\/literackieprzeszpiegi.pl\/index.php\/2018\/03\/06\/marcowe-zwiady-cz-ii-2018\/","og_locale":"pl_PL","og_type":"article","og_title":"Marcowe zwiady, cz.II #2018 | Literackieprzeszpiegi.pl","og_description":"Mocno si\u0119 trzymajcie, bo w marcu amatorzy krymina\u0142\u00f3w i thriller\u00f3w maj\u0105 w czym wybiera\u0107!","og_url":"https:\/\/literackieprzeszpiegi.pl\/index.php\/2018\/03\/06\/marcowe-zwiady-cz-ii-2018\/","og_site_name":"Literackie przeszpiegi","article_published_time":"2018-03-06T22:30:26+00:00","article_modified_time":"2018-03-06T22:31:00+00:00","og_image":[{"width":755,"height":1051,"url":"https:\/\/literackieprzeszpiegi.pl\/wp-content\/uploads\/2018\/03\/zwiady-tytu\u0142owe.jpg","type":"image\/jpeg"}],"author":"Szpieg","twitter_card":"summary_large_image","twitter_misc":{"Napisane przez":"Szpieg","Szacowany czas czytania":"2 minuty"},"schema":{"@context":"https:\/\/schema.org","@graph":[{"@type":"Article","@id":"https:\/\/literackieprzeszpiegi.pl\/index.php\/2018\/03\/06\/marcowe-zwiady-cz-ii-2018\/#article","isPartOf":{"@id":"https:\/\/literackieprzeszpiegi.pl\/index.php\/2018\/03\/06\/marcowe-zwiady-cz-ii-2018\/"},"author":{"name":"Szpieg","@id":"https:\/\/literackieprzeszpiegi.pl\/#\/schema\/person\/fd5c4f317aed549d4833e6402ffea017"},"headline":"Marcowe zwiady, cz.II #2018","datePublished":"2018-03-06T22:30:26+00:00","dateModified":"2018-03-06T22:31:00+00:00","mainEntityOfPage":{"@id":"https:\/\/literackieprzeszpiegi.pl\/index.php\/2018\/03\/06\/marcowe-zwiady-cz-ii-2018\/"},"wordCount":357,"commentCount":2,"publisher":{"@id":"https:\/\/literackieprzeszpiegi.pl\/#organization"},"image":{"@id":"https:\/\/literackieprzeszpiegi.pl\/index.php\/2018\/03\/06\/marcowe-zwiady-cz-ii-2018\/#primaryimage"},"thumbnailUrl":"https:\/\/literackieprzeszpiegi.pl\/wp-content\/uploads\/2018\/03\/zwiady-tytu\u0142owe.jpg","keywords":["czwarta strona","Filia Mroczna Strona","Wydawnictwo Edipresse","Wydawnictwo Marginesy"],"articleSection":["Na zwiadach w ksi\u0119garniach"],"inLanguage":"pl-PL","potentialAction":[{"@type":"CommentAction","name":"Comment","target":["https:\/\/literackieprzeszpiegi.pl\/index.php\/2018\/03\/06\/marcowe-zwiady-cz-ii-2018\/#respond"]}]},{"@type":"WebPage","@id":"https:\/\/literackieprzeszpiegi.pl\/index.php\/2018\/03\/06\/marcowe-zwiady-cz-ii-2018\/","url":"https:\/\/literackieprzeszpiegi.pl\/index.php\/2018\/03\/06\/marcowe-zwiady-cz-ii-2018\/","name":"Marcowe zwiady cz.II #2018 | Literackieprzeszpiegi.pl","isPartOf":{"@id":"https:\/\/literackieprzeszpiegi.pl\/#website"},"primaryImageOfPage":{"@id":"https:\/\/literackieprzeszpiegi.pl\/index.php\/2018\/03\/06\/marcowe-zwiady-cz-ii-2018\/#primaryimage"},"image":{"@id":"https:\/\/literackieprzeszpiegi.pl\/index.php\/2018\/03\/06\/marcowe-zwiady-cz-ii-2018\/#primaryimage"},"thumbnailUrl":"https:\/\/literackieprzeszpiegi.pl\/wp-content\/uploads\/2018\/03\/zwiady-tytu\u0142owe.jpg","datePublished":"2018-03-06T22:30:26+00:00","dateModified":"2018-03-06T22:31:00+00:00","description":"Mocno si\u0119 trzymajcie, bo w marcu amatorzy krymina\u0142\u00f3w i thriller\u00f3w maj\u0105 w czym wybiera\u0107! A zatem nie marnujcie czasu!","breadcrumb":{"@id":"https:\/\/literackieprzeszpiegi.pl\/index.php\/2018\/03\/06\/marcowe-zwiady-cz-ii-2018\/#breadcrumb"},"inLanguage":"pl-PL","potentialAction":[{"@type":"ReadAction","target":["https:\/\/literackieprzeszpiegi.pl\/index.php\/2018\/03\/06\/marcowe-zwiady-cz-ii-2018\/"]}]},{"@type":"ImageObject","inLanguage":"pl-PL","@id":"https:\/\/literackieprzeszpiegi.pl\/index.php\/2018\/03\/06\/marcowe-zwiady-cz-ii-2018\/#primaryimage","url":"https:\/\/literackieprzeszpiegi.pl\/wp-content\/uploads\/2018\/03\/zwiady-tytu\u0142owe.jpg","contentUrl":"https:\/\/literackieprzeszpiegi.pl\/wp-content\/uploads\/2018\/03\/zwiady-tytu\u0142owe.jpg","width":755,"height":1051},{"@type":"BreadcrumbList","@id":"https:\/\/literackieprzeszpiegi.pl\/index.php\/2018\/03\/06\/marcowe-zwiady-cz-ii-2018\/#breadcrumb","itemListElement":[{"@type":"ListItem","position":1,"name":"Home","item":"https:\/\/literackieprzeszpiegi.pl\/"},{"@type":"ListItem","position":2,"name":"Marcowe zwiady, cz.II #2018"}]},{"@type":"WebSite","@id":"https:\/\/literackieprzeszpiegi.pl\/#website","url":"https:\/\/literackieprzeszpiegi.pl\/","name":"Literackie przeszpiegi","description":"blog o ksi\u0105\u017ckach","publisher":{"@id":"https:\/\/literackieprzeszpiegi.pl\/#organization"},"potentialAction":[{"@type":"SearchAction","target":{"@type":"EntryPoint","urlTemplate":"https:\/\/literackieprzeszpiegi.pl\/?s={search_term_string}"},"query-input":"required name=search_term_string"}],"inLanguage":"pl-PL"},{"@type":"Organization","@id":"https:\/\/literackieprzeszpiegi.pl\/#organization","name":"Literackie przeszpiegi","url":"https:\/\/literackieprzeszpiegi.pl\/","logo":{"@type":"ImageObject","inLanguage":"pl-PL","@id":"https:\/\/literackieprzeszpiegi.pl\/#\/schema\/logo\/image\/","url":"https:\/\/literackieprzeszpiegi.pl\/wp-content\/uploads\/2021\/01\/cropped-cropped-Literackie-przeszpiegi-1.png","contentUrl":"https:\/\/literackieprzeszpiegi.pl\/wp-content\/uploads\/2021\/01\/cropped-cropped-Literackie-przeszpiegi-1.png","width":499,"height":142,"caption":"Literackie przeszpiegi"},"image":{"@id":"https:\/\/literackieprzeszpiegi.pl\/#\/schema\/logo\/image\/"}},{"@type":"Person","@id":"https:\/\/literackieprzeszpiegi.pl\/#\/schema\/person\/fd5c4f317aed549d4833e6402ffea017","name":"Szpieg","image":{"@type":"ImageObject","inLanguage":"pl-PL","@id":"https:\/\/literackieprzeszpiegi.pl\/#\/schema\/person\/image\/","url":"https:\/\/secure.gravatar.com\/avatar\/45a17869257e08975d929f204ef78290?s=96&d=mm&r=g","contentUrl":"https:\/\/secure.gravatar.com\/avatar\/45a17869257e08975d929f204ef78290?s=96&d=mm&r=g","caption":"Szpieg"},"url":"https:\/\/literackieprzeszpiegi.pl\/index.php\/author\/admin\/"}]}},"_links":{"self":[{"href":"https:\/\/literackieprzeszpiegi.pl\/index.php\/wp-json\/wp\/v2\/posts\/1179"}],"collection":[{"href":"https:\/\/literackieprzeszpiegi.pl\/index.php\/wp-json\/wp\/v2\/posts"}],"about":[{"href":"https:\/\/literackieprzeszpiegi.pl\/index.php\/wp-json\/wp\/v2\/types\/post"}],"author":[{"embeddable":true,"href":"https:\/\/literackieprzeszpiegi.pl\/index.php\/wp-json\/wp\/v2\/users\/1"}],"replies":[{"embeddable":true,"href":"https:\/\/literackieprzeszpiegi.pl\/index.php\/wp-json\/wp\/v2\/comments?post=1179"}],"version-history":[{"count":2,"href":"https:\/\/literackieprzeszpiegi.pl\/index.php\/wp-json\/wp\/v2\/posts\/1179\/revisions"}],"predecessor-version":[{"id":1185,"href":"https:\/\/literackieprzeszpiegi.pl\/index.php\/wp-json\/wp\/v2\/posts\/1179\/revisions\/1185"}],"wp:featuredmedia":[{"embeddable":true,"href":"https:\/\/literackieprzeszpiegi.pl\/index.php\/wp-json\/wp\/v2\/media\/1186"}],"wp:attachment":[{"href":"https:\/\/literackieprzeszpiegi.pl\/index.php\/wp-json\/wp\/v2\/media?parent=1179"}],"wp:term":[{"taxonomy":"category","embeddable":true,"href":"https:\/\/literackieprzeszpiegi.pl\/index.php\/wp-json\/wp\/v2\/categories?post=1179"},{"taxonomy":"post_tag","embeddable":true,"href":"https:\/\/literackieprzeszpiegi.pl\/index.php\/wp-json\/wp\/v2\/tags?post=1179"}],"curies":[{"name":"wp","href":"https:\/\/api.w.org\/{rel}","templated":true}]}}