{"id":1214,"date":"2018-04-03T20:16:19","date_gmt":"2018-04-03T18:16:19","guid":{"rendered":"http:\/\/literackieprzeszpiegi.pl\/?p=1214"},"modified":"2018-04-03T20:16:19","modified_gmt":"2018-04-03T18:16:19","slug":"kwietniowe-zwiady-cz-i-2018","status":"publish","type":"post","link":"https:\/\/literackieprzeszpiegi.pl\/index.php\/2018\/04\/03\/kwietniowe-zwiady-cz-i-2018\/","title":{"rendered":"Kwietniowe zwiady, cz.I #2018"},"content":{"rendered":"<p>W kwietniu zanosi si\u0119 na sporo dobrego ksi\u0105\u017ckowego. Zacznijmy od lekkiego kalibru, ale za to z jakimi nazwiskami! I koniecznie zapami\u0119tajcie dat\u0119 18 kwietnia!<!--more--><\/p>\n<hr \/>\n<p><img loading=\"lazy\" decoding=\"async\" class=\"size-medium wp-image-1215 alignleft\" src=\"http:\/\/literackieprzeszpiegi.pl\/wp-content\/uploads\/2018\/04\/nowe-niebo-211x300.jpg\" alt=\"\" width=\"211\" height=\"300\" srcset=\"https:\/\/literackieprzeszpiegi.pl\/wp-content\/uploads\/2018\/04\/nowe-niebo-211x300.jpg 211w, https:\/\/literackieprzeszpiegi.pl\/wp-content\/uploads\/2018\/04\/nowe-niebo.jpg 352w\" sizes=\"(max-width: 211px) 100vw, 211px\" \/><\/p>\n<p>Gdy nic nie uk\u0142ada si\u0119 po Twojej my\u015bli, trzeba wszystko postawi\u0107 na jedn\u0105 kart\u0119.<br \/>\nMatylda Halman wraz z osieroconymi przez brata dzie\u0107mi emigruje za ocean. Trafia do Winony, gdzie ju\u017c wcze\u015bniej osiedli\u0142o si\u0119 wielu mieszka\u0144c\u00f3w jej rodzinnych stron &#8211; Kaszub. Ale to nie znaczy, \u017ce b\u0119dzie im \u0142atwiej. A wr\u0119cz przeciwnie &#8211; walka o lepsze \u017cycie, o lepsz\u0105 przysz\u0142o\u015b\u0107 i o wielk\u0105 mi\u0142o\u015b\u0107, przychodzi im z wielkim trudem.<br \/>\nCzy ameryka\u0144ski sen Kaszub\u00f3w ma szans\u0119 si\u0119 zi\u015bci\u0107?<\/p>\n<p><strong>Hanna Cygler &#8220;Nowe niebo&#8221;<\/strong><br \/>\n<strong>Dom Wydawniczy Rebis<\/strong><br \/>\n<strong>data premiery: 18.04.2018 r<\/strong>.<\/p>\n<p>______________________________________________________________________________<\/p>\n<p><img loading=\"lazy\" decoding=\"async\" class=\"size-medium wp-image-1216 alignright\" src=\"http:\/\/literackieprzeszpiegi.pl\/wp-content\/uploads\/2018\/04\/kogut-domowy-211x300.jpg\" alt=\"\" width=\"211\" height=\"300\" srcset=\"https:\/\/literackieprzeszpiegi.pl\/wp-content\/uploads\/2018\/04\/kogut-domowy-211x300.jpg 211w, https:\/\/literackieprzeszpiegi.pl\/wp-content\/uploads\/2018\/04\/kogut-domowy.jpg 352w\" sizes=\"(max-width: 211px) 100vw, 211px\" \/><\/p>\n<p>Nie potrzebna Wam ksi\u0105\u017cka, by wiedzie\u0107, kim jest kura domowa.<br \/>\nAle kogut domowy?<br \/>\nPozw\u00f3lcie, \u017ce przedstawi\u0119 Jakuba. 43-letni m\u0119\u017cczyzna, kt\u00f3ry zrezygnowa\u0142 z dobrze p\u0142atnej pracy w sektorze bankowym, eleganckie garnitury zawiesi\u0142 w szafie a hobby &#8211; no c\u00f3\u017c, odesz\u0142o w zapomnienie.<br \/>\nAle za to Jakub lubi gotowa\u0107, ple\u015b\u0107 warkoczyki swoim trzem c\u00f3rkom a w robieniu prania osi\u0105gn\u0105\u0142 poziom eksperta.<br \/>\nI nawet mu nie przeszkadza, \u017ce \u017cona robi karier\u0119.<br \/>\nAle otoczka romansu, unosz\u0105ca si\u0119 wok\u00f3\u0142 jego \u017cony, ju\u017c zdecydowanie mu si\u0119 nie podoba&#8230;<\/p>\n<p><strong>Natasza Socha,<br \/>\n<\/strong><strong>Wydawnictwo Pascal,<br \/>\n<\/strong><strong>data premiery: 18.04.2018 r.<\/strong><\/p>\n<p>__________________________________________________________________________________________<\/p>\n<p><img loading=\"lazy\" decoding=\"async\" class=\"size-medium wp-image-1217 alignleft\" src=\"http:\/\/literackieprzeszpiegi.pl\/wp-content\/uploads\/2018\/04\/psikus-211x300.jpg\" alt=\"\" width=\"211\" height=\"300\" srcset=\"https:\/\/literackieprzeszpiegi.pl\/wp-content\/uploads\/2018\/04\/psikus-211x300.jpg 211w, https:\/\/literackieprzeszpiegi.pl\/wp-content\/uploads\/2018\/04\/psikus.jpg 352w\" sizes=\"(max-width: 211px) 100vw, 211px\" \/><\/p>\n<p>Czy porozumienie ponad pokoleniami jest mo\u017cliwe?<br \/>\nBetta i Saverio przechodz\u0105 powa\u017cny kryzys ma\u0142\u017ce\u0144ski, kt\u00f3ry pog\u0142\u0119bia jeszcze konieczno\u015b\u0107 wsp\u00f3lnego wyjazdu na konferencj\u0119 naukow\u0105. Przez ten czas opiek\u0119 nad ich 4-letnim synem ma sprawowa\u0107 dziadek, 70-letni wdowiec i znany ilustrator ksi\u0105\u017cek. Wszystko wskazuje na to, \u017ce to b\u0119d\u0105 bardzo d\u0142ugie trzy dni, pe\u0142ne drobnych utarczek, figli i niespodziewanych pyta\u0144.<\/p>\n<p>Czy ma\u0142y urwis i starszy pan znajd\u0105 wsp\u00f3lny j\u0119zyk?<\/p>\n<p><strong>Domenico Starnone &#8220;Psikus&#8221;<\/strong><br \/>\n<strong>Wydawnicwto W.A.B.\u00a0<\/strong><br \/>\n<strong>data premiery: 18.04.2018 r.<\/strong><\/p>\n<p>_________________________________________________________________________________________<\/p>\n<p><img loading=\"lazy\" decoding=\"async\" class=\"size-medium wp-image-1218 alignright\" src=\"http:\/\/literackieprzeszpiegi.pl\/wp-content\/uploads\/2018\/04\/czas-w-dom-zakl\u0119ty-211x300.jpg\" alt=\"\" width=\"211\" height=\"300\" srcset=\"https:\/\/literackieprzeszpiegi.pl\/wp-content\/uploads\/2018\/04\/czas-w-dom-zakl\u0119ty-211x300.jpg 211w, https:\/\/literackieprzeszpiegi.pl\/wp-content\/uploads\/2018\/04\/czas-w-dom-zakl\u0119ty.jpg 352w\" sizes=\"(max-width: 211px) 100vw, 211px\" \/><\/p>\n<p>U podn\u00f3\u017ca krzy\u017cackiego zamku, w ma\u0142ym sennym miasteczku mieszka Ruta.<br \/>\nOd zawsze chcia\u0142a zosta\u0107 malark\u0105, ale by jej talent w pe\u0142ni rozkwit\u0142, trzeba pokona\u0107 pi\u0119trz\u0105ce si\u0119 trudno\u015bci. Przedwojenna tajemnica ponurego domu, toksyczne relacje z s\u0105siadk\u0105, samotno\u015b\u0107, utrata bliskich, niezrealizowane marzenia. Czy wobec tego ca\u0142ego z\u0142a, kobiet\u0119 spotka wreszcie do\u015b\u0107 dobrego?<br \/>\nW tej ksi\u0105\u017cce opr\u00f3cz spotkania ze sztuk\u0105, czeka na nas opowie\u015b\u0107 o wybaczaniu i zakazanej mi\u0142o\u015bci.<\/p>\n<p><strong>Katarzyna Enerlich &#8220;Czas w dom zakl\u0119ty&#8221;<\/strong><br \/>\n<strong>Wydawnictwo MG,<\/strong><br \/>\n<strong>data premiery: 18.04.2018 r.<\/strong><\/p>\n","protected":false},"excerpt":{"rendered":"<p>W kwietniu zanosi si\u0119 na sporo dobrego ksi\u0105\u017ckowego. Zacznijmy od lekkiego kalibru, ale za to z jakimi nazwiskami! I koniecznie zapami\u0119tajcie dat\u0119 18 kwietnia!<\/p>\n","protected":false},"author":1,"featured_media":1220,"comment_status":"open","ping_status":"open","sticky":false,"template":"","format":"standard","meta":{"om_disable_all_campaigns":false,"_exactmetrics_skip_tracking":false,"_exactmetrics_sitenote_active":false,"_exactmetrics_sitenote_note":"","_exactmetrics_sitenote_category":0,"_monsterinsights_skip_tracking":false,"_monsterinsights_sitenote_active":false,"_monsterinsights_sitenote_note":"","_monsterinsights_sitenote_category":0,"_uf_show_specific_survey":0,"_uf_disable_surveys":false,"footnotes":""},"categories":[4],"tags":[107,99,61,74],"yoast_head":"<!-- This site is optimized with the Yoast SEO plugin v22.9 - https:\/\/yoast.com\/wordpress\/plugins\/seo\/ -->\n<title>Kwietniowe zwiady, cz.I #2018 | Literackieprzeszpiegi.pl<\/title>\n<meta name=\"description\" content=\"W kwietniu zanosi si\u0119 na sporo dobrego ksi\u0105\u017ckowego. Zacznijmy od lekkiego kalibru, ale za to z jakimi nazwiskami! I koniecznie zapami\u0119tajcie dat\u0119 18 kwietnia!\" \/>\n<meta name=\"robots\" content=\"index, follow, max-snippet:-1, max-image-preview:large, max-video-preview:-1\" \/>\n<link rel=\"canonical\" href=\"https:\/\/literackieprzeszpiegi.pl\/index.php\/2018\/04\/03\/kwietniowe-zwiady-cz-i-2018\/\" \/>\n<meta property=\"og:locale\" content=\"pl_PL\" \/>\n<meta property=\"og:type\" content=\"article\" \/>\n<meta property=\"og:title\" content=\"Kwietniowe zwiady, cz.I #2018\" \/>\n<meta property=\"og:description\" content=\"W kwietniu zanosi si\u0119 na sporo dobrego ksi\u0105\u017ckowego. Zacznijmy od lekkiego kalibru, ale za to z jakimi nazwiskami! I koniecznie zapami\u0119tajcie dat\u0119 18 kwietnia!\" \/>\n<meta property=\"og:url\" content=\"https:\/\/literackieprzeszpiegi.pl\/index.php\/2018\/04\/03\/kwietniowe-zwiady-cz-i-2018\/\" \/>\n<meta property=\"og:site_name\" content=\"Literackie przeszpiegi\" \/>\n<meta property=\"article:published_time\" content=\"2018-04-03T18:16:19+00:00\" \/>\n<meta property=\"og:image\" content=\"https:\/\/literackieprzeszpiegi.pl\/wp-content\/uploads\/2018\/04\/zwiady-kwietniowe-2018.jpg\" \/>\n\t<meta property=\"og:image:width\" content=\"755\" \/>\n\t<meta property=\"og:image:height\" content=\"1051\" \/>\n\t<meta property=\"og:image:type\" content=\"image\/jpeg\" \/>\n<meta name=\"author\" content=\"Szpieg\" \/>\n<meta name=\"twitter:card\" content=\"summary_large_image\" \/>\n<meta name=\"twitter:label1\" content=\"Napisane przez\" \/>\n\t<meta name=\"twitter:data1\" content=\"Szpieg\" \/>\n\t<meta name=\"twitter:label2\" content=\"Szacowany czas czytania\" \/>\n\t<meta name=\"twitter:data2\" content=\"2 minuty\" \/>\n<script type=\"application\/ld+json\" class=\"yoast-schema-graph\">{\"@context\":\"https:\/\/schema.org\",\"@graph\":[{\"@type\":\"Article\",\"@id\":\"https:\/\/literackieprzeszpiegi.pl\/index.php\/2018\/04\/03\/kwietniowe-zwiady-cz-i-2018\/#article\",\"isPartOf\":{\"@id\":\"https:\/\/literackieprzeszpiegi.pl\/index.php\/2018\/04\/03\/kwietniowe-zwiady-cz-i-2018\/\"},\"author\":{\"name\":\"Szpieg\",\"@id\":\"https:\/\/literackieprzeszpiegi.pl\/#\/schema\/person\/fd5c4f317aed549d4833e6402ffea017\"},\"headline\":\"Kwietniowe zwiady, cz.I #2018\",\"datePublished\":\"2018-04-03T18:16:19+00:00\",\"dateModified\":\"2018-04-03T18:16:19+00:00\",\"mainEntityOfPage\":{\"@id\":\"https:\/\/literackieprzeszpiegi.pl\/index.php\/2018\/04\/03\/kwietniowe-zwiady-cz-i-2018\/\"},\"wordCount\":410,\"commentCount\":4,\"publisher\":{\"@id\":\"https:\/\/literackieprzeszpiegi.pl\/#organization\"},\"image\":{\"@id\":\"https:\/\/literackieprzeszpiegi.pl\/index.php\/2018\/04\/03\/kwietniowe-zwiady-cz-i-2018\/#primaryimage\"},\"thumbnailUrl\":\"https:\/\/literackieprzeszpiegi.pl\/wp-content\/uploads\/2018\/04\/zwiady-kwietniowe-2018.jpg\",\"keywords\":[\"Wydawnictwo MG\",\"Wydawnictwo Pascal\",\"Wydawnictwo Rebis\",\"Wydawnictwo W.A.B\"],\"articleSection\":[\"Na zwiadach w ksi\u0119garniach\"],\"inLanguage\":\"pl-PL\",\"potentialAction\":[{\"@type\":\"CommentAction\",\"name\":\"Comment\",\"target\":[\"https:\/\/literackieprzeszpiegi.pl\/index.php\/2018\/04\/03\/kwietniowe-zwiady-cz-i-2018\/#respond\"]}]},{\"@type\":\"WebPage\",\"@id\":\"https:\/\/literackieprzeszpiegi.pl\/index.php\/2018\/04\/03\/kwietniowe-zwiady-cz-i-2018\/\",\"url\":\"https:\/\/literackieprzeszpiegi.pl\/index.php\/2018\/04\/03\/kwietniowe-zwiady-cz-i-2018\/\",\"name\":\"Kwietniowe zwiady, cz.I #2018 | Literackieprzeszpiegi.pl\",\"isPartOf\":{\"@id\":\"https:\/\/literackieprzeszpiegi.pl\/#website\"},\"primaryImageOfPage\":{\"@id\":\"https:\/\/literackieprzeszpiegi.pl\/index.php\/2018\/04\/03\/kwietniowe-zwiady-cz-i-2018\/#primaryimage\"},\"image\":{\"@id\":\"https:\/\/literackieprzeszpiegi.pl\/index.php\/2018\/04\/03\/kwietniowe-zwiady-cz-i-2018\/#primaryimage\"},\"thumbnailUrl\":\"https:\/\/literackieprzeszpiegi.pl\/wp-content\/uploads\/2018\/04\/zwiady-kwietniowe-2018.jpg\",\"datePublished\":\"2018-04-03T18:16:19+00:00\",\"dateModified\":\"2018-04-03T18:16:19+00:00\",\"description\":\"W kwietniu zanosi si\u0119 na sporo dobrego ksi\u0105\u017ckowego. Zacznijmy od lekkiego kalibru, ale za to z jakimi nazwiskami! I koniecznie zapami\u0119tajcie dat\u0119 18 kwietnia!\",\"breadcrumb\":{\"@id\":\"https:\/\/literackieprzeszpiegi.pl\/index.php\/2018\/04\/03\/kwietniowe-zwiady-cz-i-2018\/#breadcrumb\"},\"inLanguage\":\"pl-PL\",\"potentialAction\":[{\"@type\":\"ReadAction\",\"target\":[\"https:\/\/literackieprzeszpiegi.pl\/index.php\/2018\/04\/03\/kwietniowe-zwiady-cz-i-2018\/\"]}]},{\"@type\":\"ImageObject\",\"inLanguage\":\"pl-PL\",\"@id\":\"https:\/\/literackieprzeszpiegi.pl\/index.php\/2018\/04\/03\/kwietniowe-zwiady-cz-i-2018\/#primaryimage\",\"url\":\"https:\/\/literackieprzeszpiegi.pl\/wp-content\/uploads\/2018\/04\/zwiady-kwietniowe-2018.jpg\",\"contentUrl\":\"https:\/\/literackieprzeszpiegi.pl\/wp-content\/uploads\/2018\/04\/zwiady-kwietniowe-2018.jpg\",\"width\":755,\"height\":1051},{\"@type\":\"BreadcrumbList\",\"@id\":\"https:\/\/literackieprzeszpiegi.pl\/index.php\/2018\/04\/03\/kwietniowe-zwiady-cz-i-2018\/#breadcrumb\",\"itemListElement\":[{\"@type\":\"ListItem\",\"position\":1,\"name\":\"Home\",\"item\":\"https:\/\/literackieprzeszpiegi.pl\/\"},{\"@type\":\"ListItem\",\"position\":2,\"name\":\"Kwietniowe zwiady, cz.I #2018\"}]},{\"@type\":\"WebSite\",\"@id\":\"https:\/\/literackieprzeszpiegi.pl\/#website\",\"url\":\"https:\/\/literackieprzeszpiegi.pl\/\",\"name\":\"Literackie przeszpiegi\",\"description\":\"blog o ksi\u0105\u017ckach\",\"publisher\":{\"@id\":\"https:\/\/literackieprzeszpiegi.pl\/#organization\"},\"potentialAction\":[{\"@type\":\"SearchAction\",\"target\":{\"@type\":\"EntryPoint\",\"urlTemplate\":\"https:\/\/literackieprzeszpiegi.pl\/?s={search_term_string}\"},\"query-input\":\"required name=search_term_string\"}],\"inLanguage\":\"pl-PL\"},{\"@type\":\"Organization\",\"@id\":\"https:\/\/literackieprzeszpiegi.pl\/#organization\",\"name\":\"Literackie przeszpiegi\",\"url\":\"https:\/\/literackieprzeszpiegi.pl\/\",\"logo\":{\"@type\":\"ImageObject\",\"inLanguage\":\"pl-PL\",\"@id\":\"https:\/\/literackieprzeszpiegi.pl\/#\/schema\/logo\/image\/\",\"url\":\"https:\/\/literackieprzeszpiegi.pl\/wp-content\/uploads\/2021\/01\/cropped-cropped-Literackie-przeszpiegi-1.png\",\"contentUrl\":\"https:\/\/literackieprzeszpiegi.pl\/wp-content\/uploads\/2021\/01\/cropped-cropped-Literackie-przeszpiegi-1.png\",\"width\":499,\"height\":142,\"caption\":\"Literackie przeszpiegi\"},\"image\":{\"@id\":\"https:\/\/literackieprzeszpiegi.pl\/#\/schema\/logo\/image\/\"}},{\"@type\":\"Person\",\"@id\":\"https:\/\/literackieprzeszpiegi.pl\/#\/schema\/person\/fd5c4f317aed549d4833e6402ffea017\",\"name\":\"Szpieg\",\"image\":{\"@type\":\"ImageObject\",\"inLanguage\":\"pl-PL\",\"@id\":\"https:\/\/literackieprzeszpiegi.pl\/#\/schema\/person\/image\/\",\"url\":\"https:\/\/secure.gravatar.com\/avatar\/45a17869257e08975d929f204ef78290?s=96&d=mm&r=g\",\"contentUrl\":\"https:\/\/secure.gravatar.com\/avatar\/45a17869257e08975d929f204ef78290?s=96&d=mm&r=g\",\"caption\":\"Szpieg\"},\"url\":\"https:\/\/literackieprzeszpiegi.pl\/index.php\/author\/admin\/\"}]}<\/script>\n<!-- \/ Yoast SEO plugin. -->","yoast_head_json":{"title":"Kwietniowe zwiady, cz.I #2018 | Literackieprzeszpiegi.pl","description":"W kwietniu zanosi si\u0119 na sporo dobrego ksi\u0105\u017ckowego. Zacznijmy od lekkiego kalibru, ale za to z jakimi nazwiskami! I koniecznie zapami\u0119tajcie dat\u0119 18 kwietnia!","robots":{"index":"index","follow":"follow","max-snippet":"max-snippet:-1","max-image-preview":"max-image-preview:large","max-video-preview":"max-video-preview:-1"},"canonical":"https:\/\/literackieprzeszpiegi.pl\/index.php\/2018\/04\/03\/kwietniowe-zwiady-cz-i-2018\/","og_locale":"pl_PL","og_type":"article","og_title":"Kwietniowe zwiady, cz.I #2018","og_description":"W kwietniu zanosi si\u0119 na sporo dobrego ksi\u0105\u017ckowego. Zacznijmy od lekkiego kalibru, ale za to z jakimi nazwiskami! I koniecznie zapami\u0119tajcie dat\u0119 18 kwietnia!","og_url":"https:\/\/literackieprzeszpiegi.pl\/index.php\/2018\/04\/03\/kwietniowe-zwiady-cz-i-2018\/","og_site_name":"Literackie przeszpiegi","article_published_time":"2018-04-03T18:16:19+00:00","og_image":[{"width":755,"height":1051,"url":"https:\/\/literackieprzeszpiegi.pl\/wp-content\/uploads\/2018\/04\/zwiady-kwietniowe-2018.jpg","type":"image\/jpeg"}],"author":"Szpieg","twitter_card":"summary_large_image","twitter_misc":{"Napisane przez":"Szpieg","Szacowany czas czytania":"2 minuty"},"schema":{"@context":"https:\/\/schema.org","@graph":[{"@type":"Article","@id":"https:\/\/literackieprzeszpiegi.pl\/index.php\/2018\/04\/03\/kwietniowe-zwiady-cz-i-2018\/#article","isPartOf":{"@id":"https:\/\/literackieprzeszpiegi.pl\/index.php\/2018\/04\/03\/kwietniowe-zwiady-cz-i-2018\/"},"author":{"name":"Szpieg","@id":"https:\/\/literackieprzeszpiegi.pl\/#\/schema\/person\/fd5c4f317aed549d4833e6402ffea017"},"headline":"Kwietniowe zwiady, cz.I #2018","datePublished":"2018-04-03T18:16:19+00:00","dateModified":"2018-04-03T18:16:19+00:00","mainEntityOfPage":{"@id":"https:\/\/literackieprzeszpiegi.pl\/index.php\/2018\/04\/03\/kwietniowe-zwiady-cz-i-2018\/"},"wordCount":410,"commentCount":4,"publisher":{"@id":"https:\/\/literackieprzeszpiegi.pl\/#organization"},"image":{"@id":"https:\/\/literackieprzeszpiegi.pl\/index.php\/2018\/04\/03\/kwietniowe-zwiady-cz-i-2018\/#primaryimage"},"thumbnailUrl":"https:\/\/literackieprzeszpiegi.pl\/wp-content\/uploads\/2018\/04\/zwiady-kwietniowe-2018.jpg","keywords":["Wydawnictwo MG","Wydawnictwo Pascal","Wydawnictwo Rebis","Wydawnictwo W.A.B"],"articleSection":["Na zwiadach w ksi\u0119garniach"],"inLanguage":"pl-PL","potentialAction":[{"@type":"CommentAction","name":"Comment","target":["https:\/\/literackieprzeszpiegi.pl\/index.php\/2018\/04\/03\/kwietniowe-zwiady-cz-i-2018\/#respond"]}]},{"@type":"WebPage","@id":"https:\/\/literackieprzeszpiegi.pl\/index.php\/2018\/04\/03\/kwietniowe-zwiady-cz-i-2018\/","url":"https:\/\/literackieprzeszpiegi.pl\/index.php\/2018\/04\/03\/kwietniowe-zwiady-cz-i-2018\/","name":"Kwietniowe zwiady, cz.I #2018 | Literackieprzeszpiegi.pl","isPartOf":{"@id":"https:\/\/literackieprzeszpiegi.pl\/#website"},"primaryImageOfPage":{"@id":"https:\/\/literackieprzeszpiegi.pl\/index.php\/2018\/04\/03\/kwietniowe-zwiady-cz-i-2018\/#primaryimage"},"image":{"@id":"https:\/\/literackieprzeszpiegi.pl\/index.php\/2018\/04\/03\/kwietniowe-zwiady-cz-i-2018\/#primaryimage"},"thumbnailUrl":"https:\/\/literackieprzeszpiegi.pl\/wp-content\/uploads\/2018\/04\/zwiady-kwietniowe-2018.jpg","datePublished":"2018-04-03T18:16:19+00:00","dateModified":"2018-04-03T18:16:19+00:00","description":"W kwietniu zanosi si\u0119 na sporo dobrego ksi\u0105\u017ckowego. Zacznijmy od lekkiego kalibru, ale za to z jakimi nazwiskami! I koniecznie zapami\u0119tajcie dat\u0119 18 kwietnia!","breadcrumb":{"@id":"https:\/\/literackieprzeszpiegi.pl\/index.php\/2018\/04\/03\/kwietniowe-zwiady-cz-i-2018\/#breadcrumb"},"inLanguage":"pl-PL","potentialAction":[{"@type":"ReadAction","target":["https:\/\/literackieprzeszpiegi.pl\/index.php\/2018\/04\/03\/kwietniowe-zwiady-cz-i-2018\/"]}]},{"@type":"ImageObject","inLanguage":"pl-PL","@id":"https:\/\/literackieprzeszpiegi.pl\/index.php\/2018\/04\/03\/kwietniowe-zwiady-cz-i-2018\/#primaryimage","url":"https:\/\/literackieprzeszpiegi.pl\/wp-content\/uploads\/2018\/04\/zwiady-kwietniowe-2018.jpg","contentUrl":"https:\/\/literackieprzeszpiegi.pl\/wp-content\/uploads\/2018\/04\/zwiady-kwietniowe-2018.jpg","width":755,"height":1051},{"@type":"BreadcrumbList","@id":"https:\/\/literackieprzeszpiegi.pl\/index.php\/2018\/04\/03\/kwietniowe-zwiady-cz-i-2018\/#breadcrumb","itemListElement":[{"@type":"ListItem","position":1,"name":"Home","item":"https:\/\/literackieprzeszpiegi.pl\/"},{"@type":"ListItem","position":2,"name":"Kwietniowe zwiady, cz.I #2018"}]},{"@type":"WebSite","@id":"https:\/\/literackieprzeszpiegi.pl\/#website","url":"https:\/\/literackieprzeszpiegi.pl\/","name":"Literackie przeszpiegi","description":"blog o ksi\u0105\u017ckach","publisher":{"@id":"https:\/\/literackieprzeszpiegi.pl\/#organization"},"potentialAction":[{"@type":"SearchAction","target":{"@type":"EntryPoint","urlTemplate":"https:\/\/literackieprzeszpiegi.pl\/?s={search_term_string}"},"query-input":"required name=search_term_string"}],"inLanguage":"pl-PL"},{"@type":"Organization","@id":"https:\/\/literackieprzeszpiegi.pl\/#organization","name":"Literackie przeszpiegi","url":"https:\/\/literackieprzeszpiegi.pl\/","logo":{"@type":"ImageObject","inLanguage":"pl-PL","@id":"https:\/\/literackieprzeszpiegi.pl\/#\/schema\/logo\/image\/","url":"https:\/\/literackieprzeszpiegi.pl\/wp-content\/uploads\/2021\/01\/cropped-cropped-Literackie-przeszpiegi-1.png","contentUrl":"https:\/\/literackieprzeszpiegi.pl\/wp-content\/uploads\/2021\/01\/cropped-cropped-Literackie-przeszpiegi-1.png","width":499,"height":142,"caption":"Literackie przeszpiegi"},"image":{"@id":"https:\/\/literackieprzeszpiegi.pl\/#\/schema\/logo\/image\/"}},{"@type":"Person","@id":"https:\/\/literackieprzeszpiegi.pl\/#\/schema\/person\/fd5c4f317aed549d4833e6402ffea017","name":"Szpieg","image":{"@type":"ImageObject","inLanguage":"pl-PL","@id":"https:\/\/literackieprzeszpiegi.pl\/#\/schema\/person\/image\/","url":"https:\/\/secure.gravatar.com\/avatar\/45a17869257e08975d929f204ef78290?s=96&d=mm&r=g","contentUrl":"https:\/\/secure.gravatar.com\/avatar\/45a17869257e08975d929f204ef78290?s=96&d=mm&r=g","caption":"Szpieg"},"url":"https:\/\/literackieprzeszpiegi.pl\/index.php\/author\/admin\/"}]}},"_links":{"self":[{"href":"https:\/\/literackieprzeszpiegi.pl\/index.php\/wp-json\/wp\/v2\/posts\/1214"}],"collection":[{"href":"https:\/\/literackieprzeszpiegi.pl\/index.php\/wp-json\/wp\/v2\/posts"}],"about":[{"href":"https:\/\/literackieprzeszpiegi.pl\/index.php\/wp-json\/wp\/v2\/types\/post"}],"author":[{"embeddable":true,"href":"https:\/\/literackieprzeszpiegi.pl\/index.php\/wp-json\/wp\/v2\/users\/1"}],"replies":[{"embeddable":true,"href":"https:\/\/literackieprzeszpiegi.pl\/index.php\/wp-json\/wp\/v2\/comments?post=1214"}],"version-history":[{"count":3,"href":"https:\/\/literackieprzeszpiegi.pl\/index.php\/wp-json\/wp\/v2\/posts\/1214\/revisions"}],"predecessor-version":[{"id":1222,"href":"https:\/\/literackieprzeszpiegi.pl\/index.php\/wp-json\/wp\/v2\/posts\/1214\/revisions\/1222"}],"wp:featuredmedia":[{"embeddable":true,"href":"https:\/\/literackieprzeszpiegi.pl\/index.php\/wp-json\/wp\/v2\/media\/1220"}],"wp:attachment":[{"href":"https:\/\/literackieprzeszpiegi.pl\/index.php\/wp-json\/wp\/v2\/media?parent=1214"}],"wp:term":[{"taxonomy":"category","embeddable":true,"href":"https:\/\/literackieprzeszpiegi.pl\/index.php\/wp-json\/wp\/v2\/categories?post=1214"},{"taxonomy":"post_tag","embeddable":true,"href":"https:\/\/literackieprzeszpiegi.pl\/index.php\/wp-json\/wp\/v2\/tags?post=1214"}],"curies":[{"name":"wp","href":"https:\/\/api.w.org\/{rel}","templated":true}]}}