{"id":1304,"date":"2018-05-21T16:10:21","date_gmt":"2018-05-21T14:10:21","guid":{"rendered":"http:\/\/literackieprzeszpiegi.pl\/?p=1304"},"modified":"2018-05-21T16:26:30","modified_gmt":"2018-05-21T14:26:30","slug":"warszawskie-targi-ksiazki-2018-r","status":"publish","type":"post","link":"https:\/\/literackieprzeszpiegi.pl\/index.php\/2018\/05\/21\/warszawskie-targi-ksiazki-2018-r\/","title":{"rendered":"Warszawskie Targi Ksi\u0105\u017cki 2018 r."},"content":{"rendered":"<p><img loading=\"lazy\" decoding=\"async\" class=\"size-medium wp-image-1305 alignright\" src=\"http:\/\/literackieprzeszpiegi.pl\/wp-content\/uploads\/2018\/05\/586x400_wtk2018-586x330-300x169.jpg\" alt=\"\" width=\"300\" height=\"169\" srcset=\"https:\/\/literackieprzeszpiegi.pl\/wp-content\/uploads\/2018\/05\/586x400_wtk2018-586x330-300x169.jpg 300w, https:\/\/literackieprzeszpiegi.pl\/wp-content\/uploads\/2018\/05\/586x400_wtk2018-586x330.jpg 586w\" sizes=\"(max-width: 300px) 100vw, 300px\" \/><strong>W Warszawie na Targach Ksi\u0105\u017cki jeszcze mnie nie by\u0142o. W tym zawita\u0142am tam na ca\u0142y jeden, sobotni dzie\u0144.<\/strong><\/p>\n<p><!--more-->To wyj\u0105tkowo nie b\u0119dzie bardzo obszerna relacja z WTK. Kr\u00f3tko i na temat, a zdj\u0119cia powiedz\u0105 Wam reszt\u0119. Tradycj\u0105 stanie si\u0119 fakt, \u017ce misternie u\u0142o\u017cony plan &#8211; co, gdzie, kiedy, jak &#8211; wzi\u0105\u0142 w \u0142eb. Znaczy si\u0119 &#8211; na niekt\u00f3re spotkania nie zd\u0105\u017cy\u0142am, kolejki po autografy przyprawia\u0142y o palpitacje, ale za to wpad\u0142am na spotkania, na kt\u00f3rych mia\u0142o mnie nie by\u0107&#8230; I bardzo dobrze!<\/p>\n<p>Najwi\u0119cej czasu sp\u0119dzi\u0142am, do\u015b\u0107 nieoczekiwanie, w Strefie Krymina\u0142u. Fakt, mia\u0142am w planach tam zajrze\u0107, ale na &#8220;tylko zagl\u0105daniu&#8221; si\u0119 nie sko\u0144czy\u0142o&#8230; \u00a0Bo kryminali\u015bci potrafi\u0105 prowadzi\u0107 zaskakuj\u0105ce rozmowy, ot &#8211; na przyk\u0142ad, kiedy o kryminalnej mapie Polski rozmawia pi\u0119ciu autor\u00f3w \ud83d\ude09 Spokojnie, autorki te\u017c by\u0142y \ud83d\ude42 Chris Carter, o wygl\u0105dzie rasowego rockmana, chyba zaskoczy\u0142 wszystkich, robi\u0105c sobie zdj\u0119cie ze starszym panem, kt\u00f3ry przysn\u0105\u0142 na jego spotkaniu&#8230; I by\u0142a te\u017c Katarzyna Bonda, z okazji rzecz jasna premiery &#8220;Czerwonego paj\u0105ka&#8221;, wie\u0144cz\u0105cego tetralogi\u0119 Cztery \u017cywio\u0142y i Remigiusz Mr\u00f3z, kt\u00f3rego publiczno\u015b\u0107 nie oszcz\u0119dza\u0142a &#8211; tylu pyta\u0144 chyba nikt si\u0119 nie spodziewa\u0142. \u00a0Tak\u017ce, dzia\u0142o kryminalnie na wielu frontach &#8211; wszystko za spraw\u0105 Magazynu Literacko-Kryminalnego Pocisk!<\/p>\n<p>A poza tym &#8211; mn\u00f3stwo spacer\u00f3w pomi\u0119dzy ksi\u0105\u017ckami, znajome wydawnictwa, autorzy, zab\u00f3jcze kolejki&#8230;<br \/>\nMo\u017cna by wymienia\u0107 w niesko\u0144czono\u015b\u0107. Co prawda czasami trzeba by\u0142o zdecydowa\u0107 si\u0119 na slalom pomi\u0119dzy lud\u017ami, kt\u00f3rzy d\u017awigali swoje zakupy ksi\u0105\u017ckowe w walizkach \ud83d\ude09<\/p>\n<p>Niew\u0105tpliwie ca\u0142a masa pozytywnych wra\u017ce\u0144 i autografy.<\/p>\n<p>Do zobaczenia za rok!<\/p>\n<div id='gallery-1' class='gallery galleryid-1304 gallery-columns-3 gallery-size-thumbnail'><figure class='gallery-item'>\n\t\t\t<div class='gallery-icon landscape'>\n\t\t\t\t<a href='https:\/\/literackieprzeszpiegi.pl\/index.php\/2018\/05\/21\/warszawskie-targi-ksiazki-2018-r\/1-7\/#main'><img loading=\"lazy\" decoding=\"async\" width=\"150\" height=\"150\" src=\"https:\/\/literackieprzeszpiegi.pl\/wp-content\/uploads\/2018\/05\/1-2-150x150.jpg\" class=\"attachment-thumbnail size-thumbnail\" alt=\"\" \/><\/a>\n\t\t\t<\/div><\/figure><figure class='gallery-item'>\n\t\t\t<div class='gallery-icon landscape'>\n\t\t\t\t<a href='https:\/\/literackieprzeszpiegi.pl\/index.php\/2018\/05\/21\/warszawskie-targi-ksiazki-2018-r\/4-4\/#main'><img loading=\"lazy\" decoding=\"async\" width=\"150\" height=\"150\" src=\"https:\/\/literackieprzeszpiegi.pl\/wp-content\/uploads\/2018\/05\/4-150x150.jpg\" class=\"attachment-thumbnail size-thumbnail\" alt=\"\" \/><\/a>\n\t\t\t<\/div><\/figure><figure class='gallery-item'>\n\t\t\t<div class='gallery-icon landscape'>\n\t\t\t\t<a href='https:\/\/literackieprzeszpiegi.pl\/index.php\/2018\/05\/21\/warszawskie-targi-ksiazki-2018-r\/2-4\/#main'><img loading=\"lazy\" decoding=\"async\" width=\"150\" height=\"150\" src=\"https:\/\/literackieprzeszpiegi.pl\/wp-content\/uploads\/2018\/05\/2-150x150.jpg\" class=\"attachment-thumbnail size-thumbnail\" alt=\"\" \/><\/a>\n\t\t\t<\/div><\/figure><figure class='gallery-item'>\n\t\t\t<div class='gallery-icon landscape'>\n\t\t\t\t<a href='https:\/\/literackieprzeszpiegi.pl\/index.php\/2018\/05\/21\/warszawskie-targi-ksiazki-2018-r\/3-5\/#main'><img loading=\"lazy\" decoding=\"async\" width=\"150\" height=\"150\" src=\"https:\/\/literackieprzeszpiegi.pl\/wp-content\/uploads\/2018\/05\/3-150x150.jpg\" class=\"attachment-thumbnail size-thumbnail\" alt=\"\" \/><\/a>\n\t\t\t<\/div><\/figure><figure class='gallery-item'>\n\t\t\t<div class='gallery-icon portrait'>\n\t\t\t\t<a href='https:\/\/literackieprzeszpiegi.pl\/index.php\/2018\/05\/21\/warszawskie-targi-ksiazki-2018-r\/5-4\/#main'><img loading=\"lazy\" decoding=\"async\" width=\"150\" height=\"150\" src=\"https:\/\/literackieprzeszpiegi.pl\/wp-content\/uploads\/2018\/05\/5-150x150.jpg\" class=\"attachment-thumbnail size-thumbnail\" alt=\"\" \/><\/a>\n\t\t\t<\/div><\/figure><figure class='gallery-item'>\n\t\t\t<div class='gallery-icon landscape'>\n\t\t\t\t<a href='https:\/\/literackieprzeszpiegi.pl\/index.php\/2018\/05\/21\/warszawskie-targi-ksiazki-2018-r\/6-3\/#main'><img loading=\"lazy\" decoding=\"async\" width=\"150\" height=\"150\" src=\"https:\/\/literackieprzeszpiegi.pl\/wp-content\/uploads\/2018\/05\/6-150x150.jpg\" class=\"attachment-thumbnail size-thumbnail\" alt=\"\" \/><\/a>\n\t\t\t<\/div><\/figure><figure class='gallery-item'>\n\t\t\t<div class='gallery-icon landscape'>\n\t\t\t\t<a href='https:\/\/literackieprzeszpiegi.pl\/index.php\/2018\/05\/21\/warszawskie-targi-ksiazki-2018-r\/7-4\/#main'><img loading=\"lazy\" decoding=\"async\" width=\"150\" height=\"150\" src=\"https:\/\/literackieprzeszpiegi.pl\/wp-content\/uploads\/2018\/05\/7-150x150.jpg\" class=\"attachment-thumbnail size-thumbnail\" alt=\"\" \/><\/a>\n\t\t\t<\/div><\/figure><figure class='gallery-item'>\n\t\t\t<div class='gallery-icon portrait'>\n\t\t\t\t<a href='https:\/\/literackieprzeszpiegi.pl\/index.php\/2018\/05\/21\/warszawskie-targi-ksiazki-2018-r\/8-3\/#main'><img loading=\"lazy\" decoding=\"async\" width=\"150\" height=\"150\" src=\"https:\/\/literackieprzeszpiegi.pl\/wp-content\/uploads\/2018\/05\/8-150x150.jpg\" class=\"attachment-thumbnail size-thumbnail\" alt=\"\" \/><\/a>\n\t\t\t<\/div><\/figure><figure class='gallery-item'>\n\t\t\t<div class='gallery-icon landscape'>\n\t\t\t\t<a href='https:\/\/literackieprzeszpiegi.pl\/index.php\/2018\/05\/21\/warszawskie-targi-ksiazki-2018-r\/9-2\/#main'><img loading=\"lazy\" decoding=\"async\" width=\"150\" height=\"150\" src=\"https:\/\/literackieprzeszpiegi.pl\/wp-content\/uploads\/2018\/05\/9-150x150.jpg\" class=\"attachment-thumbnail size-thumbnail\" alt=\"\" \/><\/a>\n\t\t\t<\/div><\/figure><figure class='gallery-item'>\n\t\t\t<div class='gallery-icon landscape'>\n\t\t\t\t<a href='https:\/\/literackieprzeszpiegi.pl\/index.php\/2018\/05\/21\/warszawskie-targi-ksiazki-2018-r\/10-2\/#main'><img loading=\"lazy\" decoding=\"async\" width=\"150\" height=\"150\" src=\"https:\/\/literackieprzeszpiegi.pl\/wp-content\/uploads\/2018\/05\/10-150x150.jpg\" class=\"attachment-thumbnail size-thumbnail\" alt=\"\" \/><\/a>\n\t\t\t<\/div><\/figure><figure class='gallery-item'>\n\t\t\t<div class='gallery-icon landscape'>\n\t\t\t\t<a href='https:\/\/literackieprzeszpiegi.pl\/index.php\/2018\/05\/21\/warszawskie-targi-ksiazki-2018-r\/11-3\/#main'><img loading=\"lazy\" decoding=\"async\" width=\"150\" height=\"150\" src=\"https:\/\/literackieprzeszpiegi.pl\/wp-content\/uploads\/2018\/05\/11-150x150.jpg\" class=\"attachment-thumbnail size-thumbnail\" alt=\"\" \/><\/a>\n\t\t\t<\/div><\/figure><figure class='gallery-item'>\n\t\t\t<div class='gallery-icon landscape'>\n\t\t\t\t<a href='https:\/\/literackieprzeszpiegi.pl\/index.php\/2018\/05\/21\/warszawskie-targi-ksiazki-2018-r\/12-2\/#main'><img loading=\"lazy\" decoding=\"async\" width=\"150\" height=\"150\" src=\"https:\/\/literackieprzeszpiegi.pl\/wp-content\/uploads\/2018\/05\/12-150x150.jpg\" class=\"attachment-thumbnail size-thumbnail\" alt=\"\" \/><\/a>\n\t\t\t<\/div><\/figure><figure class='gallery-item'>\n\t\t\t<div class='gallery-icon landscape'>\n\t\t\t\t<a href='https:\/\/literackieprzeszpiegi.pl\/index.php\/2018\/05\/21\/warszawskie-targi-ksiazki-2018-r\/13-2\/#main'><img loading=\"lazy\" decoding=\"async\" width=\"150\" height=\"150\" src=\"https:\/\/literackieprzeszpiegi.pl\/wp-content\/uploads\/2018\/05\/13-150x150.jpg\" class=\"attachment-thumbnail size-thumbnail\" alt=\"\" \/><\/a>\n\t\t\t<\/div><\/figure><figure class='gallery-item'>\n\t\t\t<div class='gallery-icon landscape'>\n\t\t\t\t<a href='https:\/\/literackieprzeszpiegi.pl\/index.php\/2018\/05\/21\/warszawskie-targi-ksiazki-2018-r\/14-2\/#main'><img loading=\"lazy\" decoding=\"async\" width=\"150\" height=\"150\" src=\"https:\/\/literackieprzeszpiegi.pl\/wp-content\/uploads\/2018\/05\/14-150x150.jpg\" class=\"attachment-thumbnail size-thumbnail\" alt=\"\" \/><\/a>\n\t\t\t<\/div><\/figure><figure class='gallery-item'>\n\t\t\t<div class='gallery-icon landscape'>\n\t\t\t\t<a href='https:\/\/literackieprzeszpiegi.pl\/index.php\/2018\/05\/21\/warszawskie-targi-ksiazki-2018-r\/15-2\/#main'><img loading=\"lazy\" decoding=\"async\" width=\"150\" height=\"150\" src=\"https:\/\/literackieprzeszpiegi.pl\/wp-content\/uploads\/2018\/05\/15-150x150.jpg\" class=\"attachment-thumbnail size-thumbnail\" alt=\"\" \/><\/a>\n\t\t\t<\/div><\/figure><figure class='gallery-item'>\n\t\t\t<div class='gallery-icon landscape'>\n\t\t\t\t<a href='https:\/\/literackieprzeszpiegi.pl\/index.php\/2018\/05\/21\/warszawskie-targi-ksiazki-2018-r\/16-3\/#main'><img loading=\"lazy\" decoding=\"async\" width=\"150\" height=\"150\" src=\"https:\/\/literackieprzeszpiegi.pl\/wp-content\/uploads\/2018\/05\/16-150x150.jpg\" class=\"attachment-thumbnail size-thumbnail\" alt=\"\" \/><\/a>\n\t\t\t<\/div><\/figure><figure class='gallery-item'>\n\t\t\t<div class='gallery-icon landscape'>\n\t\t\t\t<a href='https:\/\/literackieprzeszpiegi.pl\/index.php\/2018\/05\/21\/warszawskie-targi-ksiazki-2018-r\/attachment\/17\/#main'><img loading=\"lazy\" decoding=\"async\" width=\"150\" height=\"150\" src=\"https:\/\/literackieprzeszpiegi.pl\/wp-content\/uploads\/2018\/05\/17-150x150.jpg\" class=\"attachment-thumbnail size-thumbnail\" alt=\"\" \/><\/a>\n\t\t\t<\/div><\/figure><figure class='gallery-item'>\n\t\t\t<div class='gallery-icon landscape'>\n\t\t\t\t<a href='https:\/\/literackieprzeszpiegi.pl\/index.php\/2018\/05\/21\/warszawskie-targi-ksiazki-2018-r\/attachment\/18\/#main'><img loading=\"lazy\" decoding=\"async\" width=\"150\" height=\"150\" src=\"https:\/\/literackieprzeszpiegi.pl\/wp-content\/uploads\/2018\/05\/18-150x150.jpg\" class=\"attachment-thumbnail size-thumbnail\" alt=\"\" \/><\/a>\n\t\t\t<\/div><\/figure><figure class='gallery-item'>\n\t\t\t<div class='gallery-icon portrait'>\n\t\t\t\t<a href='https:\/\/literackieprzeszpiegi.pl\/index.php\/2018\/05\/21\/warszawskie-targi-ksiazki-2018-r\/attachment\/19\/#main'><img loading=\"lazy\" decoding=\"async\" width=\"150\" height=\"150\" src=\"https:\/\/literackieprzeszpiegi.pl\/wp-content\/uploads\/2018\/05\/19-150x150.jpg\" class=\"attachment-thumbnail size-thumbnail\" alt=\"\" \/><\/a>\n\t\t\t<\/div><\/figure><figure class='gallery-item'>\n\t\t\t<div class='gallery-icon landscape'>\n\t\t\t\t<a href='https:\/\/literackieprzeszpiegi.pl\/index.php\/2018\/05\/21\/warszawskie-targi-ksiazki-2018-r\/attachment\/20\/#main'><img loading=\"lazy\" decoding=\"async\" width=\"150\" height=\"150\" src=\"https:\/\/literackieprzeszpiegi.pl\/wp-content\/uploads\/2018\/05\/20-150x150.jpg\" class=\"attachment-thumbnail size-thumbnail\" alt=\"\" \/><\/a>\n\t\t\t<\/div><\/figure><figure class='gallery-item'>\n\t\t\t<div class='gallery-icon portrait'>\n\t\t\t\t<a href='https:\/\/literackieprzeszpiegi.pl\/index.php\/2018\/05\/21\/warszawskie-targi-ksiazki-2018-r\/attachment\/21\/#main'><img loading=\"lazy\" decoding=\"async\" width=\"150\" height=\"150\" src=\"https:\/\/literackieprzeszpiegi.pl\/wp-content\/uploads\/2018\/05\/21-150x150.jpg\" class=\"attachment-thumbnail size-thumbnail\" alt=\"\" \/><\/a>\n\t\t\t<\/div><\/figure><figure class='gallery-item'>\n\t\t\t<div class='gallery-icon landscape'>\n\t\t\t\t<a href='https:\/\/literackieprzeszpiegi.pl\/index.php\/2018\/05\/21\/warszawskie-targi-ksiazki-2018-r\/attachment\/22\/#main'><img loading=\"lazy\" decoding=\"async\" width=\"150\" height=\"150\" src=\"https:\/\/literackieprzeszpiegi.pl\/wp-content\/uploads\/2018\/05\/22-150x150.jpg\" class=\"attachment-thumbnail size-thumbnail\" alt=\"\" \/><\/a>\n\t\t\t<\/div><\/figure><figure class='gallery-item'>\n\t\t\t<div class='gallery-icon landscape'>\n\t\t\t\t<a href='https:\/\/literackieprzeszpiegi.pl\/index.php\/2018\/05\/21\/warszawskie-targi-ksiazki-2018-r\/attachment\/23\/#main'><img loading=\"lazy\" decoding=\"async\" width=\"150\" height=\"150\" src=\"https:\/\/literackieprzeszpiegi.pl\/wp-content\/uploads\/2018\/05\/23-150x150.jpg\" class=\"attachment-thumbnail size-thumbnail\" alt=\"\" \/><\/a>\n\t\t\t<\/div><\/figure><figure class='gallery-item'>\n\t\t\t<div class='gallery-icon landscape'>\n\t\t\t\t<a href='https:\/\/literackieprzeszpiegi.pl\/index.php\/2018\/05\/21\/warszawskie-targi-ksiazki-2018-r\/23-2\/#main'><img loading=\"lazy\" decoding=\"async\" width=\"150\" height=\"150\" src=\"https:\/\/literackieprzeszpiegi.pl\/wp-content\/uploads\/2018\/05\/23-2-150x150.jpg\" class=\"attachment-thumbnail size-thumbnail\" alt=\"\" \/><\/a>\n\t\t\t<\/div><\/figure><figure class='gallery-item'>\n\t\t\t<div class='gallery-icon landscape'>\n\t\t\t\t<a href='https:\/\/literackieprzeszpiegi.pl\/index.php\/2018\/05\/21\/warszawskie-targi-ksiazki-2018-r\/attachment\/24\/#main'><img loading=\"lazy\" decoding=\"async\" width=\"150\" height=\"150\" src=\"https:\/\/literackieprzeszpiegi.pl\/wp-content\/uploads\/2018\/05\/24-150x150.jpg\" class=\"attachment-thumbnail size-thumbnail\" alt=\"\" \/><\/a>\n\t\t\t<\/div><\/figure><figure class='gallery-item'>\n\t\t\t<div class='gallery-icon landscape'>\n\t\t\t\t<a href='https:\/\/literackieprzeszpiegi.pl\/index.php\/2018\/05\/21\/warszawskie-targi-ksiazki-2018-r\/attachment\/25\/#main'><img loading=\"lazy\" decoding=\"async\" width=\"150\" height=\"150\" src=\"https:\/\/literackieprzeszpiegi.pl\/wp-content\/uploads\/2018\/05\/25-150x150.jpg\" class=\"attachment-thumbnail size-thumbnail\" alt=\"\" \/><\/a>\n\t\t\t<\/div><\/figure>\n\t\t<\/div>\n\n<p>&nbsp;<\/p>\n<p>&nbsp;<\/p>\n","protected":false},"excerpt":{"rendered":"<p>W Warszawie na Targach Ksi\u0105\u017cki jeszcze mnie nie by\u0142o. W tym zawita\u0142am tam na ca\u0142y jeden, sobotni dzie\u0144.<\/p>\n","protected":false},"author":1,"featured_media":1305,"comment_status":"open","ping_status":"open","sticky":false,"template":"","format":"standard","meta":{"om_disable_all_campaigns":false,"_exactmetrics_skip_tracking":false,"_exactmetrics_sitenote_active":false,"_exactmetrics_sitenote_note":"","_exactmetrics_sitenote_category":0,"_monsterinsights_skip_tracking":false,"_monsterinsights_sitenote_active":false,"_monsterinsights_sitenote_note":"","_monsterinsights_sitenote_category":0,"_uf_show_specific_survey":0,"_uf_disable_surveys":false,"footnotes":""},"categories":[94],"tags":[12,67,19,20,110,91],"yoast_head":"<!-- This site is optimized with the Yoast SEO plugin v22.9 - https:\/\/yoast.com\/wordpress\/plugins\/seo\/ -->\n<title>Warszawskie Targi Ksi\u0105\u017cki 2018 r. | Literackieprzeszpiegi.pl<\/title>\n<meta name=\"description\" content=\"W Warszawie na Targach Ksi\u0105\u017cki jeszcze mnie nie by\u0142o. W tym zawita\u0142am tam na ca\u0142y jeden, sobotni dzie\u0144.\" \/>\n<meta name=\"robots\" content=\"index, follow, max-snippet:-1, max-image-preview:large, max-video-preview:-1\" \/>\n<link rel=\"canonical\" href=\"https:\/\/literackieprzeszpiegi.pl\/index.php\/2018\/05\/21\/warszawskie-targi-ksiazki-2018-r\/\" \/>\n<meta property=\"og:locale\" content=\"pl_PL\" \/>\n<meta property=\"og:type\" content=\"article\" \/>\n<meta property=\"og:title\" content=\"Warszawskie Targi Ksi\u0105\u017cki 2018 r.\" \/>\n<meta property=\"og:description\" content=\"W Warszawie na Targach Ksi\u0105\u017cki jeszcze mnie nie by\u0142o. W tym zawita\u0142am tam na ca\u0142y jeden, sobotni dzie\u0144.\" \/>\n<meta property=\"og:url\" content=\"https:\/\/literackieprzeszpiegi.pl\/index.php\/2018\/05\/21\/warszawskie-targi-ksiazki-2018-r\/\" \/>\n<meta property=\"og:site_name\" content=\"Literackie przeszpiegi\" \/>\n<meta property=\"article:published_time\" content=\"2018-05-21T14:10:21+00:00\" \/>\n<meta property=\"article:modified_time\" content=\"2018-05-21T14:26:30+00:00\" \/>\n<meta name=\"author\" content=\"Szpieg\" \/>\n<meta name=\"twitter:card\" content=\"summary_large_image\" \/>\n<meta name=\"twitter:image\" content=\"https:\/\/literackieprzeszpiegi.pl\/wp-content\/uploads\/2018\/05\/586x400_wtk2018-586x330.jpg\" \/>\n<meta name=\"twitter:label1\" content=\"Napisane przez\" \/>\n\t<meta name=\"twitter:data1\" content=\"Szpieg\" \/>\n\t<meta name=\"twitter:label2\" content=\"Szacowany czas czytania\" \/>\n\t<meta name=\"twitter:data2\" content=\"2 minuty\" \/>\n<script type=\"application\/ld+json\" class=\"yoast-schema-graph\">{\"@context\":\"https:\/\/schema.org\",\"@graph\":[{\"@type\":\"Article\",\"@id\":\"https:\/\/literackieprzeszpiegi.pl\/index.php\/2018\/05\/21\/warszawskie-targi-ksiazki-2018-r\/#article\",\"isPartOf\":{\"@id\":\"https:\/\/literackieprzeszpiegi.pl\/index.php\/2018\/05\/21\/warszawskie-targi-ksiazki-2018-r\/\"},\"author\":{\"name\":\"Szpieg\",\"@id\":\"https:\/\/literackieprzeszpiegi.pl\/#\/schema\/person\/fd5c4f317aed549d4833e6402ffea017\"},\"headline\":\"Warszawskie Targi Ksi\u0105\u017cki 2018 r.\",\"datePublished\":\"2018-05-21T14:10:21+00:00\",\"dateModified\":\"2018-05-21T14:26:30+00:00\",\"mainEntityOfPage\":{\"@id\":\"https:\/\/literackieprzeszpiegi.pl\/index.php\/2018\/05\/21\/warszawskie-targi-ksiazki-2018-r\/\"},\"wordCount\":308,\"commentCount\":2,\"publisher\":{\"@id\":\"https:\/\/literackieprzeszpiegi.pl\/#organization\"},\"image\":{\"@id\":\"https:\/\/literackieprzeszpiegi.pl\/index.php\/2018\/05\/21\/warszawskie-targi-ksiazki-2018-r\/#primaryimage\"},\"thumbnailUrl\":\"https:\/\/literackieprzeszpiegi.pl\/wp-content\/uploads\/2018\/05\/586x400_wtk2018-586x330.jpg\",\"keywords\":[\"Katarzyna Bonda\",\"Magdalena Knedler\",\"Remigiusz Mr\u00f3z\",\"Warszawa\",\"Warszawska Skarpa\",\"Wydawnictwo Novae Res\"],\"articleSection\":[\"Targi Ksi\u0105\u017cki\"],\"inLanguage\":\"pl-PL\",\"potentialAction\":[{\"@type\":\"CommentAction\",\"name\":\"Comment\",\"target\":[\"https:\/\/literackieprzeszpiegi.pl\/index.php\/2018\/05\/21\/warszawskie-targi-ksiazki-2018-r\/#respond\"]}]},{\"@type\":\"WebPage\",\"@id\":\"https:\/\/literackieprzeszpiegi.pl\/index.php\/2018\/05\/21\/warszawskie-targi-ksiazki-2018-r\/\",\"url\":\"https:\/\/literackieprzeszpiegi.pl\/index.php\/2018\/05\/21\/warszawskie-targi-ksiazki-2018-r\/\",\"name\":\"Warszawskie Targi Ksi\u0105\u017cki 2018 r. | Literackieprzeszpiegi.pl\",\"isPartOf\":{\"@id\":\"https:\/\/literackieprzeszpiegi.pl\/#website\"},\"primaryImageOfPage\":{\"@id\":\"https:\/\/literackieprzeszpiegi.pl\/index.php\/2018\/05\/21\/warszawskie-targi-ksiazki-2018-r\/#primaryimage\"},\"image\":{\"@id\":\"https:\/\/literackieprzeszpiegi.pl\/index.php\/2018\/05\/21\/warszawskie-targi-ksiazki-2018-r\/#primaryimage\"},\"thumbnailUrl\":\"https:\/\/literackieprzeszpiegi.pl\/wp-content\/uploads\/2018\/05\/586x400_wtk2018-586x330.jpg\",\"datePublished\":\"2018-05-21T14:10:21+00:00\",\"dateModified\":\"2018-05-21T14:26:30+00:00\",\"description\":\"W Warszawie na Targach Ksi\u0105\u017cki jeszcze mnie nie by\u0142o. W tym zawita\u0142am tam na ca\u0142y jeden, sobotni dzie\u0144.\",\"breadcrumb\":{\"@id\":\"https:\/\/literackieprzeszpiegi.pl\/index.php\/2018\/05\/21\/warszawskie-targi-ksiazki-2018-r\/#breadcrumb\"},\"inLanguage\":\"pl-PL\",\"potentialAction\":[{\"@type\":\"ReadAction\",\"target\":[\"https:\/\/literackieprzeszpiegi.pl\/index.php\/2018\/05\/21\/warszawskie-targi-ksiazki-2018-r\/\"]}]},{\"@type\":\"ImageObject\",\"inLanguage\":\"pl-PL\",\"@id\":\"https:\/\/literackieprzeszpiegi.pl\/index.php\/2018\/05\/21\/warszawskie-targi-ksiazki-2018-r\/#primaryimage\",\"url\":\"https:\/\/literackieprzeszpiegi.pl\/wp-content\/uploads\/2018\/05\/586x400_wtk2018-586x330.jpg\",\"contentUrl\":\"https:\/\/literackieprzeszpiegi.pl\/wp-content\/uploads\/2018\/05\/586x400_wtk2018-586x330.jpg\",\"width\":586,\"height\":330},{\"@type\":\"BreadcrumbList\",\"@id\":\"https:\/\/literackieprzeszpiegi.pl\/index.php\/2018\/05\/21\/warszawskie-targi-ksiazki-2018-r\/#breadcrumb\",\"itemListElement\":[{\"@type\":\"ListItem\",\"position\":1,\"name\":\"Home\",\"item\":\"https:\/\/literackieprzeszpiegi.pl\/\"},{\"@type\":\"ListItem\",\"position\":2,\"name\":\"Warszawskie Targi Ksi\u0105\u017cki 2018 r.\"}]},{\"@type\":\"WebSite\",\"@id\":\"https:\/\/literackieprzeszpiegi.pl\/#website\",\"url\":\"https:\/\/literackieprzeszpiegi.pl\/\",\"name\":\"Literackie przeszpiegi\",\"description\":\"blog o ksi\u0105\u017ckach\",\"publisher\":{\"@id\":\"https:\/\/literackieprzeszpiegi.pl\/#organization\"},\"potentialAction\":[{\"@type\":\"SearchAction\",\"target\":{\"@type\":\"EntryPoint\",\"urlTemplate\":\"https:\/\/literackieprzeszpiegi.pl\/?s={search_term_string}\"},\"query-input\":\"required name=search_term_string\"}],\"inLanguage\":\"pl-PL\"},{\"@type\":\"Organization\",\"@id\":\"https:\/\/literackieprzeszpiegi.pl\/#organization\",\"name\":\"Literackie przeszpiegi\",\"url\":\"https:\/\/literackieprzeszpiegi.pl\/\",\"logo\":{\"@type\":\"ImageObject\",\"inLanguage\":\"pl-PL\",\"@id\":\"https:\/\/literackieprzeszpiegi.pl\/#\/schema\/logo\/image\/\",\"url\":\"https:\/\/literackieprzeszpiegi.pl\/wp-content\/uploads\/2021\/01\/cropped-cropped-Literackie-przeszpiegi-1.png\",\"contentUrl\":\"https:\/\/literackieprzeszpiegi.pl\/wp-content\/uploads\/2021\/01\/cropped-cropped-Literackie-przeszpiegi-1.png\",\"width\":499,\"height\":142,\"caption\":\"Literackie przeszpiegi\"},\"image\":{\"@id\":\"https:\/\/literackieprzeszpiegi.pl\/#\/schema\/logo\/image\/\"}},{\"@type\":\"Person\",\"@id\":\"https:\/\/literackieprzeszpiegi.pl\/#\/schema\/person\/fd5c4f317aed549d4833e6402ffea017\",\"name\":\"Szpieg\",\"image\":{\"@type\":\"ImageObject\",\"inLanguage\":\"pl-PL\",\"@id\":\"https:\/\/literackieprzeszpiegi.pl\/#\/schema\/person\/image\/\",\"url\":\"https:\/\/secure.gravatar.com\/avatar\/45a17869257e08975d929f204ef78290?s=96&d=mm&r=g\",\"contentUrl\":\"https:\/\/secure.gravatar.com\/avatar\/45a17869257e08975d929f204ef78290?s=96&d=mm&r=g\",\"caption\":\"Szpieg\"},\"url\":\"https:\/\/literackieprzeszpiegi.pl\/index.php\/author\/admin\/\"}]}<\/script>\n<!-- \/ Yoast SEO plugin. -->","yoast_head_json":{"title":"Warszawskie Targi Ksi\u0105\u017cki 2018 r. | Literackieprzeszpiegi.pl","description":"W Warszawie na Targach Ksi\u0105\u017cki jeszcze mnie nie by\u0142o. W tym zawita\u0142am tam na ca\u0142y jeden, sobotni dzie\u0144.","robots":{"index":"index","follow":"follow","max-snippet":"max-snippet:-1","max-image-preview":"max-image-preview:large","max-video-preview":"max-video-preview:-1"},"canonical":"https:\/\/literackieprzeszpiegi.pl\/index.php\/2018\/05\/21\/warszawskie-targi-ksiazki-2018-r\/","og_locale":"pl_PL","og_type":"article","og_title":"Warszawskie Targi Ksi\u0105\u017cki 2018 r.","og_description":"W Warszawie na Targach Ksi\u0105\u017cki jeszcze mnie nie by\u0142o. W tym zawita\u0142am tam na ca\u0142y jeden, sobotni dzie\u0144.","og_url":"https:\/\/literackieprzeszpiegi.pl\/index.php\/2018\/05\/21\/warszawskie-targi-ksiazki-2018-r\/","og_site_name":"Literackie przeszpiegi","article_published_time":"2018-05-21T14:10:21+00:00","article_modified_time":"2018-05-21T14:26:30+00:00","author":"Szpieg","twitter_card":"summary_large_image","twitter_image":"https:\/\/literackieprzeszpiegi.pl\/wp-content\/uploads\/2018\/05\/586x400_wtk2018-586x330.jpg","twitter_misc":{"Napisane przez":"Szpieg","Szacowany czas czytania":"2 minuty"},"schema":{"@context":"https:\/\/schema.org","@graph":[{"@type":"Article","@id":"https:\/\/literackieprzeszpiegi.pl\/index.php\/2018\/05\/21\/warszawskie-targi-ksiazki-2018-r\/#article","isPartOf":{"@id":"https:\/\/literackieprzeszpiegi.pl\/index.php\/2018\/05\/21\/warszawskie-targi-ksiazki-2018-r\/"},"author":{"name":"Szpieg","@id":"https:\/\/literackieprzeszpiegi.pl\/#\/schema\/person\/fd5c4f317aed549d4833e6402ffea017"},"headline":"Warszawskie Targi Ksi\u0105\u017cki 2018 r.","datePublished":"2018-05-21T14:10:21+00:00","dateModified":"2018-05-21T14:26:30+00:00","mainEntityOfPage":{"@id":"https:\/\/literackieprzeszpiegi.pl\/index.php\/2018\/05\/21\/warszawskie-targi-ksiazki-2018-r\/"},"wordCount":308,"commentCount":2,"publisher":{"@id":"https:\/\/literackieprzeszpiegi.pl\/#organization"},"image":{"@id":"https:\/\/literackieprzeszpiegi.pl\/index.php\/2018\/05\/21\/warszawskie-targi-ksiazki-2018-r\/#primaryimage"},"thumbnailUrl":"https:\/\/literackieprzeszpiegi.pl\/wp-content\/uploads\/2018\/05\/586x400_wtk2018-586x330.jpg","keywords":["Katarzyna Bonda","Magdalena Knedler","Remigiusz Mr\u00f3z","Warszawa","Warszawska Skarpa","Wydawnictwo Novae Res"],"articleSection":["Targi Ksi\u0105\u017cki"],"inLanguage":"pl-PL","potentialAction":[{"@type":"CommentAction","name":"Comment","target":["https:\/\/literackieprzeszpiegi.pl\/index.php\/2018\/05\/21\/warszawskie-targi-ksiazki-2018-r\/#respond"]}]},{"@type":"WebPage","@id":"https:\/\/literackieprzeszpiegi.pl\/index.php\/2018\/05\/21\/warszawskie-targi-ksiazki-2018-r\/","url":"https:\/\/literackieprzeszpiegi.pl\/index.php\/2018\/05\/21\/warszawskie-targi-ksiazki-2018-r\/","name":"Warszawskie Targi Ksi\u0105\u017cki 2018 r. | Literackieprzeszpiegi.pl","isPartOf":{"@id":"https:\/\/literackieprzeszpiegi.pl\/#website"},"primaryImageOfPage":{"@id":"https:\/\/literackieprzeszpiegi.pl\/index.php\/2018\/05\/21\/warszawskie-targi-ksiazki-2018-r\/#primaryimage"},"image":{"@id":"https:\/\/literackieprzeszpiegi.pl\/index.php\/2018\/05\/21\/warszawskie-targi-ksiazki-2018-r\/#primaryimage"},"thumbnailUrl":"https:\/\/literackieprzeszpiegi.pl\/wp-content\/uploads\/2018\/05\/586x400_wtk2018-586x330.jpg","datePublished":"2018-05-21T14:10:21+00:00","dateModified":"2018-05-21T14:26:30+00:00","description":"W Warszawie na Targach Ksi\u0105\u017cki jeszcze mnie nie by\u0142o. W tym zawita\u0142am tam na ca\u0142y jeden, sobotni dzie\u0144.","breadcrumb":{"@id":"https:\/\/literackieprzeszpiegi.pl\/index.php\/2018\/05\/21\/warszawskie-targi-ksiazki-2018-r\/#breadcrumb"},"inLanguage":"pl-PL","potentialAction":[{"@type":"ReadAction","target":["https:\/\/literackieprzeszpiegi.pl\/index.php\/2018\/05\/21\/warszawskie-targi-ksiazki-2018-r\/"]}]},{"@type":"ImageObject","inLanguage":"pl-PL","@id":"https:\/\/literackieprzeszpiegi.pl\/index.php\/2018\/05\/21\/warszawskie-targi-ksiazki-2018-r\/#primaryimage","url":"https:\/\/literackieprzeszpiegi.pl\/wp-content\/uploads\/2018\/05\/586x400_wtk2018-586x330.jpg","contentUrl":"https:\/\/literackieprzeszpiegi.pl\/wp-content\/uploads\/2018\/05\/586x400_wtk2018-586x330.jpg","width":586,"height":330},{"@type":"BreadcrumbList","@id":"https:\/\/literackieprzeszpiegi.pl\/index.php\/2018\/05\/21\/warszawskie-targi-ksiazki-2018-r\/#breadcrumb","itemListElement":[{"@type":"ListItem","position":1,"name":"Home","item":"https:\/\/literackieprzeszpiegi.pl\/"},{"@type":"ListItem","position":2,"name":"Warszawskie Targi Ksi\u0105\u017cki 2018 r."}]},{"@type":"WebSite","@id":"https:\/\/literackieprzeszpiegi.pl\/#website","url":"https:\/\/literackieprzeszpiegi.pl\/","name":"Literackie przeszpiegi","description":"blog o ksi\u0105\u017ckach","publisher":{"@id":"https:\/\/literackieprzeszpiegi.pl\/#organization"},"potentialAction":[{"@type":"SearchAction","target":{"@type":"EntryPoint","urlTemplate":"https:\/\/literackieprzeszpiegi.pl\/?s={search_term_string}"},"query-input":"required name=search_term_string"}],"inLanguage":"pl-PL"},{"@type":"Organization","@id":"https:\/\/literackieprzeszpiegi.pl\/#organization","name":"Literackie przeszpiegi","url":"https:\/\/literackieprzeszpiegi.pl\/","logo":{"@type":"ImageObject","inLanguage":"pl-PL","@id":"https:\/\/literackieprzeszpiegi.pl\/#\/schema\/logo\/image\/","url":"https:\/\/literackieprzeszpiegi.pl\/wp-content\/uploads\/2021\/01\/cropped-cropped-Literackie-przeszpiegi-1.png","contentUrl":"https:\/\/literackieprzeszpiegi.pl\/wp-content\/uploads\/2021\/01\/cropped-cropped-Literackie-przeszpiegi-1.png","width":499,"height":142,"caption":"Literackie przeszpiegi"},"image":{"@id":"https:\/\/literackieprzeszpiegi.pl\/#\/schema\/logo\/image\/"}},{"@type":"Person","@id":"https:\/\/literackieprzeszpiegi.pl\/#\/schema\/person\/fd5c4f317aed549d4833e6402ffea017","name":"Szpieg","image":{"@type":"ImageObject","inLanguage":"pl-PL","@id":"https:\/\/literackieprzeszpiegi.pl\/#\/schema\/person\/image\/","url":"https:\/\/secure.gravatar.com\/avatar\/45a17869257e08975d929f204ef78290?s=96&d=mm&r=g","contentUrl":"https:\/\/secure.gravatar.com\/avatar\/45a17869257e08975d929f204ef78290?s=96&d=mm&r=g","caption":"Szpieg"},"url":"https:\/\/literackieprzeszpiegi.pl\/index.php\/author\/admin\/"}]}},"_links":{"self":[{"href":"https:\/\/literackieprzeszpiegi.pl\/index.php\/wp-json\/wp\/v2\/posts\/1304"}],"collection":[{"href":"https:\/\/literackieprzeszpiegi.pl\/index.php\/wp-json\/wp\/v2\/posts"}],"about":[{"href":"https:\/\/literackieprzeszpiegi.pl\/index.php\/wp-json\/wp\/v2\/types\/post"}],"author":[{"embeddable":true,"href":"https:\/\/literackieprzeszpiegi.pl\/index.php\/wp-json\/wp\/v2\/users\/1"}],"replies":[{"embeddable":true,"href":"https:\/\/literackieprzeszpiegi.pl\/index.php\/wp-json\/wp\/v2\/comments?post=1304"}],"version-history":[{"count":4,"href":"https:\/\/literackieprzeszpiegi.pl\/index.php\/wp-json\/wp\/v2\/posts\/1304\/revisions"}],"predecessor-version":[{"id":1336,"href":"https:\/\/literackieprzeszpiegi.pl\/index.php\/wp-json\/wp\/v2\/posts\/1304\/revisions\/1336"}],"wp:featuredmedia":[{"embeddable":true,"href":"https:\/\/literackieprzeszpiegi.pl\/index.php\/wp-json\/wp\/v2\/media\/1305"}],"wp:attachment":[{"href":"https:\/\/literackieprzeszpiegi.pl\/index.php\/wp-json\/wp\/v2\/media?parent=1304"}],"wp:term":[{"taxonomy":"category","embeddable":true,"href":"https:\/\/literackieprzeszpiegi.pl\/index.php\/wp-json\/wp\/v2\/categories?post=1304"},{"taxonomy":"post_tag","embeddable":true,"href":"https:\/\/literackieprzeszpiegi.pl\/index.php\/wp-json\/wp\/v2\/tags?post=1304"}],"curies":[{"name":"wp","href":"https:\/\/api.w.org\/{rel}","templated":true}]}}