{"id":1358,"date":"2018-06-05T19:54:33","date_gmt":"2018-06-05T17:54:33","guid":{"rendered":"http:\/\/literackieprzeszpiegi.pl\/?p=1358"},"modified":"2018-06-05T20:06:57","modified_gmt":"2018-06-05T18:06:57","slug":"czerwcowe-zwiady-cz-ii-2018","status":"publish","type":"post","link":"https:\/\/literackieprzeszpiegi.pl\/index.php\/2018\/06\/05\/czerwcowe-zwiady-cz-ii-2018\/","title":{"rendered":"Czerwcowe zwiady, cz. II, #2018"},"content":{"rendered":"<p>Druga porcja smakowitych premier czerwcowych.\u00a0 Mog\u0119 Wam obieca\u0107, \u017ce b\u0119dzie strasznie, ale&#8230; i zabawnie.\u00a0<!--more--><\/p>\n<p><img loading=\"lazy\" decoding=\"async\" class=\"size-medium wp-image-1359 alignleft\" src=\"http:\/\/literackieprzeszpiegi.pl\/wp-content\/uploads\/2018\/06\/dom_bez_klamek-183x300.jpg\" alt=\"\" width=\"183\" height=\"300\" srcset=\"https:\/\/literackieprzeszpiegi.pl\/wp-content\/uploads\/2018\/06\/dom_bez_klamek-183x300.jpg 183w, https:\/\/literackieprzeszpiegi.pl\/wp-content\/uploads\/2018\/06\/dom_bez_klamek-768x1260.jpg 768w, https:\/\/literackieprzeszpiegi.pl\/wp-content\/uploads\/2018\/06\/dom_bez_klamek-624x1024.jpg 624w, https:\/\/literackieprzeszpiegi.pl\/wp-content\/uploads\/2018\/06\/dom_bez_klamek.jpg 1476w\" sizes=\"(max-width: 183px) 100vw, 183px\" \/><\/p>\n<p>&#8220;Dom bez klamek&#8221; to pierwszy tom krymina\u0142\u00f3w z podkomisarz Nin\u0105 Warwi\u0142ow.<br \/>\nW grudniowy poranek piel\u0119gniarka odnajduje cia\u0142o brutalnie zamordowanego pacjenta, kt\u00f3ry przebywa\u0142 na oddziale C8 szpitala psychiatrycznego w Weseliskach. Pierwszymi podejrzanymi s\u0105 pozostali pacjenci i personel medyczny. By nikt nie opu\u015bci\u0142 miejsca zbrodni, oddzia\u0142 C8 zosta\u0142 zamkni\u0119ty dla \u015bwiata.<\/p>\n<p>Osoby zamieszane w zbrodni\u0119 ukrywaj\u0105 zdecydowanie wi\u0119cej tajemnic i z\u0142a, ani\u017celi ktokolwiek m\u00f3g\u0142by podejrzewa\u0107.<\/p>\n<p><strong>J\u0119drzej Pasierski &#8220;Dom bez klamek&#8221;<\/strong><br \/>\n<strong>Wydawnictwo Czarne,<\/strong><br \/>\n<strong>data premiery: 06.06.2018 r.<\/strong><\/p>\n<p>______________________________________________________________<\/p>\n<p><img loading=\"lazy\" decoding=\"async\" class=\"size-medium wp-image-1360 alignright\" src=\"http:\/\/literackieprzeszpiegi.pl\/wp-content\/uploads\/2018\/06\/musz\u0119-to-wiedzie\u0107-191x300.jpg\" alt=\"\" width=\"191\" height=\"300\" srcset=\"https:\/\/literackieprzeszpiegi.pl\/wp-content\/uploads\/2018\/06\/musz\u0119-to-wiedzie\u0107-191x300.jpg 191w, https:\/\/literackieprzeszpiegi.pl\/wp-content\/uploads\/2018\/06\/musz\u0119-to-wiedzie\u0107.jpg 286w\" sizes=\"(max-width: 191px) 100vw, 191px\" \/><\/p>\n<p>Vivian Moore pracuje dla CIA i zajmuje si\u0119 rozpracowywaniem dzia\u0142alno\u015bci rosyjskich szpieg\u00f3w w USA. A poza tym &#8211; ma najzwyklejsz\u0105 rodzin\u0119 na \u015bwiecie &#8211; kochaj\u0105cego m\u0119\u017ca i czw\u00f3rk\u0119 dzieci.<\/p>\n<p>Gdy w pracy udaje si\u0119 jej dotrze\u0107 do zawarto\u015b\u0107 komputera potencjalnego rosyjskiego wsp\u00f3\u0142pracownika, nie mo\u017ce uwierzy\u0107 w zdobyte informacje. Nie tylko zagra\u017caj\u0105 jej ojczy\u017anie, ale tak\u017ce i rodzinie.<\/p>\n<p>Jak\u0105 decyzj\u0119 podejmie? Czy uda si\u0119 jej znale\u017a\u0107 kompromis mi\u0119dzy lojalno\u015bci\u0105 a zdrad\u0105?<\/p>\n<p><strong>Karen Cleveland &#8220;Musz\u0119 to wiedzie\u0107&#8221;<\/strong><br \/>\n<strong>Grupa Wydawnicza Foksal\/W.A.B<\/strong><br \/>\n<strong>data premiery: 06.06.2018<\/strong><\/p>\n<p>__________________________________________________________________________<\/p>\n<p><img loading=\"lazy\" decoding=\"async\" class=\"size-medium wp-image-1361 alignleft\" src=\"http:\/\/literackieprzeszpiegi.pl\/wp-content\/uploads\/2018\/06\/wied\u017ama-duszona-w-winie-211x300.jpg\" alt=\"\" width=\"211\" height=\"300\" srcset=\"https:\/\/literackieprzeszpiegi.pl\/wp-content\/uploads\/2018\/06\/wied\u017ama-duszona-w-winie-211x300.jpg 211w, https:\/\/literackieprzeszpiegi.pl\/wp-content\/uploads\/2018\/06\/wied\u017ama-duszona-w-winie.jpg 352w\" sizes=\"(max-width: 211px) 100vw, 211px\" \/><\/p>\n<p>Wszystko w \u017cyciu Bo\u017ceny pouk\u0142adane jest jak w zegarku.<br \/>\nDo czasu a\u017c dowiaduje si\u0119, \u017ce odziedziczy\u0142a spadek &#8211; do\u015b\u0107 nietypow\u0105 nieruchomo\u015b\u0107 w ma\u0142ym miasteczku. Gdy przyje\u017cd\u017ca na miejsce okazuje si\u0119, \u017ce zmiana szpilek na gumiaki to dopiero pocz\u0105tek zmian. W budynku dzia\u0142a ma\u0142e bistro i ambitna kobieta postanawia sprawdzi\u0107 swoje kulinarne zdolno\u015bci. Adorator\u00f3w &#8211; tylko nie do ko\u0144ca wiadomo, czy jej kuchni, czy serca &#8211; nie brakuje&#8230;<br \/>\nPrzybycie Bo\u017ceny zmieni wiele w sennym miasteczku.<\/p>\n<p><strong>Marta Obuch &#8220;Wied\u017ama duszona w winie&#8217;<\/strong><br \/>\n<strong> Wydawnictwo Filia, <\/strong><br \/>\n<strong> data premiery: 13.06.2018 r.<\/strong><\/p>\n<p>__________________________________________________________<\/p>\n<p><img loading=\"lazy\" decoding=\"async\" class=\"size-medium wp-image-1362 alignright\" src=\"http:\/\/literackieprzeszpiegi.pl\/wp-content\/uploads\/2018\/06\/z\u0142o-czai-si\u0119-na-szczycie-189x300.jpg\" alt=\"\" width=\"189\" height=\"300\" srcset=\"https:\/\/literackieprzeszpiegi.pl\/wp-content\/uploads\/2018\/06\/z\u0142o-czai-si\u0119-na-szczycie-189x300.jpg 189w, https:\/\/literackieprzeszpiegi.pl\/wp-content\/uploads\/2018\/06\/z\u0142o-czai-si\u0119-na-szczycie.jpg 300w\" sizes=\"(max-width: 189px) 100vw, 189px\" \/><\/p>\n<p>Bez wzgl\u0119du na okoliczno\u015bci detektyw Sola\u0144ski nie mo\u017ce op\u0119dzi\u0107 si\u0119 od trup\u00f3w. Gdy podczas wesela w Zdrojowicach udaje si\u0119 na spacer na poblisk\u0105 budow\u0119, wcale nie przypuszcza, \u017ce w fundamentach powstaj\u0105cego hotelu odkryje cia\u0142o. Nieboszczykiem okazuje si\u0119 lokalny aptekarz.<\/p>\n<p>Sola\u0144ski na pro\u015bb\u0119 dyrektora hotelu ma za zadanie odnale\u017a\u0107 morderc\u0119. A mieszka\u0144cy malowniczej wioski nabrali wody w usta. Detektywowi pomagaj\u0105 jak zawsze niezawodny kundelek Gucio i dziennikarka R\u00f3\u017ca.<\/p>\n<p>A \u0142atwo nie b\u0119dzie, bo w\u0142a\u015bnie w tej wiosce zgin\u0119\u0142a w po\u017carze \u017cona Sola\u0144skiego&#8230;<\/p>\n<p><strong>Marta Matyszczak &#8220;Z\u0142o czai si\u0119 na szczycie&#8221;<\/strong><br \/>\n<strong> Wydawnictwo Dolno\u015bl\u0105skie<\/strong><br \/>\n<strong> data premiery: 20.06.2018 r.<\/strong><\/p>\n","protected":false},"excerpt":{"rendered":"<p>Druga porcja smakowitych premier czerwcowych.\u00a0 Mog\u0119 Wam obieca\u0107, \u017ce b\u0119dzie strasznie, ale&#8230; i zabawnie.\u00a0<\/p>\n","protected":false},"author":1,"featured_media":1366,"comment_status":"open","ping_status":"open","sticky":false,"template":"","format":"standard","meta":{"om_disable_all_campaigns":false,"_exactmetrics_skip_tracking":false,"_exactmetrics_sitenote_active":false,"_exactmetrics_sitenote_note":"","_exactmetrics_sitenote_category":0,"_monsterinsights_skip_tracking":false,"_monsterinsights_sitenote_active":false,"_monsterinsights_sitenote_note":"","_monsterinsights_sitenote_category":0,"_uf_show_specific_survey":0,"_uf_disable_surveys":false,"footnotes":""},"categories":[4],"tags":[22,37,25,74],"yoast_head":"<!-- This site is optimized with the Yoast SEO plugin v22.9 - https:\/\/yoast.com\/wordpress\/plugins\/seo\/ -->\n<title>Czerwcowe zwiady, cz. II, #2018 | Literackieprzeszpiegi.pl<\/title>\n<meta name=\"description\" content=\"Druga porcja smakowitych premier czerwcowych.\u00a0 Mog\u0119 Wam obieca\u0107, \u017ce b\u0119dzie strasznie, ale... i zabawnie.\u00a0\" \/>\n<meta name=\"robots\" content=\"index, follow, max-snippet:-1, max-image-preview:large, max-video-preview:-1\" \/>\n<link rel=\"canonical\" href=\"https:\/\/literackieprzeszpiegi.pl\/index.php\/2018\/06\/05\/czerwcowe-zwiady-cz-ii-2018\/\" \/>\n<meta property=\"og:locale\" content=\"pl_PL\" \/>\n<meta property=\"og:type\" content=\"article\" \/>\n<meta property=\"og:title\" content=\"Czerwcowe zwiady, cz.II, #2018 | Literackieprzeszpiegi.pl\" \/>\n<meta property=\"og:description\" content=\"Druga porcja smakowitych premier czerwcowych.\u00a0 Mog\u0119 Wam obieca\u0107, \u017ce b\u0119dzie strasznie, ale... i zabawnie.\u00a0\" \/>\n<meta property=\"og:url\" content=\"https:\/\/literackieprzeszpiegi.pl\/index.php\/2018\/06\/05\/czerwcowe-zwiady-cz-ii-2018\/\" \/>\n<meta property=\"og:site_name\" content=\"Literackie przeszpiegi\" \/>\n<meta property=\"article:published_time\" content=\"2018-06-05T17:54:33+00:00\" \/>\n<meta property=\"article:modified_time\" content=\"2018-06-05T18:06:57+00:00\" \/>\n<meta property=\"og:image\" content=\"https:\/\/literackieprzeszpiegi.pl\/wp-content\/uploads\/2018\/06\/czerwcowezwiady2-1.jpg\" \/>\n\t<meta property=\"og:image:width\" content=\"577\" \/>\n\t<meta property=\"og:image:height\" content=\"881\" \/>\n\t<meta property=\"og:image:type\" content=\"image\/jpeg\" \/>\n<meta name=\"author\" content=\"Szpieg\" \/>\n<meta name=\"twitter:card\" content=\"summary_large_image\" \/>\n<meta name=\"twitter:label1\" content=\"Napisane przez\" \/>\n\t<meta name=\"twitter:data1\" content=\"Szpieg\" \/>\n\t<meta name=\"twitter:label2\" content=\"Szacowany czas czytania\" \/>\n\t<meta name=\"twitter:data2\" content=\"2 minuty\" \/>\n<script type=\"application\/ld+json\" class=\"yoast-schema-graph\">{\"@context\":\"https:\/\/schema.org\",\"@graph\":[{\"@type\":\"Article\",\"@id\":\"https:\/\/literackieprzeszpiegi.pl\/index.php\/2018\/06\/05\/czerwcowe-zwiady-cz-ii-2018\/#article\",\"isPartOf\":{\"@id\":\"https:\/\/literackieprzeszpiegi.pl\/index.php\/2018\/06\/05\/czerwcowe-zwiady-cz-ii-2018\/\"},\"author\":{\"name\":\"Szpieg\",\"@id\":\"https:\/\/literackieprzeszpiegi.pl\/#\/schema\/person\/fd5c4f317aed549d4833e6402ffea017\"},\"headline\":\"Czerwcowe zwiady, cz. II, #2018\",\"datePublished\":\"2018-06-05T17:54:33+00:00\",\"dateModified\":\"2018-06-05T18:06:57+00:00\",\"mainEntityOfPage\":{\"@id\":\"https:\/\/literackieprzeszpiegi.pl\/index.php\/2018\/06\/05\/czerwcowe-zwiady-cz-ii-2018\/\"},\"wordCount\":414,\"commentCount\":1,\"publisher\":{\"@id\":\"https:\/\/literackieprzeszpiegi.pl\/#organization\"},\"image\":{\"@id\":\"https:\/\/literackieprzeszpiegi.pl\/index.php\/2018\/06\/05\/czerwcowe-zwiady-cz-ii-2018\/#primaryimage\"},\"thumbnailUrl\":\"https:\/\/literackieprzeszpiegi.pl\/wp-content\/uploads\/2018\/06\/czerwcowezwiady2-1.jpg\",\"keywords\":[\"Wydawnictwo Czarne\",\"Wydawnictwo Dolno\u015bl\u0105skie\",\"Wydawnictwo Filia\",\"Wydawnictwo W.A.B\"],\"articleSection\":[\"Na zwiadach w ksi\u0119garniach\"],\"inLanguage\":\"pl-PL\",\"potentialAction\":[{\"@type\":\"CommentAction\",\"name\":\"Comment\",\"target\":[\"https:\/\/literackieprzeszpiegi.pl\/index.php\/2018\/06\/05\/czerwcowe-zwiady-cz-ii-2018\/#respond\"]}]},{\"@type\":\"WebPage\",\"@id\":\"https:\/\/literackieprzeszpiegi.pl\/index.php\/2018\/06\/05\/czerwcowe-zwiady-cz-ii-2018\/\",\"url\":\"https:\/\/literackieprzeszpiegi.pl\/index.php\/2018\/06\/05\/czerwcowe-zwiady-cz-ii-2018\/\",\"name\":\"Czerwcowe zwiady, cz. II, #2018 | Literackieprzeszpiegi.pl\",\"isPartOf\":{\"@id\":\"https:\/\/literackieprzeszpiegi.pl\/#website\"},\"primaryImageOfPage\":{\"@id\":\"https:\/\/literackieprzeszpiegi.pl\/index.php\/2018\/06\/05\/czerwcowe-zwiady-cz-ii-2018\/#primaryimage\"},\"image\":{\"@id\":\"https:\/\/literackieprzeszpiegi.pl\/index.php\/2018\/06\/05\/czerwcowe-zwiady-cz-ii-2018\/#primaryimage\"},\"thumbnailUrl\":\"https:\/\/literackieprzeszpiegi.pl\/wp-content\/uploads\/2018\/06\/czerwcowezwiady2-1.jpg\",\"datePublished\":\"2018-06-05T17:54:33+00:00\",\"dateModified\":\"2018-06-05T18:06:57+00:00\",\"description\":\"Druga porcja smakowitych premier czerwcowych.\u00a0 Mog\u0119 Wam obieca\u0107, \u017ce b\u0119dzie strasznie, ale... i zabawnie.\u00a0\",\"breadcrumb\":{\"@id\":\"https:\/\/literackieprzeszpiegi.pl\/index.php\/2018\/06\/05\/czerwcowe-zwiady-cz-ii-2018\/#breadcrumb\"},\"inLanguage\":\"pl-PL\",\"potentialAction\":[{\"@type\":\"ReadAction\",\"target\":[\"https:\/\/literackieprzeszpiegi.pl\/index.php\/2018\/06\/05\/czerwcowe-zwiady-cz-ii-2018\/\"]}]},{\"@type\":\"ImageObject\",\"inLanguage\":\"pl-PL\",\"@id\":\"https:\/\/literackieprzeszpiegi.pl\/index.php\/2018\/06\/05\/czerwcowe-zwiady-cz-ii-2018\/#primaryimage\",\"url\":\"https:\/\/literackieprzeszpiegi.pl\/wp-content\/uploads\/2018\/06\/czerwcowezwiady2-1.jpg\",\"contentUrl\":\"https:\/\/literackieprzeszpiegi.pl\/wp-content\/uploads\/2018\/06\/czerwcowezwiady2-1.jpg\",\"width\":577,\"height\":881},{\"@type\":\"BreadcrumbList\",\"@id\":\"https:\/\/literackieprzeszpiegi.pl\/index.php\/2018\/06\/05\/czerwcowe-zwiady-cz-ii-2018\/#breadcrumb\",\"itemListElement\":[{\"@type\":\"ListItem\",\"position\":1,\"name\":\"Home\",\"item\":\"https:\/\/literackieprzeszpiegi.pl\/\"},{\"@type\":\"ListItem\",\"position\":2,\"name\":\"Czerwcowe zwiady, cz. II, #2018\"}]},{\"@type\":\"WebSite\",\"@id\":\"https:\/\/literackieprzeszpiegi.pl\/#website\",\"url\":\"https:\/\/literackieprzeszpiegi.pl\/\",\"name\":\"Literackie przeszpiegi\",\"description\":\"blog o ksi\u0105\u017ckach\",\"publisher\":{\"@id\":\"https:\/\/literackieprzeszpiegi.pl\/#organization\"},\"potentialAction\":[{\"@type\":\"SearchAction\",\"target\":{\"@type\":\"EntryPoint\",\"urlTemplate\":\"https:\/\/literackieprzeszpiegi.pl\/?s={search_term_string}\"},\"query-input\":\"required name=search_term_string\"}],\"inLanguage\":\"pl-PL\"},{\"@type\":\"Organization\",\"@id\":\"https:\/\/literackieprzeszpiegi.pl\/#organization\",\"name\":\"Literackie przeszpiegi\",\"url\":\"https:\/\/literackieprzeszpiegi.pl\/\",\"logo\":{\"@type\":\"ImageObject\",\"inLanguage\":\"pl-PL\",\"@id\":\"https:\/\/literackieprzeszpiegi.pl\/#\/schema\/logo\/image\/\",\"url\":\"https:\/\/literackieprzeszpiegi.pl\/wp-content\/uploads\/2021\/01\/cropped-cropped-Literackie-przeszpiegi-1.png\",\"contentUrl\":\"https:\/\/literackieprzeszpiegi.pl\/wp-content\/uploads\/2021\/01\/cropped-cropped-Literackie-przeszpiegi-1.png\",\"width\":499,\"height\":142,\"caption\":\"Literackie przeszpiegi\"},\"image\":{\"@id\":\"https:\/\/literackieprzeszpiegi.pl\/#\/schema\/logo\/image\/\"}},{\"@type\":\"Person\",\"@id\":\"https:\/\/literackieprzeszpiegi.pl\/#\/schema\/person\/fd5c4f317aed549d4833e6402ffea017\",\"name\":\"Szpieg\",\"image\":{\"@type\":\"ImageObject\",\"inLanguage\":\"pl-PL\",\"@id\":\"https:\/\/literackieprzeszpiegi.pl\/#\/schema\/person\/image\/\",\"url\":\"https:\/\/secure.gravatar.com\/avatar\/45a17869257e08975d929f204ef78290?s=96&d=mm&r=g\",\"contentUrl\":\"https:\/\/secure.gravatar.com\/avatar\/45a17869257e08975d929f204ef78290?s=96&d=mm&r=g\",\"caption\":\"Szpieg\"},\"url\":\"https:\/\/literackieprzeszpiegi.pl\/index.php\/author\/admin\/\"}]}<\/script>\n<!-- \/ Yoast SEO plugin. -->","yoast_head_json":{"title":"Czerwcowe zwiady, cz. II, #2018 | Literackieprzeszpiegi.pl","description":"Druga porcja smakowitych premier czerwcowych.\u00a0 Mog\u0119 Wam obieca\u0107, \u017ce b\u0119dzie strasznie, ale... i zabawnie.\u00a0","robots":{"index":"index","follow":"follow","max-snippet":"max-snippet:-1","max-image-preview":"max-image-preview:large","max-video-preview":"max-video-preview:-1"},"canonical":"https:\/\/literackieprzeszpiegi.pl\/index.php\/2018\/06\/05\/czerwcowe-zwiady-cz-ii-2018\/","og_locale":"pl_PL","og_type":"article","og_title":"Czerwcowe zwiady, cz.II, #2018 | Literackieprzeszpiegi.pl","og_description":"Druga porcja smakowitych premier czerwcowych.\u00a0 Mog\u0119 Wam obieca\u0107, \u017ce b\u0119dzie strasznie, ale... i zabawnie.\u00a0","og_url":"https:\/\/literackieprzeszpiegi.pl\/index.php\/2018\/06\/05\/czerwcowe-zwiady-cz-ii-2018\/","og_site_name":"Literackie przeszpiegi","article_published_time":"2018-06-05T17:54:33+00:00","article_modified_time":"2018-06-05T18:06:57+00:00","og_image":[{"width":577,"height":881,"url":"https:\/\/literackieprzeszpiegi.pl\/wp-content\/uploads\/2018\/06\/czerwcowezwiady2-1.jpg","type":"image\/jpeg"}],"author":"Szpieg","twitter_card":"summary_large_image","twitter_misc":{"Napisane przez":"Szpieg","Szacowany czas czytania":"2 minuty"},"schema":{"@context":"https:\/\/schema.org","@graph":[{"@type":"Article","@id":"https:\/\/literackieprzeszpiegi.pl\/index.php\/2018\/06\/05\/czerwcowe-zwiady-cz-ii-2018\/#article","isPartOf":{"@id":"https:\/\/literackieprzeszpiegi.pl\/index.php\/2018\/06\/05\/czerwcowe-zwiady-cz-ii-2018\/"},"author":{"name":"Szpieg","@id":"https:\/\/literackieprzeszpiegi.pl\/#\/schema\/person\/fd5c4f317aed549d4833e6402ffea017"},"headline":"Czerwcowe zwiady, cz. II, #2018","datePublished":"2018-06-05T17:54:33+00:00","dateModified":"2018-06-05T18:06:57+00:00","mainEntityOfPage":{"@id":"https:\/\/literackieprzeszpiegi.pl\/index.php\/2018\/06\/05\/czerwcowe-zwiady-cz-ii-2018\/"},"wordCount":414,"commentCount":1,"publisher":{"@id":"https:\/\/literackieprzeszpiegi.pl\/#organization"},"image":{"@id":"https:\/\/literackieprzeszpiegi.pl\/index.php\/2018\/06\/05\/czerwcowe-zwiady-cz-ii-2018\/#primaryimage"},"thumbnailUrl":"https:\/\/literackieprzeszpiegi.pl\/wp-content\/uploads\/2018\/06\/czerwcowezwiady2-1.jpg","keywords":["Wydawnictwo Czarne","Wydawnictwo Dolno\u015bl\u0105skie","Wydawnictwo Filia","Wydawnictwo W.A.B"],"articleSection":["Na zwiadach w ksi\u0119garniach"],"inLanguage":"pl-PL","potentialAction":[{"@type":"CommentAction","name":"Comment","target":["https:\/\/literackieprzeszpiegi.pl\/index.php\/2018\/06\/05\/czerwcowe-zwiady-cz-ii-2018\/#respond"]}]},{"@type":"WebPage","@id":"https:\/\/literackieprzeszpiegi.pl\/index.php\/2018\/06\/05\/czerwcowe-zwiady-cz-ii-2018\/","url":"https:\/\/literackieprzeszpiegi.pl\/index.php\/2018\/06\/05\/czerwcowe-zwiady-cz-ii-2018\/","name":"Czerwcowe zwiady, cz. II, #2018 | Literackieprzeszpiegi.pl","isPartOf":{"@id":"https:\/\/literackieprzeszpiegi.pl\/#website"},"primaryImageOfPage":{"@id":"https:\/\/literackieprzeszpiegi.pl\/index.php\/2018\/06\/05\/czerwcowe-zwiady-cz-ii-2018\/#primaryimage"},"image":{"@id":"https:\/\/literackieprzeszpiegi.pl\/index.php\/2018\/06\/05\/czerwcowe-zwiady-cz-ii-2018\/#primaryimage"},"thumbnailUrl":"https:\/\/literackieprzeszpiegi.pl\/wp-content\/uploads\/2018\/06\/czerwcowezwiady2-1.jpg","datePublished":"2018-06-05T17:54:33+00:00","dateModified":"2018-06-05T18:06:57+00:00","description":"Druga porcja smakowitych premier czerwcowych.\u00a0 Mog\u0119 Wam obieca\u0107, \u017ce b\u0119dzie strasznie, ale... i zabawnie.\u00a0","breadcrumb":{"@id":"https:\/\/literackieprzeszpiegi.pl\/index.php\/2018\/06\/05\/czerwcowe-zwiady-cz-ii-2018\/#breadcrumb"},"inLanguage":"pl-PL","potentialAction":[{"@type":"ReadAction","target":["https:\/\/literackieprzeszpiegi.pl\/index.php\/2018\/06\/05\/czerwcowe-zwiady-cz-ii-2018\/"]}]},{"@type":"ImageObject","inLanguage":"pl-PL","@id":"https:\/\/literackieprzeszpiegi.pl\/index.php\/2018\/06\/05\/czerwcowe-zwiady-cz-ii-2018\/#primaryimage","url":"https:\/\/literackieprzeszpiegi.pl\/wp-content\/uploads\/2018\/06\/czerwcowezwiady2-1.jpg","contentUrl":"https:\/\/literackieprzeszpiegi.pl\/wp-content\/uploads\/2018\/06\/czerwcowezwiady2-1.jpg","width":577,"height":881},{"@type":"BreadcrumbList","@id":"https:\/\/literackieprzeszpiegi.pl\/index.php\/2018\/06\/05\/czerwcowe-zwiady-cz-ii-2018\/#breadcrumb","itemListElement":[{"@type":"ListItem","position":1,"name":"Home","item":"https:\/\/literackieprzeszpiegi.pl\/"},{"@type":"ListItem","position":2,"name":"Czerwcowe zwiady, cz. II, #2018"}]},{"@type":"WebSite","@id":"https:\/\/literackieprzeszpiegi.pl\/#website","url":"https:\/\/literackieprzeszpiegi.pl\/","name":"Literackie przeszpiegi","description":"blog o ksi\u0105\u017ckach","publisher":{"@id":"https:\/\/literackieprzeszpiegi.pl\/#organization"},"potentialAction":[{"@type":"SearchAction","target":{"@type":"EntryPoint","urlTemplate":"https:\/\/literackieprzeszpiegi.pl\/?s={search_term_string}"},"query-input":"required name=search_term_string"}],"inLanguage":"pl-PL"},{"@type":"Organization","@id":"https:\/\/literackieprzeszpiegi.pl\/#organization","name":"Literackie przeszpiegi","url":"https:\/\/literackieprzeszpiegi.pl\/","logo":{"@type":"ImageObject","inLanguage":"pl-PL","@id":"https:\/\/literackieprzeszpiegi.pl\/#\/schema\/logo\/image\/","url":"https:\/\/literackieprzeszpiegi.pl\/wp-content\/uploads\/2021\/01\/cropped-cropped-Literackie-przeszpiegi-1.png","contentUrl":"https:\/\/literackieprzeszpiegi.pl\/wp-content\/uploads\/2021\/01\/cropped-cropped-Literackie-przeszpiegi-1.png","width":499,"height":142,"caption":"Literackie przeszpiegi"},"image":{"@id":"https:\/\/literackieprzeszpiegi.pl\/#\/schema\/logo\/image\/"}},{"@type":"Person","@id":"https:\/\/literackieprzeszpiegi.pl\/#\/schema\/person\/fd5c4f317aed549d4833e6402ffea017","name":"Szpieg","image":{"@type":"ImageObject","inLanguage":"pl-PL","@id":"https:\/\/literackieprzeszpiegi.pl\/#\/schema\/person\/image\/","url":"https:\/\/secure.gravatar.com\/avatar\/45a17869257e08975d929f204ef78290?s=96&d=mm&r=g","contentUrl":"https:\/\/secure.gravatar.com\/avatar\/45a17869257e08975d929f204ef78290?s=96&d=mm&r=g","caption":"Szpieg"},"url":"https:\/\/literackieprzeszpiegi.pl\/index.php\/author\/admin\/"}]}},"_links":{"self":[{"href":"https:\/\/literackieprzeszpiegi.pl\/index.php\/wp-json\/wp\/v2\/posts\/1358"}],"collection":[{"href":"https:\/\/literackieprzeszpiegi.pl\/index.php\/wp-json\/wp\/v2\/posts"}],"about":[{"href":"https:\/\/literackieprzeszpiegi.pl\/index.php\/wp-json\/wp\/v2\/types\/post"}],"author":[{"embeddable":true,"href":"https:\/\/literackieprzeszpiegi.pl\/index.php\/wp-json\/wp\/v2\/users\/1"}],"replies":[{"embeddable":true,"href":"https:\/\/literackieprzeszpiegi.pl\/index.php\/wp-json\/wp\/v2\/comments?post=1358"}],"version-history":[{"count":2,"href":"https:\/\/literackieprzeszpiegi.pl\/index.php\/wp-json\/wp\/v2\/posts\/1358\/revisions"}],"predecessor-version":[{"id":1365,"href":"https:\/\/literackieprzeszpiegi.pl\/index.php\/wp-json\/wp\/v2\/posts\/1358\/revisions\/1365"}],"wp:featuredmedia":[{"embeddable":true,"href":"https:\/\/literackieprzeszpiegi.pl\/index.php\/wp-json\/wp\/v2\/media\/1366"}],"wp:attachment":[{"href":"https:\/\/literackieprzeszpiegi.pl\/index.php\/wp-json\/wp\/v2\/media?parent=1358"}],"wp:term":[{"taxonomy":"category","embeddable":true,"href":"https:\/\/literackieprzeszpiegi.pl\/index.php\/wp-json\/wp\/v2\/categories?post=1358"},{"taxonomy":"post_tag","embeddable":true,"href":"https:\/\/literackieprzeszpiegi.pl\/index.php\/wp-json\/wp\/v2\/tags?post=1358"}],"curies":[{"name":"wp","href":"https:\/\/api.w.org\/{rel}","templated":true}]}}