{"id":1388,"date":"2018-07-03T23:12:17","date_gmt":"2018-07-03T21:12:17","guid":{"rendered":"http:\/\/literackieprzeszpiegi.pl\/?p=1388"},"modified":"2018-07-03T23:19:57","modified_gmt":"2018-07-03T21:19:57","slug":"lipcowe-zwiady-cz-i-2018","status":"publish","type":"post","link":"https:\/\/literackieprzeszpiegi.pl\/index.php\/2018\/07\/03\/lipcowe-zwiady-cz-i-2018\/","title":{"rendered":"Lipcowe zwiady, cz.I #2018"},"content":{"rendered":"<p>Przed Wami cztery lipcowe premiery, kt\u00f3re zaprzeczaj\u0105 stwierdzeniu, \u017ce wakacje to czas posuchy. Gdzie\u017cby! Pi\u0119kne ksi\u0105\u017cki, niesamowite historie&#8230; A ok\u0142adki? \ud83d\ude42<br \/>\n<!--more--><\/p>\n<p>_______________________________________________________________________________________________________<\/p>\n<p><img loading=\"lazy\" decoding=\"async\" class=\"size-medium wp-image-1389 alignleft\" src=\"http:\/\/literackieprzeszpiegi.pl\/wp-content\/uploads\/2018\/07\/francuskie-lato-211x300.jpg\" alt=\"\" width=\"211\" height=\"300\" srcset=\"https:\/\/literackieprzeszpiegi.pl\/wp-content\/uploads\/2018\/07\/francuskie-lato-211x300.jpg 211w, https:\/\/literackieprzeszpiegi.pl\/wp-content\/uploads\/2018\/07\/francuskie-lato.jpg 352w\" sizes=\"(max-width: 211px) 100vw, 211px\" \/><\/p>\n<p>Ksi\u0105\u017cka dla mi\u0142o\u015bnik\u00f3w powie\u015bci Jojo Moyes.<br \/>\nJess i Adamowi trudno jest znale\u017a\u0107 wsp\u00f3lny j\u0119zyk w zwi\u0105zku. Gdy na \u015bwiat przychodzi ich dziecko, Jess ma serdecznie do\u015b\u0107 niedojrza\u0142o\u015bci partnera. Postanawia samotnie wychowa\u0107 syna. Gdy po dziesi\u0119ciu latach kobieta dowiaduje si\u0119, \u017ce by\u0107 mo\u017ce nie zosta\u0142o jej du\u017co \u017cycia, postanawia odszuka\u0107 Adama.<br \/>\nM\u0119\u017cczyzna prowadzi hotel w po\u0142udniowej Francji. Czy podr\u00f3\u017c w urokliwe miejsce na nowo zbuduje relacje ojca z synem? Czy Jess znowu zacznie si\u0119 cieszy\u0107 \u017cyciem? Czeka ich wiele, wiele zmian.<\/p>\n<p><strong>&#8220;Francuskie lato&#8221;\u00a0 Catherine Isaac<\/strong><br \/>\n<strong> Wydawnictwo Znak, <\/strong><br \/>\n<strong> data premiery:\u00a0 2.07.2018<\/strong><\/p>\n<p>________________________________________________<\/p>\n<p><img loading=\"lazy\" decoding=\"async\" class=\"size-medium wp-image-1390 alignright\" src=\"http:\/\/literackieprzeszpiegi.pl\/wp-content\/uploads\/2018\/07\/och-elvis-211x300.jpg\" alt=\"\" width=\"211\" height=\"300\" srcset=\"https:\/\/literackieprzeszpiegi.pl\/wp-content\/uploads\/2018\/07\/och-elvis-211x300.jpg 211w, https:\/\/literackieprzeszpiegi.pl\/wp-content\/uploads\/2018\/07\/och-elvis.jpg 352w\" sizes=\"(max-width: 211px) 100vw, 211px\" \/><\/p>\n<p>Joanna jest singielk\u0105 po trzydziestce i nieustannie s\u0142yszy od matki, \u017ce powinna w ko\u0144cu znale\u017a\u0107 sobie m\u0119\u017ca. Kobieta ca\u0142y sw\u00f3j czas po\u015bwi\u0119ca podopiecznym domu spokojnej staro\u015bci, aczkolwiek spokojny to on jest tylko z nazwy.<br \/>\nGdy jedna ze starszych pa\u0144 umiera, jej przyjaci\u00f3\u0142ki postanawiaj\u0105 spe\u0142ni\u0107 jej ostatnie \u017cyczenie. Mianowicie &#8211; chc\u0105 zabra\u0107 prochy Alicji na gr\u00f3b Elvisa w Memphis. Policja absolutnie nie interesuje si\u0119 skradzionymi prochami i z\u0142odziejkami, a wnukowi Alicji trzeba b\u0119dzie wyt\u0142umaczy\u0107, gdzie znikn\u0119\u0142y prochy jego ukochanej babci&#8230;<br \/>\nCzy Joannie uda si\u0119 powstrzyma\u0107 staruszki?<\/p>\n<p><strong>&#8220;Och, Elvis&#8221;\u00a0 Marika Krajniewska<\/strong><br \/>\n<strong>Wydawnictwo Czwarta Strona<\/strong><br \/>\n<strong>data premiery 4.07.2018<\/strong><\/p>\n<p>_____________________________________________________________________________<\/p>\n<p><img loading=\"lazy\" decoding=\"async\" class=\"size-medium wp-image-1391 alignleft\" src=\"http:\/\/literackieprzeszpiegi.pl\/wp-content\/uploads\/2018\/07\/stany-ma\u0142\u017ce\u0144skie-i-po\u015brednie-211x300.jpg\" alt=\"\" width=\"211\" height=\"300\" srcset=\"https:\/\/literackieprzeszpiegi.pl\/wp-content\/uploads\/2018\/07\/stany-ma\u0142\u017ce\u0144skie-i-po\u015brednie-211x300.jpg 211w, https:\/\/literackieprzeszpiegi.pl\/wp-content\/uploads\/2018\/07\/stany-ma\u0142\u017ce\u0144skie-i-po\u015brednie.jpg 352w\" sizes=\"(max-width: 211px) 100vw, 211px\" \/><\/p>\n<p>Trudno jest by\u0107 kobiet\u0105.<br \/>\nWeronika po urodzeniu syn\u00f3w zapomnia\u0142a o tych, \u017ce przede wszystkim jest kobiet\u0105. Agata nie ma odwagi, by zmieni\u0107 prac\u0119, kt\u00f3ra nie spe\u0142nia jej oczekiwa\u0144. Jowita pracuje jako wiza\u017cystka, ale marzy o wystawie grafik i naprawie relacji ze zbuntowan\u0105 nastolatk\u0105. Iza, a raczej jej mama, wypatruje jej ksi\u0119cia z bajki&#8230;<\/p>\n<p>Czy perypetie przyjaci\u00f3\u0142ek z\u0142o\u017c\u0105 si\u0119 na komedi\u0119 romantyczn\u0105? Czy trzeba liczy\u0107 na cuda?<\/p>\n<p><strong>Dorota Kassjanowicz &#8220;Stany ma\u0142\u017ce\u0144skie i po\u015brednie&#8221;<\/strong><br \/>\n<strong>Wydawnictwo Wielka Litera<\/strong><br \/>\n<strong>data premiery: 4.07.2018<\/strong><\/p>\n<p>__________________________________________________________________________________<\/p>\n<p><img loading=\"lazy\" decoding=\"async\" class=\"size-medium wp-image-1392 alignright\" src=\"http:\/\/literackieprzeszpiegi.pl\/wp-content\/uploads\/2018\/07\/pok\u00f3j-s\u0142u\u017c\u0105cej-211x300.jpg\" alt=\"\" width=\"211\" height=\"300\" srcset=\"https:\/\/literackieprzeszpiegi.pl\/wp-content\/uploads\/2018\/07\/pok\u00f3j-s\u0142u\u017c\u0105cej-211x300.jpg 211w, https:\/\/literackieprzeszpiegi.pl\/wp-content\/uploads\/2018\/07\/pok\u00f3j-s\u0142u\u017c\u0105cej.jpg 352w\" sizes=\"(max-width: 211px) 100vw, 211px\" \/><\/p>\n<p>To historia dw\u00f3ch si\u00f3str &#8211; pochodz\u0105 z Filipin, ale pracuj\u0105 w Singapurze jako pomoce domowe w domach brytyjskich imigrant\u00f3w. S\u0105 na ka\u017cde zawo\u0142anie swoich pracodawc\u00f3w. Dolly t\u0119skni za swoj\u0105 c\u00f3reczk\u0105; Tala z kolei odkrywa bloga, zawieraj\u0105cego porady dla milioner\u00f3w, jak traktowa\u0107 s\u0142u\u017c\u0105ce.<br \/>\nDziewczyna postanawia zawalczy\u0107 o swoje prawa i zak\u0142ada bloga, w kt\u00f3rym ze szczeg\u00f3\u0142ami opisuje traktowanie s\u0142u\u017c\u0105cych.<br \/>\nJak si\u0119 sko\u0144czy ich historia?<\/p>\n<p><strong>&#8220;Pok\u00f3j s\u0142u\u017c\u0105cej&#8221; Fiona Mitchell<br \/>\n<\/strong><strong>Wydawnictwo Literackie<br \/>\n<\/strong><strong>data premiery: 4.07.2018 r.\u00a0<\/strong><\/p>\n","protected":false},"excerpt":{"rendered":"<p>Przed Wami cztery lipcowe premiery, kt\u00f3re zaprzeczaj\u0105 stwierdzeniu, \u017ce wakacje to czas posuchy. Gdzie\u017cby! Pi\u0119kne ksi\u0105\u017cki, niesamowite historie&#8230; A ok\u0142adki? \ud83d\ude42<\/p>\n","protected":false},"author":1,"featured_media":1394,"comment_status":"open","ping_status":"open","sticky":false,"template":"","format":"standard","meta":{"om_disable_all_campaigns":false,"_exactmetrics_skip_tracking":false,"_exactmetrics_sitenote_active":false,"_exactmetrics_sitenote_note":"","_exactmetrics_sitenote_category":0,"_monsterinsights_skip_tracking":false,"_monsterinsights_sitenote_active":false,"_monsterinsights_sitenote_note":"","_monsterinsights_sitenote_category":0,"_uf_show_specific_survey":0,"_uf_disable_surveys":false,"footnotes":""},"categories":[4],"tags":[10,113,87,34],"yoast_head":"<!-- This site is optimized with the Yoast SEO plugin v22.9 - https:\/\/yoast.com\/wordpress\/plugins\/seo\/ -->\n<title>Lipcowe zwiady, cz.I #2018 - Literackie przeszpiegi<\/title>\n<meta name=\"description\" content=\"Przed Wami cztery lipcowe premiery, kt\u00f3re zaprzeczaj\u0105 stwierdzeniu, \u017ce wakacje to czas posuchy. Gdzie\u017cby! Pi\u0119kne ksi\u0105\u017cki, niesamowite historie... A ok\u0142adki? :)\u00a0\" \/>\n<meta name=\"robots\" content=\"index, follow, max-snippet:-1, max-image-preview:large, max-video-preview:-1\" \/>\n<link rel=\"canonical\" href=\"https:\/\/literackieprzeszpiegi.pl\/index.php\/2018\/07\/03\/lipcowe-zwiady-cz-i-2018\/\" \/>\n<meta property=\"og:locale\" content=\"pl_PL\" \/>\n<meta property=\"og:type\" content=\"article\" \/>\n<meta property=\"og:title\" content=\"Lipcowe zwiady, cz.I #2018 | Literackieprzeszpiegi.pl\" \/>\n<meta property=\"og:description\" content=\"Przed Wami cztery lipcowe premiery, kt\u00f3re zaprzeczaj\u0105 stwierdzeniu, \u017ce wakacje to czas posuchy. Gdzie\u017cby! Pi\u0119kne ksi\u0105\u017cki, niesamowite historie... A ok\u0142adki? :)\u00a0\" \/>\n<meta property=\"og:url\" content=\"https:\/\/literackieprzeszpiegi.pl\/index.php\/2018\/07\/03\/lipcowe-zwiady-cz-i-2018\/\" \/>\n<meta property=\"og:site_name\" content=\"Literackie przeszpiegi\" \/>\n<meta property=\"article:published_time\" content=\"2018-07-03T21:12:17+00:00\" \/>\n<meta property=\"article:modified_time\" content=\"2018-07-03T21:19:57+00:00\" \/>\n<meta property=\"og:image\" content=\"https:\/\/literackieprzeszpiegi.pl\/wp-content\/uploads\/2018\/07\/zwiady-lipiec.jpg\" \/>\n\t<meta property=\"og:image:width\" content=\"755\" \/>\n\t<meta property=\"og:image:height\" content=\"1051\" \/>\n\t<meta property=\"og:image:type\" content=\"image\/jpeg\" \/>\n<meta name=\"author\" content=\"Szpieg\" \/>\n<meta name=\"twitter:card\" content=\"summary_large_image\" \/>\n<meta name=\"twitter:label1\" content=\"Napisane przez\" \/>\n\t<meta name=\"twitter:data1\" content=\"Szpieg\" \/>\n\t<meta name=\"twitter:label2\" content=\"Szacowany czas czytania\" \/>\n\t<meta name=\"twitter:data2\" content=\"2 minuty\" \/>\n<script type=\"application\/ld+json\" class=\"yoast-schema-graph\">{\"@context\":\"https:\/\/schema.org\",\"@graph\":[{\"@type\":\"Article\",\"@id\":\"https:\/\/literackieprzeszpiegi.pl\/index.php\/2018\/07\/03\/lipcowe-zwiady-cz-i-2018\/#article\",\"isPartOf\":{\"@id\":\"https:\/\/literackieprzeszpiegi.pl\/index.php\/2018\/07\/03\/lipcowe-zwiady-cz-i-2018\/\"},\"author\":{\"name\":\"Szpieg\",\"@id\":\"https:\/\/literackieprzeszpiegi.pl\/#\/schema\/person\/fd5c4f317aed549d4833e6402ffea017\"},\"headline\":\"Lipcowe zwiady, cz.I #2018\",\"datePublished\":\"2018-07-03T21:12:17+00:00\",\"dateModified\":\"2018-07-03T21:19:57+00:00\",\"mainEntityOfPage\":{\"@id\":\"https:\/\/literackieprzeszpiegi.pl\/index.php\/2018\/07\/03\/lipcowe-zwiady-cz-i-2018\/\"},\"wordCount\":423,\"commentCount\":3,\"publisher\":{\"@id\":\"https:\/\/literackieprzeszpiegi.pl\/#organization\"},\"image\":{\"@id\":\"https:\/\/literackieprzeszpiegi.pl\/index.php\/2018\/07\/03\/lipcowe-zwiady-cz-i-2018\/#primaryimage\"},\"thumbnailUrl\":\"https:\/\/literackieprzeszpiegi.pl\/wp-content\/uploads\/2018\/07\/zwiady-lipiec.jpg\",\"keywords\":[\"czwarta strona\",\"Wielka Litera\",\"Wydawnictwo Literackie\",\"Wydawnictwo Znak\"],\"articleSection\":[\"Na zwiadach w ksi\u0119garniach\"],\"inLanguage\":\"pl-PL\",\"potentialAction\":[{\"@type\":\"CommentAction\",\"name\":\"Comment\",\"target\":[\"https:\/\/literackieprzeszpiegi.pl\/index.php\/2018\/07\/03\/lipcowe-zwiady-cz-i-2018\/#respond\"]}]},{\"@type\":\"WebPage\",\"@id\":\"https:\/\/literackieprzeszpiegi.pl\/index.php\/2018\/07\/03\/lipcowe-zwiady-cz-i-2018\/\",\"url\":\"https:\/\/literackieprzeszpiegi.pl\/index.php\/2018\/07\/03\/lipcowe-zwiady-cz-i-2018\/\",\"name\":\"Lipcowe zwiady, cz.I #2018 - Literackie przeszpiegi\",\"isPartOf\":{\"@id\":\"https:\/\/literackieprzeszpiegi.pl\/#website\"},\"primaryImageOfPage\":{\"@id\":\"https:\/\/literackieprzeszpiegi.pl\/index.php\/2018\/07\/03\/lipcowe-zwiady-cz-i-2018\/#primaryimage\"},\"image\":{\"@id\":\"https:\/\/literackieprzeszpiegi.pl\/index.php\/2018\/07\/03\/lipcowe-zwiady-cz-i-2018\/#primaryimage\"},\"thumbnailUrl\":\"https:\/\/literackieprzeszpiegi.pl\/wp-content\/uploads\/2018\/07\/zwiady-lipiec.jpg\",\"datePublished\":\"2018-07-03T21:12:17+00:00\",\"dateModified\":\"2018-07-03T21:19:57+00:00\",\"description\":\"Przed Wami cztery lipcowe premiery, kt\u00f3re zaprzeczaj\u0105 stwierdzeniu, \u017ce wakacje to czas posuchy. Gdzie\u017cby! Pi\u0119kne ksi\u0105\u017cki, niesamowite historie... A ok\u0142adki? :)\u00a0\",\"breadcrumb\":{\"@id\":\"https:\/\/literackieprzeszpiegi.pl\/index.php\/2018\/07\/03\/lipcowe-zwiady-cz-i-2018\/#breadcrumb\"},\"inLanguage\":\"pl-PL\",\"potentialAction\":[{\"@type\":\"ReadAction\",\"target\":[\"https:\/\/literackieprzeszpiegi.pl\/index.php\/2018\/07\/03\/lipcowe-zwiady-cz-i-2018\/\"]}]},{\"@type\":\"ImageObject\",\"inLanguage\":\"pl-PL\",\"@id\":\"https:\/\/literackieprzeszpiegi.pl\/index.php\/2018\/07\/03\/lipcowe-zwiady-cz-i-2018\/#primaryimage\",\"url\":\"https:\/\/literackieprzeszpiegi.pl\/wp-content\/uploads\/2018\/07\/zwiady-lipiec.jpg\",\"contentUrl\":\"https:\/\/literackieprzeszpiegi.pl\/wp-content\/uploads\/2018\/07\/zwiady-lipiec.jpg\",\"width\":755,\"height\":1051},{\"@type\":\"BreadcrumbList\",\"@id\":\"https:\/\/literackieprzeszpiegi.pl\/index.php\/2018\/07\/03\/lipcowe-zwiady-cz-i-2018\/#breadcrumb\",\"itemListElement\":[{\"@type\":\"ListItem\",\"position\":1,\"name\":\"Home\",\"item\":\"https:\/\/literackieprzeszpiegi.pl\/\"},{\"@type\":\"ListItem\",\"position\":2,\"name\":\"Lipcowe zwiady, cz.I #2018\"}]},{\"@type\":\"WebSite\",\"@id\":\"https:\/\/literackieprzeszpiegi.pl\/#website\",\"url\":\"https:\/\/literackieprzeszpiegi.pl\/\",\"name\":\"Literackie przeszpiegi\",\"description\":\"blog o ksi\u0105\u017ckach\",\"publisher\":{\"@id\":\"https:\/\/literackieprzeszpiegi.pl\/#organization\"},\"potentialAction\":[{\"@type\":\"SearchAction\",\"target\":{\"@type\":\"EntryPoint\",\"urlTemplate\":\"https:\/\/literackieprzeszpiegi.pl\/?s={search_term_string}\"},\"query-input\":\"required name=search_term_string\"}],\"inLanguage\":\"pl-PL\"},{\"@type\":\"Organization\",\"@id\":\"https:\/\/literackieprzeszpiegi.pl\/#organization\",\"name\":\"Literackie przeszpiegi\",\"url\":\"https:\/\/literackieprzeszpiegi.pl\/\",\"logo\":{\"@type\":\"ImageObject\",\"inLanguage\":\"pl-PL\",\"@id\":\"https:\/\/literackieprzeszpiegi.pl\/#\/schema\/logo\/image\/\",\"url\":\"https:\/\/literackieprzeszpiegi.pl\/wp-content\/uploads\/2021\/01\/cropped-cropped-Literackie-przeszpiegi-1.png\",\"contentUrl\":\"https:\/\/literackieprzeszpiegi.pl\/wp-content\/uploads\/2021\/01\/cropped-cropped-Literackie-przeszpiegi-1.png\",\"width\":499,\"height\":142,\"caption\":\"Literackie przeszpiegi\"},\"image\":{\"@id\":\"https:\/\/literackieprzeszpiegi.pl\/#\/schema\/logo\/image\/\"}},{\"@type\":\"Person\",\"@id\":\"https:\/\/literackieprzeszpiegi.pl\/#\/schema\/person\/fd5c4f317aed549d4833e6402ffea017\",\"name\":\"Szpieg\",\"image\":{\"@type\":\"ImageObject\",\"inLanguage\":\"pl-PL\",\"@id\":\"https:\/\/literackieprzeszpiegi.pl\/#\/schema\/person\/image\/\",\"url\":\"https:\/\/secure.gravatar.com\/avatar\/45a17869257e08975d929f204ef78290?s=96&d=mm&r=g\",\"contentUrl\":\"https:\/\/secure.gravatar.com\/avatar\/45a17869257e08975d929f204ef78290?s=96&d=mm&r=g\",\"caption\":\"Szpieg\"},\"url\":\"https:\/\/literackieprzeszpiegi.pl\/index.php\/author\/admin\/\"}]}<\/script>\n<!-- \/ Yoast SEO plugin. -->","yoast_head_json":{"title":"Lipcowe zwiady, cz.I #2018 - Literackie przeszpiegi","description":"Przed Wami cztery lipcowe premiery, kt\u00f3re zaprzeczaj\u0105 stwierdzeniu, \u017ce wakacje to czas posuchy. Gdzie\u017cby! Pi\u0119kne ksi\u0105\u017cki, niesamowite historie... A ok\u0142adki? :)\u00a0","robots":{"index":"index","follow":"follow","max-snippet":"max-snippet:-1","max-image-preview":"max-image-preview:large","max-video-preview":"max-video-preview:-1"},"canonical":"https:\/\/literackieprzeszpiegi.pl\/index.php\/2018\/07\/03\/lipcowe-zwiady-cz-i-2018\/","og_locale":"pl_PL","og_type":"article","og_title":"Lipcowe zwiady, cz.I #2018 | Literackieprzeszpiegi.pl","og_description":"Przed Wami cztery lipcowe premiery, kt\u00f3re zaprzeczaj\u0105 stwierdzeniu, \u017ce wakacje to czas posuchy. Gdzie\u017cby! Pi\u0119kne ksi\u0105\u017cki, niesamowite historie... A ok\u0142adki? :)\u00a0","og_url":"https:\/\/literackieprzeszpiegi.pl\/index.php\/2018\/07\/03\/lipcowe-zwiady-cz-i-2018\/","og_site_name":"Literackie przeszpiegi","article_published_time":"2018-07-03T21:12:17+00:00","article_modified_time":"2018-07-03T21:19:57+00:00","og_image":[{"width":755,"height":1051,"url":"https:\/\/literackieprzeszpiegi.pl\/wp-content\/uploads\/2018\/07\/zwiady-lipiec.jpg","type":"image\/jpeg"}],"author":"Szpieg","twitter_card":"summary_large_image","twitter_misc":{"Napisane przez":"Szpieg","Szacowany czas czytania":"2 minuty"},"schema":{"@context":"https:\/\/schema.org","@graph":[{"@type":"Article","@id":"https:\/\/literackieprzeszpiegi.pl\/index.php\/2018\/07\/03\/lipcowe-zwiady-cz-i-2018\/#article","isPartOf":{"@id":"https:\/\/literackieprzeszpiegi.pl\/index.php\/2018\/07\/03\/lipcowe-zwiady-cz-i-2018\/"},"author":{"name":"Szpieg","@id":"https:\/\/literackieprzeszpiegi.pl\/#\/schema\/person\/fd5c4f317aed549d4833e6402ffea017"},"headline":"Lipcowe zwiady, cz.I #2018","datePublished":"2018-07-03T21:12:17+00:00","dateModified":"2018-07-03T21:19:57+00:00","mainEntityOfPage":{"@id":"https:\/\/literackieprzeszpiegi.pl\/index.php\/2018\/07\/03\/lipcowe-zwiady-cz-i-2018\/"},"wordCount":423,"commentCount":3,"publisher":{"@id":"https:\/\/literackieprzeszpiegi.pl\/#organization"},"image":{"@id":"https:\/\/literackieprzeszpiegi.pl\/index.php\/2018\/07\/03\/lipcowe-zwiady-cz-i-2018\/#primaryimage"},"thumbnailUrl":"https:\/\/literackieprzeszpiegi.pl\/wp-content\/uploads\/2018\/07\/zwiady-lipiec.jpg","keywords":["czwarta strona","Wielka Litera","Wydawnictwo Literackie","Wydawnictwo Znak"],"articleSection":["Na zwiadach w ksi\u0119garniach"],"inLanguage":"pl-PL","potentialAction":[{"@type":"CommentAction","name":"Comment","target":["https:\/\/literackieprzeszpiegi.pl\/index.php\/2018\/07\/03\/lipcowe-zwiady-cz-i-2018\/#respond"]}]},{"@type":"WebPage","@id":"https:\/\/literackieprzeszpiegi.pl\/index.php\/2018\/07\/03\/lipcowe-zwiady-cz-i-2018\/","url":"https:\/\/literackieprzeszpiegi.pl\/index.php\/2018\/07\/03\/lipcowe-zwiady-cz-i-2018\/","name":"Lipcowe zwiady, cz.I #2018 - Literackie przeszpiegi","isPartOf":{"@id":"https:\/\/literackieprzeszpiegi.pl\/#website"},"primaryImageOfPage":{"@id":"https:\/\/literackieprzeszpiegi.pl\/index.php\/2018\/07\/03\/lipcowe-zwiady-cz-i-2018\/#primaryimage"},"image":{"@id":"https:\/\/literackieprzeszpiegi.pl\/index.php\/2018\/07\/03\/lipcowe-zwiady-cz-i-2018\/#primaryimage"},"thumbnailUrl":"https:\/\/literackieprzeszpiegi.pl\/wp-content\/uploads\/2018\/07\/zwiady-lipiec.jpg","datePublished":"2018-07-03T21:12:17+00:00","dateModified":"2018-07-03T21:19:57+00:00","description":"Przed Wami cztery lipcowe premiery, kt\u00f3re zaprzeczaj\u0105 stwierdzeniu, \u017ce wakacje to czas posuchy. Gdzie\u017cby! Pi\u0119kne ksi\u0105\u017cki, niesamowite historie... A ok\u0142adki? :)\u00a0","breadcrumb":{"@id":"https:\/\/literackieprzeszpiegi.pl\/index.php\/2018\/07\/03\/lipcowe-zwiady-cz-i-2018\/#breadcrumb"},"inLanguage":"pl-PL","potentialAction":[{"@type":"ReadAction","target":["https:\/\/literackieprzeszpiegi.pl\/index.php\/2018\/07\/03\/lipcowe-zwiady-cz-i-2018\/"]}]},{"@type":"ImageObject","inLanguage":"pl-PL","@id":"https:\/\/literackieprzeszpiegi.pl\/index.php\/2018\/07\/03\/lipcowe-zwiady-cz-i-2018\/#primaryimage","url":"https:\/\/literackieprzeszpiegi.pl\/wp-content\/uploads\/2018\/07\/zwiady-lipiec.jpg","contentUrl":"https:\/\/literackieprzeszpiegi.pl\/wp-content\/uploads\/2018\/07\/zwiady-lipiec.jpg","width":755,"height":1051},{"@type":"BreadcrumbList","@id":"https:\/\/literackieprzeszpiegi.pl\/index.php\/2018\/07\/03\/lipcowe-zwiady-cz-i-2018\/#breadcrumb","itemListElement":[{"@type":"ListItem","position":1,"name":"Home","item":"https:\/\/literackieprzeszpiegi.pl\/"},{"@type":"ListItem","position":2,"name":"Lipcowe zwiady, cz.I #2018"}]},{"@type":"WebSite","@id":"https:\/\/literackieprzeszpiegi.pl\/#website","url":"https:\/\/literackieprzeszpiegi.pl\/","name":"Literackie przeszpiegi","description":"blog o ksi\u0105\u017ckach","publisher":{"@id":"https:\/\/literackieprzeszpiegi.pl\/#organization"},"potentialAction":[{"@type":"SearchAction","target":{"@type":"EntryPoint","urlTemplate":"https:\/\/literackieprzeszpiegi.pl\/?s={search_term_string}"},"query-input":"required name=search_term_string"}],"inLanguage":"pl-PL"},{"@type":"Organization","@id":"https:\/\/literackieprzeszpiegi.pl\/#organization","name":"Literackie przeszpiegi","url":"https:\/\/literackieprzeszpiegi.pl\/","logo":{"@type":"ImageObject","inLanguage":"pl-PL","@id":"https:\/\/literackieprzeszpiegi.pl\/#\/schema\/logo\/image\/","url":"https:\/\/literackieprzeszpiegi.pl\/wp-content\/uploads\/2021\/01\/cropped-cropped-Literackie-przeszpiegi-1.png","contentUrl":"https:\/\/literackieprzeszpiegi.pl\/wp-content\/uploads\/2021\/01\/cropped-cropped-Literackie-przeszpiegi-1.png","width":499,"height":142,"caption":"Literackie przeszpiegi"},"image":{"@id":"https:\/\/literackieprzeszpiegi.pl\/#\/schema\/logo\/image\/"}},{"@type":"Person","@id":"https:\/\/literackieprzeszpiegi.pl\/#\/schema\/person\/fd5c4f317aed549d4833e6402ffea017","name":"Szpieg","image":{"@type":"ImageObject","inLanguage":"pl-PL","@id":"https:\/\/literackieprzeszpiegi.pl\/#\/schema\/person\/image\/","url":"https:\/\/secure.gravatar.com\/avatar\/45a17869257e08975d929f204ef78290?s=96&d=mm&r=g","contentUrl":"https:\/\/secure.gravatar.com\/avatar\/45a17869257e08975d929f204ef78290?s=96&d=mm&r=g","caption":"Szpieg"},"url":"https:\/\/literackieprzeszpiegi.pl\/index.php\/author\/admin\/"}]}},"_links":{"self":[{"href":"https:\/\/literackieprzeszpiegi.pl\/index.php\/wp-json\/wp\/v2\/posts\/1388"}],"collection":[{"href":"https:\/\/literackieprzeszpiegi.pl\/index.php\/wp-json\/wp\/v2\/posts"}],"about":[{"href":"https:\/\/literackieprzeszpiegi.pl\/index.php\/wp-json\/wp\/v2\/types\/post"}],"author":[{"embeddable":true,"href":"https:\/\/literackieprzeszpiegi.pl\/index.php\/wp-json\/wp\/v2\/users\/1"}],"replies":[{"embeddable":true,"href":"https:\/\/literackieprzeszpiegi.pl\/index.php\/wp-json\/wp\/v2\/comments?post=1388"}],"version-history":[{"count":5,"href":"https:\/\/literackieprzeszpiegi.pl\/index.php\/wp-json\/wp\/v2\/posts\/1388\/revisions"}],"predecessor-version":[{"id":1398,"href":"https:\/\/literackieprzeszpiegi.pl\/index.php\/wp-json\/wp\/v2\/posts\/1388\/revisions\/1398"}],"wp:featuredmedia":[{"embeddable":true,"href":"https:\/\/literackieprzeszpiegi.pl\/index.php\/wp-json\/wp\/v2\/media\/1394"}],"wp:attachment":[{"href":"https:\/\/literackieprzeszpiegi.pl\/index.php\/wp-json\/wp\/v2\/media?parent=1388"}],"wp:term":[{"taxonomy":"category","embeddable":true,"href":"https:\/\/literackieprzeszpiegi.pl\/index.php\/wp-json\/wp\/v2\/categories?post=1388"},{"taxonomy":"post_tag","embeddable":true,"href":"https:\/\/literackieprzeszpiegi.pl\/index.php\/wp-json\/wp\/v2\/tags?post=1388"}],"curies":[{"name":"wp","href":"https:\/\/api.w.org\/{rel}","templated":true}]}}