{"id":1799,"date":"2019-03-31T22:10:16","date_gmt":"2019-03-31T20:10:16","guid":{"rendered":"http:\/\/literackieprzeszpiegi.pl\/?p=1799"},"modified":"2019-03-31T22:10:16","modified_gmt":"2019-03-31T20:10:16","slug":"kwietniowe-zwiady-cz-i-2019","status":"publish","type":"post","link":"https:\/\/literackieprzeszpiegi.pl\/index.php\/2019\/03\/31\/kwietniowe-zwiady-cz-i-2019\/","title":{"rendered":"Kwietniowe zwiady, cz. I, #2019"},"content":{"rendered":"<p>Kwietniowe premiery, w kt\u00f3rych dochodzi do kryminalnego starcia Polska &#8211; Skandynawia.<br \/>\nSzanse wyr\u00f3wnane, zawodnicy znani i szanowani. Ale i tak nas z pewno\u015bci\u0105 zaskocz\u0105 \ud83d\ude42\u00a0<!--more-->~~~~~~~~~~~~~~~~~~~~~~~~~~~~~~~~~~~~~~~~~~~~~~~~~~~~<\/p>\n<p><a href=\"http:\/\/literackieprzeszpiegi.pl\/wp-content\/uploads\/2019\/03\/raj.jpg\"><img loading=\"lazy\" decoding=\"async\" class=\"size-medium wp-image-1805 alignright\" src=\"http:\/\/literackieprzeszpiegi.pl\/wp-content\/uploads\/2019\/03\/raj-211x300.jpg\" alt=\"\" width=\"211\" height=\"300\" srcset=\"https:\/\/literackieprzeszpiegi.pl\/wp-content\/uploads\/2019\/03\/raj-211x300.jpg 211w, https:\/\/literackieprzeszpiegi.pl\/wp-content\/uploads\/2019\/03\/raj.jpg 352w\" sizes=\"(max-width: 211px) 100vw, 211px\" \/><\/a><\/p>\n<p>Ostatnia sobota przed d\u0142ugim majowym weekendem. Czy mo\u017cna sobie wyobrazi\u0107 lepszy pomys\u0142 na sp\u0119dzenie tego dnia, ni\u017c odwiedziny w centrum handlowym? Matka, c\u00f3rka i jej przyjaci\u00f3\u0142ka, dw\u00f3ch diler\u00f3w, z\u0142odziej i pracownik korporacji. Sze\u015bcioro z nich sp\u0119dza noc w galerii handlowej, si\u00f3dme ogl\u0105da wydarzenia z zewn\u0105trz. Dwoje jest przekonanych, \u017ce ich \u017cyciu zagra\u017ca niebezpiecze\u0144stwo, jedno chce zdoby\u0107 jak najwi\u0119cej lajk\u00f3w, inne pieni\u0105dze, kto\u015b coraz lepiej si\u0119 bawi, a kto inny chce tylko wype\u0142nia\u0107 porz\u0105dnie obowi\u0105zki. Ka\u017cde z nich jest gotowe na wszystko, \u017ceby osi\u0105gn\u0105\u0107 cel. Nawet zabi\u0107.<\/p>\n<h3>Marta Guzowska &#8220;Raj&#8221;<br \/>\nWydawnictwo Marginesy<br \/>\ndata premiery: 3.04.2019 r.<br \/>\n___________________________<\/h3>\n<p><a href=\"http:\/\/literackieprzeszpiegi.pl\/wp-content\/uploads\/2019\/03\/z\u0142ota-klatka.jpg\"><img loading=\"lazy\" decoding=\"async\" class=\"size-medium wp-image-1810 alignleft\" src=\"http:\/\/literackieprzeszpiegi.pl\/wp-content\/uploads\/2019\/03\/z\u0142ota-klatka-211x300.jpg\" alt=\"\" width=\"211\" height=\"300\" srcset=\"https:\/\/literackieprzeszpiegi.pl\/wp-content\/uploads\/2019\/03\/z\u0142ota-klatka-211x300.jpg 211w, https:\/\/literackieprzeszpiegi.pl\/wp-content\/uploads\/2019\/03\/z\u0142ota-klatka.jpg 352w\" sizes=\"(max-width: 211px) 100vw, 211px\" \/><\/a><\/p>\n<p>Pi\u0119kna Faye ma wszystko \u2013 wspania\u0142ego m\u0119\u017ca, ukochan\u0105 c\u00f3reczk\u0119 i luksusowy apartament w najlepszej dzielnicy Sztokholmu. Jej idealne \u017cycie to w rzeczywisto\u015bci desperackie pr\u00f3by zadowolenia Jacka. Dr\u0119czona przez mroczne wspomnienia z Fj\u00e4llbacki, Faye coraz cz\u0119\u015bciej czuje si\u0119 jak zamkni\u0119ta w z\u0142otej klatce.\u00a0 Kiedy Jack i ich c\u00f3rka Julienne nie wracaj\u0105 z rejsu \u0142odzi\u0105, a policja dostrzega w mieszkaniu ka\u0142u\u017c\u0119 krwi, podejrzenie szybko spada na m\u0119\u017ca Faye. Co przed ni\u0105 ukrywa?<\/p>\n<h3>Camilla Lackberg &#8220;Z\u0142ota klatka&#8221;<br \/>\nWydawnictwo Czarna Owca<br \/>\ndata premiery: 11.04.2019 r.<br \/>\n____________________________________________<\/h3>\n<p><a href=\"http:\/\/literackieprzeszpiegi.pl\/wp-content\/uploads\/2019\/03\/\u0142azarz.jpg\"><img loading=\"lazy\" decoding=\"async\" class=\"size-medium wp-image-1816 alignright\" src=\"http:\/\/literackieprzeszpiegi.pl\/wp-content\/uploads\/2019\/03\/\u0142azarz-211x300.jpg\" alt=\"\" width=\"211\" height=\"300\" srcset=\"https:\/\/literackieprzeszpiegi.pl\/wp-content\/uploads\/2019\/03\/\u0142azarz-211x300.jpg 211w, https:\/\/literackieprzeszpiegi.pl\/wp-content\/uploads\/2019\/03\/\u0142azarz.jpg 352w\" sizes=\"(max-width: 211px) 100vw, 211px\" \/><\/a><\/p>\n<p>W apartamencie w Oslo zostaje znaleziony martwy m\u0119\u017cczyzna. Po otwarciu zamra\u017carki oczom policjant\u00f3w ukazuje si\u0119 przera\u017caj\u0105cy widok \u2013 ofiara okazuje si\u0119 profanatorem zw\u0142ok. Kilka dni p\u00f3\u017aniej do Joony Linny zg\u0142asza si\u0119 niemiecki wydzia\u0142 \u015bledczy, prosz\u0105c o pomoc w rozwik\u0142aniu morderstwa, do kt\u00f3rego dosz\u0142o w okolicach Rostocku. Detektyw dostrzega szalony schemat\u2026Niekt\u00f3rzy zmartwychwstanie okre\u015bliliby mianem cudu, inni \u2013 koszmaru.<\/p>\n<h3>Lars Kepler &#8220;\u0141azarz&#8221;<br \/>\nWydawnictwo Dolno\u015bl\u0105skie<br \/>\ncykl: Joona Linna (t.7)<br \/>\ndata premiery: 24.04.2019 r.<\/h3>\n<p>__________________<\/p>\n<p><a href=\"http:\/\/literackieprzeszpiegi.pl\/wp-content\/uploads\/2019\/03\/moderca-na-plebanii.jpg\"><img loading=\"lazy\" decoding=\"async\" class=\"size-medium wp-image-1819 alignleft\" src=\"http:\/\/literackieprzeszpiegi.pl\/wp-content\/uploads\/2019\/03\/moderca-na-plebanii-211x300.jpg\" alt=\"\" width=\"211\" height=\"300\" srcset=\"https:\/\/literackieprzeszpiegi.pl\/wp-content\/uploads\/2019\/03\/moderca-na-plebanii-211x300.jpg 211w, https:\/\/literackieprzeszpiegi.pl\/wp-content\/uploads\/2019\/03\/moderca-na-plebanii.jpg 352w\" sizes=\"(max-width: 211px) 100vw, 211px\" \/><\/a><\/p>\n<p>W Wielmo\u017cy umiera starsza parafianka. Zwyczajna kolej rzeczy? A mo\u017ce&#8230; zab\u00f3jstwo idealne? I co ma z tym wsp\u00f3lnego zbrodnia sprzed lat?<br \/>\nDo akcji wkracza znana ze \u201e\u015aledztwa od kuchni\u201d wdowa po aptekarzu ze Ska\u0142y, Karolina Morawiecka. To miejscowa panna Marple, kt\u00f3rej pomagaj\u0105 zakonnica, pies oraz znajomo\u015b\u0107 literatury i sztuki kulinarnej. Cztery sprawy. Pi\u0119\u0107 cia\u0142. Dwie detektywki. Jeden morderca\u2026 I oczywi\u015bcie zaskakuj\u0105cy fina\u0142!<\/p>\n<h3>Karolina Morawiecka &#8220;Morderca na plebanii, czyli klasyczna powie\u015b\u0107 kryminalna o wdowie, zakonnicy i psie (z kulinarnym podtekstem)<br \/>\n<a href=\"http:\/\/wydawnictwolira.pl\/morderca-plebanii-czyli-klasyczna-powiesc-kryminalna-o-wdowie-zakonnicy-psie-kulinarnym-podtekstem\/\">Wydawnictwo Lira<\/a><br \/>\ndata premiery: 24.04.2019 r.<\/h3>\n","protected":false},"excerpt":{"rendered":"<p>Kwietniowe premiery, w kt\u00f3rych dochodzi do kryminalnego starcia Polska &#8211; Skandynawia. Szanse wyr\u00f3wnane, zawodnicy znani i szanowani. Ale i tak nas z pewno\u015bci\u0105 zaskocz\u0105 \ud83d\ude42\u00a0<\/p>\n","protected":false},"author":1,"featured_media":1822,"comment_status":"open","ping_status":"open","sticky":false,"template":"","format":"standard","meta":{"om_disable_all_campaigns":false,"_exactmetrics_skip_tracking":false,"_exactmetrics_sitenote_active":false,"_exactmetrics_sitenote_note":"","_exactmetrics_sitenote_category":0,"_monsterinsights_skip_tracking":false,"_monsterinsights_sitenote_active":false,"_monsterinsights_sitenote_note":"","_monsterinsights_sitenote_category":0,"_uf_show_specific_survey":0,"_uf_disable_surveys":false,"footnotes":""},"categories":[4],"tags":[68,47,37,115,77],"yoast_head":"<!-- This site is optimized with the Yoast SEO plugin v22.9 - https:\/\/yoast.com\/wordpress\/plugins\/seo\/ -->\n<title>Kwietniowe zwiady, czyli premiery kwietnia 2019 | Literackie przeszpiegi<\/title>\n<meta name=\"description\" content=\"Kwietniowe premiery, w kt\u00f3rych dochodzi do kryminalnego starcia Polska - Skandynawia. Szanse wyr\u00f3wnane, zawodnicy znani i szanowani.\" \/>\n<meta name=\"robots\" content=\"index, follow, max-snippet:-1, max-image-preview:large, max-video-preview:-1\" \/>\n<link rel=\"canonical\" href=\"https:\/\/literackieprzeszpiegi.pl\/index.php\/2019\/03\/31\/kwietniowe-zwiady-cz-i-2019\/\" \/>\n<meta property=\"og:locale\" content=\"pl_PL\" \/>\n<meta property=\"og:type\" content=\"article\" \/>\n<meta property=\"og:title\" content=\"Kwietniowe zwiady, cz. I. #2019 |Literackie przeszpiegi\" \/>\n<meta property=\"og:description\" content=\"Kwietniowe premiery, w kt\u00f3rych dochodzi do kryminalnego starcia Polska - Skandynawia. Szanse wyr\u00f3wnane, zawodnicy znani i szanowani. Ale i tak nas zaskocz\u0105 :)\u00a0\" \/>\n<meta property=\"og:url\" content=\"https:\/\/literackieprzeszpiegi.pl\/index.php\/2019\/03\/31\/kwietniowe-zwiady-cz-i-2019\/\" \/>\n<meta property=\"og:site_name\" content=\"Literackie przeszpiegi\" \/>\n<meta property=\"article:published_time\" content=\"2019-03-31T20:10:16+00:00\" \/>\n<meta property=\"og:image\" content=\"https:\/\/literackieprzeszpiegi.pl\/wp-content\/uploads\/2019\/03\/Kryminalne-zwiady_2019.jpg\" \/>\n\t<meta property=\"og:image:width\" content=\"755\" \/>\n\t<meta property=\"og:image:height\" content=\"1051\" \/>\n\t<meta property=\"og:image:type\" content=\"image\/jpeg\" \/>\n<meta name=\"author\" content=\"Szpieg\" \/>\n<meta name=\"twitter:card\" content=\"summary_large_image\" \/>\n<meta name=\"twitter:label1\" content=\"Napisane przez\" \/>\n\t<meta name=\"twitter:data1\" content=\"Szpieg\" \/>\n\t<meta name=\"twitter:label2\" content=\"Szacowany czas czytania\" \/>\n\t<meta name=\"twitter:data2\" content=\"2 minuty\" \/>\n<script type=\"application\/ld+json\" class=\"yoast-schema-graph\">{\"@context\":\"https:\/\/schema.org\",\"@graph\":[{\"@type\":\"Article\",\"@id\":\"https:\/\/literackieprzeszpiegi.pl\/index.php\/2019\/03\/31\/kwietniowe-zwiady-cz-i-2019\/#article\",\"isPartOf\":{\"@id\":\"https:\/\/literackieprzeszpiegi.pl\/index.php\/2019\/03\/31\/kwietniowe-zwiady-cz-i-2019\/\"},\"author\":{\"name\":\"Szpieg\",\"@id\":\"https:\/\/literackieprzeszpiegi.pl\/#\/schema\/person\/fd5c4f317aed549d4833e6402ffea017\"},\"headline\":\"Kwietniowe zwiady, cz. I, #2019\",\"datePublished\":\"2019-03-31T20:10:16+00:00\",\"dateModified\":\"2019-03-31T20:10:16+00:00\",\"mainEntityOfPage\":{\"@id\":\"https:\/\/literackieprzeszpiegi.pl\/index.php\/2019\/03\/31\/kwietniowe-zwiady-cz-i-2019\/\"},\"wordCount\":418,\"commentCount\":0,\"publisher\":{\"@id\":\"https:\/\/literackieprzeszpiegi.pl\/#organization\"},\"image\":{\"@id\":\"https:\/\/literackieprzeszpiegi.pl\/index.php\/2019\/03\/31\/kwietniowe-zwiady-cz-i-2019\/#primaryimage\"},\"thumbnailUrl\":\"https:\/\/literackieprzeszpiegi.pl\/wp-content\/uploads\/2019\/03\/Kryminalne-zwiady_2019.jpg\",\"keywords\":[\"Lars Kepler\",\"Wydawnictwo Czarna Owca\",\"Wydawnictwo Dolno\u015bl\u0105skie\",\"Wydawnictwo Lira\",\"Wydawnictwo Marginesy\"],\"articleSection\":[\"Na zwiadach w ksi\u0119garniach\"],\"inLanguage\":\"pl-PL\",\"potentialAction\":[{\"@type\":\"CommentAction\",\"name\":\"Comment\",\"target\":[\"https:\/\/literackieprzeszpiegi.pl\/index.php\/2019\/03\/31\/kwietniowe-zwiady-cz-i-2019\/#respond\"]}]},{\"@type\":\"WebPage\",\"@id\":\"https:\/\/literackieprzeszpiegi.pl\/index.php\/2019\/03\/31\/kwietniowe-zwiady-cz-i-2019\/\",\"url\":\"https:\/\/literackieprzeszpiegi.pl\/index.php\/2019\/03\/31\/kwietniowe-zwiady-cz-i-2019\/\",\"name\":\"Kwietniowe zwiady, czyli premiery kwietnia 2019 | Literackie przeszpiegi\",\"isPartOf\":{\"@id\":\"https:\/\/literackieprzeszpiegi.pl\/#website\"},\"primaryImageOfPage\":{\"@id\":\"https:\/\/literackieprzeszpiegi.pl\/index.php\/2019\/03\/31\/kwietniowe-zwiady-cz-i-2019\/#primaryimage\"},\"image\":{\"@id\":\"https:\/\/literackieprzeszpiegi.pl\/index.php\/2019\/03\/31\/kwietniowe-zwiady-cz-i-2019\/#primaryimage\"},\"thumbnailUrl\":\"https:\/\/literackieprzeszpiegi.pl\/wp-content\/uploads\/2019\/03\/Kryminalne-zwiady_2019.jpg\",\"datePublished\":\"2019-03-31T20:10:16+00:00\",\"dateModified\":\"2019-03-31T20:10:16+00:00\",\"description\":\"Kwietniowe premiery, w kt\u00f3rych dochodzi do kryminalnego starcia Polska - Skandynawia. Szanse wyr\u00f3wnane, zawodnicy znani i szanowani.\",\"breadcrumb\":{\"@id\":\"https:\/\/literackieprzeszpiegi.pl\/index.php\/2019\/03\/31\/kwietniowe-zwiady-cz-i-2019\/#breadcrumb\"},\"inLanguage\":\"pl-PL\",\"potentialAction\":[{\"@type\":\"ReadAction\",\"target\":[\"https:\/\/literackieprzeszpiegi.pl\/index.php\/2019\/03\/31\/kwietniowe-zwiady-cz-i-2019\/\"]}]},{\"@type\":\"ImageObject\",\"inLanguage\":\"pl-PL\",\"@id\":\"https:\/\/literackieprzeszpiegi.pl\/index.php\/2019\/03\/31\/kwietniowe-zwiady-cz-i-2019\/#primaryimage\",\"url\":\"https:\/\/literackieprzeszpiegi.pl\/wp-content\/uploads\/2019\/03\/Kryminalne-zwiady_2019.jpg\",\"contentUrl\":\"https:\/\/literackieprzeszpiegi.pl\/wp-content\/uploads\/2019\/03\/Kryminalne-zwiady_2019.jpg\",\"width\":755,\"height\":1051},{\"@type\":\"BreadcrumbList\",\"@id\":\"https:\/\/literackieprzeszpiegi.pl\/index.php\/2019\/03\/31\/kwietniowe-zwiady-cz-i-2019\/#breadcrumb\",\"itemListElement\":[{\"@type\":\"ListItem\",\"position\":1,\"name\":\"Home\",\"item\":\"https:\/\/literackieprzeszpiegi.pl\/\"},{\"@type\":\"ListItem\",\"position\":2,\"name\":\"Kwietniowe zwiady, cz. I, #2019\"}]},{\"@type\":\"WebSite\",\"@id\":\"https:\/\/literackieprzeszpiegi.pl\/#website\",\"url\":\"https:\/\/literackieprzeszpiegi.pl\/\",\"name\":\"Literackie przeszpiegi\",\"description\":\"blog o ksi\u0105\u017ckach\",\"publisher\":{\"@id\":\"https:\/\/literackieprzeszpiegi.pl\/#organization\"},\"potentialAction\":[{\"@type\":\"SearchAction\",\"target\":{\"@type\":\"EntryPoint\",\"urlTemplate\":\"https:\/\/literackieprzeszpiegi.pl\/?s={search_term_string}\"},\"query-input\":\"required name=search_term_string\"}],\"inLanguage\":\"pl-PL\"},{\"@type\":\"Organization\",\"@id\":\"https:\/\/literackieprzeszpiegi.pl\/#organization\",\"name\":\"Literackie przeszpiegi\",\"url\":\"https:\/\/literackieprzeszpiegi.pl\/\",\"logo\":{\"@type\":\"ImageObject\",\"inLanguage\":\"pl-PL\",\"@id\":\"https:\/\/literackieprzeszpiegi.pl\/#\/schema\/logo\/image\/\",\"url\":\"https:\/\/literackieprzeszpiegi.pl\/wp-content\/uploads\/2021\/01\/cropped-cropped-Literackie-przeszpiegi-1.png\",\"contentUrl\":\"https:\/\/literackieprzeszpiegi.pl\/wp-content\/uploads\/2021\/01\/cropped-cropped-Literackie-przeszpiegi-1.png\",\"width\":499,\"height\":142,\"caption\":\"Literackie przeszpiegi\"},\"image\":{\"@id\":\"https:\/\/literackieprzeszpiegi.pl\/#\/schema\/logo\/image\/\"}},{\"@type\":\"Person\",\"@id\":\"https:\/\/literackieprzeszpiegi.pl\/#\/schema\/person\/fd5c4f317aed549d4833e6402ffea017\",\"name\":\"Szpieg\",\"image\":{\"@type\":\"ImageObject\",\"inLanguage\":\"pl-PL\",\"@id\":\"https:\/\/literackieprzeszpiegi.pl\/#\/schema\/person\/image\/\",\"url\":\"https:\/\/secure.gravatar.com\/avatar\/45a17869257e08975d929f204ef78290?s=96&d=mm&r=g\",\"contentUrl\":\"https:\/\/secure.gravatar.com\/avatar\/45a17869257e08975d929f204ef78290?s=96&d=mm&r=g\",\"caption\":\"Szpieg\"},\"url\":\"https:\/\/literackieprzeszpiegi.pl\/index.php\/author\/admin\/\"}]}<\/script>\n<!-- \/ Yoast SEO plugin. -->","yoast_head_json":{"title":"Kwietniowe zwiady, czyli premiery kwietnia 2019 | Literackie przeszpiegi","description":"Kwietniowe premiery, w kt\u00f3rych dochodzi do kryminalnego starcia Polska - Skandynawia. Szanse wyr\u00f3wnane, zawodnicy znani i szanowani.","robots":{"index":"index","follow":"follow","max-snippet":"max-snippet:-1","max-image-preview":"max-image-preview:large","max-video-preview":"max-video-preview:-1"},"canonical":"https:\/\/literackieprzeszpiegi.pl\/index.php\/2019\/03\/31\/kwietniowe-zwiady-cz-i-2019\/","og_locale":"pl_PL","og_type":"article","og_title":"Kwietniowe zwiady, cz. I. #2019 |Literackie przeszpiegi","og_description":"Kwietniowe premiery, w kt\u00f3rych dochodzi do kryminalnego starcia Polska - Skandynawia. Szanse wyr\u00f3wnane, zawodnicy znani i szanowani. Ale i tak nas zaskocz\u0105 :)\u00a0","og_url":"https:\/\/literackieprzeszpiegi.pl\/index.php\/2019\/03\/31\/kwietniowe-zwiady-cz-i-2019\/","og_site_name":"Literackie przeszpiegi","article_published_time":"2019-03-31T20:10:16+00:00","og_image":[{"width":755,"height":1051,"url":"https:\/\/literackieprzeszpiegi.pl\/wp-content\/uploads\/2019\/03\/Kryminalne-zwiady_2019.jpg","type":"image\/jpeg"}],"author":"Szpieg","twitter_card":"summary_large_image","twitter_misc":{"Napisane przez":"Szpieg","Szacowany czas czytania":"2 minuty"},"schema":{"@context":"https:\/\/schema.org","@graph":[{"@type":"Article","@id":"https:\/\/literackieprzeszpiegi.pl\/index.php\/2019\/03\/31\/kwietniowe-zwiady-cz-i-2019\/#article","isPartOf":{"@id":"https:\/\/literackieprzeszpiegi.pl\/index.php\/2019\/03\/31\/kwietniowe-zwiady-cz-i-2019\/"},"author":{"name":"Szpieg","@id":"https:\/\/literackieprzeszpiegi.pl\/#\/schema\/person\/fd5c4f317aed549d4833e6402ffea017"},"headline":"Kwietniowe zwiady, cz. I, #2019","datePublished":"2019-03-31T20:10:16+00:00","dateModified":"2019-03-31T20:10:16+00:00","mainEntityOfPage":{"@id":"https:\/\/literackieprzeszpiegi.pl\/index.php\/2019\/03\/31\/kwietniowe-zwiady-cz-i-2019\/"},"wordCount":418,"commentCount":0,"publisher":{"@id":"https:\/\/literackieprzeszpiegi.pl\/#organization"},"image":{"@id":"https:\/\/literackieprzeszpiegi.pl\/index.php\/2019\/03\/31\/kwietniowe-zwiady-cz-i-2019\/#primaryimage"},"thumbnailUrl":"https:\/\/literackieprzeszpiegi.pl\/wp-content\/uploads\/2019\/03\/Kryminalne-zwiady_2019.jpg","keywords":["Lars Kepler","Wydawnictwo Czarna Owca","Wydawnictwo Dolno\u015bl\u0105skie","Wydawnictwo Lira","Wydawnictwo Marginesy"],"articleSection":["Na zwiadach w ksi\u0119garniach"],"inLanguage":"pl-PL","potentialAction":[{"@type":"CommentAction","name":"Comment","target":["https:\/\/literackieprzeszpiegi.pl\/index.php\/2019\/03\/31\/kwietniowe-zwiady-cz-i-2019\/#respond"]}]},{"@type":"WebPage","@id":"https:\/\/literackieprzeszpiegi.pl\/index.php\/2019\/03\/31\/kwietniowe-zwiady-cz-i-2019\/","url":"https:\/\/literackieprzeszpiegi.pl\/index.php\/2019\/03\/31\/kwietniowe-zwiady-cz-i-2019\/","name":"Kwietniowe zwiady, czyli premiery kwietnia 2019 | Literackie przeszpiegi","isPartOf":{"@id":"https:\/\/literackieprzeszpiegi.pl\/#website"},"primaryImageOfPage":{"@id":"https:\/\/literackieprzeszpiegi.pl\/index.php\/2019\/03\/31\/kwietniowe-zwiady-cz-i-2019\/#primaryimage"},"image":{"@id":"https:\/\/literackieprzeszpiegi.pl\/index.php\/2019\/03\/31\/kwietniowe-zwiady-cz-i-2019\/#primaryimage"},"thumbnailUrl":"https:\/\/literackieprzeszpiegi.pl\/wp-content\/uploads\/2019\/03\/Kryminalne-zwiady_2019.jpg","datePublished":"2019-03-31T20:10:16+00:00","dateModified":"2019-03-31T20:10:16+00:00","description":"Kwietniowe premiery, w kt\u00f3rych dochodzi do kryminalnego starcia Polska - Skandynawia. Szanse wyr\u00f3wnane, zawodnicy znani i szanowani.","breadcrumb":{"@id":"https:\/\/literackieprzeszpiegi.pl\/index.php\/2019\/03\/31\/kwietniowe-zwiady-cz-i-2019\/#breadcrumb"},"inLanguage":"pl-PL","potentialAction":[{"@type":"ReadAction","target":["https:\/\/literackieprzeszpiegi.pl\/index.php\/2019\/03\/31\/kwietniowe-zwiady-cz-i-2019\/"]}]},{"@type":"ImageObject","inLanguage":"pl-PL","@id":"https:\/\/literackieprzeszpiegi.pl\/index.php\/2019\/03\/31\/kwietniowe-zwiady-cz-i-2019\/#primaryimage","url":"https:\/\/literackieprzeszpiegi.pl\/wp-content\/uploads\/2019\/03\/Kryminalne-zwiady_2019.jpg","contentUrl":"https:\/\/literackieprzeszpiegi.pl\/wp-content\/uploads\/2019\/03\/Kryminalne-zwiady_2019.jpg","width":755,"height":1051},{"@type":"BreadcrumbList","@id":"https:\/\/literackieprzeszpiegi.pl\/index.php\/2019\/03\/31\/kwietniowe-zwiady-cz-i-2019\/#breadcrumb","itemListElement":[{"@type":"ListItem","position":1,"name":"Home","item":"https:\/\/literackieprzeszpiegi.pl\/"},{"@type":"ListItem","position":2,"name":"Kwietniowe zwiady, cz. I, #2019"}]},{"@type":"WebSite","@id":"https:\/\/literackieprzeszpiegi.pl\/#website","url":"https:\/\/literackieprzeszpiegi.pl\/","name":"Literackie przeszpiegi","description":"blog o ksi\u0105\u017ckach","publisher":{"@id":"https:\/\/literackieprzeszpiegi.pl\/#organization"},"potentialAction":[{"@type":"SearchAction","target":{"@type":"EntryPoint","urlTemplate":"https:\/\/literackieprzeszpiegi.pl\/?s={search_term_string}"},"query-input":"required name=search_term_string"}],"inLanguage":"pl-PL"},{"@type":"Organization","@id":"https:\/\/literackieprzeszpiegi.pl\/#organization","name":"Literackie przeszpiegi","url":"https:\/\/literackieprzeszpiegi.pl\/","logo":{"@type":"ImageObject","inLanguage":"pl-PL","@id":"https:\/\/literackieprzeszpiegi.pl\/#\/schema\/logo\/image\/","url":"https:\/\/literackieprzeszpiegi.pl\/wp-content\/uploads\/2021\/01\/cropped-cropped-Literackie-przeszpiegi-1.png","contentUrl":"https:\/\/literackieprzeszpiegi.pl\/wp-content\/uploads\/2021\/01\/cropped-cropped-Literackie-przeszpiegi-1.png","width":499,"height":142,"caption":"Literackie przeszpiegi"},"image":{"@id":"https:\/\/literackieprzeszpiegi.pl\/#\/schema\/logo\/image\/"}},{"@type":"Person","@id":"https:\/\/literackieprzeszpiegi.pl\/#\/schema\/person\/fd5c4f317aed549d4833e6402ffea017","name":"Szpieg","image":{"@type":"ImageObject","inLanguage":"pl-PL","@id":"https:\/\/literackieprzeszpiegi.pl\/#\/schema\/person\/image\/","url":"https:\/\/secure.gravatar.com\/avatar\/45a17869257e08975d929f204ef78290?s=96&d=mm&r=g","contentUrl":"https:\/\/secure.gravatar.com\/avatar\/45a17869257e08975d929f204ef78290?s=96&d=mm&r=g","caption":"Szpieg"},"url":"https:\/\/literackieprzeszpiegi.pl\/index.php\/author\/admin\/"}]}},"_links":{"self":[{"href":"https:\/\/literackieprzeszpiegi.pl\/index.php\/wp-json\/wp\/v2\/posts\/1799"}],"collection":[{"href":"https:\/\/literackieprzeszpiegi.pl\/index.php\/wp-json\/wp\/v2\/posts"}],"about":[{"href":"https:\/\/literackieprzeszpiegi.pl\/index.php\/wp-json\/wp\/v2\/types\/post"}],"author":[{"embeddable":true,"href":"https:\/\/literackieprzeszpiegi.pl\/index.php\/wp-json\/wp\/v2\/users\/1"}],"replies":[{"embeddable":true,"href":"https:\/\/literackieprzeszpiegi.pl\/index.php\/wp-json\/wp\/v2\/comments?post=1799"}],"version-history":[{"count":18,"href":"https:\/\/literackieprzeszpiegi.pl\/index.php\/wp-json\/wp\/v2\/posts\/1799\/revisions"}],"predecessor-version":[{"id":1823,"href":"https:\/\/literackieprzeszpiegi.pl\/index.php\/wp-json\/wp\/v2\/posts\/1799\/revisions\/1823"}],"wp:featuredmedia":[{"embeddable":true,"href":"https:\/\/literackieprzeszpiegi.pl\/index.php\/wp-json\/wp\/v2\/media\/1822"}],"wp:attachment":[{"href":"https:\/\/literackieprzeszpiegi.pl\/index.php\/wp-json\/wp\/v2\/media?parent=1799"}],"wp:term":[{"taxonomy":"category","embeddable":true,"href":"https:\/\/literackieprzeszpiegi.pl\/index.php\/wp-json\/wp\/v2\/categories?post=1799"},{"taxonomy":"post_tag","embeddable":true,"href":"https:\/\/literackieprzeszpiegi.pl\/index.php\/wp-json\/wp\/v2\/tags?post=1799"}],"curies":[{"name":"wp","href":"https:\/\/api.w.org\/{rel}","templated":true}]}}