{"id":1824,"date":"2019-04-06T12:34:55","date_gmt":"2019-04-06T10:34:55","guid":{"rendered":"http:\/\/literackieprzeszpiegi.pl\/?p=1824"},"modified":"2019-04-06T12:34:55","modified_gmt":"2019-04-06T10:34:55","slug":"zwiady-kwietniowe-cz-ii-2019","status":"publish","type":"post","link":"https:\/\/literackieprzeszpiegi.pl\/index.php\/2019\/04\/06\/zwiady-kwietniowe-cz-ii-2019\/","title":{"rendered":"Zwiady kwietniowe, cz. II, #2019"},"content":{"rendered":"<p>Tak to musia\u0142o si\u0119 sko\u0144czy\u0107. Kwiecie\u0144 prezentuje nam trzy pi\u0119kne powie\u015bci wprost od polskich autorek, kt\u00f3re bardzo sobie ceni\u0119&#8230; i jednego rodzynka, kt\u00f3ry potrafi rozbawi\u0107 do \u0142ez.\u00a0\u00a0<!--more--><\/p>\n<p>_________________________________________________________<\/p>\n<p><a href=\"http:\/\/literackieprzeszpiegi.pl\/wp-content\/uploads\/2019\/04\/obcy-powiew-wiatru.jpg\"><img loading=\"lazy\" decoding=\"async\" class=\"size-medium wp-image-1825 alignright\" src=\"http:\/\/literackieprzeszpiegi.pl\/wp-content\/uploads\/2019\/04\/obcy-powiew-wiatru-211x300.jpg\" alt=\"\" width=\"211\" height=\"300\" srcset=\"https:\/\/literackieprzeszpiegi.pl\/wp-content\/uploads\/2019\/04\/obcy-powiew-wiatru-211x300.jpg 211w, https:\/\/literackieprzeszpiegi.pl\/wp-content\/uploads\/2019\/04\/obcy-powiew-wiatru.jpg 352w\" sizes=\"(max-width: 211px) 100vw, 211px\" \/><\/a><\/p>\n<p>Wielopokoleniowa, pasjonuj\u0105ca saga o rodzinie, kt\u00f3ra po wojennej zawierusze odnalaz\u0142a swoje miejsce na ziemi w Ustroniu Morskim. Marcjanna Zielczy\u0144ska \u017cyje beztrosko \u2013 sp\u0119dza czas z przyjaci\u00f3\u0142kami, marzy o wielkiej mi\u0142o\u015bci, planuje swoj\u0105 przysz\u0142o\u015b\u0107. Kiedy zaczyna si\u0119 wojna, wszystko si\u0119 zmienia. \u015awiat, kt\u00f3ry zna\u0142a i kocha\u0142a, przestaje istnie\u0107. Dziewczyna musi opu\u015bci\u0107 swoje rodzinne strony i wyruszy\u0107 w podr\u00f3\u017c w nieznane, aby odnale\u017a\u0107 nowy dom. Wzruszaj\u0105ca opowie\u015b\u0107 inspirowana losami tysi\u0119cy Kresowiak\u00f3w, kt\u00f3rzy z dnia na dzie\u0144 utracili co\u015b o wiele cenniejszego ni\u017c maj\u0105tek \u2013 spok\u00f3j i miejsce do \u017cycia.<\/p>\n<h3>Magdalena Majcher &#8220;Obcy powiew wiatru&#8221;<br \/>\nCykl: Saga nadmorska<br \/>\nWydawnictwo Pascal<br \/>\ndata premiery: 3.04.2019 r.<br \/>\n________________________________________________<\/h3>\n<p><a href=\"http:\/\/literackieprzeszpiegi.pl\/wp-content\/uploads\/2019\/04\/Ksi\u0119\u017cniczka.jpg\"><img loading=\"lazy\" decoding=\"async\" class=\"size-medium wp-image-1828 alignleft\" src=\"http:\/\/literackieprzeszpiegi.pl\/wp-content\/uploads\/2019\/04\/Ksi\u0119\u017cniczka-211x300.jpg\" alt=\"\" width=\"211\" height=\"300\" srcset=\"https:\/\/literackieprzeszpiegi.pl\/wp-content\/uploads\/2019\/04\/Ksi\u0119\u017cniczka-211x300.jpg 211w, https:\/\/literackieprzeszpiegi.pl\/wp-content\/uploads\/2019\/04\/Ksi\u0119\u017cniczka.jpg 352w\" sizes=\"(max-width: 211px) 100vw, 211px\" \/><\/a><\/p>\n<p>Lena, doros\u0142a kobieta, m\u0119\u017catka, i Lenka, dziewczynka, kt\u00f3ra dopiero rozpoczyna podr\u00f3\u017c przez \u017cycie &#8211; ta sama osoba, ale pierwsza z baga\u017cem do\u015bwiadcze\u0144 tej drugiej.\u00a0 W zacnym domu szanowanego in\u017cyniera i budowniczego socjalistycznej Nowej Huty, za zamkni\u0119tymi drzwiami, rozgrywa si\u0119 dramat pozornie idealnej rodziny. Obserwowany oczami dziecka dodatkowo nabiera ostro\u015bci.<br \/>\nDoros\u0142a Lena wraca do rodzinnego domu, aby stan\u0105\u0107 z ojcem twarz\u0105 w twarz i przekona\u0107 si\u0119, czy wszystko mo\u017cna wybaczy\u0107, czy szacunek i mi\u0142o\u015b\u0107 wpisane w relacj\u0119 rodzicielsk\u0105 s\u0105 silniejsze ni\u017c pami\u0119\u0107 o krzywdzie.<\/p>\n<h3>Lucyna Olejniczak &#8220;Ksi\u0119\u017cniczka&#8221;<br \/>\nWydawnictwo Pr\u00f3szy\u0144ski i S-ka<br \/>\ndata premiery: 4.04.2019 r.<br \/>\n_______________________________________________<\/h3>\n<p><a href=\"http:\/\/literackieprzeszpiegi.pl\/wp-content\/uploads\/2019\/04\/moje-przyjaci\u00f3\u0142ki-z-Ravenbruck.jpg\"><img loading=\"lazy\" decoding=\"async\" class=\"size-medium wp-image-1832 alignright\" src=\"http:\/\/literackieprzeszpiegi.pl\/wp-content\/uploads\/2019\/04\/moje-przyjaci\u00f3\u0142ki-z-Ravenbruck-211x300.jpg\" alt=\"\" width=\"211\" height=\"300\" srcset=\"https:\/\/literackieprzeszpiegi.pl\/wp-content\/uploads\/2019\/04\/moje-przyjaci\u00f3\u0142ki-z-Ravenbruck-211x300.jpg 211w, https:\/\/literackieprzeszpiegi.pl\/wp-content\/uploads\/2019\/04\/moje-przyjaci\u00f3\u0142ki-z-Ravenbruck.jpg 352w\" sizes=\"(max-width: 211px) 100vw, 211px\" \/><\/a><\/p>\n<p>W \u015bwiecie, gdzie \u015bmier\u0107 wydaje si\u0119 nadziej\u0105, ocali\u0107 mo\u017ce tylko przyja\u017a\u0144. W otoczonym drutem kolczastym obozie zag\u0142ady zawi\u0105zuje si\u0119 kobieca wi\u0119\u017a. Trwalsza od obozowych mur\u00f3w. Silniejsza od brutalnych uderze\u0144. Maria, Sabina, Bente i Helga \u2013 ka\u017cda z nich trafi\u0142a do KL Ravensbr\u03cbck z innego powodu. Ka\u017cda by\u0142a inna.<br \/>\nPowie\u015b\u0107 inspirowana prawdziwymi \u015bwiadectwami by\u0142ych wi\u0119\u017aniarek.M\u0142oda autorka znajduje przed drzwiami swojego domu r\u0119kopis, kt\u00f3ry zupe\u0142nie zmienia jej \u017cycie. Za wszelk\u0105 cen\u0119 postanawia si\u0119 dowiedzie\u0107, kim by\u0142y przyjaci\u00f3\u0142ki z Ravensbr\u03cbck.<\/p>\n<h3>\nMagdalena Knedler &#8220;Moje przyjaci\u00f3\u0142ki z Ravensbr\u00fcck&#8221;<br \/>\n<a href=\"https:\/\/wydawnictwowam.pl\/mando\">Wydawnictwo Mando<\/a><br \/>\ndata premiery: 24.04.2019 r.<br \/>\n_______________________________________________<\/h3>\n<p><a href=\"http:\/\/literackieprzeszpiegi.pl\/wp-content\/uploads\/2019\/04\/niedorajda.jpg\"><img loading=\"lazy\" decoding=\"async\" class=\"size-medium wp-image-1835 alignleft\" src=\"http:\/\/literackieprzeszpiegi.pl\/wp-content\/uploads\/2019\/04\/niedorajda-211x300.jpg\" alt=\"\" width=\"211\" height=\"300\" srcset=\"https:\/\/literackieprzeszpiegi.pl\/wp-content\/uploads\/2019\/04\/niedorajda-211x300.jpg 211w, https:\/\/literackieprzeszpiegi.pl\/wp-content\/uploads\/2019\/04\/niedorajda.jpg 352w\" sizes=\"(max-width: 211px) 100vw, 211px\" \/><\/a><\/p>\n<p>Trenerzy, doradcy, coachowie i instruktorzy, strze\u017ccie si\u0119! Micha\u0142 Rusinek, przenikliwy i niestrudzony tropiciel pypci\u00f3w j\u0119zykowych, tym razem bierze pod lup\u0119 j\u0119zyk poradnik\u00f3w. Czyni to z w\u0142a\u015bciw\u0105 sobie maestri\u0105, literackim kunsztem i intelektualn\u0105 swad\u0105, bawi\u0105c si\u0119 poradniczymi kuriozami. Jak podrywa\u0107? A jak sprzedawa\u0107? Jak si\u0119 leczy\u0107? Jak tatuowa\u0107?<\/p>\n<p>A jak si\u0119 nie da\u0107 poradnikom, kt\u00f3re robi\u0105 z nas niedorajdy? Prosta rada: czyta\u0107 Rusinka.<\/p>\n<h3>Micha\u0142 Rusinek &#8220;Niedorajda, czyli co nam radz\u0105 poradniki&#8221;<br \/>\nWydawnictwo Agora,<br \/>\ndata premiery: 24.04.2019 r.<\/h3>\n","protected":false},"excerpt":{"rendered":"<p>Tak to musia\u0142o si\u0119 sko\u0144czy\u0107. Kwiecie\u0144 prezentuje nam trzy pi\u0119kne powie\u015bci wprost od polskich autorek, kt\u00f3re bardzo sobie ceni\u0119&#8230; i jednego rodzynka, kt\u00f3ry potrafi rozbawi\u0107 do \u0142ez.\u00a0\u00a0<\/p>\n","protected":false},"author":1,"featured_media":1837,"comment_status":"open","ping_status":"open","sticky":false,"template":"","format":"standard","meta":{"om_disable_all_campaigns":false,"_exactmetrics_skip_tracking":false,"_exactmetrics_sitenote_active":false,"_exactmetrics_sitenote_note":"","_exactmetrics_sitenote_category":0,"_monsterinsights_skip_tracking":false,"_monsterinsights_sitenote_active":false,"_monsterinsights_sitenote_note":"","_monsterinsights_sitenote_category":0,"_uf_show_specific_survey":0,"_uf_disable_surveys":false,"footnotes":""},"categories":[4],"tags":[67,100,72,121,99,81],"yoast_head":"<!-- This site is optimized with the Yoast SEO plugin v22.9 - https:\/\/yoast.com\/wordpress\/plugins\/seo\/ -->\n<title>Zwiady kwietniowe, czyli najlepsze premiery kwietnia 2019<\/title>\n<meta name=\"description\" content=\"Je\u015bli zastanawiali\u015bcie si\u0119 na jakie kwietniowe premiery warto zwr\u00f3ci\u0107 uwag\u0119, to mam dla Was ma\u0142\u0105 podpowied\u017a. Magdalena Majcher, Magdalena Knedler...\" \/>\n<meta name=\"robots\" content=\"index, follow, max-snippet:-1, max-image-preview:large, max-video-preview:-1\" \/>\n<link rel=\"canonical\" href=\"https:\/\/literackieprzeszpiegi.pl\/index.php\/2019\/04\/06\/zwiady-kwietniowe-cz-ii-2019\/\" \/>\n<meta property=\"og:locale\" content=\"pl_PL\" \/>\n<meta property=\"og:type\" content=\"article\" \/>\n<meta property=\"og:title\" content=\"Kwietniowe zwiady, cz. II, #2019\" \/>\n<meta property=\"og:description\" content=\"Tak to musia\u0142o si\u0119 sko\u0144czy\u0107. Kwiecie\u0144 prezentuje nam trzy pi\u0119kne powie\u015bci wprost od polskich autorek, kt\u00f3re bardzo sobie ceni\u0119... i jednego rodzynka, kt\u00f3ry potrafi rozbawi\u0107 do \u0142ez.\u00a0\" \/>\n<meta property=\"og:url\" content=\"https:\/\/literackieprzeszpiegi.pl\/index.php\/2019\/04\/06\/zwiady-kwietniowe-cz-ii-2019\/\" \/>\n<meta property=\"og:site_name\" content=\"Literackie przeszpiegi\" \/>\n<meta property=\"article:published_time\" content=\"2019-04-06T10:34:55+00:00\" \/>\n<meta property=\"og:image\" content=\"https:\/\/literackieprzeszpiegi.pl\/wp-content\/uploads\/2019\/04\/zwiady-kwietniowe.jpg\" \/>\n\t<meta property=\"og:image:width\" content=\"755\" \/>\n\t<meta property=\"og:image:height\" content=\"1051\" \/>\n\t<meta property=\"og:image:type\" content=\"image\/jpeg\" \/>\n<meta name=\"author\" content=\"Szpieg\" \/>\n<meta name=\"twitter:card\" content=\"summary_large_image\" \/>\n<meta name=\"twitter:label1\" content=\"Napisane przez\" \/>\n\t<meta name=\"twitter:data1\" content=\"Szpieg\" \/>\n\t<meta name=\"twitter:label2\" content=\"Szacowany czas czytania\" \/>\n\t<meta name=\"twitter:data2\" content=\"2 minuty\" \/>\n<script type=\"application\/ld+json\" class=\"yoast-schema-graph\">{\"@context\":\"https:\/\/schema.org\",\"@graph\":[{\"@type\":\"Article\",\"@id\":\"https:\/\/literackieprzeszpiegi.pl\/index.php\/2019\/04\/06\/zwiady-kwietniowe-cz-ii-2019\/#article\",\"isPartOf\":{\"@id\":\"https:\/\/literackieprzeszpiegi.pl\/index.php\/2019\/04\/06\/zwiady-kwietniowe-cz-ii-2019\/\"},\"author\":{\"name\":\"Szpieg\",\"@id\":\"https:\/\/literackieprzeszpiegi.pl\/#\/schema\/person\/fd5c4f317aed549d4833e6402ffea017\"},\"headline\":\"Zwiady kwietniowe, cz. II, #2019\",\"datePublished\":\"2019-04-06T10:34:55+00:00\",\"dateModified\":\"2019-04-06T10:34:55+00:00\",\"mainEntityOfPage\":{\"@id\":\"https:\/\/literackieprzeszpiegi.pl\/index.php\/2019\/04\/06\/zwiady-kwietniowe-cz-ii-2019\/\"},\"wordCount\":453,\"commentCount\":2,\"publisher\":{\"@id\":\"https:\/\/literackieprzeszpiegi.pl\/#organization\"},\"image\":{\"@id\":\"https:\/\/literackieprzeszpiegi.pl\/index.php\/2019\/04\/06\/zwiady-kwietniowe-cz-ii-2019\/#primaryimage\"},\"thumbnailUrl\":\"https:\/\/literackieprzeszpiegi.pl\/wp-content\/uploads\/2019\/04\/zwiady-kwietniowe.jpg\",\"keywords\":[\"Magdalena Knedler\",\"Magdalena Majcher\",\"Wydawnictwo Agora\",\"Wydawnictwo Mando\",\"Wydawnictwo Pascal\",\"Wydawnictwo Pr\u00f3szy\u0144ski i S-Ka\"],\"articleSection\":[\"Na zwiadach w ksi\u0119garniach\"],\"inLanguage\":\"pl-PL\",\"potentialAction\":[{\"@type\":\"CommentAction\",\"name\":\"Comment\",\"target\":[\"https:\/\/literackieprzeszpiegi.pl\/index.php\/2019\/04\/06\/zwiady-kwietniowe-cz-ii-2019\/#respond\"]}]},{\"@type\":\"WebPage\",\"@id\":\"https:\/\/literackieprzeszpiegi.pl\/index.php\/2019\/04\/06\/zwiady-kwietniowe-cz-ii-2019\/\",\"url\":\"https:\/\/literackieprzeszpiegi.pl\/index.php\/2019\/04\/06\/zwiady-kwietniowe-cz-ii-2019\/\",\"name\":\"Zwiady kwietniowe, czyli najlepsze premiery kwietnia 2019\",\"isPartOf\":{\"@id\":\"https:\/\/literackieprzeszpiegi.pl\/#website\"},\"primaryImageOfPage\":{\"@id\":\"https:\/\/literackieprzeszpiegi.pl\/index.php\/2019\/04\/06\/zwiady-kwietniowe-cz-ii-2019\/#primaryimage\"},\"image\":{\"@id\":\"https:\/\/literackieprzeszpiegi.pl\/index.php\/2019\/04\/06\/zwiady-kwietniowe-cz-ii-2019\/#primaryimage\"},\"thumbnailUrl\":\"https:\/\/literackieprzeszpiegi.pl\/wp-content\/uploads\/2019\/04\/zwiady-kwietniowe.jpg\",\"datePublished\":\"2019-04-06T10:34:55+00:00\",\"dateModified\":\"2019-04-06T10:34:55+00:00\",\"description\":\"Je\u015bli zastanawiali\u015bcie si\u0119 na jakie kwietniowe premiery warto zwr\u00f3ci\u0107 uwag\u0119, to mam dla Was ma\u0142\u0105 podpowied\u017a. Magdalena Majcher, Magdalena Knedler...\",\"breadcrumb\":{\"@id\":\"https:\/\/literackieprzeszpiegi.pl\/index.php\/2019\/04\/06\/zwiady-kwietniowe-cz-ii-2019\/#breadcrumb\"},\"inLanguage\":\"pl-PL\",\"potentialAction\":[{\"@type\":\"ReadAction\",\"target\":[\"https:\/\/literackieprzeszpiegi.pl\/index.php\/2019\/04\/06\/zwiady-kwietniowe-cz-ii-2019\/\"]}]},{\"@type\":\"ImageObject\",\"inLanguage\":\"pl-PL\",\"@id\":\"https:\/\/literackieprzeszpiegi.pl\/index.php\/2019\/04\/06\/zwiady-kwietniowe-cz-ii-2019\/#primaryimage\",\"url\":\"https:\/\/literackieprzeszpiegi.pl\/wp-content\/uploads\/2019\/04\/zwiady-kwietniowe.jpg\",\"contentUrl\":\"https:\/\/literackieprzeszpiegi.pl\/wp-content\/uploads\/2019\/04\/zwiady-kwietniowe.jpg\",\"width\":755,\"height\":1051},{\"@type\":\"BreadcrumbList\",\"@id\":\"https:\/\/literackieprzeszpiegi.pl\/index.php\/2019\/04\/06\/zwiady-kwietniowe-cz-ii-2019\/#breadcrumb\",\"itemListElement\":[{\"@type\":\"ListItem\",\"position\":1,\"name\":\"Home\",\"item\":\"https:\/\/literackieprzeszpiegi.pl\/\"},{\"@type\":\"ListItem\",\"position\":2,\"name\":\"Zwiady kwietniowe, cz. II, #2019\"}]},{\"@type\":\"WebSite\",\"@id\":\"https:\/\/literackieprzeszpiegi.pl\/#website\",\"url\":\"https:\/\/literackieprzeszpiegi.pl\/\",\"name\":\"Literackie przeszpiegi\",\"description\":\"blog o ksi\u0105\u017ckach\",\"publisher\":{\"@id\":\"https:\/\/literackieprzeszpiegi.pl\/#organization\"},\"potentialAction\":[{\"@type\":\"SearchAction\",\"target\":{\"@type\":\"EntryPoint\",\"urlTemplate\":\"https:\/\/literackieprzeszpiegi.pl\/?s={search_term_string}\"},\"query-input\":\"required name=search_term_string\"}],\"inLanguage\":\"pl-PL\"},{\"@type\":\"Organization\",\"@id\":\"https:\/\/literackieprzeszpiegi.pl\/#organization\",\"name\":\"Literackie przeszpiegi\",\"url\":\"https:\/\/literackieprzeszpiegi.pl\/\",\"logo\":{\"@type\":\"ImageObject\",\"inLanguage\":\"pl-PL\",\"@id\":\"https:\/\/literackieprzeszpiegi.pl\/#\/schema\/logo\/image\/\",\"url\":\"https:\/\/literackieprzeszpiegi.pl\/wp-content\/uploads\/2021\/01\/cropped-cropped-Literackie-przeszpiegi-1.png\",\"contentUrl\":\"https:\/\/literackieprzeszpiegi.pl\/wp-content\/uploads\/2021\/01\/cropped-cropped-Literackie-przeszpiegi-1.png\",\"width\":499,\"height\":142,\"caption\":\"Literackie przeszpiegi\"},\"image\":{\"@id\":\"https:\/\/literackieprzeszpiegi.pl\/#\/schema\/logo\/image\/\"}},{\"@type\":\"Person\",\"@id\":\"https:\/\/literackieprzeszpiegi.pl\/#\/schema\/person\/fd5c4f317aed549d4833e6402ffea017\",\"name\":\"Szpieg\",\"image\":{\"@type\":\"ImageObject\",\"inLanguage\":\"pl-PL\",\"@id\":\"https:\/\/literackieprzeszpiegi.pl\/#\/schema\/person\/image\/\",\"url\":\"https:\/\/secure.gravatar.com\/avatar\/45a17869257e08975d929f204ef78290?s=96&d=mm&r=g\",\"contentUrl\":\"https:\/\/secure.gravatar.com\/avatar\/45a17869257e08975d929f204ef78290?s=96&d=mm&r=g\",\"caption\":\"Szpieg\"},\"url\":\"https:\/\/literackieprzeszpiegi.pl\/index.php\/author\/admin\/\"}]}<\/script>\n<!-- \/ Yoast SEO plugin. -->","yoast_head_json":{"title":"Zwiady kwietniowe, czyli najlepsze premiery kwietnia 2019","description":"Je\u015bli zastanawiali\u015bcie si\u0119 na jakie kwietniowe premiery warto zwr\u00f3ci\u0107 uwag\u0119, to mam dla Was ma\u0142\u0105 podpowied\u017a. Magdalena Majcher, Magdalena Knedler...","robots":{"index":"index","follow":"follow","max-snippet":"max-snippet:-1","max-image-preview":"max-image-preview:large","max-video-preview":"max-video-preview:-1"},"canonical":"https:\/\/literackieprzeszpiegi.pl\/index.php\/2019\/04\/06\/zwiady-kwietniowe-cz-ii-2019\/","og_locale":"pl_PL","og_type":"article","og_title":"Kwietniowe zwiady, cz. II, #2019","og_description":"Tak to musia\u0142o si\u0119 sko\u0144czy\u0107. Kwiecie\u0144 prezentuje nam trzy pi\u0119kne powie\u015bci wprost od polskich autorek, kt\u00f3re bardzo sobie ceni\u0119... i jednego rodzynka, kt\u00f3ry potrafi rozbawi\u0107 do \u0142ez.\u00a0","og_url":"https:\/\/literackieprzeszpiegi.pl\/index.php\/2019\/04\/06\/zwiady-kwietniowe-cz-ii-2019\/","og_site_name":"Literackie przeszpiegi","article_published_time":"2019-04-06T10:34:55+00:00","og_image":[{"width":755,"height":1051,"url":"https:\/\/literackieprzeszpiegi.pl\/wp-content\/uploads\/2019\/04\/zwiady-kwietniowe.jpg","type":"image\/jpeg"}],"author":"Szpieg","twitter_card":"summary_large_image","twitter_misc":{"Napisane przez":"Szpieg","Szacowany czas czytania":"2 minuty"},"schema":{"@context":"https:\/\/schema.org","@graph":[{"@type":"Article","@id":"https:\/\/literackieprzeszpiegi.pl\/index.php\/2019\/04\/06\/zwiady-kwietniowe-cz-ii-2019\/#article","isPartOf":{"@id":"https:\/\/literackieprzeszpiegi.pl\/index.php\/2019\/04\/06\/zwiady-kwietniowe-cz-ii-2019\/"},"author":{"name":"Szpieg","@id":"https:\/\/literackieprzeszpiegi.pl\/#\/schema\/person\/fd5c4f317aed549d4833e6402ffea017"},"headline":"Zwiady kwietniowe, cz. II, #2019","datePublished":"2019-04-06T10:34:55+00:00","dateModified":"2019-04-06T10:34:55+00:00","mainEntityOfPage":{"@id":"https:\/\/literackieprzeszpiegi.pl\/index.php\/2019\/04\/06\/zwiady-kwietniowe-cz-ii-2019\/"},"wordCount":453,"commentCount":2,"publisher":{"@id":"https:\/\/literackieprzeszpiegi.pl\/#organization"},"image":{"@id":"https:\/\/literackieprzeszpiegi.pl\/index.php\/2019\/04\/06\/zwiady-kwietniowe-cz-ii-2019\/#primaryimage"},"thumbnailUrl":"https:\/\/literackieprzeszpiegi.pl\/wp-content\/uploads\/2019\/04\/zwiady-kwietniowe.jpg","keywords":["Magdalena Knedler","Magdalena Majcher","Wydawnictwo Agora","Wydawnictwo Mando","Wydawnictwo Pascal","Wydawnictwo Pr\u00f3szy\u0144ski i S-Ka"],"articleSection":["Na zwiadach w ksi\u0119garniach"],"inLanguage":"pl-PL","potentialAction":[{"@type":"CommentAction","name":"Comment","target":["https:\/\/literackieprzeszpiegi.pl\/index.php\/2019\/04\/06\/zwiady-kwietniowe-cz-ii-2019\/#respond"]}]},{"@type":"WebPage","@id":"https:\/\/literackieprzeszpiegi.pl\/index.php\/2019\/04\/06\/zwiady-kwietniowe-cz-ii-2019\/","url":"https:\/\/literackieprzeszpiegi.pl\/index.php\/2019\/04\/06\/zwiady-kwietniowe-cz-ii-2019\/","name":"Zwiady kwietniowe, czyli najlepsze premiery kwietnia 2019","isPartOf":{"@id":"https:\/\/literackieprzeszpiegi.pl\/#website"},"primaryImageOfPage":{"@id":"https:\/\/literackieprzeszpiegi.pl\/index.php\/2019\/04\/06\/zwiady-kwietniowe-cz-ii-2019\/#primaryimage"},"image":{"@id":"https:\/\/literackieprzeszpiegi.pl\/index.php\/2019\/04\/06\/zwiady-kwietniowe-cz-ii-2019\/#primaryimage"},"thumbnailUrl":"https:\/\/literackieprzeszpiegi.pl\/wp-content\/uploads\/2019\/04\/zwiady-kwietniowe.jpg","datePublished":"2019-04-06T10:34:55+00:00","dateModified":"2019-04-06T10:34:55+00:00","description":"Je\u015bli zastanawiali\u015bcie si\u0119 na jakie kwietniowe premiery warto zwr\u00f3ci\u0107 uwag\u0119, to mam dla Was ma\u0142\u0105 podpowied\u017a. Magdalena Majcher, Magdalena Knedler...","breadcrumb":{"@id":"https:\/\/literackieprzeszpiegi.pl\/index.php\/2019\/04\/06\/zwiady-kwietniowe-cz-ii-2019\/#breadcrumb"},"inLanguage":"pl-PL","potentialAction":[{"@type":"ReadAction","target":["https:\/\/literackieprzeszpiegi.pl\/index.php\/2019\/04\/06\/zwiady-kwietniowe-cz-ii-2019\/"]}]},{"@type":"ImageObject","inLanguage":"pl-PL","@id":"https:\/\/literackieprzeszpiegi.pl\/index.php\/2019\/04\/06\/zwiady-kwietniowe-cz-ii-2019\/#primaryimage","url":"https:\/\/literackieprzeszpiegi.pl\/wp-content\/uploads\/2019\/04\/zwiady-kwietniowe.jpg","contentUrl":"https:\/\/literackieprzeszpiegi.pl\/wp-content\/uploads\/2019\/04\/zwiady-kwietniowe.jpg","width":755,"height":1051},{"@type":"BreadcrumbList","@id":"https:\/\/literackieprzeszpiegi.pl\/index.php\/2019\/04\/06\/zwiady-kwietniowe-cz-ii-2019\/#breadcrumb","itemListElement":[{"@type":"ListItem","position":1,"name":"Home","item":"https:\/\/literackieprzeszpiegi.pl\/"},{"@type":"ListItem","position":2,"name":"Zwiady kwietniowe, cz. II, #2019"}]},{"@type":"WebSite","@id":"https:\/\/literackieprzeszpiegi.pl\/#website","url":"https:\/\/literackieprzeszpiegi.pl\/","name":"Literackie przeszpiegi","description":"blog o ksi\u0105\u017ckach","publisher":{"@id":"https:\/\/literackieprzeszpiegi.pl\/#organization"},"potentialAction":[{"@type":"SearchAction","target":{"@type":"EntryPoint","urlTemplate":"https:\/\/literackieprzeszpiegi.pl\/?s={search_term_string}"},"query-input":"required name=search_term_string"}],"inLanguage":"pl-PL"},{"@type":"Organization","@id":"https:\/\/literackieprzeszpiegi.pl\/#organization","name":"Literackie przeszpiegi","url":"https:\/\/literackieprzeszpiegi.pl\/","logo":{"@type":"ImageObject","inLanguage":"pl-PL","@id":"https:\/\/literackieprzeszpiegi.pl\/#\/schema\/logo\/image\/","url":"https:\/\/literackieprzeszpiegi.pl\/wp-content\/uploads\/2021\/01\/cropped-cropped-Literackie-przeszpiegi-1.png","contentUrl":"https:\/\/literackieprzeszpiegi.pl\/wp-content\/uploads\/2021\/01\/cropped-cropped-Literackie-przeszpiegi-1.png","width":499,"height":142,"caption":"Literackie przeszpiegi"},"image":{"@id":"https:\/\/literackieprzeszpiegi.pl\/#\/schema\/logo\/image\/"}},{"@type":"Person","@id":"https:\/\/literackieprzeszpiegi.pl\/#\/schema\/person\/fd5c4f317aed549d4833e6402ffea017","name":"Szpieg","image":{"@type":"ImageObject","inLanguage":"pl-PL","@id":"https:\/\/literackieprzeszpiegi.pl\/#\/schema\/person\/image\/","url":"https:\/\/secure.gravatar.com\/avatar\/45a17869257e08975d929f204ef78290?s=96&d=mm&r=g","contentUrl":"https:\/\/secure.gravatar.com\/avatar\/45a17869257e08975d929f204ef78290?s=96&d=mm&r=g","caption":"Szpieg"},"url":"https:\/\/literackieprzeszpiegi.pl\/index.php\/author\/admin\/"}]}},"_links":{"self":[{"href":"https:\/\/literackieprzeszpiegi.pl\/index.php\/wp-json\/wp\/v2\/posts\/1824"}],"collection":[{"href":"https:\/\/literackieprzeszpiegi.pl\/index.php\/wp-json\/wp\/v2\/posts"}],"about":[{"href":"https:\/\/literackieprzeszpiegi.pl\/index.php\/wp-json\/wp\/v2\/types\/post"}],"author":[{"embeddable":true,"href":"https:\/\/literackieprzeszpiegi.pl\/index.php\/wp-json\/wp\/v2\/users\/1"}],"replies":[{"embeddable":true,"href":"https:\/\/literackieprzeszpiegi.pl\/index.php\/wp-json\/wp\/v2\/comments?post=1824"}],"version-history":[{"count":9,"href":"https:\/\/literackieprzeszpiegi.pl\/index.php\/wp-json\/wp\/v2\/posts\/1824\/revisions"}],"predecessor-version":[{"id":1838,"href":"https:\/\/literackieprzeszpiegi.pl\/index.php\/wp-json\/wp\/v2\/posts\/1824\/revisions\/1838"}],"wp:featuredmedia":[{"embeddable":true,"href":"https:\/\/literackieprzeszpiegi.pl\/index.php\/wp-json\/wp\/v2\/media\/1837"}],"wp:attachment":[{"href":"https:\/\/literackieprzeszpiegi.pl\/index.php\/wp-json\/wp\/v2\/media?parent=1824"}],"wp:term":[{"taxonomy":"category","embeddable":true,"href":"https:\/\/literackieprzeszpiegi.pl\/index.php\/wp-json\/wp\/v2\/categories?post=1824"},{"taxonomy":"post_tag","embeddable":true,"href":"https:\/\/literackieprzeszpiegi.pl\/index.php\/wp-json\/wp\/v2\/tags?post=1824"}],"curies":[{"name":"wp","href":"https:\/\/api.w.org\/{rel}","templated":true}]}}