{"id":1948,"date":"2019-06-20T23:13:08","date_gmt":"2019-06-20T21:13:08","guid":{"rendered":"http:\/\/literackieprzeszpiegi.pl\/?p=1948"},"modified":"2019-06-20T23:13:08","modified_gmt":"2019-06-20T21:13:08","slug":"moje-przyjaciolki-z-ravensbruck-magda-knedler","status":"publish","type":"post","link":"https:\/\/literackieprzeszpiegi.pl\/index.php\/2019\/06\/20\/moje-przyjaciolki-z-ravensbruck-magda-knedler\/","title":{"rendered":"&#8220;Moje przyjaci\u00f3\u0142ki z Ravensbr\u00fcck&#8221; Magda Knedler"},"content":{"rendered":"<p><a href=\"http:\/\/literackieprzeszpiegi.pl\/wp-content\/uploads\/2019\/04\/moje-przyjaci\u00f3\u0142ki-z-Ravenbruck.jpg\"><img loading=\"lazy\" decoding=\"async\" class=\"size-medium wp-image-1832 alignright\" src=\"http:\/\/literackieprzeszpiegi.pl\/wp-content\/uploads\/2019\/04\/moje-przyjaci\u00f3\u0142ki-z-Ravenbruck-211x300.jpg\" alt=\"\" width=\"211\" height=\"300\" srcset=\"https:\/\/literackieprzeszpiegi.pl\/wp-content\/uploads\/2019\/04\/moje-przyjaci\u00f3\u0142ki-z-Ravenbruck-211x300.jpg 211w, https:\/\/literackieprzeszpiegi.pl\/wp-content\/uploads\/2019\/04\/moje-przyjaci\u00f3\u0142ki-z-Ravenbruck.jpg 352w\" sizes=\"(max-width: 211px) 100vw, 211px\" \/><\/a><\/p>\n<p><strong>&#8220;Ale co mo\u017cna wiedzie\u0107 o umieraniu, kiedy serce bije r\u00f3wnym rytmem, w \u017cy\u0142ach pulsuje krew, a w g\u0142owie k\u0142\u0119bi si\u0119 od pomys\u0142\u00f3w. Kiedy si\u0119 marzy, kocha, t\u0119skni i ma nadziej\u0119&#8221;.<\/strong><\/p>\n<p><!--more--><\/p>\n<p>Zdarza Wam si\u0119 si\u0119ga\u0107 po ksi\u0105\u017ck\u0119 ze wzgl\u0119du na autora\/autork\u0119? Tak te\u017c by\u0142o w przypadku &#8220;Moich przyjaci\u00f3\u0142ek z Ravenbruck&#8221; &#8211; po prostu zacz\u0119\u0142am czyta\u0107, chyba nie do ko\u0144ca zdaj\u0105c sobie spraw\u0119 z wagi opisywanej historii.<\/p>\n<p>Ida to m\u0142oda pisarka, kt\u00f3ra pewnego dnia znajduje na wycieraczce r\u0119kopis ksi\u0105\u017cki, zawieraj\u0105cej wspomnienia wi\u0119\u017aniarek z obozu w Ravensbr\u00fcck. Przesy\u0142ka jest bardzo zagadkowa &#8211; nie wiadomo, kto jest jej nadawc\u0105, ani jej autorem. Ida sp\u0119dza kilka lat nad tymi zapiskami, by rozwik\u0142a\u0107 tajemnic\u0119 czterech przyjaci\u00f3\u0142ek, kt\u00f3re po\u0142\u0105czy\u0142a niezwyk\u0142a wi\u0119\u017a. Maria, Sabina, Bente i Helga &#8211; ka\u017cda z nich wiod\u0142a normalne \u017cycie, zanim trafi\u0142a do obozu. Zanim sta\u0142a si\u0119 tylko numerem i tr\u00f3jk\u0105tem.<\/p>\n<p>&#8220;Moje przyjaci\u00f3\u0142ki z Ravensbr\u00fcck&#8221; to niesamowita lekcja pami\u0119ci o kobietach, kt\u00f3re stara\u0142y si\u0119 przetrwa\u0107 obozowe piek\u0142o. Tam czas p\u0142ynie inaczej, bardziej bezlito\u015bnie. Nie wybiega\u0142o my\u015blami w przysz\u0142o\u015b\u0107, bo nikt nie wiedzia\u0142, czy nadejdzie. Codzienno\u015b\u0107 przynosi\u0142a same z\u0142e wiadomo\u015bci, wobec kt\u00f3rych nie by\u0142o wolno okazywa\u0107 s\u0142abo\u015bci. I trzeba by\u0142o walczy\u0107 o wydarcie \u015bmierci jeszcze kliku godzin, kilku dni.<\/p>\n<p>Rozdzia\u0142y, w kt\u00f3rych narratorkami s\u0105 obozowiczki szczeg\u00f3lnie poruszaj\u0105. Na ka\u017cdym kroku pokazuj\u0105 zwyk\u0142\u0105 ludzk\u0105 solidarno\u015b\u0107, kt\u00f3ra nabiera niebanalnego znaczenia, zw\u0142aszcza w warunkach, w kt\u00f3rych przysz\u0142o im \u017cy\u0107. Ka\u017cdy dzie\u0144 jest walk\u0105 o przetrwanie i o ocalenie od zapomnienia. Ta, kt\u00f3ra prze\u017cyje ob\u00f3z, mia\u0142a pami\u0119ta\u0107 o innych kobietach, opowiada\u0107 historie ich \u017cycia, zanim los rzuci\u0142 je do obozu.\u00a0<a href=\"http:\/\/literackieprzeszpiegi.pl\/wp-content\/uploads\/2019\/06\/Moje-przyjaci\u00f3\u0142ki-z-Ravensbruck.jpg\"><img loading=\"lazy\" decoding=\"async\" class=\"size-medium wp-image-1953 alignright\" src=\"http:\/\/literackieprzeszpiegi.pl\/wp-content\/uploads\/2019\/06\/Moje-przyjaci\u00f3\u0142ki-z-Ravensbruck-300x174.jpg\" alt=\"\" width=\"300\" height=\"174\" srcset=\"https:\/\/literackieprzeszpiegi.pl\/wp-content\/uploads\/2019\/06\/Moje-przyjaci\u00f3\u0142ki-z-Ravensbruck-300x174.jpg 300w, https:\/\/literackieprzeszpiegi.pl\/wp-content\/uploads\/2019\/06\/Moje-przyjaci\u00f3\u0142ki-z-Ravensbruck-768x446.jpg 768w, https:\/\/literackieprzeszpiegi.pl\/wp-content\/uploads\/2019\/06\/Moje-przyjaci\u00f3\u0142ki-z-Ravensbruck-1024x594.jpg 1024w\" sizes=\"(max-width: 300px) 100vw, 300px\" \/><\/a><\/p>\n<p>Czytaj\u0105c relacje Marii, Helgi, Sabiny czy Bente, mia\u0142am wra\u017cenie, \u017ce &#8216;w\u0142amuje si\u0119&#8217; do ich prywatnego \u015bwiata, naruszam pewn\u0105 granic\u0119. Ale z drugiej strony &#8211; one d\u0105\u017cy\u0142y do tego, by \u015bwiat o nich pami\u0119ta\u0142. I to im si\u0119 uda\u0142o, bo Ida nie mo\u017ce przesta\u0107 o nich my\u015ble\u0107. Pr\u00f3buje na r\u00f3\u017cne sposoby odszuka\u0107 je lub nadawc\u0119 przesy\u0142ki, balansuj\u0105c na granicy obsesji.<\/p>\n<p>Nie wiem, czyja historia &#8211; Idy czy czterech przyjaci\u00f3\u0142ek &#8211; bardziej mnie zafrapowa\u0142a. Te historie wzajemnie si\u0119 uzupe\u0142niaj\u0105, pokazuj\u0105, \u017ce nigdy nie jest za p\u00f3\u017ano, by pr\u00f3bowa\u0107 zrozumie\u0107 histori\u0119.<\/p>\n<p>&#8220;Moje przyjaci\u00f3\u0142ki z Ravensbr\u00fcck&#8221; to kolejna ksi\u0105\u017cka, w kt\u00f3rej Magda Knedler udowadnia, \u017ce ma niezwyk\u0142y dar. Jej s\u0142owa, przelane na papier, po raz kolejny g\u0142\u0119boko zapadaj\u0105 w pami\u0119\u0107. Pisze o zwyczajnych \u017cyciu, prosto, nie popadaj\u0105c w niepotrzebny patos&#8230; Ale to zupe\u0142nie wystarczy, by wyobra\u017ania podczas czytania podsuwa\u0142a mi tysi\u0105ce obraz\u00f3w i twarzy.<\/p>\n<p>A czyta\u0142am t\u0119 ksi\u0105\u017ck\u0119 d\u0142ugo. Odk\u0142ada\u0142am, rozmy\u015bla\u0142am a potem znowu do niej wraca\u0142am.<br \/>\nTa historia wymaga czasu i zrozumienia.<br \/>\nCzytajcie j\u0105 niespiesznie, a potem podajcie dalej t\u0119 histori\u0119 o niesamowitej wi\u0119zi, kt\u00f3ra narodzi\u0142a si\u0119 za murami obozu w Ravensbr\u00fcck.<br \/>\nOcalmy j\u0105 od zapomnienia.<\/p>\n<p style=\"text-align: center;\">&#8220;\u017badna z nich nie mog\u0142a dopu\u015bci\u0107 do utraty w\u0142asnej to\u017csamo\u015bci,<br \/>\ndlatego przekaza\u0142a swoj\u0105 histori\u0119 innym.<br \/>\nNie chodzi\u0142o wcale o to, by gloryfikowa\u0107 przesz\u0142o\u015b\u0107<br \/>\ni zestawia\u0107 dawne z\u0142ote lata z obozowym koszmarem,<br \/>\nale by pami\u0119ta\u0107, kim by\u0142o si\u0119 naprawd\u0119.<br \/>\nTe rzeczy, kt\u00f3re zrobi\u0142o si\u0119 dobrze, i te, kt\u00f3re zrobi\u0142o si\u0119 \u017ale.<br \/>\nPami\u0119ta\u0107, \u017ce by\u0142o si\u0119 cz\u0142owiekiem i podejmowa\u0142o samodzielne decyzje,<br \/>\na p\u00f3\u017aniej ponosi\u0142o konsekwencje&#8221;.<\/p>\n<p>_________<\/p>\n<h3><strong>Magda Knedler &#8220;Moje przyjaci\u00f3\u0142ki z Ravensbr\u00fcck&#8221;<\/strong><br \/>\n<a href=\"https:\/\/wydawnictwowam.pl\/prod.moje-przyjaciolki-z-ravensbruck.16127.htm?sku=81076\"><strong>Wydawnictwo Mando<\/strong><\/a><br \/>\n<strong>data premiery: 24.04.2019 r.<\/strong><\/h3>\n","protected":false},"excerpt":{"rendered":"<p>&#8220;Ale co mo\u017cna wiedzie\u0107 o umieraniu, kiedy serce bije r\u00f3wnym rytmem, w \u017cy\u0142ach pulsuje krew, a w g\u0142owie k\u0142\u0119bi si\u0119 od pomys\u0142\u00f3w. Kiedy si\u0119 marzy, kocha, t\u0119skni i ma nadziej\u0119&#8221;.<\/p>\n","protected":false},"author":1,"featured_media":1832,"comment_status":"open","ping_status":"open","sticky":false,"template":"","format":"standard","meta":{"om_disable_all_campaigns":false,"_exactmetrics_skip_tracking":false,"_exactmetrics_sitenote_active":false,"_exactmetrics_sitenote_note":"","_exactmetrics_sitenote_category":0,"_monsterinsights_skip_tracking":false,"_monsterinsights_sitenote_active":false,"_monsterinsights_sitenote_note":"","_monsterinsights_sitenote_category":0,"_uf_show_specific_survey":0,"_uf_disable_surveys":false,"footnotes":""},"categories":[7,8],"tags":[67,121],"yoast_head":"<!-- This site is optimized with the Yoast SEO plugin v22.9 - https:\/\/yoast.com\/wordpress\/plugins\/seo\/ -->\n<title>Recenzja - &quot;Moje przyjaci\u00f3\u0142ki z Ravensbr\u00fcck&quot; Magda Knedler<\/title>\n<meta name=\"description\" content=\"&quot;Ale co mo\u017cna wiedzie\u0107 o umieraniu, kiedy serce bije r\u00f3wnym rytmem, w \u017cy\u0142ach pulsuje krew, a w g\u0142owie k\u0142\u0119bi si\u0119 od pomys\u0142\u00f3w. Kiedy si\u0119 marzy, kocha...\" \/>\n<meta name=\"robots\" content=\"index, follow, max-snippet:-1, max-image-preview:large, max-video-preview:-1\" \/>\n<link rel=\"canonical\" href=\"https:\/\/literackieprzeszpiegi.pl\/index.php\/2019\/06\/20\/moje-przyjaciolki-z-ravensbruck-magda-knedler\/\" \/>\n<meta property=\"og:locale\" content=\"pl_PL\" \/>\n<meta property=\"og:type\" content=\"article\" \/>\n<meta property=\"og:title\" content=\"&quot;Moje przyjaci\u00f3\u0142ki z Ravensbr\u00fcck&quot; Magda Knedler\" \/>\n<meta property=\"og:description\" content=\"&quot;Ale co mo\u017cna wiedzie\u0107 o umieraniu, kiedy serce bije r\u00f3wnym rytmem, w \u017cy\u0142ach pulsuje krew, a w g\u0142owie k\u0142\u0119bi si\u0119 od pomys\u0142\u00f3w. Kiedy si\u0119 marzy, kocha, t\u0119skni i ma nadziej\u0119&quot;.\" \/>\n<meta property=\"og:url\" content=\"https:\/\/literackieprzeszpiegi.pl\/index.php\/2019\/06\/20\/moje-przyjaciolki-z-ravensbruck-magda-knedler\/\" \/>\n<meta property=\"og:site_name\" content=\"Literackie przeszpiegi\" \/>\n<meta property=\"article:published_time\" content=\"2019-06-20T21:13:08+00:00\" \/>\n<meta property=\"og:image\" content=\"https:\/\/literackieprzeszpiegi.pl\/wp-content\/uploads\/2019\/06\/Moje-przyjaci\u00f3\u0142ki-z-Ravensbruck.jpg\" \/>\n\t<meta property=\"og:image:width\" content=\"3324\" \/>\n\t<meta property=\"og:image:height\" content=\"1929\" \/>\n\t<meta property=\"og:image:type\" content=\"image\/jpeg\" \/>\n<meta name=\"author\" content=\"Szpieg\" \/>\n<meta name=\"twitter:card\" content=\"summary_large_image\" \/>\n<meta name=\"twitter:label1\" content=\"Napisane przez\" \/>\n\t<meta name=\"twitter:data1\" content=\"Szpieg\" \/>\n\t<meta name=\"twitter:label2\" content=\"Szacowany czas czytania\" \/>\n\t<meta name=\"twitter:data2\" content=\"3 minuty\" \/>\n<script type=\"application\/ld+json\" class=\"yoast-schema-graph\">{\"@context\":\"https:\/\/schema.org\",\"@graph\":[{\"@type\":\"Article\",\"@id\":\"https:\/\/literackieprzeszpiegi.pl\/index.php\/2019\/06\/20\/moje-przyjaciolki-z-ravensbruck-magda-knedler\/#article\",\"isPartOf\":{\"@id\":\"https:\/\/literackieprzeszpiegi.pl\/index.php\/2019\/06\/20\/moje-przyjaciolki-z-ravensbruck-magda-knedler\/\"},\"author\":{\"name\":\"Szpieg\",\"@id\":\"https:\/\/literackieprzeszpiegi.pl\/#\/schema\/person\/fd5c4f317aed549d4833e6402ffea017\"},\"headline\":\"&#8220;Moje przyjaci\u00f3\u0142ki z Ravensbr\u00fcck&#8221; Magda Knedler\",\"datePublished\":\"2019-06-20T21:13:08+00:00\",\"dateModified\":\"2019-06-20T21:13:08+00:00\",\"mainEntityOfPage\":{\"@id\":\"https:\/\/literackieprzeszpiegi.pl\/index.php\/2019\/06\/20\/moje-przyjaciolki-z-ravensbruck-magda-knedler\/\"},\"wordCount\":654,\"commentCount\":0,\"publisher\":{\"@id\":\"https:\/\/literackieprzeszpiegi.pl\/#organization\"},\"image\":{\"@id\":\"https:\/\/literackieprzeszpiegi.pl\/index.php\/2019\/06\/20\/moje-przyjaciolki-z-ravensbruck-magda-knedler\/#primaryimage\"},\"thumbnailUrl\":\"https:\/\/literackieprzeszpiegi.pl\/wp-content\/uploads\/2019\/04\/moje-przyjaci\u00f3\u0142ki-z-Ravenbruck.jpg\",\"keywords\":[\"Magdalena Knedler\",\"Wydawnictwo Mando\"],\"articleSection\":[\"Hit\",\"recenzje\"],\"inLanguage\":\"pl-PL\",\"potentialAction\":[{\"@type\":\"CommentAction\",\"name\":\"Comment\",\"target\":[\"https:\/\/literackieprzeszpiegi.pl\/index.php\/2019\/06\/20\/moje-przyjaciolki-z-ravensbruck-magda-knedler\/#respond\"]}]},{\"@type\":\"WebPage\",\"@id\":\"https:\/\/literackieprzeszpiegi.pl\/index.php\/2019\/06\/20\/moje-przyjaciolki-z-ravensbruck-magda-knedler\/\",\"url\":\"https:\/\/literackieprzeszpiegi.pl\/index.php\/2019\/06\/20\/moje-przyjaciolki-z-ravensbruck-magda-knedler\/\",\"name\":\"Recenzja - \\\"Moje przyjaci\u00f3\u0142ki z Ravensbr\u00fcck\\\" Magda Knedler\",\"isPartOf\":{\"@id\":\"https:\/\/literackieprzeszpiegi.pl\/#website\"},\"primaryImageOfPage\":{\"@id\":\"https:\/\/literackieprzeszpiegi.pl\/index.php\/2019\/06\/20\/moje-przyjaciolki-z-ravensbruck-magda-knedler\/#primaryimage\"},\"image\":{\"@id\":\"https:\/\/literackieprzeszpiegi.pl\/index.php\/2019\/06\/20\/moje-przyjaciolki-z-ravensbruck-magda-knedler\/#primaryimage\"},\"thumbnailUrl\":\"https:\/\/literackieprzeszpiegi.pl\/wp-content\/uploads\/2019\/04\/moje-przyjaci\u00f3\u0142ki-z-Ravenbruck.jpg\",\"datePublished\":\"2019-06-20T21:13:08+00:00\",\"dateModified\":\"2019-06-20T21:13:08+00:00\",\"description\":\"\\\"Ale co mo\u017cna wiedzie\u0107 o umieraniu, kiedy serce bije r\u00f3wnym rytmem, w \u017cy\u0142ach pulsuje krew, a w g\u0142owie k\u0142\u0119bi si\u0119 od pomys\u0142\u00f3w. Kiedy si\u0119 marzy, kocha...\",\"breadcrumb\":{\"@id\":\"https:\/\/literackieprzeszpiegi.pl\/index.php\/2019\/06\/20\/moje-przyjaciolki-z-ravensbruck-magda-knedler\/#breadcrumb\"},\"inLanguage\":\"pl-PL\",\"potentialAction\":[{\"@type\":\"ReadAction\",\"target\":[\"https:\/\/literackieprzeszpiegi.pl\/index.php\/2019\/06\/20\/moje-przyjaciolki-z-ravensbruck-magda-knedler\/\"]}]},{\"@type\":\"ImageObject\",\"inLanguage\":\"pl-PL\",\"@id\":\"https:\/\/literackieprzeszpiegi.pl\/index.php\/2019\/06\/20\/moje-przyjaciolki-z-ravensbruck-magda-knedler\/#primaryimage\",\"url\":\"https:\/\/literackieprzeszpiegi.pl\/wp-content\/uploads\/2019\/04\/moje-przyjaci\u00f3\u0142ki-z-Ravenbruck.jpg\",\"contentUrl\":\"https:\/\/literackieprzeszpiegi.pl\/wp-content\/uploads\/2019\/04\/moje-przyjaci\u00f3\u0142ki-z-Ravenbruck.jpg\",\"width\":352,\"height\":500},{\"@type\":\"BreadcrumbList\",\"@id\":\"https:\/\/literackieprzeszpiegi.pl\/index.php\/2019\/06\/20\/moje-przyjaciolki-z-ravensbruck-magda-knedler\/#breadcrumb\",\"itemListElement\":[{\"@type\":\"ListItem\",\"position\":1,\"name\":\"Home\",\"item\":\"https:\/\/literackieprzeszpiegi.pl\/\"},{\"@type\":\"ListItem\",\"position\":2,\"name\":\"&#8220;Moje przyjaci\u00f3\u0142ki z Ravensbr\u00fcck&#8221; Magda Knedler\"}]},{\"@type\":\"WebSite\",\"@id\":\"https:\/\/literackieprzeszpiegi.pl\/#website\",\"url\":\"https:\/\/literackieprzeszpiegi.pl\/\",\"name\":\"Literackie przeszpiegi\",\"description\":\"blog o ksi\u0105\u017ckach\",\"publisher\":{\"@id\":\"https:\/\/literackieprzeszpiegi.pl\/#organization\"},\"potentialAction\":[{\"@type\":\"SearchAction\",\"target\":{\"@type\":\"EntryPoint\",\"urlTemplate\":\"https:\/\/literackieprzeszpiegi.pl\/?s={search_term_string}\"},\"query-input\":\"required name=search_term_string\"}],\"inLanguage\":\"pl-PL\"},{\"@type\":\"Organization\",\"@id\":\"https:\/\/literackieprzeszpiegi.pl\/#organization\",\"name\":\"Literackie przeszpiegi\",\"url\":\"https:\/\/literackieprzeszpiegi.pl\/\",\"logo\":{\"@type\":\"ImageObject\",\"inLanguage\":\"pl-PL\",\"@id\":\"https:\/\/literackieprzeszpiegi.pl\/#\/schema\/logo\/image\/\",\"url\":\"https:\/\/literackieprzeszpiegi.pl\/wp-content\/uploads\/2021\/01\/cropped-cropped-Literackie-przeszpiegi-1.png\",\"contentUrl\":\"https:\/\/literackieprzeszpiegi.pl\/wp-content\/uploads\/2021\/01\/cropped-cropped-Literackie-przeszpiegi-1.png\",\"width\":499,\"height\":142,\"caption\":\"Literackie przeszpiegi\"},\"image\":{\"@id\":\"https:\/\/literackieprzeszpiegi.pl\/#\/schema\/logo\/image\/\"}},{\"@type\":\"Person\",\"@id\":\"https:\/\/literackieprzeszpiegi.pl\/#\/schema\/person\/fd5c4f317aed549d4833e6402ffea017\",\"name\":\"Szpieg\",\"image\":{\"@type\":\"ImageObject\",\"inLanguage\":\"pl-PL\",\"@id\":\"https:\/\/literackieprzeszpiegi.pl\/#\/schema\/person\/image\/\",\"url\":\"https:\/\/secure.gravatar.com\/avatar\/45a17869257e08975d929f204ef78290?s=96&d=mm&r=g\",\"contentUrl\":\"https:\/\/secure.gravatar.com\/avatar\/45a17869257e08975d929f204ef78290?s=96&d=mm&r=g\",\"caption\":\"Szpieg\"},\"url\":\"https:\/\/literackieprzeszpiegi.pl\/index.php\/author\/admin\/\"}]}<\/script>\n<!-- \/ Yoast SEO plugin. -->","yoast_head_json":{"title":"Recenzja - \"Moje przyjaci\u00f3\u0142ki z Ravensbr\u00fcck\" Magda Knedler","description":"\"Ale co mo\u017cna wiedzie\u0107 o umieraniu, kiedy serce bije r\u00f3wnym rytmem, w \u017cy\u0142ach pulsuje krew, a w g\u0142owie k\u0142\u0119bi si\u0119 od pomys\u0142\u00f3w. Kiedy si\u0119 marzy, kocha...","robots":{"index":"index","follow":"follow","max-snippet":"max-snippet:-1","max-image-preview":"max-image-preview:large","max-video-preview":"max-video-preview:-1"},"canonical":"https:\/\/literackieprzeszpiegi.pl\/index.php\/2019\/06\/20\/moje-przyjaciolki-z-ravensbruck-magda-knedler\/","og_locale":"pl_PL","og_type":"article","og_title":"\"Moje przyjaci\u00f3\u0142ki z Ravensbr\u00fcck\" Magda Knedler","og_description":"\"Ale co mo\u017cna wiedzie\u0107 o umieraniu, kiedy serce bije r\u00f3wnym rytmem, w \u017cy\u0142ach pulsuje krew, a w g\u0142owie k\u0142\u0119bi si\u0119 od pomys\u0142\u00f3w. Kiedy si\u0119 marzy, kocha, t\u0119skni i ma nadziej\u0119\".","og_url":"https:\/\/literackieprzeszpiegi.pl\/index.php\/2019\/06\/20\/moje-przyjaciolki-z-ravensbruck-magda-knedler\/","og_site_name":"Literackie przeszpiegi","article_published_time":"2019-06-20T21:13:08+00:00","og_image":[{"width":3324,"height":1929,"url":"https:\/\/literackieprzeszpiegi.pl\/wp-content\/uploads\/2019\/06\/Moje-przyjaci\u00f3\u0142ki-z-Ravensbruck.jpg","type":"image\/jpeg"}],"author":"Szpieg","twitter_card":"summary_large_image","twitter_misc":{"Napisane przez":"Szpieg","Szacowany czas czytania":"3 minuty"},"schema":{"@context":"https:\/\/schema.org","@graph":[{"@type":"Article","@id":"https:\/\/literackieprzeszpiegi.pl\/index.php\/2019\/06\/20\/moje-przyjaciolki-z-ravensbruck-magda-knedler\/#article","isPartOf":{"@id":"https:\/\/literackieprzeszpiegi.pl\/index.php\/2019\/06\/20\/moje-przyjaciolki-z-ravensbruck-magda-knedler\/"},"author":{"name":"Szpieg","@id":"https:\/\/literackieprzeszpiegi.pl\/#\/schema\/person\/fd5c4f317aed549d4833e6402ffea017"},"headline":"&#8220;Moje przyjaci\u00f3\u0142ki z Ravensbr\u00fcck&#8221; Magda Knedler","datePublished":"2019-06-20T21:13:08+00:00","dateModified":"2019-06-20T21:13:08+00:00","mainEntityOfPage":{"@id":"https:\/\/literackieprzeszpiegi.pl\/index.php\/2019\/06\/20\/moje-przyjaciolki-z-ravensbruck-magda-knedler\/"},"wordCount":654,"commentCount":0,"publisher":{"@id":"https:\/\/literackieprzeszpiegi.pl\/#organization"},"image":{"@id":"https:\/\/literackieprzeszpiegi.pl\/index.php\/2019\/06\/20\/moje-przyjaciolki-z-ravensbruck-magda-knedler\/#primaryimage"},"thumbnailUrl":"https:\/\/literackieprzeszpiegi.pl\/wp-content\/uploads\/2019\/04\/moje-przyjaci\u00f3\u0142ki-z-Ravenbruck.jpg","keywords":["Magdalena Knedler","Wydawnictwo Mando"],"articleSection":["Hit","recenzje"],"inLanguage":"pl-PL","potentialAction":[{"@type":"CommentAction","name":"Comment","target":["https:\/\/literackieprzeszpiegi.pl\/index.php\/2019\/06\/20\/moje-przyjaciolki-z-ravensbruck-magda-knedler\/#respond"]}]},{"@type":"WebPage","@id":"https:\/\/literackieprzeszpiegi.pl\/index.php\/2019\/06\/20\/moje-przyjaciolki-z-ravensbruck-magda-knedler\/","url":"https:\/\/literackieprzeszpiegi.pl\/index.php\/2019\/06\/20\/moje-przyjaciolki-z-ravensbruck-magda-knedler\/","name":"Recenzja - \"Moje przyjaci\u00f3\u0142ki z Ravensbr\u00fcck\" Magda Knedler","isPartOf":{"@id":"https:\/\/literackieprzeszpiegi.pl\/#website"},"primaryImageOfPage":{"@id":"https:\/\/literackieprzeszpiegi.pl\/index.php\/2019\/06\/20\/moje-przyjaciolki-z-ravensbruck-magda-knedler\/#primaryimage"},"image":{"@id":"https:\/\/literackieprzeszpiegi.pl\/index.php\/2019\/06\/20\/moje-przyjaciolki-z-ravensbruck-magda-knedler\/#primaryimage"},"thumbnailUrl":"https:\/\/literackieprzeszpiegi.pl\/wp-content\/uploads\/2019\/04\/moje-przyjaci\u00f3\u0142ki-z-Ravenbruck.jpg","datePublished":"2019-06-20T21:13:08+00:00","dateModified":"2019-06-20T21:13:08+00:00","description":"\"Ale co mo\u017cna wiedzie\u0107 o umieraniu, kiedy serce bije r\u00f3wnym rytmem, w \u017cy\u0142ach pulsuje krew, a w g\u0142owie k\u0142\u0119bi si\u0119 od pomys\u0142\u00f3w. Kiedy si\u0119 marzy, kocha...","breadcrumb":{"@id":"https:\/\/literackieprzeszpiegi.pl\/index.php\/2019\/06\/20\/moje-przyjaciolki-z-ravensbruck-magda-knedler\/#breadcrumb"},"inLanguage":"pl-PL","potentialAction":[{"@type":"ReadAction","target":["https:\/\/literackieprzeszpiegi.pl\/index.php\/2019\/06\/20\/moje-przyjaciolki-z-ravensbruck-magda-knedler\/"]}]},{"@type":"ImageObject","inLanguage":"pl-PL","@id":"https:\/\/literackieprzeszpiegi.pl\/index.php\/2019\/06\/20\/moje-przyjaciolki-z-ravensbruck-magda-knedler\/#primaryimage","url":"https:\/\/literackieprzeszpiegi.pl\/wp-content\/uploads\/2019\/04\/moje-przyjaci\u00f3\u0142ki-z-Ravenbruck.jpg","contentUrl":"https:\/\/literackieprzeszpiegi.pl\/wp-content\/uploads\/2019\/04\/moje-przyjaci\u00f3\u0142ki-z-Ravenbruck.jpg","width":352,"height":500},{"@type":"BreadcrumbList","@id":"https:\/\/literackieprzeszpiegi.pl\/index.php\/2019\/06\/20\/moje-przyjaciolki-z-ravensbruck-magda-knedler\/#breadcrumb","itemListElement":[{"@type":"ListItem","position":1,"name":"Home","item":"https:\/\/literackieprzeszpiegi.pl\/"},{"@type":"ListItem","position":2,"name":"&#8220;Moje przyjaci\u00f3\u0142ki z Ravensbr\u00fcck&#8221; Magda Knedler"}]},{"@type":"WebSite","@id":"https:\/\/literackieprzeszpiegi.pl\/#website","url":"https:\/\/literackieprzeszpiegi.pl\/","name":"Literackie przeszpiegi","description":"blog o ksi\u0105\u017ckach","publisher":{"@id":"https:\/\/literackieprzeszpiegi.pl\/#organization"},"potentialAction":[{"@type":"SearchAction","target":{"@type":"EntryPoint","urlTemplate":"https:\/\/literackieprzeszpiegi.pl\/?s={search_term_string}"},"query-input":"required name=search_term_string"}],"inLanguage":"pl-PL"},{"@type":"Organization","@id":"https:\/\/literackieprzeszpiegi.pl\/#organization","name":"Literackie przeszpiegi","url":"https:\/\/literackieprzeszpiegi.pl\/","logo":{"@type":"ImageObject","inLanguage":"pl-PL","@id":"https:\/\/literackieprzeszpiegi.pl\/#\/schema\/logo\/image\/","url":"https:\/\/literackieprzeszpiegi.pl\/wp-content\/uploads\/2021\/01\/cropped-cropped-Literackie-przeszpiegi-1.png","contentUrl":"https:\/\/literackieprzeszpiegi.pl\/wp-content\/uploads\/2021\/01\/cropped-cropped-Literackie-przeszpiegi-1.png","width":499,"height":142,"caption":"Literackie przeszpiegi"},"image":{"@id":"https:\/\/literackieprzeszpiegi.pl\/#\/schema\/logo\/image\/"}},{"@type":"Person","@id":"https:\/\/literackieprzeszpiegi.pl\/#\/schema\/person\/fd5c4f317aed549d4833e6402ffea017","name":"Szpieg","image":{"@type":"ImageObject","inLanguage":"pl-PL","@id":"https:\/\/literackieprzeszpiegi.pl\/#\/schema\/person\/image\/","url":"https:\/\/secure.gravatar.com\/avatar\/45a17869257e08975d929f204ef78290?s=96&d=mm&r=g","contentUrl":"https:\/\/secure.gravatar.com\/avatar\/45a17869257e08975d929f204ef78290?s=96&d=mm&r=g","caption":"Szpieg"},"url":"https:\/\/literackieprzeszpiegi.pl\/index.php\/author\/admin\/"}]}},"_links":{"self":[{"href":"https:\/\/literackieprzeszpiegi.pl\/index.php\/wp-json\/wp\/v2\/posts\/1948"}],"collection":[{"href":"https:\/\/literackieprzeszpiegi.pl\/index.php\/wp-json\/wp\/v2\/posts"}],"about":[{"href":"https:\/\/literackieprzeszpiegi.pl\/index.php\/wp-json\/wp\/v2\/types\/post"}],"author":[{"embeddable":true,"href":"https:\/\/literackieprzeszpiegi.pl\/index.php\/wp-json\/wp\/v2\/users\/1"}],"replies":[{"embeddable":true,"href":"https:\/\/literackieprzeszpiegi.pl\/index.php\/wp-json\/wp\/v2\/comments?post=1948"}],"version-history":[{"count":6,"href":"https:\/\/literackieprzeszpiegi.pl\/index.php\/wp-json\/wp\/v2\/posts\/1948\/revisions"}],"predecessor-version":[{"id":1955,"href":"https:\/\/literackieprzeszpiegi.pl\/index.php\/wp-json\/wp\/v2\/posts\/1948\/revisions\/1955"}],"wp:featuredmedia":[{"embeddable":true,"href":"https:\/\/literackieprzeszpiegi.pl\/index.php\/wp-json\/wp\/v2\/media\/1832"}],"wp:attachment":[{"href":"https:\/\/literackieprzeszpiegi.pl\/index.php\/wp-json\/wp\/v2\/media?parent=1948"}],"wp:term":[{"taxonomy":"category","embeddable":true,"href":"https:\/\/literackieprzeszpiegi.pl\/index.php\/wp-json\/wp\/v2\/categories?post=1948"},{"taxonomy":"post_tag","embeddable":true,"href":"https:\/\/literackieprzeszpiegi.pl\/index.php\/wp-json\/wp\/v2\/tags?post=1948"}],"curies":[{"name":"wp","href":"https:\/\/api.w.org\/{rel}","templated":true}]}}