{"id":2034,"date":"2019-08-18T20:07:18","date_gmt":"2019-08-18T18:07:18","guid":{"rendered":"http:\/\/literackieprzeszpiegi.pl\/?p=2034"},"modified":"2019-08-20T14:21:47","modified_gmt":"2019-08-20T12:21:47","slug":"opowiedz-mi-o-nim-carin-gerhardsen","status":"publish","type":"post","link":"https:\/\/literackieprzeszpiegi.pl\/index.php\/2019\/08\/18\/opowiedz-mi-o-nim-carin-gerhardsen\/","title":{"rendered":"&#8220;Opowiedz mi o nim&#8221; Carin Gerhardsen"},"content":{"rendered":"<p><a href=\"http:\/\/literackieprzeszpiegi.pl\/wp-content\/uploads\/2019\/08\/Opowiedz-mi-o-nim.jpg\"><img loading=\"lazy\" decoding=\"async\" class=\"size-medium wp-image-2015 alignright\" src=\"http:\/\/literackieprzeszpiegi.pl\/wp-content\/uploads\/2019\/08\/Opowiedz-mi-o-nim-211x300.jpg\" alt=\"\" width=\"211\" height=\"300\" srcset=\"https:\/\/literackieprzeszpiegi.pl\/wp-content\/uploads\/2019\/08\/Opowiedz-mi-o-nim-211x300.jpg 211w, https:\/\/literackieprzeszpiegi.pl\/wp-content\/uploads\/2019\/08\/Opowiedz-mi-o-nim.jpg 352w\" sizes=\"(max-width: 211px) 100vw, 211px\" \/><\/a><\/p>\n<h3><strong>&#8220;Jedna rozmowa sprawi, \u017ce g\u0142\u0119boko skrywane tajemnice z\u0142\u0105cz\u0105 ze sob\u0105 trzy kobiety, kt\u00f3re nie wiedzia\u0142y o swoim istnieniu&#8221;. <\/strong><!--more--><\/h3>\n<p>Kerstin, Sandra i Jeanette &#8211; trzy kobiety, kt\u00f3re prawdopodobnie nigdy by si\u0119 nie spotka\u0142y. Ale po\u0142\u0105czy\u0142a je historia wypadku sprzed czterech lat.<br \/>\nKa\u017cda z nich zapami\u0119ta\u0142a ten dzie\u0144 w inny spos\u00f3b. Chocia\u017c up\u0142yn\u0119\u0142o ju\u017c troch\u0119 czasu, wspomnienia nie straci\u0142y na ostro\u015bci. Ten dzie\u0144 co\u015b zabra\u0142, ale te\u017c i co\u015b da\u0142. Kobiety oceniaj\u0105 t\u0119 histori\u0119 tylko z w\u0142asnej perspektywy, nie domy\u015blaj\u0105c si\u0119, \u017ce mo\u017ce by\u0107 znacznie bardziej skomplikowana. A\u017c pewnego dnia Kerstin dzwoni na lini\u0119 telefonu zaufania, przy kt\u00f3rym dy\u017curuje akurat Sandra&#8230;<\/p>\n<h3><strong>Nie wierzcie w przypadki<\/strong><\/h3>\n<p>Do pewnego etapu ta historia wpisywa\u0142a si\u0119 w pewien schemat. Wstydliwa tajemnica i trzy kobiety, szukaj\u0105ce zrozumienia i wsparcia. I pal\u0105ce wyrzuty sumienia, \u017ce nie post\u0105pi\u0142y wtedy inaczej.<\/p>\n<p>Nie zaprotestowa\u0142y.<br \/>\nZabrak\u0142o im odwagi.<br \/>\nI nie przemog\u0142y swojego wstydu.<\/p>\n<p>B\u0105d\u017a, co b\u0105d\u017a &#8211; zgin\u0105\u0142 cz\u0142owiek.<br \/>\nI niekt\u00f3re historie, zgodnie z utartym scenariuszem, ko\u0144cz\u0105 si\u0119 w\u0142a\u015bnie w tym momencie. W\u0105tpliwo\u015bci zostaj\u0105 wyja\u015bnione, sumienie oczyszczone a kobiety po\u0142\u0105czy wyj\u0105tkowa wi\u0119\u017a. Ale nie w przypadku tej ksi\u0105\u017cki. To dopiero po\u0142owa tej historii, kt\u00f3ra wsp\u00f3\u0142cze\u015bnie rozwija si\u0119 w do\u015b\u0107 zaskakuj\u0105cym kierunku, z nieprzewidywalnym zako\u0144czeniem.<\/p>\n<p><a href=\"http:\/\/literackieprzeszpiegi.pl\/wp-content\/uploads\/2019\/08\/Opowiedz-mi-o-nim__Gerhardsen.jpg\"><img loading=\"lazy\" decoding=\"async\" class=\"size-medium wp-image-2037 alignright\" src=\"http:\/\/literackieprzeszpiegi.pl\/wp-content\/uploads\/2019\/08\/Opowiedz-mi-o-nim__Gerhardsen-300x230.jpg\" alt=\"\" width=\"300\" height=\"230\" srcset=\"https:\/\/literackieprzeszpiegi.pl\/wp-content\/uploads\/2019\/08\/Opowiedz-mi-o-nim__Gerhardsen-300x230.jpg 300w, https:\/\/literackieprzeszpiegi.pl\/wp-content\/uploads\/2019\/08\/Opowiedz-mi-o-nim__Gerhardsen-768x590.jpg 768w, https:\/\/literackieprzeszpiegi.pl\/wp-content\/uploads\/2019\/08\/Opowiedz-mi-o-nim__Gerhardsen-1024x786.jpg 1024w\" sizes=\"(max-width: 300px) 100vw, 300px\" \/><\/a>Uczciwie musz\u0119 napisa\u0107, \u017ce wydawnictwo nie pomyli\u0142o si\u0119, opisuj\u0105c &#8220;Opowiedz mi o nim&#8221; jako thriller psychologiczny. Autorka roz\u0142o\u017cy\u0142a na czynniki pierwsze g\u0142\u00f3wne postacie kobiece. Dla ka\u017cdej z kobiet stworzy\u0142a osobny rys psychologiczny, analizuj\u0105c \u017cycie sprzed feralnego wypadku a\u017c po dzie\u0144 dzisiejszy. Pokazuje jak bardzo przesz\u0142o\u015b\u0107 siedzi w cz\u0142owieku i jak bardzo potrafi spowodowa\u0107 wyrw\u0119 w miar\u0119 ustabilizowanej tera\u017aniejszo\u015bci. A czytelnik do samego ko\u0144ca zastanawia si\u0119, do czego tak naprawd\u0119 jest zdolna kobieta skrzywdzona i osamotniona&#8230; I do kogo b\u0119dzie nale\u017ce\u0107 ostatnie s\u0142owo w tej rozgrywce.<\/p>\n<p><strong>Thriller dla kobiet?<\/strong><\/p>\n<p>Co prawda narratorkami tej ksi\u0105\u017cki s\u0105 kobiety, ale pojawia si\u0119 te\u017c i m\u0119ski punkt widzenia. Ale czytaj\u0105c jego relacj\u0119 i przygl\u0105daj\u0105c si\u0119 jego zachowaniu, a\u017c przeciera\u0142am oczy ze zdumienia, \u017ce tacy egoi\u015bci st\u0105paj\u0105 jeszcze po tej ziemi&#8230;<br \/>\nI chocia\u017c ksi\u0105\u017cka jest reklamowa jako &#8220;skandynawski thriller o kobietach i dla kobiet&#8221;, to m\u0119\u017cczy\u017ani te\u017c powinni go przeczyta\u0107. Mo\u017ce b\u0119dzie to dla nich warto\u015bciowa lekcja empatii.<\/p>\n<p>A dla wszystkich ta ksi\u0105\u017cka powinna by\u0107 przestrog\u0105, \u017ce ludzie o mi\u0142ej aparycji mog\u0105 nie mie\u0107 skrupu\u0142\u00f3w, by czyni\u0107 z\u0142o. Nigdy nie wiadomo, co\u00a0 kryje si\u0119 w drugim cz\u0142owieku.<\/p>\n<p>_________<\/p>\n<h3>Carin Gerhardsen &#8220;<a href=\"http:\/\/literackieprzeszpiegi.pl\/index.php\/2019\/08\/01\/sierpniowe-zwiady-cz-i-2019\/\">Opowiedz mi o nim<\/a>&#8221;<br \/>\n<a href=\"https:\/\/www.otwarte.eu\/book\/opowiedz-mi-o-nim\">Wydawnictwo Otwarte<\/a><br \/>\ndata premiery: 14.08.2019 r.<\/h3>\n","protected":false},"excerpt":{"rendered":"<p>&#8220;Jedna rozmowa sprawi, \u017ce g\u0142\u0119boko skrywane tajemnice z\u0142\u0105cz\u0105 ze sob\u0105 trzy kobiety, kt\u00f3re nie wiedzia\u0142y o swoim istnieniu&#8221;.<\/p>\n","protected":false},"author":1,"featured_media":2015,"comment_status":"open","ping_status":"open","sticky":false,"template":"","format":"standard","meta":{"om_disable_all_campaigns":false,"_exactmetrics_skip_tracking":false,"_exactmetrics_sitenote_active":false,"_exactmetrics_sitenote_note":"","_exactmetrics_sitenote_category":0,"_monsterinsights_skip_tracking":false,"_monsterinsights_sitenote_active":false,"_monsterinsights_sitenote_note":"","_monsterinsights_sitenote_category":0,"_uf_show_specific_survey":0,"_uf_disable_surveys":false,"footnotes":""},"categories":[8,102],"tags":[69],"yoast_head":"<!-- This site is optimized with the Yoast SEO plugin v22.9 - https:\/\/yoast.com\/wordpress\/plugins\/seo\/ -->\n<title>Recenzja &quot;Opowiedz mi o nim&quot; Carin Gerhardsen - Literackie przeszpiegi<\/title>\n<meta name=\"description\" content=\"&quot;Jedna rozmowa sprawi, \u017ce g\u0142\u0119boko skrywane tajemnice z\u0142\u0105cz\u0105 ze sob\u0105 trzy kobiety, kt\u00f3re nie wiedzia\u0142y o swoim istnieniu&quot;.\" \/>\n<meta name=\"robots\" content=\"index, follow, max-snippet:-1, max-image-preview:large, max-video-preview:-1\" \/>\n<link rel=\"canonical\" href=\"https:\/\/literackieprzeszpiegi.pl\/index.php\/2019\/08\/18\/opowiedz-mi-o-nim-carin-gerhardsen\/\" \/>\n<meta property=\"og:locale\" content=\"pl_PL\" \/>\n<meta property=\"og:type\" content=\"article\" \/>\n<meta property=\"og:title\" content=\"Recenzja &quot;Opowiedz mi o nim&quot; Carin Gerhardsen\" \/>\n<meta property=\"og:description\" content=\"&quot;Jedna rozmowa sprawi, \u017ce g\u0142\u0119boko skrywane tajemnice z\u0142\u0105cz\u0105 ze sob\u0105 trzy kobiety, kt\u00f3re nie wiedzia\u0142y o swoim istnieniu&quot;.\" \/>\n<meta property=\"og:url\" content=\"https:\/\/literackieprzeszpiegi.pl\/index.php\/2019\/08\/18\/opowiedz-mi-o-nim-carin-gerhardsen\/\" \/>\n<meta property=\"og:site_name\" content=\"Literackie przeszpiegi\" \/>\n<meta property=\"article:published_time\" content=\"2019-08-18T18:07:18+00:00\" \/>\n<meta property=\"article:modified_time\" content=\"2019-08-20T12:21:47+00:00\" \/>\n<meta property=\"og:image\" content=\"https:\/\/literackieprzeszpiegi.pl\/wp-content\/uploads\/2019\/08\/Opowiedz-mi-o-nim__Gerhardsen-1024x786.jpg\" \/>\n\t<meta property=\"og:image:width\" content=\"1024\" \/>\n\t<meta property=\"og:image:height\" content=\"786\" \/>\n\t<meta property=\"og:image:type\" content=\"image\/jpeg\" \/>\n<meta name=\"author\" content=\"Szpieg\" \/>\n<meta name=\"twitter:card\" content=\"summary_large_image\" \/>\n<meta name=\"twitter:label1\" content=\"Napisane przez\" \/>\n\t<meta name=\"twitter:data1\" content=\"Szpieg\" \/>\n\t<meta name=\"twitter:label2\" content=\"Szacowany czas czytania\" \/>\n\t<meta name=\"twitter:data2\" content=\"2 minuty\" \/>\n<script type=\"application\/ld+json\" class=\"yoast-schema-graph\">{\"@context\":\"https:\/\/schema.org\",\"@graph\":[{\"@type\":\"Article\",\"@id\":\"https:\/\/literackieprzeszpiegi.pl\/index.php\/2019\/08\/18\/opowiedz-mi-o-nim-carin-gerhardsen\/#article\",\"isPartOf\":{\"@id\":\"https:\/\/literackieprzeszpiegi.pl\/index.php\/2019\/08\/18\/opowiedz-mi-o-nim-carin-gerhardsen\/\"},\"author\":{\"name\":\"Szpieg\",\"@id\":\"https:\/\/literackieprzeszpiegi.pl\/#\/schema\/person\/fd5c4f317aed549d4833e6402ffea017\"},\"headline\":\"&#8220;Opowiedz mi o nim&#8221; Carin Gerhardsen\",\"datePublished\":\"2019-08-18T18:07:18+00:00\",\"dateModified\":\"2019-08-20T12:21:47+00:00\",\"mainEntityOfPage\":{\"@id\":\"https:\/\/literackieprzeszpiegi.pl\/index.php\/2019\/08\/18\/opowiedz-mi-o-nim-carin-gerhardsen\/\"},\"wordCount\":475,\"commentCount\":0,\"publisher\":{\"@id\":\"https:\/\/literackieprzeszpiegi.pl\/#organization\"},\"image\":{\"@id\":\"https:\/\/literackieprzeszpiegi.pl\/index.php\/2019\/08\/18\/opowiedz-mi-o-nim-carin-gerhardsen\/#primaryimage\"},\"thumbnailUrl\":\"https:\/\/literackieprzeszpiegi.pl\/wp-content\/uploads\/2019\/08\/Opowiedz-mi-o-nim.jpg\",\"keywords\":[\"Wydawnictwo Otwarte\"],\"articleSection\":[\"recenzje\",\"z dreszczykiem\"],\"inLanguage\":\"pl-PL\",\"potentialAction\":[{\"@type\":\"CommentAction\",\"name\":\"Comment\",\"target\":[\"https:\/\/literackieprzeszpiegi.pl\/index.php\/2019\/08\/18\/opowiedz-mi-o-nim-carin-gerhardsen\/#respond\"]}]},{\"@type\":\"WebPage\",\"@id\":\"https:\/\/literackieprzeszpiegi.pl\/index.php\/2019\/08\/18\/opowiedz-mi-o-nim-carin-gerhardsen\/\",\"url\":\"https:\/\/literackieprzeszpiegi.pl\/index.php\/2019\/08\/18\/opowiedz-mi-o-nim-carin-gerhardsen\/\",\"name\":\"Recenzja \\\"Opowiedz mi o nim\\\" Carin Gerhardsen - Literackie przeszpiegi\",\"isPartOf\":{\"@id\":\"https:\/\/literackieprzeszpiegi.pl\/#website\"},\"primaryImageOfPage\":{\"@id\":\"https:\/\/literackieprzeszpiegi.pl\/index.php\/2019\/08\/18\/opowiedz-mi-o-nim-carin-gerhardsen\/#primaryimage\"},\"image\":{\"@id\":\"https:\/\/literackieprzeszpiegi.pl\/index.php\/2019\/08\/18\/opowiedz-mi-o-nim-carin-gerhardsen\/#primaryimage\"},\"thumbnailUrl\":\"https:\/\/literackieprzeszpiegi.pl\/wp-content\/uploads\/2019\/08\/Opowiedz-mi-o-nim.jpg\",\"datePublished\":\"2019-08-18T18:07:18+00:00\",\"dateModified\":\"2019-08-20T12:21:47+00:00\",\"description\":\"\\\"Jedna rozmowa sprawi, \u017ce g\u0142\u0119boko skrywane tajemnice z\u0142\u0105cz\u0105 ze sob\u0105 trzy kobiety, kt\u00f3re nie wiedzia\u0142y o swoim istnieniu\\\".\",\"breadcrumb\":{\"@id\":\"https:\/\/literackieprzeszpiegi.pl\/index.php\/2019\/08\/18\/opowiedz-mi-o-nim-carin-gerhardsen\/#breadcrumb\"},\"inLanguage\":\"pl-PL\",\"potentialAction\":[{\"@type\":\"ReadAction\",\"target\":[\"https:\/\/literackieprzeszpiegi.pl\/index.php\/2019\/08\/18\/opowiedz-mi-o-nim-carin-gerhardsen\/\"]}]},{\"@type\":\"ImageObject\",\"inLanguage\":\"pl-PL\",\"@id\":\"https:\/\/literackieprzeszpiegi.pl\/index.php\/2019\/08\/18\/opowiedz-mi-o-nim-carin-gerhardsen\/#primaryimage\",\"url\":\"https:\/\/literackieprzeszpiegi.pl\/wp-content\/uploads\/2019\/08\/Opowiedz-mi-o-nim.jpg\",\"contentUrl\":\"https:\/\/literackieprzeszpiegi.pl\/wp-content\/uploads\/2019\/08\/Opowiedz-mi-o-nim.jpg\",\"width\":352,\"height\":500},{\"@type\":\"BreadcrumbList\",\"@id\":\"https:\/\/literackieprzeszpiegi.pl\/index.php\/2019\/08\/18\/opowiedz-mi-o-nim-carin-gerhardsen\/#breadcrumb\",\"itemListElement\":[{\"@type\":\"ListItem\",\"position\":1,\"name\":\"Home\",\"item\":\"https:\/\/literackieprzeszpiegi.pl\/\"},{\"@type\":\"ListItem\",\"position\":2,\"name\":\"&#8220;Opowiedz mi o nim&#8221; Carin Gerhardsen\"}]},{\"@type\":\"WebSite\",\"@id\":\"https:\/\/literackieprzeszpiegi.pl\/#website\",\"url\":\"https:\/\/literackieprzeszpiegi.pl\/\",\"name\":\"Literackie przeszpiegi\",\"description\":\"blog o ksi\u0105\u017ckach\",\"publisher\":{\"@id\":\"https:\/\/literackieprzeszpiegi.pl\/#organization\"},\"potentialAction\":[{\"@type\":\"SearchAction\",\"target\":{\"@type\":\"EntryPoint\",\"urlTemplate\":\"https:\/\/literackieprzeszpiegi.pl\/?s={search_term_string}\"},\"query-input\":\"required name=search_term_string\"}],\"inLanguage\":\"pl-PL\"},{\"@type\":\"Organization\",\"@id\":\"https:\/\/literackieprzeszpiegi.pl\/#organization\",\"name\":\"Literackie przeszpiegi\",\"url\":\"https:\/\/literackieprzeszpiegi.pl\/\",\"logo\":{\"@type\":\"ImageObject\",\"inLanguage\":\"pl-PL\",\"@id\":\"https:\/\/literackieprzeszpiegi.pl\/#\/schema\/logo\/image\/\",\"url\":\"https:\/\/literackieprzeszpiegi.pl\/wp-content\/uploads\/2021\/01\/cropped-cropped-Literackie-przeszpiegi-1.png\",\"contentUrl\":\"https:\/\/literackieprzeszpiegi.pl\/wp-content\/uploads\/2021\/01\/cropped-cropped-Literackie-przeszpiegi-1.png\",\"width\":499,\"height\":142,\"caption\":\"Literackie przeszpiegi\"},\"image\":{\"@id\":\"https:\/\/literackieprzeszpiegi.pl\/#\/schema\/logo\/image\/\"}},{\"@type\":\"Person\",\"@id\":\"https:\/\/literackieprzeszpiegi.pl\/#\/schema\/person\/fd5c4f317aed549d4833e6402ffea017\",\"name\":\"Szpieg\",\"image\":{\"@type\":\"ImageObject\",\"inLanguage\":\"pl-PL\",\"@id\":\"https:\/\/literackieprzeszpiegi.pl\/#\/schema\/person\/image\/\",\"url\":\"https:\/\/secure.gravatar.com\/avatar\/45a17869257e08975d929f204ef78290?s=96&d=mm&r=g\",\"contentUrl\":\"https:\/\/secure.gravatar.com\/avatar\/45a17869257e08975d929f204ef78290?s=96&d=mm&r=g\",\"caption\":\"Szpieg\"},\"url\":\"https:\/\/literackieprzeszpiegi.pl\/index.php\/author\/admin\/\"}]}<\/script>\n<!-- \/ Yoast SEO plugin. -->","yoast_head_json":{"title":"Recenzja \"Opowiedz mi o nim\" Carin Gerhardsen - Literackie przeszpiegi","description":"\"Jedna rozmowa sprawi, \u017ce g\u0142\u0119boko skrywane tajemnice z\u0142\u0105cz\u0105 ze sob\u0105 trzy kobiety, kt\u00f3re nie wiedzia\u0142y o swoim istnieniu\".","robots":{"index":"index","follow":"follow","max-snippet":"max-snippet:-1","max-image-preview":"max-image-preview:large","max-video-preview":"max-video-preview:-1"},"canonical":"https:\/\/literackieprzeszpiegi.pl\/index.php\/2019\/08\/18\/opowiedz-mi-o-nim-carin-gerhardsen\/","og_locale":"pl_PL","og_type":"article","og_title":"Recenzja \"Opowiedz mi o nim\" Carin Gerhardsen","og_description":"\"Jedna rozmowa sprawi, \u017ce g\u0142\u0119boko skrywane tajemnice z\u0142\u0105cz\u0105 ze sob\u0105 trzy kobiety, kt\u00f3re nie wiedzia\u0142y o swoim istnieniu\".","og_url":"https:\/\/literackieprzeszpiegi.pl\/index.php\/2019\/08\/18\/opowiedz-mi-o-nim-carin-gerhardsen\/","og_site_name":"Literackie przeszpiegi","article_published_time":"2019-08-18T18:07:18+00:00","article_modified_time":"2019-08-20T12:21:47+00:00","og_image":[{"width":1024,"height":786,"url":"https:\/\/literackieprzeszpiegi.pl\/wp-content\/uploads\/2019\/08\/Opowiedz-mi-o-nim__Gerhardsen-1024x786.jpg","type":"image\/jpeg"}],"author":"Szpieg","twitter_card":"summary_large_image","twitter_misc":{"Napisane przez":"Szpieg","Szacowany czas czytania":"2 minuty"},"schema":{"@context":"https:\/\/schema.org","@graph":[{"@type":"Article","@id":"https:\/\/literackieprzeszpiegi.pl\/index.php\/2019\/08\/18\/opowiedz-mi-o-nim-carin-gerhardsen\/#article","isPartOf":{"@id":"https:\/\/literackieprzeszpiegi.pl\/index.php\/2019\/08\/18\/opowiedz-mi-o-nim-carin-gerhardsen\/"},"author":{"name":"Szpieg","@id":"https:\/\/literackieprzeszpiegi.pl\/#\/schema\/person\/fd5c4f317aed549d4833e6402ffea017"},"headline":"&#8220;Opowiedz mi o nim&#8221; Carin Gerhardsen","datePublished":"2019-08-18T18:07:18+00:00","dateModified":"2019-08-20T12:21:47+00:00","mainEntityOfPage":{"@id":"https:\/\/literackieprzeszpiegi.pl\/index.php\/2019\/08\/18\/opowiedz-mi-o-nim-carin-gerhardsen\/"},"wordCount":475,"commentCount":0,"publisher":{"@id":"https:\/\/literackieprzeszpiegi.pl\/#organization"},"image":{"@id":"https:\/\/literackieprzeszpiegi.pl\/index.php\/2019\/08\/18\/opowiedz-mi-o-nim-carin-gerhardsen\/#primaryimage"},"thumbnailUrl":"https:\/\/literackieprzeszpiegi.pl\/wp-content\/uploads\/2019\/08\/Opowiedz-mi-o-nim.jpg","keywords":["Wydawnictwo Otwarte"],"articleSection":["recenzje","z dreszczykiem"],"inLanguage":"pl-PL","potentialAction":[{"@type":"CommentAction","name":"Comment","target":["https:\/\/literackieprzeszpiegi.pl\/index.php\/2019\/08\/18\/opowiedz-mi-o-nim-carin-gerhardsen\/#respond"]}]},{"@type":"WebPage","@id":"https:\/\/literackieprzeszpiegi.pl\/index.php\/2019\/08\/18\/opowiedz-mi-o-nim-carin-gerhardsen\/","url":"https:\/\/literackieprzeszpiegi.pl\/index.php\/2019\/08\/18\/opowiedz-mi-o-nim-carin-gerhardsen\/","name":"Recenzja \"Opowiedz mi o nim\" Carin Gerhardsen - Literackie przeszpiegi","isPartOf":{"@id":"https:\/\/literackieprzeszpiegi.pl\/#website"},"primaryImageOfPage":{"@id":"https:\/\/literackieprzeszpiegi.pl\/index.php\/2019\/08\/18\/opowiedz-mi-o-nim-carin-gerhardsen\/#primaryimage"},"image":{"@id":"https:\/\/literackieprzeszpiegi.pl\/index.php\/2019\/08\/18\/opowiedz-mi-o-nim-carin-gerhardsen\/#primaryimage"},"thumbnailUrl":"https:\/\/literackieprzeszpiegi.pl\/wp-content\/uploads\/2019\/08\/Opowiedz-mi-o-nim.jpg","datePublished":"2019-08-18T18:07:18+00:00","dateModified":"2019-08-20T12:21:47+00:00","description":"\"Jedna rozmowa sprawi, \u017ce g\u0142\u0119boko skrywane tajemnice z\u0142\u0105cz\u0105 ze sob\u0105 trzy kobiety, kt\u00f3re nie wiedzia\u0142y o swoim istnieniu\".","breadcrumb":{"@id":"https:\/\/literackieprzeszpiegi.pl\/index.php\/2019\/08\/18\/opowiedz-mi-o-nim-carin-gerhardsen\/#breadcrumb"},"inLanguage":"pl-PL","potentialAction":[{"@type":"ReadAction","target":["https:\/\/literackieprzeszpiegi.pl\/index.php\/2019\/08\/18\/opowiedz-mi-o-nim-carin-gerhardsen\/"]}]},{"@type":"ImageObject","inLanguage":"pl-PL","@id":"https:\/\/literackieprzeszpiegi.pl\/index.php\/2019\/08\/18\/opowiedz-mi-o-nim-carin-gerhardsen\/#primaryimage","url":"https:\/\/literackieprzeszpiegi.pl\/wp-content\/uploads\/2019\/08\/Opowiedz-mi-o-nim.jpg","contentUrl":"https:\/\/literackieprzeszpiegi.pl\/wp-content\/uploads\/2019\/08\/Opowiedz-mi-o-nim.jpg","width":352,"height":500},{"@type":"BreadcrumbList","@id":"https:\/\/literackieprzeszpiegi.pl\/index.php\/2019\/08\/18\/opowiedz-mi-o-nim-carin-gerhardsen\/#breadcrumb","itemListElement":[{"@type":"ListItem","position":1,"name":"Home","item":"https:\/\/literackieprzeszpiegi.pl\/"},{"@type":"ListItem","position":2,"name":"&#8220;Opowiedz mi o nim&#8221; Carin Gerhardsen"}]},{"@type":"WebSite","@id":"https:\/\/literackieprzeszpiegi.pl\/#website","url":"https:\/\/literackieprzeszpiegi.pl\/","name":"Literackie przeszpiegi","description":"blog o ksi\u0105\u017ckach","publisher":{"@id":"https:\/\/literackieprzeszpiegi.pl\/#organization"},"potentialAction":[{"@type":"SearchAction","target":{"@type":"EntryPoint","urlTemplate":"https:\/\/literackieprzeszpiegi.pl\/?s={search_term_string}"},"query-input":"required name=search_term_string"}],"inLanguage":"pl-PL"},{"@type":"Organization","@id":"https:\/\/literackieprzeszpiegi.pl\/#organization","name":"Literackie przeszpiegi","url":"https:\/\/literackieprzeszpiegi.pl\/","logo":{"@type":"ImageObject","inLanguage":"pl-PL","@id":"https:\/\/literackieprzeszpiegi.pl\/#\/schema\/logo\/image\/","url":"https:\/\/literackieprzeszpiegi.pl\/wp-content\/uploads\/2021\/01\/cropped-cropped-Literackie-przeszpiegi-1.png","contentUrl":"https:\/\/literackieprzeszpiegi.pl\/wp-content\/uploads\/2021\/01\/cropped-cropped-Literackie-przeszpiegi-1.png","width":499,"height":142,"caption":"Literackie przeszpiegi"},"image":{"@id":"https:\/\/literackieprzeszpiegi.pl\/#\/schema\/logo\/image\/"}},{"@type":"Person","@id":"https:\/\/literackieprzeszpiegi.pl\/#\/schema\/person\/fd5c4f317aed549d4833e6402ffea017","name":"Szpieg","image":{"@type":"ImageObject","inLanguage":"pl-PL","@id":"https:\/\/literackieprzeszpiegi.pl\/#\/schema\/person\/image\/","url":"https:\/\/secure.gravatar.com\/avatar\/45a17869257e08975d929f204ef78290?s=96&d=mm&r=g","contentUrl":"https:\/\/secure.gravatar.com\/avatar\/45a17869257e08975d929f204ef78290?s=96&d=mm&r=g","caption":"Szpieg"},"url":"https:\/\/literackieprzeszpiegi.pl\/index.php\/author\/admin\/"}]}},"_links":{"self":[{"href":"https:\/\/literackieprzeszpiegi.pl\/index.php\/wp-json\/wp\/v2\/posts\/2034"}],"collection":[{"href":"https:\/\/literackieprzeszpiegi.pl\/index.php\/wp-json\/wp\/v2\/posts"}],"about":[{"href":"https:\/\/literackieprzeszpiegi.pl\/index.php\/wp-json\/wp\/v2\/types\/post"}],"author":[{"embeddable":true,"href":"https:\/\/literackieprzeszpiegi.pl\/index.php\/wp-json\/wp\/v2\/users\/1"}],"replies":[{"embeddable":true,"href":"https:\/\/literackieprzeszpiegi.pl\/index.php\/wp-json\/wp\/v2\/comments?post=2034"}],"version-history":[{"count":8,"href":"https:\/\/literackieprzeszpiegi.pl\/index.php\/wp-json\/wp\/v2\/posts\/2034\/revisions"}],"predecessor-version":[{"id":2043,"href":"https:\/\/literackieprzeszpiegi.pl\/index.php\/wp-json\/wp\/v2\/posts\/2034\/revisions\/2043"}],"wp:featuredmedia":[{"embeddable":true,"href":"https:\/\/literackieprzeszpiegi.pl\/index.php\/wp-json\/wp\/v2\/media\/2015"}],"wp:attachment":[{"href":"https:\/\/literackieprzeszpiegi.pl\/index.php\/wp-json\/wp\/v2\/media?parent=2034"}],"wp:term":[{"taxonomy":"category","embeddable":true,"href":"https:\/\/literackieprzeszpiegi.pl\/index.php\/wp-json\/wp\/v2\/categories?post=2034"},{"taxonomy":"post_tag","embeddable":true,"href":"https:\/\/literackieprzeszpiegi.pl\/index.php\/wp-json\/wp\/v2\/tags?post=2034"}],"curies":[{"name":"wp","href":"https:\/\/api.w.org\/{rel}","templated":true}]}}