{"id":2067,"date":"2019-09-08T14:53:04","date_gmt":"2019-09-08T12:53:04","guid":{"rendered":"http:\/\/literackieprzeszpiegi.pl\/?p=2067"},"modified":"2019-09-08T14:53:31","modified_gmt":"2019-09-08T12:53:31","slug":"martwy-sezon-kolory-zla-czerwien-malgorzata-oliwia-sobczak","status":"publish","type":"post","link":"https:\/\/literackieprzeszpiegi.pl\/index.php\/2019\/09\/08\/martwy-sezon-kolory-zla-czerwien-malgorzata-oliwia-sobczak\/","title":{"rendered":"Martwy sezon &#8211; &#8220;Kolory z\u0142a. Czerwie\u0144&#8221; Ma\u0142gorzata Oliwia Sobczak"},"content":{"rendered":"<p><a href=\"http:\/\/literackieprzeszpiegi.pl\/wp-content\/uploads\/2019\/09\/czerwie\u0144_Sobczak.jpg\"><img loading=\"lazy\" decoding=\"async\" class=\"size-medium wp-image-2068 alignright\" src=\"http:\/\/literackieprzeszpiegi.pl\/wp-content\/uploads\/2019\/09\/czerwie\u0144_Sobczak-211x300.jpg\" alt=\"\" width=\"211\" height=\"300\" srcset=\"https:\/\/literackieprzeszpiegi.pl\/wp-content\/uploads\/2019\/09\/czerwie\u0144_Sobczak-211x300.jpg 211w, https:\/\/literackieprzeszpiegi.pl\/wp-content\/uploads\/2019\/09\/czerwie\u0144_Sobczak.jpg 352w\" sizes=\"(max-width: 211px) 100vw, 211px\" \/><\/a><\/p>\n<p><strong>&#8220;To by\u0142a najwspanialsza zbrodnia, jak\u0105 widzia\u0142&#8221;. <\/strong><!--more--><\/p>\n<p>Zw\u0142oki p\u0142ywaj\u0105ce w Ba\u0142tyku zawsze budz\u0105 emocje. A co dopiero zw\u0142oki m\u0142odej dziewczyny, pozbawione ust. Gdy sopocka policja si\u0119 zorientuje, \u017ce siedemna\u015bcie lat temu odnaleziono podobnie okaleczone cia\u0142o, nic nie zatrzyma lawiny pyta\u0144. Czy psychopatyczny morderca powr\u00f3ci\u0142 czy kto\u015b si\u0119 pod niego podszywa? Media rozpoczynaj\u0105 nagonk\u0119&#8230; a prokurator Bilski wyrusza na \u0142owy.<\/p>\n<h3><strong>Kobieta, kt\u00f3ra kocha k\u0142opoty<\/strong><\/h3>\n<p>\u015aledztwo w sprawie Martyny wywa\u017ca drzwi do 1996 roku i tajemniczej \u015bmierci Moniki. To jasne jak s\u0142o\u0144ce, \u017ce dwa podobne morderstwa prze\u0142o\u017c\u0105 si\u0119 na \u017conglowanie pomi\u0119dzy przesz\u0142o\u015bci\u0105 a tera\u017aniejszo\u015bci\u0105. Ale nieoczekiwanie to przesz\u0142o\u015b\u0107 bardziej przyci\u0105gnie uwag\u0119, zasieje w\u0105tpliwo\u015bci i rozerwie prawie zabli\u017anione rany.<\/p>\n<p>Ale odzieranie Moniki z aury tajemniczo\u015bci przynosi jeszcze skutek uboczny. M\u0142oda kobieta by\u0142a cz\u0119\u015bci\u0105 rodziny, trwaj\u0105cej ze sob\u0105 jakby ostatkiem si\u0142. Rodzinny obraz jest pe\u0142en p\u0119kni\u0119\u0107, niedom\u00f3wie\u0144 i poczucia, \u017ce \u017cycie przecieka im przez palce. Czy jeszcze maj\u0105 czas, by sta\u0107 si\u0119 kowalem w\u0142asnego losu?<\/p>\n<h3><strong>O\u0142owiane chmury<\/strong><\/h3>\n<p>Je\u015bli do tej pory kojarzyli\u015bcie Sopot z nadmorskim miastem, pe\u0142nym roze\u015bmianych turyst\u00f3w i unosz\u0105cej si\u0119 w powietrzu atmosfery beztroski i letniego luzu, to po tej ksi\u0105\u017cce zmienicie zdanie. Zbrodnie i prowadzone \u015bledztwo przykuwaj\u0105 uwag\u0119, ale gdyby nie t\u0142o ponurego Sopotu, nie by\u0142oby efektu wow. Pos\u0119pny, miejski krajobraz nie zach\u0119ca do odwiedzin a wr\u0119cz zwiastuje nieszcz\u0119\u015bcia. Przygl\u0105daj\u0105c si\u0119 bli\u017cej temu miastu, zauwa\u017camy jego ciemn\u0105 stron\u0119 &#8211; handel narkotykami, tr\u00f3jmiejsk\u0105 mafi\u0119, gangster\u00f3w, uk\u0142ady, przemoc i du\u017ce pieni\u0105dze. Zakazany \u015bwiat kusi, ale nie daje mo\u017cliwo\u015bci odwrotu. Czytelnik mo\u017ce tylko ch\u0142on\u0105\u0107 atmosfer\u0119 nadchodz\u0105cego z\u0142a, kt\u00f3re czai si\u0119 w g\u0142\u0119bi tego miasta&#8230;<a href=\"http:\/\/literackieprzeszpiegi.pl\/wp-content\/uploads\/2019\/09\/Kolory-z\u0142a.-Czerwie\u0144_Sobczak.jpg\"><img loading=\"lazy\" decoding=\"async\" class=\"size-medium wp-image-2071 alignright\" src=\"http:\/\/literackieprzeszpiegi.pl\/wp-content\/uploads\/2019\/09\/Kolory-z\u0142a.-Czerwie\u0144_Sobczak-300x218.jpg\" alt=\"\" width=\"300\" height=\"218\" srcset=\"https:\/\/literackieprzeszpiegi.pl\/wp-content\/uploads\/2019\/09\/Kolory-z\u0142a.-Czerwie\u0144_Sobczak-300x218.jpg 300w, https:\/\/literackieprzeszpiegi.pl\/wp-content\/uploads\/2019\/09\/Kolory-z\u0142a.-Czerwie\u0144_Sobczak-768x559.jpg 768w, https:\/\/literackieprzeszpiegi.pl\/wp-content\/uploads\/2019\/09\/Kolory-z\u0142a.-Czerwie\u0144_Sobczak-1024x745.jpg 1024w\" sizes=\"(max-width: 300px) 100vw, 300px\" \/><\/a><\/p>\n<p>&#8220;Kolory z\u0142a. Czerwie\u0144&#8221; to ksi\u0105\u017cka, kt\u00f3ra potrafi nie\u017ale namiesza\u0107 czytelnikowi w g\u0142owie. Autorka podsuwa kolejnych podejrzanych, a czytelnik &#8211; pr\u0119dzej czy p\u00f3\u017aniej &#8211; sam dopasuje motyw. \u00a0Ale&#8230; czy to nie by\u0142oby zbyt proste?! Czy odpowied\u017a na pytanie, kto i dlaczego zabi\u0142 naprawd\u0119 jest tak blisko, \u017ce w\u0142a\u015bnie z tego powodu nie jest w og\u00f3le brana pod uwag\u0119? Czy damy si\u0119 przekona\u0107 zbiegom okoliczno\u015bci, tworz\u0105cym zgrabn\u0105 uk\u0142adank\u0119 czy wpadniemy w pu\u0142apk\u0119 sugestii? Ale bez wzgl\u0119du na to, kt\u00f3r\u0105 drog\u0119 wybierzemy, to nie b\u0119dzie mo\u017cna si\u0119 oderwa\u0107 od ksi\u0105\u017cki&#8230;<\/p>\n<p>W debiucie kryminalnym Ma\u0142gorzaty Oliwii Sobczak przepad\u0142am na d\u0142ugie godziny &#8211; nadmorskie zbrodnie to zaledwie przyczynek do odkrywania sekret\u00f3w Sopotu i przesi\u0105kni\u0119cia jego duszn\u0105 i z\u0142owieszcz\u0105 atmosfer\u0105. Czytajcie!<\/p>\n<p>______<\/p>\n<h3><strong><a href=\"https:\/\/www.gwfoksal.pl\/kolory-zla-czerwien-tom-1-malgorzata-oliwia-sobczak-sku0fe66999f5b92fec8e73.html\">Ma\u0142gorzata Oliwia Sobczak &#8220;Kolory z\u0142a. Czerwie\u0144&#8221;<\/a><\/strong><br \/>\n<strong>Wydawnictwo W.A.B<\/strong><br \/>\n<strong>data premiery: 4.09.2019 r.<\/strong><\/h3>\n","protected":false},"excerpt":{"rendered":"<p>&#8220;To by\u0142a najwspanialsza zbrodnia, jak\u0105 widzia\u0142&#8221;.<\/p>\n","protected":false},"author":1,"featured_media":2068,"comment_status":"open","ping_status":"open","sticky":false,"template":"","format":"standard","meta":{"om_disable_all_campaigns":false,"_exactmetrics_skip_tracking":false,"_exactmetrics_sitenote_active":false,"_exactmetrics_sitenote_note":"","_exactmetrics_sitenote_category":0,"_monsterinsights_skip_tracking":false,"_monsterinsights_sitenote_active":false,"_monsterinsights_sitenote_note":"","_monsterinsights_sitenote_category":0,"_uf_show_specific_survey":0,"_uf_disable_surveys":false,"footnotes":""},"categories":[7,3,8],"tags":[74],"yoast_head":"<!-- This site is optimized with the Yoast SEO plugin v22.9 - https:\/\/yoast.com\/wordpress\/plugins\/seo\/ -->\n<title>Recenzja: &quot;Kolory z\u0142a. Czerwie\u0144&quot; M. Sobczak | Literackieprzeszpiegi.pl<\/title>\n<meta name=\"description\" content=\"&quot;To by\u0142a najwspanialsza zbrodnia, jak\u0105 widzia\u0142&quot;. Zw\u0142oki p\u0142ywaj\u0105ce w Ba\u0142tyku zawsze budz\u0105 emocje. A co dopiero zw\u0142oki m\u0142odej dziewczyny, pozbawione ust.\" \/>\n<meta name=\"robots\" content=\"index, follow, max-snippet:-1, max-image-preview:large, max-video-preview:-1\" \/>\n<link rel=\"canonical\" href=\"https:\/\/literackieprzeszpiegi.pl\/index.php\/2019\/09\/08\/martwy-sezon-kolory-zla-czerwien-malgorzata-oliwia-sobczak\/\" \/>\n<meta property=\"og:locale\" content=\"pl_PL\" \/>\n<meta property=\"og:type\" content=\"article\" \/>\n<meta property=\"og:title\" content=\"Martwy sezon - &quot;Kolory z\u0142a. Czerwie\u0144&quot; Ma\u0142gorzata Oliwia Sobczak\" \/>\n<meta property=\"og:description\" content=\"&quot;To by\u0142a najwspanialsza zbrodnia, jak\u0105 widzia\u0142&quot;.\" \/>\n<meta property=\"og:url\" content=\"https:\/\/literackieprzeszpiegi.pl\/index.php\/2019\/09\/08\/martwy-sezon-kolory-zla-czerwien-malgorzata-oliwia-sobczak\/\" \/>\n<meta property=\"og:site_name\" content=\"Literackie przeszpiegi\" \/>\n<meta property=\"article:published_time\" content=\"2019-09-08T12:53:04+00:00\" \/>\n<meta property=\"article:modified_time\" content=\"2019-09-08T12:53:31+00:00\" \/>\n<meta property=\"og:image\" content=\"https:\/\/literackieprzeszpiegi.pl\/wp-content\/uploads\/2019\/09\/Kolory-z\u0142a.-Czerwie\u0144_Sobczak-1024x745.jpg\" \/>\n\t<meta property=\"og:image:width\" content=\"1024\" \/>\n\t<meta property=\"og:image:height\" content=\"745\" \/>\n\t<meta property=\"og:image:type\" content=\"image\/jpeg\" \/>\n<meta name=\"author\" content=\"Szpieg\" \/>\n<meta name=\"twitter:card\" content=\"summary_large_image\" \/>\n<meta name=\"twitter:label1\" content=\"Napisane przez\" \/>\n\t<meta name=\"twitter:data1\" content=\"Szpieg\" \/>\n\t<meta name=\"twitter:label2\" content=\"Szacowany czas czytania\" \/>\n\t<meta name=\"twitter:data2\" content=\"2 minuty\" \/>\n<script type=\"application\/ld+json\" class=\"yoast-schema-graph\">{\"@context\":\"https:\/\/schema.org\",\"@graph\":[{\"@type\":\"Article\",\"@id\":\"https:\/\/literackieprzeszpiegi.pl\/index.php\/2019\/09\/08\/martwy-sezon-kolory-zla-czerwien-malgorzata-oliwia-sobczak\/#article\",\"isPartOf\":{\"@id\":\"https:\/\/literackieprzeszpiegi.pl\/index.php\/2019\/09\/08\/martwy-sezon-kolory-zla-czerwien-malgorzata-oliwia-sobczak\/\"},\"author\":{\"name\":\"Szpieg\",\"@id\":\"https:\/\/literackieprzeszpiegi.pl\/#\/schema\/person\/fd5c4f317aed549d4833e6402ffea017\"},\"headline\":\"Martwy sezon &#8211; &#8220;Kolory z\u0142a. Czerwie\u0144&#8221; Ma\u0142gorzata Oliwia Sobczak\",\"datePublished\":\"2019-09-08T12:53:04+00:00\",\"dateModified\":\"2019-09-08T12:53:31+00:00\",\"mainEntityOfPage\":{\"@id\":\"https:\/\/literackieprzeszpiegi.pl\/index.php\/2019\/09\/08\/martwy-sezon-kolory-zla-czerwien-malgorzata-oliwia-sobczak\/\"},\"wordCount\":482,\"commentCount\":1,\"publisher\":{\"@id\":\"https:\/\/literackieprzeszpiegi.pl\/#organization\"},\"image\":{\"@id\":\"https:\/\/literackieprzeszpiegi.pl\/index.php\/2019\/09\/08\/martwy-sezon-kolory-zla-czerwien-malgorzata-oliwia-sobczak\/#primaryimage\"},\"thumbnailUrl\":\"https:\/\/literackieprzeszpiegi.pl\/wp-content\/uploads\/2019\/09\/czerwie\u0144_Sobczak.jpg\",\"keywords\":[\"Wydawnictwo W.A.B\"],\"articleSection\":[\"Hit\",\"Rasowy krymina\u0142\",\"recenzje\"],\"inLanguage\":\"pl-PL\",\"potentialAction\":[{\"@type\":\"CommentAction\",\"name\":\"Comment\",\"target\":[\"https:\/\/literackieprzeszpiegi.pl\/index.php\/2019\/09\/08\/martwy-sezon-kolory-zla-czerwien-malgorzata-oliwia-sobczak\/#respond\"]}]},{\"@type\":\"WebPage\",\"@id\":\"https:\/\/literackieprzeszpiegi.pl\/index.php\/2019\/09\/08\/martwy-sezon-kolory-zla-czerwien-malgorzata-oliwia-sobczak\/\",\"url\":\"https:\/\/literackieprzeszpiegi.pl\/index.php\/2019\/09\/08\/martwy-sezon-kolory-zla-czerwien-malgorzata-oliwia-sobczak\/\",\"name\":\"Recenzja: \\\"Kolory z\u0142a. Czerwie\u0144\\\" M. Sobczak | Literackieprzeszpiegi.pl\",\"isPartOf\":{\"@id\":\"https:\/\/literackieprzeszpiegi.pl\/#website\"},\"primaryImageOfPage\":{\"@id\":\"https:\/\/literackieprzeszpiegi.pl\/index.php\/2019\/09\/08\/martwy-sezon-kolory-zla-czerwien-malgorzata-oliwia-sobczak\/#primaryimage\"},\"image\":{\"@id\":\"https:\/\/literackieprzeszpiegi.pl\/index.php\/2019\/09\/08\/martwy-sezon-kolory-zla-czerwien-malgorzata-oliwia-sobczak\/#primaryimage\"},\"thumbnailUrl\":\"https:\/\/literackieprzeszpiegi.pl\/wp-content\/uploads\/2019\/09\/czerwie\u0144_Sobczak.jpg\",\"datePublished\":\"2019-09-08T12:53:04+00:00\",\"dateModified\":\"2019-09-08T12:53:31+00:00\",\"description\":\"\\\"To by\u0142a najwspanialsza zbrodnia, jak\u0105 widzia\u0142\\\". Zw\u0142oki p\u0142ywaj\u0105ce w Ba\u0142tyku zawsze budz\u0105 emocje. A co dopiero zw\u0142oki m\u0142odej dziewczyny, pozbawione ust.\",\"breadcrumb\":{\"@id\":\"https:\/\/literackieprzeszpiegi.pl\/index.php\/2019\/09\/08\/martwy-sezon-kolory-zla-czerwien-malgorzata-oliwia-sobczak\/#breadcrumb\"},\"inLanguage\":\"pl-PL\",\"potentialAction\":[{\"@type\":\"ReadAction\",\"target\":[\"https:\/\/literackieprzeszpiegi.pl\/index.php\/2019\/09\/08\/martwy-sezon-kolory-zla-czerwien-malgorzata-oliwia-sobczak\/\"]}]},{\"@type\":\"ImageObject\",\"inLanguage\":\"pl-PL\",\"@id\":\"https:\/\/literackieprzeszpiegi.pl\/index.php\/2019\/09\/08\/martwy-sezon-kolory-zla-czerwien-malgorzata-oliwia-sobczak\/#primaryimage\",\"url\":\"https:\/\/literackieprzeszpiegi.pl\/wp-content\/uploads\/2019\/09\/czerwie\u0144_Sobczak.jpg\",\"contentUrl\":\"https:\/\/literackieprzeszpiegi.pl\/wp-content\/uploads\/2019\/09\/czerwie\u0144_Sobczak.jpg\",\"width\":352,\"height\":500},{\"@type\":\"BreadcrumbList\",\"@id\":\"https:\/\/literackieprzeszpiegi.pl\/index.php\/2019\/09\/08\/martwy-sezon-kolory-zla-czerwien-malgorzata-oliwia-sobczak\/#breadcrumb\",\"itemListElement\":[{\"@type\":\"ListItem\",\"position\":1,\"name\":\"Home\",\"item\":\"https:\/\/literackieprzeszpiegi.pl\/\"},{\"@type\":\"ListItem\",\"position\":2,\"name\":\"Martwy sezon &#8211; &#8220;Kolory z\u0142a. Czerwie\u0144&#8221; Ma\u0142gorzata Oliwia Sobczak\"}]},{\"@type\":\"WebSite\",\"@id\":\"https:\/\/literackieprzeszpiegi.pl\/#website\",\"url\":\"https:\/\/literackieprzeszpiegi.pl\/\",\"name\":\"Literackie przeszpiegi\",\"description\":\"blog o ksi\u0105\u017ckach\",\"publisher\":{\"@id\":\"https:\/\/literackieprzeszpiegi.pl\/#organization\"},\"potentialAction\":[{\"@type\":\"SearchAction\",\"target\":{\"@type\":\"EntryPoint\",\"urlTemplate\":\"https:\/\/literackieprzeszpiegi.pl\/?s={search_term_string}\"},\"query-input\":\"required name=search_term_string\"}],\"inLanguage\":\"pl-PL\"},{\"@type\":\"Organization\",\"@id\":\"https:\/\/literackieprzeszpiegi.pl\/#organization\",\"name\":\"Literackie przeszpiegi\",\"url\":\"https:\/\/literackieprzeszpiegi.pl\/\",\"logo\":{\"@type\":\"ImageObject\",\"inLanguage\":\"pl-PL\",\"@id\":\"https:\/\/literackieprzeszpiegi.pl\/#\/schema\/logo\/image\/\",\"url\":\"https:\/\/literackieprzeszpiegi.pl\/wp-content\/uploads\/2021\/01\/cropped-cropped-Literackie-przeszpiegi-1.png\",\"contentUrl\":\"https:\/\/literackieprzeszpiegi.pl\/wp-content\/uploads\/2021\/01\/cropped-cropped-Literackie-przeszpiegi-1.png\",\"width\":499,\"height\":142,\"caption\":\"Literackie przeszpiegi\"},\"image\":{\"@id\":\"https:\/\/literackieprzeszpiegi.pl\/#\/schema\/logo\/image\/\"}},{\"@type\":\"Person\",\"@id\":\"https:\/\/literackieprzeszpiegi.pl\/#\/schema\/person\/fd5c4f317aed549d4833e6402ffea017\",\"name\":\"Szpieg\",\"image\":{\"@type\":\"ImageObject\",\"inLanguage\":\"pl-PL\",\"@id\":\"https:\/\/literackieprzeszpiegi.pl\/#\/schema\/person\/image\/\",\"url\":\"https:\/\/secure.gravatar.com\/avatar\/45a17869257e08975d929f204ef78290?s=96&d=mm&r=g\",\"contentUrl\":\"https:\/\/secure.gravatar.com\/avatar\/45a17869257e08975d929f204ef78290?s=96&d=mm&r=g\",\"caption\":\"Szpieg\"},\"url\":\"https:\/\/literackieprzeszpiegi.pl\/index.php\/author\/admin\/\"}]}<\/script>\n<!-- \/ Yoast SEO plugin. -->","yoast_head_json":{"title":"Recenzja: \"Kolory z\u0142a. Czerwie\u0144\" M. Sobczak | Literackieprzeszpiegi.pl","description":"\"To by\u0142a najwspanialsza zbrodnia, jak\u0105 widzia\u0142\". Zw\u0142oki p\u0142ywaj\u0105ce w Ba\u0142tyku zawsze budz\u0105 emocje. A co dopiero zw\u0142oki m\u0142odej dziewczyny, pozbawione ust.","robots":{"index":"index","follow":"follow","max-snippet":"max-snippet:-1","max-image-preview":"max-image-preview:large","max-video-preview":"max-video-preview:-1"},"canonical":"https:\/\/literackieprzeszpiegi.pl\/index.php\/2019\/09\/08\/martwy-sezon-kolory-zla-czerwien-malgorzata-oliwia-sobczak\/","og_locale":"pl_PL","og_type":"article","og_title":"Martwy sezon - \"Kolory z\u0142a. Czerwie\u0144\" Ma\u0142gorzata Oliwia Sobczak","og_description":"\"To by\u0142a najwspanialsza zbrodnia, jak\u0105 widzia\u0142\".","og_url":"https:\/\/literackieprzeszpiegi.pl\/index.php\/2019\/09\/08\/martwy-sezon-kolory-zla-czerwien-malgorzata-oliwia-sobczak\/","og_site_name":"Literackie przeszpiegi","article_published_time":"2019-09-08T12:53:04+00:00","article_modified_time":"2019-09-08T12:53:31+00:00","og_image":[{"width":1024,"height":745,"url":"https:\/\/literackieprzeszpiegi.pl\/wp-content\/uploads\/2019\/09\/Kolory-z\u0142a.-Czerwie\u0144_Sobczak-1024x745.jpg","type":"image\/jpeg"}],"author":"Szpieg","twitter_card":"summary_large_image","twitter_misc":{"Napisane przez":"Szpieg","Szacowany czas czytania":"2 minuty"},"schema":{"@context":"https:\/\/schema.org","@graph":[{"@type":"Article","@id":"https:\/\/literackieprzeszpiegi.pl\/index.php\/2019\/09\/08\/martwy-sezon-kolory-zla-czerwien-malgorzata-oliwia-sobczak\/#article","isPartOf":{"@id":"https:\/\/literackieprzeszpiegi.pl\/index.php\/2019\/09\/08\/martwy-sezon-kolory-zla-czerwien-malgorzata-oliwia-sobczak\/"},"author":{"name":"Szpieg","@id":"https:\/\/literackieprzeszpiegi.pl\/#\/schema\/person\/fd5c4f317aed549d4833e6402ffea017"},"headline":"Martwy sezon &#8211; &#8220;Kolory z\u0142a. Czerwie\u0144&#8221; Ma\u0142gorzata Oliwia Sobczak","datePublished":"2019-09-08T12:53:04+00:00","dateModified":"2019-09-08T12:53:31+00:00","mainEntityOfPage":{"@id":"https:\/\/literackieprzeszpiegi.pl\/index.php\/2019\/09\/08\/martwy-sezon-kolory-zla-czerwien-malgorzata-oliwia-sobczak\/"},"wordCount":482,"commentCount":1,"publisher":{"@id":"https:\/\/literackieprzeszpiegi.pl\/#organization"},"image":{"@id":"https:\/\/literackieprzeszpiegi.pl\/index.php\/2019\/09\/08\/martwy-sezon-kolory-zla-czerwien-malgorzata-oliwia-sobczak\/#primaryimage"},"thumbnailUrl":"https:\/\/literackieprzeszpiegi.pl\/wp-content\/uploads\/2019\/09\/czerwie\u0144_Sobczak.jpg","keywords":["Wydawnictwo W.A.B"],"articleSection":["Hit","Rasowy krymina\u0142","recenzje"],"inLanguage":"pl-PL","potentialAction":[{"@type":"CommentAction","name":"Comment","target":["https:\/\/literackieprzeszpiegi.pl\/index.php\/2019\/09\/08\/martwy-sezon-kolory-zla-czerwien-malgorzata-oliwia-sobczak\/#respond"]}]},{"@type":"WebPage","@id":"https:\/\/literackieprzeszpiegi.pl\/index.php\/2019\/09\/08\/martwy-sezon-kolory-zla-czerwien-malgorzata-oliwia-sobczak\/","url":"https:\/\/literackieprzeszpiegi.pl\/index.php\/2019\/09\/08\/martwy-sezon-kolory-zla-czerwien-malgorzata-oliwia-sobczak\/","name":"Recenzja: \"Kolory z\u0142a. Czerwie\u0144\" M. Sobczak | Literackieprzeszpiegi.pl","isPartOf":{"@id":"https:\/\/literackieprzeszpiegi.pl\/#website"},"primaryImageOfPage":{"@id":"https:\/\/literackieprzeszpiegi.pl\/index.php\/2019\/09\/08\/martwy-sezon-kolory-zla-czerwien-malgorzata-oliwia-sobczak\/#primaryimage"},"image":{"@id":"https:\/\/literackieprzeszpiegi.pl\/index.php\/2019\/09\/08\/martwy-sezon-kolory-zla-czerwien-malgorzata-oliwia-sobczak\/#primaryimage"},"thumbnailUrl":"https:\/\/literackieprzeszpiegi.pl\/wp-content\/uploads\/2019\/09\/czerwie\u0144_Sobczak.jpg","datePublished":"2019-09-08T12:53:04+00:00","dateModified":"2019-09-08T12:53:31+00:00","description":"\"To by\u0142a najwspanialsza zbrodnia, jak\u0105 widzia\u0142\". Zw\u0142oki p\u0142ywaj\u0105ce w Ba\u0142tyku zawsze budz\u0105 emocje. A co dopiero zw\u0142oki m\u0142odej dziewczyny, pozbawione ust.","breadcrumb":{"@id":"https:\/\/literackieprzeszpiegi.pl\/index.php\/2019\/09\/08\/martwy-sezon-kolory-zla-czerwien-malgorzata-oliwia-sobczak\/#breadcrumb"},"inLanguage":"pl-PL","potentialAction":[{"@type":"ReadAction","target":["https:\/\/literackieprzeszpiegi.pl\/index.php\/2019\/09\/08\/martwy-sezon-kolory-zla-czerwien-malgorzata-oliwia-sobczak\/"]}]},{"@type":"ImageObject","inLanguage":"pl-PL","@id":"https:\/\/literackieprzeszpiegi.pl\/index.php\/2019\/09\/08\/martwy-sezon-kolory-zla-czerwien-malgorzata-oliwia-sobczak\/#primaryimage","url":"https:\/\/literackieprzeszpiegi.pl\/wp-content\/uploads\/2019\/09\/czerwie\u0144_Sobczak.jpg","contentUrl":"https:\/\/literackieprzeszpiegi.pl\/wp-content\/uploads\/2019\/09\/czerwie\u0144_Sobczak.jpg","width":352,"height":500},{"@type":"BreadcrumbList","@id":"https:\/\/literackieprzeszpiegi.pl\/index.php\/2019\/09\/08\/martwy-sezon-kolory-zla-czerwien-malgorzata-oliwia-sobczak\/#breadcrumb","itemListElement":[{"@type":"ListItem","position":1,"name":"Home","item":"https:\/\/literackieprzeszpiegi.pl\/"},{"@type":"ListItem","position":2,"name":"Martwy sezon &#8211; &#8220;Kolory z\u0142a. Czerwie\u0144&#8221; Ma\u0142gorzata Oliwia Sobczak"}]},{"@type":"WebSite","@id":"https:\/\/literackieprzeszpiegi.pl\/#website","url":"https:\/\/literackieprzeszpiegi.pl\/","name":"Literackie przeszpiegi","description":"blog o ksi\u0105\u017ckach","publisher":{"@id":"https:\/\/literackieprzeszpiegi.pl\/#organization"},"potentialAction":[{"@type":"SearchAction","target":{"@type":"EntryPoint","urlTemplate":"https:\/\/literackieprzeszpiegi.pl\/?s={search_term_string}"},"query-input":"required name=search_term_string"}],"inLanguage":"pl-PL"},{"@type":"Organization","@id":"https:\/\/literackieprzeszpiegi.pl\/#organization","name":"Literackie przeszpiegi","url":"https:\/\/literackieprzeszpiegi.pl\/","logo":{"@type":"ImageObject","inLanguage":"pl-PL","@id":"https:\/\/literackieprzeszpiegi.pl\/#\/schema\/logo\/image\/","url":"https:\/\/literackieprzeszpiegi.pl\/wp-content\/uploads\/2021\/01\/cropped-cropped-Literackie-przeszpiegi-1.png","contentUrl":"https:\/\/literackieprzeszpiegi.pl\/wp-content\/uploads\/2021\/01\/cropped-cropped-Literackie-przeszpiegi-1.png","width":499,"height":142,"caption":"Literackie przeszpiegi"},"image":{"@id":"https:\/\/literackieprzeszpiegi.pl\/#\/schema\/logo\/image\/"}},{"@type":"Person","@id":"https:\/\/literackieprzeszpiegi.pl\/#\/schema\/person\/fd5c4f317aed549d4833e6402ffea017","name":"Szpieg","image":{"@type":"ImageObject","inLanguage":"pl-PL","@id":"https:\/\/literackieprzeszpiegi.pl\/#\/schema\/person\/image\/","url":"https:\/\/secure.gravatar.com\/avatar\/45a17869257e08975d929f204ef78290?s=96&d=mm&r=g","contentUrl":"https:\/\/secure.gravatar.com\/avatar\/45a17869257e08975d929f204ef78290?s=96&d=mm&r=g","caption":"Szpieg"},"url":"https:\/\/literackieprzeszpiegi.pl\/index.php\/author\/admin\/"}]}},"_links":{"self":[{"href":"https:\/\/literackieprzeszpiegi.pl\/index.php\/wp-json\/wp\/v2\/posts\/2067"}],"collection":[{"href":"https:\/\/literackieprzeszpiegi.pl\/index.php\/wp-json\/wp\/v2\/posts"}],"about":[{"href":"https:\/\/literackieprzeszpiegi.pl\/index.php\/wp-json\/wp\/v2\/types\/post"}],"author":[{"embeddable":true,"href":"https:\/\/literackieprzeszpiegi.pl\/index.php\/wp-json\/wp\/v2\/users\/1"}],"replies":[{"embeddable":true,"href":"https:\/\/literackieprzeszpiegi.pl\/index.php\/wp-json\/wp\/v2\/comments?post=2067"}],"version-history":[{"count":4,"href":"https:\/\/literackieprzeszpiegi.pl\/index.php\/wp-json\/wp\/v2\/posts\/2067\/revisions"}],"predecessor-version":[{"id":2073,"href":"https:\/\/literackieprzeszpiegi.pl\/index.php\/wp-json\/wp\/v2\/posts\/2067\/revisions\/2073"}],"wp:featuredmedia":[{"embeddable":true,"href":"https:\/\/literackieprzeszpiegi.pl\/index.php\/wp-json\/wp\/v2\/media\/2068"}],"wp:attachment":[{"href":"https:\/\/literackieprzeszpiegi.pl\/index.php\/wp-json\/wp\/v2\/media?parent=2067"}],"wp:term":[{"taxonomy":"category","embeddable":true,"href":"https:\/\/literackieprzeszpiegi.pl\/index.php\/wp-json\/wp\/v2\/categories?post=2067"},{"taxonomy":"post_tag","embeddable":true,"href":"https:\/\/literackieprzeszpiegi.pl\/index.php\/wp-json\/wp\/v2\/tags?post=2067"}],"curies":[{"name":"wp","href":"https:\/\/api.w.org\/{rel}","templated":true}]}}