{"id":2248,"date":"2020-02-02T23:40:06","date_gmt":"2020-02-02T22:40:06","guid":{"rendered":"http:\/\/literackieprzeszpiegi.pl\/?p=2248"},"modified":"2020-02-02T23:40:06","modified_gmt":"2020-02-02T22:40:06","slug":"zwiady-lutowe-cz-i-2020","status":"publish","type":"post","link":"https:\/\/literackieprzeszpiegi.pl\/index.php\/2020\/02\/02\/zwiady-lutowe-cz-i-2020\/","title":{"rendered":"Zwiady lutowe, cz. I, #2020"},"content":{"rendered":"<p>W lutym to polscy autorzy zdominuj\u0105 kryminalne p\u00f3\u0142ki. Powraca Marta Matyszczak i J\u0119drzej Pasierski oraz Przemys\u0142aw \u017barski. A dla r\u00f3wnowagi &#8211; krymina\u0142 spalony australijskim s\u0142o\u0144cem od Jane Harper. <!--more--><\/p>\n<p>______<br \/>\n<a href=\"http:\/\/literackieprzeszpiegi.pl\/wp-content\/uploads\/2020\/02\/Wypocznij-i-zgin_Matyszczak.jpg\"><img loading=\"lazy\" decoding=\"async\" class=\"size-medium wp-image-2249 alignright\" src=\"http:\/\/literackieprzeszpiegi.pl\/wp-content\/uploads\/2020\/02\/Wypocznij-i-zgin_Matyszczak-211x300.jpg\" alt=\"\" width=\"211\" height=\"300\" srcset=\"https:\/\/literackieprzeszpiegi.pl\/wp-content\/uploads\/2020\/02\/Wypocznij-i-zgin_Matyszczak-211x300.jpg 211w, https:\/\/literackieprzeszpiegi.pl\/wp-content\/uploads\/2020\/02\/Wypocznij-i-zgin_Matyszczak.jpg 352w\" sizes=\"(max-width: 211px) 100vw, 211px\" \/><\/a>Pod wyci\u0105giem narciarskim na szczawnickiej Palenicy zostaje znalezione cia\u0142o Mateusza S\u0142owika. Czy lokalny biznesmen pad\u0142 ofiar\u0105 bezwzgl\u0119dnej konkurencji? A mo\u017ce jego \u015bmier\u0107 to skutek rodzinnych porachunk\u00f3w? W\u0142a\u015bciciel wyci\u0105gu wynajmuje Szymona Sola\u0144skiego i zleca mu z\u0142apanie mordercy. Prywatny detektyw przyje\u017cd\u017ca do Szczawnicy z R\u00f3\u017c\u0105 Kwiatkowsk\u0105 i kundelkiem Guciem. W toku \u015bledztwa okazuje si\u0119, \u017ce sprawa ma zwi\u0105zek z tragedi\u0105, kt\u00f3ra wydarzy\u0142a si\u0119 w dwudziestoleciu mi\u0119dzywojennym, gdy do tutejszych w\u00f3d \u015bci\u0105ga\u0142y osobisto\u015bci \u015bwiata kultury. W wolnych chwilach R\u00f3\u017ca unika jazdy na nartach, a Sola\u0144ski przygotowuje dla niej niespodziank\u0119&#8230;<\/p>\n<h4>Marta Matyszczak &#8220;Wypocznij i zgi\u0144&#8221;<br \/>\nCykl: Krymina\u0142 pod psem, t. 7<br \/>\n<a href=\"https:\/\/publicat.pl\/wydawnictwo-dolnoslaskie\/oferta\/kryminaly\/wypocznij-i-zgin\">Wydawnictwo Dolno\u015bl\u0105skie<\/a><br \/>\ndata premiery: 12.02.2020 r.<\/h4>\n<p>______________________<br \/>\n<a href=\"http:\/\/literackieprzeszpiegi.pl\/wp-content\/uploads\/2020\/02\/Slad_Zarski.jpg\"><img loading=\"lazy\" decoding=\"async\" class=\"size-medium wp-image-2250 alignleft\" src=\"http:\/\/literackieprzeszpiegi.pl\/wp-content\/uploads\/2020\/02\/Slad_Zarski-211x300.jpg\" alt=\"\" width=\"211\" height=\"300\" srcset=\"https:\/\/literackieprzeszpiegi.pl\/wp-content\/uploads\/2020\/02\/Slad_Zarski-211x300.jpg 211w, https:\/\/literackieprzeszpiegi.pl\/wp-content\/uploads\/2020\/02\/Slad_Zarski.jpg 352w\" sizes=\"(max-width: 211px) 100vw, 211px\" \/><\/a>W studni\u00f3wkow\u0105 noc 1993 roku ginie Sylwia Nowicka. Dziewczyna k\u0142\u00f3ci si\u0119 z ch\u0142opakiem i wraca pieszo do domu, a nast\u0119pnego dnia znika bez \u015bladu. Poszukiwania nie przynosz\u0105 rezultatu, a wys\u0142any do rodzic\u00f3w list po\u017cegnalny sprawia, \u017ce w teori\u0119 na temat porwania niemal nikt ju\u017c nie wierzy.<br \/>\nBlisko dwadzie\u015bcia pi\u0119\u0107 lat p\u00f3\u017aniej, w jednym z mieszka\u0144 w centrum Sosnowca policja trafia na kaset\u0119 VHS z zapisem zab\u00f3jstwa m\u0142odej dziewczyny. W mieszkaniu nie ma cia\u0142a ani \u017cadnych \u015blad\u00f3w wskazuj\u0105cych na to, \u017ce dosz\u0142o tu do zbrodni.<\/p>\n<h4>\nPrzemys\u0142aw \u017barski &#8220;\u015alad&#8221;<br \/>\nWydawnictwo Czwarta Strona<br \/>\ndata premiery: 12.02.2020 r.<br \/>\n____________<\/h4>\n<p><a href=\"http:\/\/literackieprzeszpiegi.pl\/wp-content\/uploads\/2020\/02\/Stracony_Harper.jpg\"><img loading=\"lazy\" decoding=\"async\" class=\"size-medium wp-image-2251 alignright\" src=\"http:\/\/literackieprzeszpiegi.pl\/wp-content\/uploads\/2020\/02\/Stracony_Harper-211x300.jpg\" alt=\"\" width=\"211\" height=\"300\" srcset=\"https:\/\/literackieprzeszpiegi.pl\/wp-content\/uploads\/2020\/02\/Stracony_Harper-211x300.jpg 211w, https:\/\/literackieprzeszpiegi.pl\/wp-content\/uploads\/2020\/02\/Stracony_Harper.jpg 352w\" sizes=\"(max-width: 211px) 100vw, 211px\" \/><\/a>Bracia Bright mieszkaj\u0105 trzy godziny jazdy samochodem od siebie. Na australijskim pustkowiu czyni ich to najbli\u017cszymi s\u0105siadami. Nathan i Bub przez kilka miesi\u0119cy si\u0119 nie widzieli. Gdy si\u0119 spotykaj\u0105, Cameron, trzeci z ich rodze\u0144stwa, le\u017cy martwy u ich st\u00f3p. Cameron prowadzi\u0142 rodzinne gospodarstwo. Zostawi\u0142 \u017con\u0119, c\u00f3rki oraz matk\u0119. Co\u015b, czego ani Nathan, ani Bub nie s\u0105 w stanie sobie wyobrazi\u0107, sprawi\u0142o, \u017ce ich brat znalaz\u0142 si\u0119 sam na spalonym s\u0142o\u0144cem pustkowiu. Na ranczu zmar\u0142ego opr\u00f3cz rodziny mieszkaj\u0105 jeszcze wieloletni pracownicy oraz dwaj zatrudnieni niedawno sezonowcy. Mimo \u017ca\u0142oby Nathan nie mo\u017ce uwolni\u0107 si\u0119 od podejrze\u0144.\u00a0 Je\u015bli kto\u015b doprowadzi\u0142 do \u015bmierci Camerona, to nie m\u00f3g\u0142 si\u0119 ukry\u0107 po\u015brodku niczego.<\/p>\n<h4>Jane Harper &#8220;Stracony&#8221;<br \/>\nWydawnictwo Czarna owca<br \/>\ndata premiery: 25.02.2020 r.<br \/>\n________________<\/h4>\n<p><a href=\"http:\/\/literackieprzeszpiegi.pl\/wp-content\/uploads\/2020\/02\/Czerwony-swit_Pasierski.jpg\"><img loading=\"lazy\" decoding=\"async\" class=\"size-medium wp-image-2252 alignleft\" src=\"http:\/\/literackieprzeszpiegi.pl\/wp-content\/uploads\/2020\/02\/Czerwony-swit_Pasierski-211x300.jpg\" alt=\"\" width=\"211\" height=\"300\" srcset=\"https:\/\/literackieprzeszpiegi.pl\/wp-content\/uploads\/2020\/02\/Czerwony-swit_Pasierski-211x300.jpg 211w, https:\/\/literackieprzeszpiegi.pl\/wp-content\/uploads\/2020\/02\/Czerwony-swit_Pasierski.jpg 352w\" sizes=\"(max-width: 211px) 100vw, 211px\" \/><\/a>20 marca 2015 roku ca\u0142a Polska wpatruje si\u0119 w niebo i podziwia za\u0107mienie s\u0142o\u0144ca. W tym czasie w swoim lofcie na warszawskiej Pradze umiera Sara Kosowska \u2013 wzi\u0119ta aktorka m\u0142odego pokolenia. Policja podejrzewa morderstwo. Spraw\u0105 zajmuje si\u0119 komisarz Nina Warwi\u0142ow, kt\u00f3ra niedawno wr\u00f3ci\u0142a do pracy po urlopie macierzy\u0144skim. Nie b\u0119dzie jednak mia\u0142a \u0142atwego zadania. Przyjaciele ofiary pl\u0105cz\u0105 si\u0119 w zeznaniach, jakby celowo chcieli zmyli\u0107 tropy. Nina musi te\u017c odnale\u017a\u0107 tajemnicz\u0105 nieznajom\u0105, kt\u00f3ra w chwili \u015bmierci Sary by\u0142a w jej mieszkaniu. A wszystko to w b\u0142yskach fleszy, bo media \u015bledz\u0105 ka\u017cdy krok policji\u2026<\/p>\n<h4>J\u0119drzej Pasierski &#8220;Czerwony \u015bwit&#8221;<br \/>\nCykl: Nina Warwi\u0142ow, t. 3<br \/>\n<a href=\"https:\/\/czarne.com.pl\/katalog\/ksiazki\/czerwony-swit\">Wydawnictwo Czarne<\/a><br \/>\ndata premiery: 26.02.2020 r.<\/h4>\n","protected":false},"excerpt":{"rendered":"<p>W lutym to polscy autorzy zdominuj\u0105 kryminalne p\u00f3\u0142ki. Powraca Marta Matyszczak i J\u0119drzej Pasierski oraz Przemys\u0142aw \u017barski. A dla r\u00f3wnowagi &#8211; krymina\u0142 spalony australijskim s\u0142o\u0144cem od Jane Harper.<\/p>\n","protected":false},"author":1,"featured_media":2262,"comment_status":"open","ping_status":"open","sticky":false,"template":"","format":"standard","meta":{"om_disable_all_campaigns":false,"_exactmetrics_skip_tracking":false,"_exactmetrics_sitenote_active":false,"_exactmetrics_sitenote_note":"","_exactmetrics_sitenote_category":0,"_monsterinsights_skip_tracking":false,"_monsterinsights_sitenote_active":false,"_monsterinsights_sitenote_note":"","_monsterinsights_sitenote_category":0,"_uf_show_specific_survey":0,"_uf_disable_surveys":false,"footnotes":""},"categories":[4],"tags":[10,120,97,47,22,37],"yoast_head":"<!-- This site is optimized with the Yoast SEO plugin v22.9 - https:\/\/yoast.com\/wordpress\/plugins\/seo\/ -->\n<title>Zwiady lutowe, cz. I, #2020 - Literackie przeszpiegi<\/title>\n<meta name=\"description\" content=\"W lutym to polscy autorzy zdominuj\u0105 kryminalne p\u00f3\u0142ki. Powraca Marta Matyszczak i J\u0119drzej Pasierski oraz Przemek \u017barski. A dla r\u00f3wnowagi - Jane Harper.\" \/>\n<meta name=\"robots\" content=\"index, follow, max-snippet:-1, max-image-preview:large, max-video-preview:-1\" \/>\n<link rel=\"canonical\" href=\"https:\/\/literackieprzeszpiegi.pl\/index.php\/2020\/02\/02\/zwiady-lutowe-cz-i-2020\/\" \/>\n<meta property=\"og:locale\" content=\"pl_PL\" \/>\n<meta property=\"og:type\" content=\"article\" \/>\n<meta property=\"og:title\" content=\"Zwiady lutowe, cz. I, #2020\" \/>\n<meta property=\"og:description\" content=\"W lutym to polscy autorzy zdominuj\u0105 kryminalne p\u00f3\u0142ki. Powraca Marta Matyszczak i J\u0119drzej Pasierski oraz Przemys\u0142aw \u017barski. A dla r\u00f3wnowagi - krymina\u0142 spalony australijskim s\u0142o\u0144cem od Jane Harper.\" \/>\n<meta property=\"og:url\" content=\"https:\/\/literackieprzeszpiegi.pl\/index.php\/2020\/02\/02\/zwiady-lutowe-cz-i-2020\/\" \/>\n<meta property=\"og:site_name\" content=\"Literackie przeszpiegi\" \/>\n<meta property=\"article:published_time\" content=\"2020-02-02T22:40:06+00:00\" \/>\n<meta property=\"og:image\" content=\"https:\/\/literackieprzeszpiegi.pl\/wp-content\/uploads\/2020\/02\/zwiady-lutowe.jpg\" \/>\n\t<meta property=\"og:image:width\" content=\"774\" \/>\n\t<meta property=\"og:image:height\" content=\"1054\" \/>\n\t<meta property=\"og:image:type\" content=\"image\/jpeg\" \/>\n<meta name=\"author\" content=\"Szpieg\" \/>\n<meta name=\"twitter:card\" content=\"summary_large_image\" \/>\n<meta name=\"twitter:label1\" content=\"Napisane przez\" \/>\n\t<meta name=\"twitter:data1\" content=\"Szpieg\" \/>\n\t<meta name=\"twitter:label2\" content=\"Szacowany czas czytania\" \/>\n\t<meta name=\"twitter:data2\" content=\"3 minuty\" \/>\n<script type=\"application\/ld+json\" class=\"yoast-schema-graph\">{\"@context\":\"https:\/\/schema.org\",\"@graph\":[{\"@type\":\"Article\",\"@id\":\"https:\/\/literackieprzeszpiegi.pl\/index.php\/2020\/02\/02\/zwiady-lutowe-cz-i-2020\/#article\",\"isPartOf\":{\"@id\":\"https:\/\/literackieprzeszpiegi.pl\/index.php\/2020\/02\/02\/zwiady-lutowe-cz-i-2020\/\"},\"author\":{\"name\":\"Szpieg\",\"@id\":\"https:\/\/literackieprzeszpiegi.pl\/#\/schema\/person\/fd5c4f317aed549d4833e6402ffea017\"},\"headline\":\"Zwiady lutowe, cz. I, #2020\",\"datePublished\":\"2020-02-02T22:40:06+00:00\",\"dateModified\":\"2020-02-02T22:40:06+00:00\",\"mainEntityOfPage\":{\"@id\":\"https:\/\/literackieprzeszpiegi.pl\/index.php\/2020\/02\/02\/zwiady-lutowe-cz-i-2020\/\"},\"wordCount\":527,\"commentCount\":1,\"publisher\":{\"@id\":\"https:\/\/literackieprzeszpiegi.pl\/#organization\"},\"image\":{\"@id\":\"https:\/\/literackieprzeszpiegi.pl\/index.php\/2020\/02\/02\/zwiady-lutowe-cz-i-2020\/#primaryimage\"},\"thumbnailUrl\":\"https:\/\/literackieprzeszpiegi.pl\/wp-content\/uploads\/2020\/02\/zwiady-lutowe.jpg\",\"keywords\":[\"czwarta strona\",\"J\u0119drzej Pasierski\",\"Marta Matyszczak\",\"Wydawnictwo Czarna Owca\",\"Wydawnictwo Czarne\",\"Wydawnictwo Dolno\u015bl\u0105skie\"],\"articleSection\":[\"Na zwiadach w ksi\u0119garniach\"],\"inLanguage\":\"pl-PL\",\"potentialAction\":[{\"@type\":\"CommentAction\",\"name\":\"Comment\",\"target\":[\"https:\/\/literackieprzeszpiegi.pl\/index.php\/2020\/02\/02\/zwiady-lutowe-cz-i-2020\/#respond\"]}]},{\"@type\":\"WebPage\",\"@id\":\"https:\/\/literackieprzeszpiegi.pl\/index.php\/2020\/02\/02\/zwiady-lutowe-cz-i-2020\/\",\"url\":\"https:\/\/literackieprzeszpiegi.pl\/index.php\/2020\/02\/02\/zwiady-lutowe-cz-i-2020\/\",\"name\":\"Zwiady lutowe, cz. I, #2020 - Literackie przeszpiegi\",\"isPartOf\":{\"@id\":\"https:\/\/literackieprzeszpiegi.pl\/#website\"},\"primaryImageOfPage\":{\"@id\":\"https:\/\/literackieprzeszpiegi.pl\/index.php\/2020\/02\/02\/zwiady-lutowe-cz-i-2020\/#primaryimage\"},\"image\":{\"@id\":\"https:\/\/literackieprzeszpiegi.pl\/index.php\/2020\/02\/02\/zwiady-lutowe-cz-i-2020\/#primaryimage\"},\"thumbnailUrl\":\"https:\/\/literackieprzeszpiegi.pl\/wp-content\/uploads\/2020\/02\/zwiady-lutowe.jpg\",\"datePublished\":\"2020-02-02T22:40:06+00:00\",\"dateModified\":\"2020-02-02T22:40:06+00:00\",\"description\":\"W lutym to polscy autorzy zdominuj\u0105 kryminalne p\u00f3\u0142ki. Powraca Marta Matyszczak i J\u0119drzej Pasierski oraz Przemek \u017barski. A dla r\u00f3wnowagi - Jane Harper.\",\"breadcrumb\":{\"@id\":\"https:\/\/literackieprzeszpiegi.pl\/index.php\/2020\/02\/02\/zwiady-lutowe-cz-i-2020\/#breadcrumb\"},\"inLanguage\":\"pl-PL\",\"potentialAction\":[{\"@type\":\"ReadAction\",\"target\":[\"https:\/\/literackieprzeszpiegi.pl\/index.php\/2020\/02\/02\/zwiady-lutowe-cz-i-2020\/\"]}]},{\"@type\":\"ImageObject\",\"inLanguage\":\"pl-PL\",\"@id\":\"https:\/\/literackieprzeszpiegi.pl\/index.php\/2020\/02\/02\/zwiady-lutowe-cz-i-2020\/#primaryimage\",\"url\":\"https:\/\/literackieprzeszpiegi.pl\/wp-content\/uploads\/2020\/02\/zwiady-lutowe.jpg\",\"contentUrl\":\"https:\/\/literackieprzeszpiegi.pl\/wp-content\/uploads\/2020\/02\/zwiady-lutowe.jpg\",\"width\":774,\"height\":1054},{\"@type\":\"BreadcrumbList\",\"@id\":\"https:\/\/literackieprzeszpiegi.pl\/index.php\/2020\/02\/02\/zwiady-lutowe-cz-i-2020\/#breadcrumb\",\"itemListElement\":[{\"@type\":\"ListItem\",\"position\":1,\"name\":\"Home\",\"item\":\"https:\/\/literackieprzeszpiegi.pl\/\"},{\"@type\":\"ListItem\",\"position\":2,\"name\":\"Zwiady lutowe, cz. I, #2020\"}]},{\"@type\":\"WebSite\",\"@id\":\"https:\/\/literackieprzeszpiegi.pl\/#website\",\"url\":\"https:\/\/literackieprzeszpiegi.pl\/\",\"name\":\"Literackie przeszpiegi\",\"description\":\"blog o ksi\u0105\u017ckach\",\"publisher\":{\"@id\":\"https:\/\/literackieprzeszpiegi.pl\/#organization\"},\"potentialAction\":[{\"@type\":\"SearchAction\",\"target\":{\"@type\":\"EntryPoint\",\"urlTemplate\":\"https:\/\/literackieprzeszpiegi.pl\/?s={search_term_string}\"},\"query-input\":\"required name=search_term_string\"}],\"inLanguage\":\"pl-PL\"},{\"@type\":\"Organization\",\"@id\":\"https:\/\/literackieprzeszpiegi.pl\/#organization\",\"name\":\"Literackie przeszpiegi\",\"url\":\"https:\/\/literackieprzeszpiegi.pl\/\",\"logo\":{\"@type\":\"ImageObject\",\"inLanguage\":\"pl-PL\",\"@id\":\"https:\/\/literackieprzeszpiegi.pl\/#\/schema\/logo\/image\/\",\"url\":\"https:\/\/literackieprzeszpiegi.pl\/wp-content\/uploads\/2021\/01\/cropped-cropped-Literackie-przeszpiegi-1.png\",\"contentUrl\":\"https:\/\/literackieprzeszpiegi.pl\/wp-content\/uploads\/2021\/01\/cropped-cropped-Literackie-przeszpiegi-1.png\",\"width\":499,\"height\":142,\"caption\":\"Literackie przeszpiegi\"},\"image\":{\"@id\":\"https:\/\/literackieprzeszpiegi.pl\/#\/schema\/logo\/image\/\"}},{\"@type\":\"Person\",\"@id\":\"https:\/\/literackieprzeszpiegi.pl\/#\/schema\/person\/fd5c4f317aed549d4833e6402ffea017\",\"name\":\"Szpieg\",\"image\":{\"@type\":\"ImageObject\",\"inLanguage\":\"pl-PL\",\"@id\":\"https:\/\/literackieprzeszpiegi.pl\/#\/schema\/person\/image\/\",\"url\":\"https:\/\/secure.gravatar.com\/avatar\/45a17869257e08975d929f204ef78290?s=96&d=mm&r=g\",\"contentUrl\":\"https:\/\/secure.gravatar.com\/avatar\/45a17869257e08975d929f204ef78290?s=96&d=mm&r=g\",\"caption\":\"Szpieg\"},\"url\":\"https:\/\/literackieprzeszpiegi.pl\/index.php\/author\/admin\/\"}]}<\/script>\n<!-- \/ Yoast SEO plugin. -->","yoast_head_json":{"title":"Zwiady lutowe, cz. I, #2020 - Literackie przeszpiegi","description":"W lutym to polscy autorzy zdominuj\u0105 kryminalne p\u00f3\u0142ki. Powraca Marta Matyszczak i J\u0119drzej Pasierski oraz Przemek \u017barski. A dla r\u00f3wnowagi - Jane Harper.","robots":{"index":"index","follow":"follow","max-snippet":"max-snippet:-1","max-image-preview":"max-image-preview:large","max-video-preview":"max-video-preview:-1"},"canonical":"https:\/\/literackieprzeszpiegi.pl\/index.php\/2020\/02\/02\/zwiady-lutowe-cz-i-2020\/","og_locale":"pl_PL","og_type":"article","og_title":"Zwiady lutowe, cz. I, #2020","og_description":"W lutym to polscy autorzy zdominuj\u0105 kryminalne p\u00f3\u0142ki. Powraca Marta Matyszczak i J\u0119drzej Pasierski oraz Przemys\u0142aw \u017barski. A dla r\u00f3wnowagi - krymina\u0142 spalony australijskim s\u0142o\u0144cem od Jane Harper.","og_url":"https:\/\/literackieprzeszpiegi.pl\/index.php\/2020\/02\/02\/zwiady-lutowe-cz-i-2020\/","og_site_name":"Literackie przeszpiegi","article_published_time":"2020-02-02T22:40:06+00:00","og_image":[{"width":774,"height":1054,"url":"https:\/\/literackieprzeszpiegi.pl\/wp-content\/uploads\/2020\/02\/zwiady-lutowe.jpg","type":"image\/jpeg"}],"author":"Szpieg","twitter_card":"summary_large_image","twitter_misc":{"Napisane przez":"Szpieg","Szacowany czas czytania":"3 minuty"},"schema":{"@context":"https:\/\/schema.org","@graph":[{"@type":"Article","@id":"https:\/\/literackieprzeszpiegi.pl\/index.php\/2020\/02\/02\/zwiady-lutowe-cz-i-2020\/#article","isPartOf":{"@id":"https:\/\/literackieprzeszpiegi.pl\/index.php\/2020\/02\/02\/zwiady-lutowe-cz-i-2020\/"},"author":{"name":"Szpieg","@id":"https:\/\/literackieprzeszpiegi.pl\/#\/schema\/person\/fd5c4f317aed549d4833e6402ffea017"},"headline":"Zwiady lutowe, cz. I, #2020","datePublished":"2020-02-02T22:40:06+00:00","dateModified":"2020-02-02T22:40:06+00:00","mainEntityOfPage":{"@id":"https:\/\/literackieprzeszpiegi.pl\/index.php\/2020\/02\/02\/zwiady-lutowe-cz-i-2020\/"},"wordCount":527,"commentCount":1,"publisher":{"@id":"https:\/\/literackieprzeszpiegi.pl\/#organization"},"image":{"@id":"https:\/\/literackieprzeszpiegi.pl\/index.php\/2020\/02\/02\/zwiady-lutowe-cz-i-2020\/#primaryimage"},"thumbnailUrl":"https:\/\/literackieprzeszpiegi.pl\/wp-content\/uploads\/2020\/02\/zwiady-lutowe.jpg","keywords":["czwarta strona","J\u0119drzej Pasierski","Marta Matyszczak","Wydawnictwo Czarna Owca","Wydawnictwo Czarne","Wydawnictwo Dolno\u015bl\u0105skie"],"articleSection":["Na zwiadach w ksi\u0119garniach"],"inLanguage":"pl-PL","potentialAction":[{"@type":"CommentAction","name":"Comment","target":["https:\/\/literackieprzeszpiegi.pl\/index.php\/2020\/02\/02\/zwiady-lutowe-cz-i-2020\/#respond"]}]},{"@type":"WebPage","@id":"https:\/\/literackieprzeszpiegi.pl\/index.php\/2020\/02\/02\/zwiady-lutowe-cz-i-2020\/","url":"https:\/\/literackieprzeszpiegi.pl\/index.php\/2020\/02\/02\/zwiady-lutowe-cz-i-2020\/","name":"Zwiady lutowe, cz. I, #2020 - Literackie przeszpiegi","isPartOf":{"@id":"https:\/\/literackieprzeszpiegi.pl\/#website"},"primaryImageOfPage":{"@id":"https:\/\/literackieprzeszpiegi.pl\/index.php\/2020\/02\/02\/zwiady-lutowe-cz-i-2020\/#primaryimage"},"image":{"@id":"https:\/\/literackieprzeszpiegi.pl\/index.php\/2020\/02\/02\/zwiady-lutowe-cz-i-2020\/#primaryimage"},"thumbnailUrl":"https:\/\/literackieprzeszpiegi.pl\/wp-content\/uploads\/2020\/02\/zwiady-lutowe.jpg","datePublished":"2020-02-02T22:40:06+00:00","dateModified":"2020-02-02T22:40:06+00:00","description":"W lutym to polscy autorzy zdominuj\u0105 kryminalne p\u00f3\u0142ki. Powraca Marta Matyszczak i J\u0119drzej Pasierski oraz Przemek \u017barski. A dla r\u00f3wnowagi - Jane Harper.","breadcrumb":{"@id":"https:\/\/literackieprzeszpiegi.pl\/index.php\/2020\/02\/02\/zwiady-lutowe-cz-i-2020\/#breadcrumb"},"inLanguage":"pl-PL","potentialAction":[{"@type":"ReadAction","target":["https:\/\/literackieprzeszpiegi.pl\/index.php\/2020\/02\/02\/zwiady-lutowe-cz-i-2020\/"]}]},{"@type":"ImageObject","inLanguage":"pl-PL","@id":"https:\/\/literackieprzeszpiegi.pl\/index.php\/2020\/02\/02\/zwiady-lutowe-cz-i-2020\/#primaryimage","url":"https:\/\/literackieprzeszpiegi.pl\/wp-content\/uploads\/2020\/02\/zwiady-lutowe.jpg","contentUrl":"https:\/\/literackieprzeszpiegi.pl\/wp-content\/uploads\/2020\/02\/zwiady-lutowe.jpg","width":774,"height":1054},{"@type":"BreadcrumbList","@id":"https:\/\/literackieprzeszpiegi.pl\/index.php\/2020\/02\/02\/zwiady-lutowe-cz-i-2020\/#breadcrumb","itemListElement":[{"@type":"ListItem","position":1,"name":"Home","item":"https:\/\/literackieprzeszpiegi.pl\/"},{"@type":"ListItem","position":2,"name":"Zwiady lutowe, cz. I, #2020"}]},{"@type":"WebSite","@id":"https:\/\/literackieprzeszpiegi.pl\/#website","url":"https:\/\/literackieprzeszpiegi.pl\/","name":"Literackie przeszpiegi","description":"blog o ksi\u0105\u017ckach","publisher":{"@id":"https:\/\/literackieprzeszpiegi.pl\/#organization"},"potentialAction":[{"@type":"SearchAction","target":{"@type":"EntryPoint","urlTemplate":"https:\/\/literackieprzeszpiegi.pl\/?s={search_term_string}"},"query-input":"required name=search_term_string"}],"inLanguage":"pl-PL"},{"@type":"Organization","@id":"https:\/\/literackieprzeszpiegi.pl\/#organization","name":"Literackie przeszpiegi","url":"https:\/\/literackieprzeszpiegi.pl\/","logo":{"@type":"ImageObject","inLanguage":"pl-PL","@id":"https:\/\/literackieprzeszpiegi.pl\/#\/schema\/logo\/image\/","url":"https:\/\/literackieprzeszpiegi.pl\/wp-content\/uploads\/2021\/01\/cropped-cropped-Literackie-przeszpiegi-1.png","contentUrl":"https:\/\/literackieprzeszpiegi.pl\/wp-content\/uploads\/2021\/01\/cropped-cropped-Literackie-przeszpiegi-1.png","width":499,"height":142,"caption":"Literackie przeszpiegi"},"image":{"@id":"https:\/\/literackieprzeszpiegi.pl\/#\/schema\/logo\/image\/"}},{"@type":"Person","@id":"https:\/\/literackieprzeszpiegi.pl\/#\/schema\/person\/fd5c4f317aed549d4833e6402ffea017","name":"Szpieg","image":{"@type":"ImageObject","inLanguage":"pl-PL","@id":"https:\/\/literackieprzeszpiegi.pl\/#\/schema\/person\/image\/","url":"https:\/\/secure.gravatar.com\/avatar\/45a17869257e08975d929f204ef78290?s=96&d=mm&r=g","contentUrl":"https:\/\/secure.gravatar.com\/avatar\/45a17869257e08975d929f204ef78290?s=96&d=mm&r=g","caption":"Szpieg"},"url":"https:\/\/literackieprzeszpiegi.pl\/index.php\/author\/admin\/"}]}},"_links":{"self":[{"href":"https:\/\/literackieprzeszpiegi.pl\/index.php\/wp-json\/wp\/v2\/posts\/2248"}],"collection":[{"href":"https:\/\/literackieprzeszpiegi.pl\/index.php\/wp-json\/wp\/v2\/posts"}],"about":[{"href":"https:\/\/literackieprzeszpiegi.pl\/index.php\/wp-json\/wp\/v2\/types\/post"}],"author":[{"embeddable":true,"href":"https:\/\/literackieprzeszpiegi.pl\/index.php\/wp-json\/wp\/v2\/users\/1"}],"replies":[{"embeddable":true,"href":"https:\/\/literackieprzeszpiegi.pl\/index.php\/wp-json\/wp\/v2\/comments?post=2248"}],"version-history":[{"count":10,"href":"https:\/\/literackieprzeszpiegi.pl\/index.php\/wp-json\/wp\/v2\/posts\/2248\/revisions"}],"predecessor-version":[{"id":2263,"href":"https:\/\/literackieprzeszpiegi.pl\/index.php\/wp-json\/wp\/v2\/posts\/2248\/revisions\/2263"}],"wp:featuredmedia":[{"embeddable":true,"href":"https:\/\/literackieprzeszpiegi.pl\/index.php\/wp-json\/wp\/v2\/media\/2262"}],"wp:attachment":[{"href":"https:\/\/literackieprzeszpiegi.pl\/index.php\/wp-json\/wp\/v2\/media?parent=2248"}],"wp:term":[{"taxonomy":"category","embeddable":true,"href":"https:\/\/literackieprzeszpiegi.pl\/index.php\/wp-json\/wp\/v2\/categories?post=2248"},{"taxonomy":"post_tag","embeddable":true,"href":"https:\/\/literackieprzeszpiegi.pl\/index.php\/wp-json\/wp\/v2\/tags?post=2248"}],"curies":[{"name":"wp","href":"https:\/\/api.w.org\/{rel}","templated":true}]}}