{"id":2506,"date":"2020-07-27T20:09:12","date_gmt":"2020-07-27T18:09:12","guid":{"rendered":"http:\/\/literackieprzeszpiegi.pl\/?p=2506"},"modified":"2021-01-02T18:29:47","modified_gmt":"2021-01-02T17:29:47","slug":"las-i-ciemnosc-marta-matyszczak","status":"publish","type":"post","link":"https:\/\/literackieprzeszpiegi.pl\/index.php\/2020\/07\/27\/las-i-ciemnosc-marta-matyszczak\/","title":{"rendered":"&#8220;Las i ciemno\u015b\u0107&#8221; Marta Matyszczak"},"content":{"rendered":"<h3><strong>&#8220;Przecie\u017c to pewne jak w pe\u0142nym lewej mamony szwajcarskim banku, \u017ce kto\u015b tu z\u0142o\u015bliwie pad\u0142 trupem! A w zwi\u0105zku z tym Sola\u0144ski b\u0119dzie si\u0119 zabawia\u0142 w mesjasza narod\u00f3w i szuka\u0142 mordercy. Zamiast skupi\u0107 si\u0119 na \u015blubie!&#8221;. <\/strong><\/h3>\n<p><!--more--><\/p>\n<p>Zapowied\u017a weselicha w \u00f3smym tomie <em>Krymina\u0142u pod psem<\/em> zelektryzowa\u0142a wszystkich czytelnik\u00f3w. Wreszcie! Siedem tom\u00f3w, 2135 stron trzeba by\u0142o czeka\u0107 na sakramentalne tak!<\/p>\n<h3><strong>Literacka uczta<\/strong><\/h3>\n<p>Skoro zapowiadam uczt\u0119, smakowita przystawka musi by\u0107. Ale ani to panie\u0144ski, ani to kawalerski, tylko gor\u0105czkowe przygotowania, g\u0142\u00f3wnie ze strony wedding plannerki i Szymona do podr\u00f3\u017cy przed\u015blubnej do P\u0142askiej. Danie g\u0142\u00f3wne &#8211; to rzecz oczywista. \u015alub w samym sercu Puszczy Augustowskiej, w ciszy i spokoju, w\u015br\u00f3d najbli\u017cszych. A na deser &#8211; podr\u00f3\u017c po\u015blubna, dok\u0105d tylko oczy ponios\u0105! I gdy si\u0119 ju\u017c tak rozmarzy\u0142am, przypomnia\u0142o mi si\u0119, \u017ce autorka lubi podrzuca\u0107 swoim bohaterom k\u0142ody pod nogi. I trupy. Co prowadzi do tego, \u017ce jedno z da\u0144 mo\u017ce si\u0119 nie do ko\u0144ca uda\u0107 lub mie\u0107 nieco gorzki posmak.<\/p>\n<p>Przed\u015blubny nastr\u00f3j burz\u0105 zasadniczo dwie rzeczy. Pierwsz\u0105 z nich jest P\u0142aska, z kt\u00f3r\u0105 Sola\u0144ski trafi\u0142 jak kul\u0105 w p\u0142ot. \u015alubny by\u0142 przekonany, \u017ce R\u00f3\u017ca z rado\u015bci\u0105 powr\u00f3ci do wspomnie\u0144 z wakacyjnego obozu sprzed kilkunastu lat. Niestety, tutaj intuicja srogo go zawiod\u0142a.<br \/>\nA druga rzecz jest ju\u017c bardziej oczywista. Gdzie R\u00f3\u017ca, Szymon i Gucio, tam pr\u0119dzej czy p\u00f3\u017aniej pojawi si\u0119 trup. W tym przypadku presja, by szybko uj\u0105\u0107 morderc\u0119 b\u0119dzie jeszcze wi\u0119ksza, bo kto to widzia\u0142, by my\u015bli narzeczonych bardziej zaprz\u0105ta\u0142y \u015bledcze dywagacje ani\u017celi przygotowania do najwa\u017cniejszego dnia w ich \u017cyciu?<\/p>\n<p>Sprawy, zar\u00f3wno te \u015blubne, jak i kryminalne, szybko si\u0119 komplikuj\u0105. Czy w por\u0119 uda si\u0119 uj\u0105\u0107 morderc\u0119 a Kwiatkowska w ko\u0144cu zostanie Sola\u0144sk\u0105?<\/p>\n<p style=\"text-align: center;\">&#8220;M\u00f3wi\u0142am, \u017ce przedwczesne gapienie si\u0119 na sukni\u0119 \u015blubn\u0105 przynosi pecha!<br \/>\nNo i masz! Trupa! &#8211; u\u015bci\u015bli\u0142a.<br \/>\n&#8211; Musisz znale\u017a\u0107 morderc\u0119! Natychmiast!<\/p>\n<h3><strong>S\u0142odko, a mo\u017ce jednak gorzko? <\/strong><\/h3>\n<p>Najnowsza ksi\u0105\u017cka Marty Matyszczak &#8220;Las i ciemno\u015b\u0107&#8221; zapowiada\u0142a si\u0119 wyj\u0105tkowo rado\u015bnie i wakacyjnie, nie tylko ze wzgl\u0119du na lipcow\u0105 dat\u0119 premiery. A by\u0142o bardziej gorzko ani\u017celi mogliby\u015bmy si\u0119 spodziewa\u0107. Chocia\u017c&#8230; na dobrym weselu co chwil\u0119 s\u0142ycha\u0107 okrzyki <em>go-rzko, go-rzko<\/em>, prawda?<\/p>\n<p>Wyprawa do P\u0142askiej u\u015bwiadamia nam, jak bardzo ma\u0142o wiemy o przesz\u0142o\u015bci R\u00f3\u017cy. Wspomniany w ksi\u0105\u017cce wakacyjny ob\u00f3z z 1999 roku wcale nie by\u0142 taki beztroski. R\u00f3\u017ca jako nastolatka mia\u0142a pod g\u00f3rk\u0119. Zakompleksiona, rozczarowana pierwsz\u0105 mi\u0142o\u015bci\u0105 i&#8230; &#8216;przyjaci\u00f3\u0142mi&#8217;, przy kt\u00f3rych na ka\u017cdym kroku czu\u0142a si\u0119 gorsza. A w P\u0142askiej zobaczy\u0142a \u015bwiat, w kt\u00f3rym pieni\u0105dze maj\u0105 wynagradza\u0107 deficyty uczu\u0107, s\u0105siedzi maj\u0105 swoje tajemnice a wszystko wie\u0144czy zbrodnia w mrokach Puszczy Augustowskiej. Nie tak to mia\u0142o wygl\u0105da\u0107. A R\u00f3\u017ca ma co wspomina\u0107, zw\u0142aszcza \u017ce po kilkunastu latach echo tej zbrodni powraca jak bumerang. I ani si\u0119 nie obejrzymy, znajdziemy si\u0119 w samym \u015brodku kryminalnej afery, w kt\u00f3rej nie tak \u0142atwo b\u0119dzie odr\u00f3\u017cni\u0107 prawd\u0119 od misternie skonstruowanego k\u0142amstwa.<\/p>\n<h3><strong>Starzy znajomi<\/strong><\/h3>\n<p>Krymina\u0142 &#8220;Las i ciemno\u015b\u0107&#8221; powinien posiada\u0107 dopisek na ok\u0142adce: &#8220;Czarny humor i du\u017ca dawka dystansu do rzeczywisto\u015bci &#8211; gwarantowane!&#8221;. R\u00f3\u017ca, Szymon, Gucio (kt\u00f3rego troch\u0119 ma\u0142o!) i ca\u0142a plejada go\u015bci weselnych s\u0105 jak starzy znajomi. Wsp\u00f3lnie po\u015bmiejemy si\u0119 do \u0142ez, zw\u0142aszcza z pomys\u0142\u00f3w R\u00f3\u017cy i gagatka Bara\u0144skiego (&#8220;gdy kto\u015b ma papiery str\u00f3\u017ca prawa, a zachowuje si\u0119 jak w\u0142a\u015bciciel \u017c\u00f3\u0142tych?&#8221;), rozwiniemy swoje zdolno\u015bci dedukcyjne, by winnego ukara\u0107, ale te\u017c zadumamy si\u0119 nad \u015bwiatem nastolatk\u00f3w, dla kt\u00f3rych tak wa\u017cne jest poczucie akceptacji.<\/p>\n<p>I na koniec &#8211; skoro w ksi\u0105\u017cce mowa o weselichu, to wypijmy za zdrowie R\u00f3\u017cy, Szymona i Gucia, by cieszyli nas swoj\u0105 obecno\u015bci\u0105 jeszcze przez kilka \u0142adnych tom\u00f3w <em>Krymina\u0142u pod psem<\/em>!<\/p>\n<p>_____<\/p>\n<p><a href=\"https:\/\/publicat.pl\/wydawnictwo-dolnoslaskie\/oferta\/kryminaly\/las-i-ciemnosc\">Marta Matyszczak &#8220;Las i ciemno\u015b\u0107&#8221;<\/a><br \/>\nSeria: Krymina\u0142 pod psem, t.8<br \/>\nWydawnictwo Dolno\u015bl\u0105skie<br \/>\nData premiery: 1.07.2020 r.<br \/>\n_______<\/p>\n<p>PS. Uprasza si\u0119 autork\u0119, by nigdy wi\u0119cej nie zostawia\u0142a czytelnika z takim zako\u0144czeniem. Czytelnik jest got\u00f3w osiwie\u0107 i zapl\u0105ta\u0107 si\u0119 w domys\u0142ach!<\/p>\n","protected":false},"excerpt":{"rendered":"<p>&#8220;Przecie\u017c to pewne jak w pe\u0142nym lewej mamony szwajcarskim banku, \u017ce kto\u015b tu z\u0142o\u015bliwie pad\u0142 trupem! A w zwi\u0105zku z tym Sola\u0144ski b\u0119dzie si\u0119 zabawia\u0142 w mesjasza narod\u00f3w i szuka\u0142&hellip;<\/p>\n","protected":false},"author":1,"featured_media":2508,"comment_status":"open","ping_status":"open","sticky":false,"template":"","format":"standard","meta":{"om_disable_all_campaigns":false,"_exactmetrics_skip_tracking":false,"_exactmetrics_sitenote_active":false,"_exactmetrics_sitenote_note":"","_exactmetrics_sitenote_category":0,"_monsterinsights_skip_tracking":false,"_monsterinsights_sitenote_active":false,"_monsterinsights_sitenote_note":"","_monsterinsights_sitenote_category":0,"_uf_show_specific_survey":0,"_uf_disable_surveys":false,"footnotes":""},"categories":[7,3,8],"tags":[97,37],"yoast_head":"<!-- This site is optimized with the Yoast SEO plugin v22.9 - https:\/\/yoast.com\/wordpress\/plugins\/seo\/ -->\n<title>Recenzja: &quot;Las i ciemno\u015b\u0107&quot; Marta Matyszczak - Literackie przeszpiegi<\/title>\n<meta name=\"description\" content=\"Krymina\u0142 &quot;Las i ciemno\u015b\u0107&quot; powinien posiada\u0107 dopisek na ok\u0142adce: &quot;Czarny humor i du\u017ca dawka dystansu do rzeczywisto\u015bci - gwarantowane!&quot;.\" \/>\n<meta name=\"robots\" content=\"index, follow, max-snippet:-1, max-image-preview:large, max-video-preview:-1\" \/>\n<link rel=\"canonical\" href=\"https:\/\/literackieprzeszpiegi.pl\/index.php\/2020\/07\/27\/las-i-ciemnosc-marta-matyszczak\/\" \/>\n<meta property=\"og:locale\" content=\"pl_PL\" \/>\n<meta property=\"og:type\" content=\"article\" \/>\n<meta property=\"og:title\" content=\"Recenzja &quot;Las i ciemno\u015b\u0107&quot; Marta Matyszczak\" \/>\n<meta property=\"og:description\" content=\"Krymina\u0142 &quot;Las i ciemno\u015b\u0107&quot; powinien posiada\u0107 dopisek na ok\u0142adce: &quot;Czarny humor i du\u017ca dawka dystansu do rzeczywisto\u015bci - gwarantowane!&quot;. R\u00f3\u017ca, Szymon, Gucio (kt\u00f3rego troch\u0119 ma\u0142o!) i ca\u0142a plejada go\u015bci weselnych s\u0105 jak starzy znajomi.\" \/>\n<meta property=\"og:url\" content=\"https:\/\/literackieprzeszpiegi.pl\/index.php\/2020\/07\/27\/las-i-ciemnosc-marta-matyszczak\/\" \/>\n<meta property=\"og:site_name\" content=\"Literackie przeszpiegi\" \/>\n<meta property=\"article:published_time\" content=\"2020-07-27T18:09:12+00:00\" \/>\n<meta property=\"article:modified_time\" content=\"2021-01-02T17:29:47+00:00\" \/>\n<meta property=\"og:image\" content=\"https:\/\/literackieprzeszpiegi.pl\/wp-content\/uploads\/2020\/07\/Las-i-ciemno\u015b\u0107_Marta-Matyszczak.jpg\" \/>\n\t<meta property=\"og:image:width\" content=\"1193\" \/>\n\t<meta property=\"og:image:height\" content=\"663\" \/>\n\t<meta property=\"og:image:type\" content=\"image\/jpeg\" \/>\n<meta name=\"author\" content=\"Szpieg\" \/>\n<meta name=\"twitter:card\" content=\"summary_large_image\" \/>\n<meta name=\"twitter:label1\" content=\"Napisane przez\" \/>\n\t<meta name=\"twitter:data1\" content=\"Szpieg\" \/>\n\t<meta name=\"twitter:label2\" content=\"Szacowany czas czytania\" \/>\n\t<meta name=\"twitter:data2\" content=\"4 minuty\" \/>\n<script type=\"application\/ld+json\" class=\"yoast-schema-graph\">{\"@context\":\"https:\/\/schema.org\",\"@graph\":[{\"@type\":\"Article\",\"@id\":\"https:\/\/literackieprzeszpiegi.pl\/index.php\/2020\/07\/27\/las-i-ciemnosc-marta-matyszczak\/#article\",\"isPartOf\":{\"@id\":\"https:\/\/literackieprzeszpiegi.pl\/index.php\/2020\/07\/27\/las-i-ciemnosc-marta-matyszczak\/\"},\"author\":{\"name\":\"Szpieg\",\"@id\":\"https:\/\/literackieprzeszpiegi.pl\/#\/schema\/person\/fd5c4f317aed549d4833e6402ffea017\"},\"headline\":\"&#8220;Las i ciemno\u015b\u0107&#8221; Marta Matyszczak\",\"datePublished\":\"2020-07-27T18:09:12+00:00\",\"dateModified\":\"2021-01-02T17:29:47+00:00\",\"mainEntityOfPage\":{\"@id\":\"https:\/\/literackieprzeszpiegi.pl\/index.php\/2020\/07\/27\/las-i-ciemnosc-marta-matyszczak\/\"},\"wordCount\":734,\"commentCount\":0,\"publisher\":{\"@id\":\"https:\/\/literackieprzeszpiegi.pl\/#organization\"},\"image\":{\"@id\":\"https:\/\/literackieprzeszpiegi.pl\/index.php\/2020\/07\/27\/las-i-ciemnosc-marta-matyszczak\/#primaryimage\"},\"thumbnailUrl\":\"https:\/\/literackieprzeszpiegi.pl\/wp-content\/uploads\/2020\/07\/Las-i-ciemno\u015b\u0107_Marta-Matyszczak.jpg\",\"keywords\":[\"Marta Matyszczak\",\"Wydawnictwo Dolno\u015bl\u0105skie\"],\"articleSection\":[\"Hit\",\"Rasowy krymina\u0142\",\"recenzje\"],\"inLanguage\":\"pl-PL\",\"potentialAction\":[{\"@type\":\"CommentAction\",\"name\":\"Comment\",\"target\":[\"https:\/\/literackieprzeszpiegi.pl\/index.php\/2020\/07\/27\/las-i-ciemnosc-marta-matyszczak\/#respond\"]}]},{\"@type\":\"WebPage\",\"@id\":\"https:\/\/literackieprzeszpiegi.pl\/index.php\/2020\/07\/27\/las-i-ciemnosc-marta-matyszczak\/\",\"url\":\"https:\/\/literackieprzeszpiegi.pl\/index.php\/2020\/07\/27\/las-i-ciemnosc-marta-matyszczak\/\",\"name\":\"Recenzja: \\\"Las i ciemno\u015b\u0107\\\" Marta Matyszczak - Literackie przeszpiegi\",\"isPartOf\":{\"@id\":\"https:\/\/literackieprzeszpiegi.pl\/#website\"},\"primaryImageOfPage\":{\"@id\":\"https:\/\/literackieprzeszpiegi.pl\/index.php\/2020\/07\/27\/las-i-ciemnosc-marta-matyszczak\/#primaryimage\"},\"image\":{\"@id\":\"https:\/\/literackieprzeszpiegi.pl\/index.php\/2020\/07\/27\/las-i-ciemnosc-marta-matyszczak\/#primaryimage\"},\"thumbnailUrl\":\"https:\/\/literackieprzeszpiegi.pl\/wp-content\/uploads\/2020\/07\/Las-i-ciemno\u015b\u0107_Marta-Matyszczak.jpg\",\"datePublished\":\"2020-07-27T18:09:12+00:00\",\"dateModified\":\"2021-01-02T17:29:47+00:00\",\"description\":\"Krymina\u0142 \\\"Las i ciemno\u015b\u0107\\\" powinien posiada\u0107 dopisek na ok\u0142adce: \\\"Czarny humor i du\u017ca dawka dystansu do rzeczywisto\u015bci - gwarantowane!\\\".\",\"breadcrumb\":{\"@id\":\"https:\/\/literackieprzeszpiegi.pl\/index.php\/2020\/07\/27\/las-i-ciemnosc-marta-matyszczak\/#breadcrumb\"},\"inLanguage\":\"pl-PL\",\"potentialAction\":[{\"@type\":\"ReadAction\",\"target\":[\"https:\/\/literackieprzeszpiegi.pl\/index.php\/2020\/07\/27\/las-i-ciemnosc-marta-matyszczak\/\"]}]},{\"@type\":\"ImageObject\",\"inLanguage\":\"pl-PL\",\"@id\":\"https:\/\/literackieprzeszpiegi.pl\/index.php\/2020\/07\/27\/las-i-ciemnosc-marta-matyszczak\/#primaryimage\",\"url\":\"https:\/\/literackieprzeszpiegi.pl\/wp-content\/uploads\/2020\/07\/Las-i-ciemno\u015b\u0107_Marta-Matyszczak.jpg\",\"contentUrl\":\"https:\/\/literackieprzeszpiegi.pl\/wp-content\/uploads\/2020\/07\/Las-i-ciemno\u015b\u0107_Marta-Matyszczak.jpg\",\"width\":1193,\"height\":663},{\"@type\":\"BreadcrumbList\",\"@id\":\"https:\/\/literackieprzeszpiegi.pl\/index.php\/2020\/07\/27\/las-i-ciemnosc-marta-matyszczak\/#breadcrumb\",\"itemListElement\":[{\"@type\":\"ListItem\",\"position\":1,\"name\":\"Home\",\"item\":\"https:\/\/literackieprzeszpiegi.pl\/\"},{\"@type\":\"ListItem\",\"position\":2,\"name\":\"&#8220;Las i ciemno\u015b\u0107&#8221; Marta Matyszczak\"}]},{\"@type\":\"WebSite\",\"@id\":\"https:\/\/literackieprzeszpiegi.pl\/#website\",\"url\":\"https:\/\/literackieprzeszpiegi.pl\/\",\"name\":\"Literackie przeszpiegi\",\"description\":\"blog o ksi\u0105\u017ckach\",\"publisher\":{\"@id\":\"https:\/\/literackieprzeszpiegi.pl\/#organization\"},\"potentialAction\":[{\"@type\":\"SearchAction\",\"target\":{\"@type\":\"EntryPoint\",\"urlTemplate\":\"https:\/\/literackieprzeszpiegi.pl\/?s={search_term_string}\"},\"query-input\":\"required name=search_term_string\"}],\"inLanguage\":\"pl-PL\"},{\"@type\":\"Organization\",\"@id\":\"https:\/\/literackieprzeszpiegi.pl\/#organization\",\"name\":\"Literackie przeszpiegi\",\"url\":\"https:\/\/literackieprzeszpiegi.pl\/\",\"logo\":{\"@type\":\"ImageObject\",\"inLanguage\":\"pl-PL\",\"@id\":\"https:\/\/literackieprzeszpiegi.pl\/#\/schema\/logo\/image\/\",\"url\":\"https:\/\/literackieprzeszpiegi.pl\/wp-content\/uploads\/2021\/01\/cropped-cropped-Literackie-przeszpiegi-1.png\",\"contentUrl\":\"https:\/\/literackieprzeszpiegi.pl\/wp-content\/uploads\/2021\/01\/cropped-cropped-Literackie-przeszpiegi-1.png\",\"width\":499,\"height\":142,\"caption\":\"Literackie przeszpiegi\"},\"image\":{\"@id\":\"https:\/\/literackieprzeszpiegi.pl\/#\/schema\/logo\/image\/\"}},{\"@type\":\"Person\",\"@id\":\"https:\/\/literackieprzeszpiegi.pl\/#\/schema\/person\/fd5c4f317aed549d4833e6402ffea017\",\"name\":\"Szpieg\",\"image\":{\"@type\":\"ImageObject\",\"inLanguage\":\"pl-PL\",\"@id\":\"https:\/\/literackieprzeszpiegi.pl\/#\/schema\/person\/image\/\",\"url\":\"https:\/\/secure.gravatar.com\/avatar\/45a17869257e08975d929f204ef78290?s=96&d=mm&r=g\",\"contentUrl\":\"https:\/\/secure.gravatar.com\/avatar\/45a17869257e08975d929f204ef78290?s=96&d=mm&r=g\",\"caption\":\"Szpieg\"},\"url\":\"https:\/\/literackieprzeszpiegi.pl\/index.php\/author\/admin\/\"}]}<\/script>\n<!-- \/ Yoast SEO plugin. -->","yoast_head_json":{"title":"Recenzja: \"Las i ciemno\u015b\u0107\" Marta Matyszczak - Literackie przeszpiegi","description":"Krymina\u0142 \"Las i ciemno\u015b\u0107\" powinien posiada\u0107 dopisek na ok\u0142adce: \"Czarny humor i du\u017ca dawka dystansu do rzeczywisto\u015bci - gwarantowane!\".","robots":{"index":"index","follow":"follow","max-snippet":"max-snippet:-1","max-image-preview":"max-image-preview:large","max-video-preview":"max-video-preview:-1"},"canonical":"https:\/\/literackieprzeszpiegi.pl\/index.php\/2020\/07\/27\/las-i-ciemnosc-marta-matyszczak\/","og_locale":"pl_PL","og_type":"article","og_title":"Recenzja \"Las i ciemno\u015b\u0107\" Marta Matyszczak","og_description":"Krymina\u0142 \"Las i ciemno\u015b\u0107\" powinien posiada\u0107 dopisek na ok\u0142adce: \"Czarny humor i du\u017ca dawka dystansu do rzeczywisto\u015bci - gwarantowane!\". R\u00f3\u017ca, Szymon, Gucio (kt\u00f3rego troch\u0119 ma\u0142o!) i ca\u0142a plejada go\u015bci weselnych s\u0105 jak starzy znajomi.","og_url":"https:\/\/literackieprzeszpiegi.pl\/index.php\/2020\/07\/27\/las-i-ciemnosc-marta-matyszczak\/","og_site_name":"Literackie przeszpiegi","article_published_time":"2020-07-27T18:09:12+00:00","article_modified_time":"2021-01-02T17:29:47+00:00","og_image":[{"width":1193,"height":663,"url":"https:\/\/literackieprzeszpiegi.pl\/wp-content\/uploads\/2020\/07\/Las-i-ciemno\u015b\u0107_Marta-Matyszczak.jpg","type":"image\/jpeg"}],"author":"Szpieg","twitter_card":"summary_large_image","twitter_misc":{"Napisane przez":"Szpieg","Szacowany czas czytania":"4 minuty"},"schema":{"@context":"https:\/\/schema.org","@graph":[{"@type":"Article","@id":"https:\/\/literackieprzeszpiegi.pl\/index.php\/2020\/07\/27\/las-i-ciemnosc-marta-matyszczak\/#article","isPartOf":{"@id":"https:\/\/literackieprzeszpiegi.pl\/index.php\/2020\/07\/27\/las-i-ciemnosc-marta-matyszczak\/"},"author":{"name":"Szpieg","@id":"https:\/\/literackieprzeszpiegi.pl\/#\/schema\/person\/fd5c4f317aed549d4833e6402ffea017"},"headline":"&#8220;Las i ciemno\u015b\u0107&#8221; Marta Matyszczak","datePublished":"2020-07-27T18:09:12+00:00","dateModified":"2021-01-02T17:29:47+00:00","mainEntityOfPage":{"@id":"https:\/\/literackieprzeszpiegi.pl\/index.php\/2020\/07\/27\/las-i-ciemnosc-marta-matyszczak\/"},"wordCount":734,"commentCount":0,"publisher":{"@id":"https:\/\/literackieprzeszpiegi.pl\/#organization"},"image":{"@id":"https:\/\/literackieprzeszpiegi.pl\/index.php\/2020\/07\/27\/las-i-ciemnosc-marta-matyszczak\/#primaryimage"},"thumbnailUrl":"https:\/\/literackieprzeszpiegi.pl\/wp-content\/uploads\/2020\/07\/Las-i-ciemno\u015b\u0107_Marta-Matyszczak.jpg","keywords":["Marta Matyszczak","Wydawnictwo Dolno\u015bl\u0105skie"],"articleSection":["Hit","Rasowy krymina\u0142","recenzje"],"inLanguage":"pl-PL","potentialAction":[{"@type":"CommentAction","name":"Comment","target":["https:\/\/literackieprzeszpiegi.pl\/index.php\/2020\/07\/27\/las-i-ciemnosc-marta-matyszczak\/#respond"]}]},{"@type":"WebPage","@id":"https:\/\/literackieprzeszpiegi.pl\/index.php\/2020\/07\/27\/las-i-ciemnosc-marta-matyszczak\/","url":"https:\/\/literackieprzeszpiegi.pl\/index.php\/2020\/07\/27\/las-i-ciemnosc-marta-matyszczak\/","name":"Recenzja: \"Las i ciemno\u015b\u0107\" Marta Matyszczak - Literackie przeszpiegi","isPartOf":{"@id":"https:\/\/literackieprzeszpiegi.pl\/#website"},"primaryImageOfPage":{"@id":"https:\/\/literackieprzeszpiegi.pl\/index.php\/2020\/07\/27\/las-i-ciemnosc-marta-matyszczak\/#primaryimage"},"image":{"@id":"https:\/\/literackieprzeszpiegi.pl\/index.php\/2020\/07\/27\/las-i-ciemnosc-marta-matyszczak\/#primaryimage"},"thumbnailUrl":"https:\/\/literackieprzeszpiegi.pl\/wp-content\/uploads\/2020\/07\/Las-i-ciemno\u015b\u0107_Marta-Matyszczak.jpg","datePublished":"2020-07-27T18:09:12+00:00","dateModified":"2021-01-02T17:29:47+00:00","description":"Krymina\u0142 \"Las i ciemno\u015b\u0107\" powinien posiada\u0107 dopisek na ok\u0142adce: \"Czarny humor i du\u017ca dawka dystansu do rzeczywisto\u015bci - gwarantowane!\".","breadcrumb":{"@id":"https:\/\/literackieprzeszpiegi.pl\/index.php\/2020\/07\/27\/las-i-ciemnosc-marta-matyszczak\/#breadcrumb"},"inLanguage":"pl-PL","potentialAction":[{"@type":"ReadAction","target":["https:\/\/literackieprzeszpiegi.pl\/index.php\/2020\/07\/27\/las-i-ciemnosc-marta-matyszczak\/"]}]},{"@type":"ImageObject","inLanguage":"pl-PL","@id":"https:\/\/literackieprzeszpiegi.pl\/index.php\/2020\/07\/27\/las-i-ciemnosc-marta-matyszczak\/#primaryimage","url":"https:\/\/literackieprzeszpiegi.pl\/wp-content\/uploads\/2020\/07\/Las-i-ciemno\u015b\u0107_Marta-Matyszczak.jpg","contentUrl":"https:\/\/literackieprzeszpiegi.pl\/wp-content\/uploads\/2020\/07\/Las-i-ciemno\u015b\u0107_Marta-Matyszczak.jpg","width":1193,"height":663},{"@type":"BreadcrumbList","@id":"https:\/\/literackieprzeszpiegi.pl\/index.php\/2020\/07\/27\/las-i-ciemnosc-marta-matyszczak\/#breadcrumb","itemListElement":[{"@type":"ListItem","position":1,"name":"Home","item":"https:\/\/literackieprzeszpiegi.pl\/"},{"@type":"ListItem","position":2,"name":"&#8220;Las i ciemno\u015b\u0107&#8221; Marta Matyszczak"}]},{"@type":"WebSite","@id":"https:\/\/literackieprzeszpiegi.pl\/#website","url":"https:\/\/literackieprzeszpiegi.pl\/","name":"Literackie przeszpiegi","description":"blog o ksi\u0105\u017ckach","publisher":{"@id":"https:\/\/literackieprzeszpiegi.pl\/#organization"},"potentialAction":[{"@type":"SearchAction","target":{"@type":"EntryPoint","urlTemplate":"https:\/\/literackieprzeszpiegi.pl\/?s={search_term_string}"},"query-input":"required name=search_term_string"}],"inLanguage":"pl-PL"},{"@type":"Organization","@id":"https:\/\/literackieprzeszpiegi.pl\/#organization","name":"Literackie przeszpiegi","url":"https:\/\/literackieprzeszpiegi.pl\/","logo":{"@type":"ImageObject","inLanguage":"pl-PL","@id":"https:\/\/literackieprzeszpiegi.pl\/#\/schema\/logo\/image\/","url":"https:\/\/literackieprzeszpiegi.pl\/wp-content\/uploads\/2021\/01\/cropped-cropped-Literackie-przeszpiegi-1.png","contentUrl":"https:\/\/literackieprzeszpiegi.pl\/wp-content\/uploads\/2021\/01\/cropped-cropped-Literackie-przeszpiegi-1.png","width":499,"height":142,"caption":"Literackie przeszpiegi"},"image":{"@id":"https:\/\/literackieprzeszpiegi.pl\/#\/schema\/logo\/image\/"}},{"@type":"Person","@id":"https:\/\/literackieprzeszpiegi.pl\/#\/schema\/person\/fd5c4f317aed549d4833e6402ffea017","name":"Szpieg","image":{"@type":"ImageObject","inLanguage":"pl-PL","@id":"https:\/\/literackieprzeszpiegi.pl\/#\/schema\/person\/image\/","url":"https:\/\/secure.gravatar.com\/avatar\/45a17869257e08975d929f204ef78290?s=96&d=mm&r=g","contentUrl":"https:\/\/secure.gravatar.com\/avatar\/45a17869257e08975d929f204ef78290?s=96&d=mm&r=g","caption":"Szpieg"},"url":"https:\/\/literackieprzeszpiegi.pl\/index.php\/author\/admin\/"}]}},"_links":{"self":[{"href":"https:\/\/literackieprzeszpiegi.pl\/index.php\/wp-json\/wp\/v2\/posts\/2506"}],"collection":[{"href":"https:\/\/literackieprzeszpiegi.pl\/index.php\/wp-json\/wp\/v2\/posts"}],"about":[{"href":"https:\/\/literackieprzeszpiegi.pl\/index.php\/wp-json\/wp\/v2\/types\/post"}],"author":[{"embeddable":true,"href":"https:\/\/literackieprzeszpiegi.pl\/index.php\/wp-json\/wp\/v2\/users\/1"}],"replies":[{"embeddable":true,"href":"https:\/\/literackieprzeszpiegi.pl\/index.php\/wp-json\/wp\/v2\/comments?post=2506"}],"version-history":[{"count":3,"href":"https:\/\/literackieprzeszpiegi.pl\/index.php\/wp-json\/wp\/v2\/posts\/2506\/revisions"}],"predecessor-version":[{"id":2786,"href":"https:\/\/literackieprzeszpiegi.pl\/index.php\/wp-json\/wp\/v2\/posts\/2506\/revisions\/2786"}],"wp:featuredmedia":[{"embeddable":true,"href":"https:\/\/literackieprzeszpiegi.pl\/index.php\/wp-json\/wp\/v2\/media\/2508"}],"wp:attachment":[{"href":"https:\/\/literackieprzeszpiegi.pl\/index.php\/wp-json\/wp\/v2\/media?parent=2506"}],"wp:term":[{"taxonomy":"category","embeddable":true,"href":"https:\/\/literackieprzeszpiegi.pl\/index.php\/wp-json\/wp\/v2\/categories?post=2506"},{"taxonomy":"post_tag","embeddable":true,"href":"https:\/\/literackieprzeszpiegi.pl\/index.php\/wp-json\/wp\/v2\/tags?post=2506"}],"curies":[{"name":"wp","href":"https:\/\/api.w.org\/{rel}","templated":true}]}}