{"id":2569,"date":"2020-08-26T09:55:16","date_gmt":"2020-08-26T07:55:16","guid":{"rendered":"http:\/\/literackieprzeszpiegi.pl\/?p=2569"},"modified":"2021-01-02T18:24:26","modified_gmt":"2021-01-02T17:24:26","slug":"czern-malgorzata-oliwia-sobczak","status":"publish","type":"post","link":"https:\/\/literackieprzeszpiegi.pl\/index.php\/2020\/08\/26\/czern-malgorzata-oliwia-sobczak\/","title":{"rendered":"&#8220;Czer\u0144&#8221; Ma\u0142gorzata Oliwia Sobczak"},"content":{"rendered":"<h3><strong>&#8220;Na p\u0142aszczy\u017anie przest\u0119pczej nie ma przypadku (&#8230;), s\u0105 jedynie tropy kszta\u0142tuj\u0105ce map\u0119 zbrodni&#8221;. <\/strong><!--more--><\/h3>\n<p>Znikni\u0119cia dzieci zawsze budz\u0105 sporo emocji. Nigdy nie mo\u017cna by\u0107 pewnym, czy dosz\u0142o do porwania, czy to po prostu oznaka nastoletniego buntu. Niezale\u017cnie od scenariusza, ka\u017cdy spogl\u0105da na zegarek, bo czas w takich przypadkach nie jest sprzymierze\u0144cem.<\/p>\n<h3><strong>Tajemnicze znikni\u0119cia<\/strong><\/h3>\n<p>W Sopocie zg\u0142oszono zagini\u0119cie 13-letniej Amelii, kt\u00f3rej ostatnie relacje z rodzicami zdecydowanie nie by\u0142y wzorowe. Ale czy to wystarczaj\u0105cy pow\u00f3d, by umniejsza\u0107 wag\u0119 tego zg\u0142oszenia i poczeka\u0107 a\u017c wystraszona nastolatka sama wr\u00f3ci? Anna G\u00f3rska, prowadz\u0105ca to \u015bledztwo, pod\u0105\u017ca jednym z trop\u00f3w i dociera do Kartuz. Prawie r\u00f3wnocze\u015bnie w tym malowniczym miasteczku podczas do\u017cynek znika ma\u0142y Piotru\u015b, kt\u00f3ry dopiero co przyjecha\u0142 z mam\u0105 w jej rodzinne strony. Znika dw\u00f3jka dzieci, kt\u00f3rych rodzice odchodz\u0105 od zmys\u0142\u00f3w z niepokoju. Ile jeszcze z\u0142ych informacji czeka na \u015bledczych w tym niepozornym miasteczku?<\/p>\n<h3><strong>Miasteczko z\u0142a<\/strong><\/h3>\n<p>W &#8220;Czerni&#8221; przy wsp\u00f3lnym \u015bledztwie spotykaj\u0105 si\u0119 ponownie Anna G\u00f3rska, robi\u0105ca b\u0142yskotliwa karier\u0119 w sopockiej prokuraturze i Leopold Bilski, zes\u0142any do pracy w Kartuzach. Opisana w <a href=\"http:\/\/literackieprzeszpiegi.pl\/index.php\/2019\/09\/08\/martwy-sezon-kolory-zla-czerwien-malgorzata-oliwia-sobczak\/\">&#8220;Czerwieni&#8221;<\/a> sprawa Skalpela, kt\u00f3r\u0105 kobieta prawie przyp\u0142aci\u0142a \u017cyciem, koniec ko\u0144c\u00f3w zepsu\u0142a ich prywatne relacje.<\/p>\n<p>Kartuzy oka\u017c\u0105 si\u0119 miejscem, w kt\u00f3rym tropy zataczaj\u0105 coraz to bardziej niepokoj\u0105ce kr\u0119gi. Ekipa \u015bledcza z Sopotu, jak i sam Bilski, kt\u00f3ry nie zaskarbi\u0142 sobie sympatii lokalnej prokuratury, s\u0105 spoza Kartuz i nie maj\u0105 poj\u0119cia o lokalnych tematach tabu. Gdy zaczynaj\u0105 si\u0119 k\u0142opotliwe pytania o osoby, ciesz\u0105ce si\u0119 nieposzlakowan\u0105 opini\u0105, mieszka\u0144cy nabieraj\u0105 wody w usta. Bo ja to tak mo\u017cna szarpa\u0107 dobre imi\u0119 lokalnych dobroczy\u0144c\u00f3w, str\u00f3\u017c\u00f3w prawa, duchownych? Po co rozgrzebywa\u0107 stare historie, kt\u00f3re nie przysporz\u0105 nikomu chwa\u0142y a jedynie cierpienie?<\/p>\n<p>\u0179le si\u0119 dzieje nie tylko w kartuskiej policji, ale te\u017c i w ca\u0142ym miasteczku. Tylko osoby z zewn\u0105trz, niepowi\u0105zane \u017cadnymi uk\u0142adami i tajemnicami, s\u0105 w stanie zdemaskowa\u0107 z\u0142o, g\u0142\u0119boko zakorzenione w malowniczych Kartuzach.<\/p>\n<h3><strong>Mroczne historie<\/strong><\/h3>\n<p>&#8220;Czer\u0144&#8221; opowiada histori\u0119 przera\u017caj\u0105c\u0105, opart\u0105 na krzywdzie tych, kt\u00f3rzy najbardziej ufaj\u0105. Histori\u0119 dzieci. C\u00f3\u017c z\u0142ego mo\u017ce ich spotka\u0107 ze strony rodzic\u00f3w, s\u0105siad\u00f3w, znajomych? Dzieci nie kalkuluj\u0105, nie podejrzewaj\u0105 z\u0142ej motywacji. Wierz\u0105 w dobro\u0107, bezinteresowno\u015b\u0107 i poczucie, \u017ce cokolwiek by si\u0119 nie sta\u0142o, rodzice zawsze je obroni\u0105. Tak powinno by\u0107, ale czy tak zawsze jest?<\/p>\n<p>Najnowsza ksi\u0105\u017cka Ma\u0142gorzaty Oliwii Sobczak jest pe\u0142na mroku, kt\u00f3rego nic tak nie uwydatnia jak zestawienie z sielsko\u015bci\u0105. Pokazuje dwa, zupe\u0142nie r\u00f3\u017cne oblicza rodzinnych dom\u00f3w &#8211; s\u0105 takie, w kt\u00f3rych dzieje si\u0119 \u017ale i takie, w kt\u00f3rych rado\u015b\u0107 wype\u0142nia ka\u017cdy dzie\u0144 sp\u0119dzony razem. S\u0105 rodzice oboj\u0119tni na krzywd\u0119 dzieci i tacy, kt\u00f3rzy odchodz\u0105 od zmys\u0142\u00f3w i tworz\u0105 sobie alternatywn\u0105 rzeczywisto\u015b\u0107, w kt\u00f3rej ich dziecko by\u0142oby bezpieczne.<\/p>\n<p><em>&#8220;Niekt\u00f3rzy ludzie nie nadaj\u0105 si\u0119 do bycia rodzicami. <\/em><br \/>\n<em>Trzeba by\u0107 zr\u00f3wnowa\u017conym, je\u015bli chce si\u0119 wychowywa\u0107 dziecko, inaczej \u0142atwo o nieszcz\u0119\u015bcie&#8221;.<\/em><\/p>\n<p>Ci\u0119\u017cko jest przesta\u0107 my\u015ble\u0107 o tym, co si\u0119 wydarzy\u0142o w &#8220;Czerni&#8221;. Mrok zag\u0119szcza si\u0119 z ka\u017cd\u0105 stron\u0105 a myl\u0105ce tropy wcale nie s\u0105 ma\u0142ego kalibru. Z ksi\u0105\u017cki wy\u0142ania si\u0119 zastraszaj\u0105cy obraz Kartuz, w kt\u00f3rych lepiej jest milcze\u0107 i nie widzie\u0107. Gdy us\u0142yszymy i zobaczymy, \u015bwiat rozpadnie si\u0119 na tysi\u0105ce kawa\u0142k\u00f3w&#8230;<\/p>\n<p>____<\/p>\n<p>Ma\u0142gorzata Oliwia Sobczak &#8220;Czer\u0144&#8221;<br \/>\nCykl: Kolory z\u0142a (t.2)<br \/>\n<a href=\"https:\/\/www.gwfoksal.pl\/kolory-zla-czern-tom-2-oliwia-sobczak-sku3dbd2030b28228230e7a.html\">Wydawnictwo W.A.B<\/a><br \/>\ndata premiery: 06.05.2020 r.<\/p>\n","protected":false},"excerpt":{"rendered":"<p>&#8220;Na p\u0142aszczy\u017anie przest\u0119pczej nie ma przypadku (&#8230;), s\u0105 jedynie tropy kszta\u0142tuj\u0105ce map\u0119 zbrodni&#8221;.<\/p>\n","protected":false},"author":1,"featured_media":2570,"comment_status":"open","ping_status":"open","sticky":false,"template":"","format":"standard","meta":{"om_disable_all_campaigns":false,"_exactmetrics_skip_tracking":false,"_exactmetrics_sitenote_active":false,"_exactmetrics_sitenote_note":"","_exactmetrics_sitenote_category":0,"_monsterinsights_skip_tracking":false,"_monsterinsights_sitenote_active":false,"_monsterinsights_sitenote_note":"","_monsterinsights_sitenote_category":0,"_uf_show_specific_survey":0,"_uf_disable_surveys":false,"footnotes":""},"categories":[7,3,8],"tags":[74],"yoast_head":"<!-- This site is optimized with the Yoast SEO plugin v22.9 - https:\/\/yoast.com\/wordpress\/plugins\/seo\/ -->\n<title>Recenzja &quot;Czer\u0144&quot; Ma\u0142gorzata Oliwia Sobczak - Literackie przeszpiegi<\/title>\n<meta name=\"description\" content=\"&quot;Czer\u0144&quot; opowiada histori\u0119 przera\u017caj\u0105c\u0105, opart\u0105 na krzywdzie tych, kt\u00f3rzy najbardziej ufaj\u0105. Histori\u0119 dzieci. C\u00f3\u017c z\u0142ego mo\u017ce ich spotka\u0107 ze strony rodziny?\" \/>\n<meta name=\"robots\" content=\"index, follow, max-snippet:-1, max-image-preview:large, max-video-preview:-1\" \/>\n<link rel=\"canonical\" href=\"https:\/\/literackieprzeszpiegi.pl\/index.php\/2020\/08\/26\/czern-malgorzata-oliwia-sobczak\/\" \/>\n<meta property=\"og:locale\" content=\"pl_PL\" \/>\n<meta property=\"og:type\" content=\"article\" \/>\n<meta property=\"og:title\" content=\"Recenzja &quot;Czer\u0144. Kolory z\u0142a&quot; Ma\u0142gorzata Oliwia Sobczak\" \/>\n<meta property=\"og:description\" content=\"&quot;Czer\u0144&quot; opowiada histori\u0119 przera\u017caj\u0105c\u0105, opart\u0105 na krzywdzie tych, kt\u00f3rzy najbardziej ufaj\u0105. Histori\u0119 dzieci. C\u00f3\u017c z\u0142ego mo\u017ce ich spotka\u0107 ze strony rodzic\u00f3w, s\u0105siad\u00f3w, znajomych?\" \/>\n<meta property=\"og:url\" content=\"https:\/\/literackieprzeszpiegi.pl\/index.php\/2020\/08\/26\/czern-malgorzata-oliwia-sobczak\/\" \/>\n<meta property=\"og:site_name\" content=\"Literackie przeszpiegi\" \/>\n<meta property=\"article:published_time\" content=\"2020-08-26T07:55:16+00:00\" \/>\n<meta property=\"article:modified_time\" content=\"2021-01-02T17:24:26+00:00\" \/>\n<meta property=\"og:image\" content=\"https:\/\/literackieprzeszpiegi.pl\/wp-content\/uploads\/2020\/08\/Czer\u0144_M.Sobczak.jpg\" \/>\n\t<meta property=\"og:image:width\" content=\"662\" \/>\n\t<meta property=\"og:image:height\" content=\"600\" \/>\n\t<meta property=\"og:image:type\" content=\"image\/jpeg\" \/>\n<meta name=\"author\" content=\"Szpieg\" \/>\n<meta name=\"twitter:card\" content=\"summary_large_image\" \/>\n<meta name=\"twitter:label1\" content=\"Napisane przez\" \/>\n\t<meta name=\"twitter:data1\" content=\"Szpieg\" \/>\n\t<meta name=\"twitter:label2\" content=\"Szacowany czas czytania\" \/>\n\t<meta name=\"twitter:data2\" content=\"3 minuty\" \/>\n<script type=\"application\/ld+json\" class=\"yoast-schema-graph\">{\"@context\":\"https:\/\/schema.org\",\"@graph\":[{\"@type\":\"Article\",\"@id\":\"https:\/\/literackieprzeszpiegi.pl\/index.php\/2020\/08\/26\/czern-malgorzata-oliwia-sobczak\/#article\",\"isPartOf\":{\"@id\":\"https:\/\/literackieprzeszpiegi.pl\/index.php\/2020\/08\/26\/czern-malgorzata-oliwia-sobczak\/\"},\"author\":{\"name\":\"Szpieg\",\"@id\":\"https:\/\/literackieprzeszpiegi.pl\/#\/schema\/person\/fd5c4f317aed549d4833e6402ffea017\"},\"headline\":\"&#8220;Czer\u0144&#8221; Ma\u0142gorzata Oliwia Sobczak\",\"datePublished\":\"2020-08-26T07:55:16+00:00\",\"dateModified\":\"2021-01-02T17:24:26+00:00\",\"mainEntityOfPage\":{\"@id\":\"https:\/\/literackieprzeszpiegi.pl\/index.php\/2020\/08\/26\/czern-malgorzata-oliwia-sobczak\/\"},\"wordCount\":621,\"commentCount\":0,\"publisher\":{\"@id\":\"https:\/\/literackieprzeszpiegi.pl\/#organization\"},\"image\":{\"@id\":\"https:\/\/literackieprzeszpiegi.pl\/index.php\/2020\/08\/26\/czern-malgorzata-oliwia-sobczak\/#primaryimage\"},\"thumbnailUrl\":\"https:\/\/literackieprzeszpiegi.pl\/wp-content\/uploads\/2020\/08\/Czer\u0144_M.Sobczak.jpg\",\"keywords\":[\"Wydawnictwo W.A.B\"],\"articleSection\":[\"Hit\",\"Rasowy krymina\u0142\",\"recenzje\"],\"inLanguage\":\"pl-PL\",\"potentialAction\":[{\"@type\":\"CommentAction\",\"name\":\"Comment\",\"target\":[\"https:\/\/literackieprzeszpiegi.pl\/index.php\/2020\/08\/26\/czern-malgorzata-oliwia-sobczak\/#respond\"]}]},{\"@type\":\"WebPage\",\"@id\":\"https:\/\/literackieprzeszpiegi.pl\/index.php\/2020\/08\/26\/czern-malgorzata-oliwia-sobczak\/\",\"url\":\"https:\/\/literackieprzeszpiegi.pl\/index.php\/2020\/08\/26\/czern-malgorzata-oliwia-sobczak\/\",\"name\":\"Recenzja \\\"Czer\u0144\\\" Ma\u0142gorzata Oliwia Sobczak - Literackie przeszpiegi\",\"isPartOf\":{\"@id\":\"https:\/\/literackieprzeszpiegi.pl\/#website\"},\"primaryImageOfPage\":{\"@id\":\"https:\/\/literackieprzeszpiegi.pl\/index.php\/2020\/08\/26\/czern-malgorzata-oliwia-sobczak\/#primaryimage\"},\"image\":{\"@id\":\"https:\/\/literackieprzeszpiegi.pl\/index.php\/2020\/08\/26\/czern-malgorzata-oliwia-sobczak\/#primaryimage\"},\"thumbnailUrl\":\"https:\/\/literackieprzeszpiegi.pl\/wp-content\/uploads\/2020\/08\/Czer\u0144_M.Sobczak.jpg\",\"datePublished\":\"2020-08-26T07:55:16+00:00\",\"dateModified\":\"2021-01-02T17:24:26+00:00\",\"description\":\"\\\"Czer\u0144\\\" opowiada histori\u0119 przera\u017caj\u0105c\u0105, opart\u0105 na krzywdzie tych, kt\u00f3rzy najbardziej ufaj\u0105. Histori\u0119 dzieci. C\u00f3\u017c z\u0142ego mo\u017ce ich spotka\u0107 ze strony rodziny?\",\"breadcrumb\":{\"@id\":\"https:\/\/literackieprzeszpiegi.pl\/index.php\/2020\/08\/26\/czern-malgorzata-oliwia-sobczak\/#breadcrumb\"},\"inLanguage\":\"pl-PL\",\"potentialAction\":[{\"@type\":\"ReadAction\",\"target\":[\"https:\/\/literackieprzeszpiegi.pl\/index.php\/2020\/08\/26\/czern-malgorzata-oliwia-sobczak\/\"]}]},{\"@type\":\"ImageObject\",\"inLanguage\":\"pl-PL\",\"@id\":\"https:\/\/literackieprzeszpiegi.pl\/index.php\/2020\/08\/26\/czern-malgorzata-oliwia-sobczak\/#primaryimage\",\"url\":\"https:\/\/literackieprzeszpiegi.pl\/wp-content\/uploads\/2020\/08\/Czer\u0144_M.Sobczak.jpg\",\"contentUrl\":\"https:\/\/literackieprzeszpiegi.pl\/wp-content\/uploads\/2020\/08\/Czer\u0144_M.Sobczak.jpg\",\"width\":662,\"height\":600},{\"@type\":\"BreadcrumbList\",\"@id\":\"https:\/\/literackieprzeszpiegi.pl\/index.php\/2020\/08\/26\/czern-malgorzata-oliwia-sobczak\/#breadcrumb\",\"itemListElement\":[{\"@type\":\"ListItem\",\"position\":1,\"name\":\"Home\",\"item\":\"https:\/\/literackieprzeszpiegi.pl\/\"},{\"@type\":\"ListItem\",\"position\":2,\"name\":\"&#8220;Czer\u0144&#8221; Ma\u0142gorzata Oliwia Sobczak\"}]},{\"@type\":\"WebSite\",\"@id\":\"https:\/\/literackieprzeszpiegi.pl\/#website\",\"url\":\"https:\/\/literackieprzeszpiegi.pl\/\",\"name\":\"Literackie przeszpiegi\",\"description\":\"blog o ksi\u0105\u017ckach\",\"publisher\":{\"@id\":\"https:\/\/literackieprzeszpiegi.pl\/#organization\"},\"potentialAction\":[{\"@type\":\"SearchAction\",\"target\":{\"@type\":\"EntryPoint\",\"urlTemplate\":\"https:\/\/literackieprzeszpiegi.pl\/?s={search_term_string}\"},\"query-input\":\"required name=search_term_string\"}],\"inLanguage\":\"pl-PL\"},{\"@type\":\"Organization\",\"@id\":\"https:\/\/literackieprzeszpiegi.pl\/#organization\",\"name\":\"Literackie przeszpiegi\",\"url\":\"https:\/\/literackieprzeszpiegi.pl\/\",\"logo\":{\"@type\":\"ImageObject\",\"inLanguage\":\"pl-PL\",\"@id\":\"https:\/\/literackieprzeszpiegi.pl\/#\/schema\/logo\/image\/\",\"url\":\"https:\/\/literackieprzeszpiegi.pl\/wp-content\/uploads\/2021\/01\/cropped-cropped-Literackie-przeszpiegi-1.png\",\"contentUrl\":\"https:\/\/literackieprzeszpiegi.pl\/wp-content\/uploads\/2021\/01\/cropped-cropped-Literackie-przeszpiegi-1.png\",\"width\":499,\"height\":142,\"caption\":\"Literackie przeszpiegi\"},\"image\":{\"@id\":\"https:\/\/literackieprzeszpiegi.pl\/#\/schema\/logo\/image\/\"}},{\"@type\":\"Person\",\"@id\":\"https:\/\/literackieprzeszpiegi.pl\/#\/schema\/person\/fd5c4f317aed549d4833e6402ffea017\",\"name\":\"Szpieg\",\"image\":{\"@type\":\"ImageObject\",\"inLanguage\":\"pl-PL\",\"@id\":\"https:\/\/literackieprzeszpiegi.pl\/#\/schema\/person\/image\/\",\"url\":\"https:\/\/secure.gravatar.com\/avatar\/45a17869257e08975d929f204ef78290?s=96&d=mm&r=g\",\"contentUrl\":\"https:\/\/secure.gravatar.com\/avatar\/45a17869257e08975d929f204ef78290?s=96&d=mm&r=g\",\"caption\":\"Szpieg\"},\"url\":\"https:\/\/literackieprzeszpiegi.pl\/index.php\/author\/admin\/\"}]}<\/script>\n<!-- \/ Yoast SEO plugin. -->","yoast_head_json":{"title":"Recenzja \"Czer\u0144\" Ma\u0142gorzata Oliwia Sobczak - Literackie przeszpiegi","description":"\"Czer\u0144\" opowiada histori\u0119 przera\u017caj\u0105c\u0105, opart\u0105 na krzywdzie tych, kt\u00f3rzy najbardziej ufaj\u0105. Histori\u0119 dzieci. C\u00f3\u017c z\u0142ego mo\u017ce ich spotka\u0107 ze strony rodziny?","robots":{"index":"index","follow":"follow","max-snippet":"max-snippet:-1","max-image-preview":"max-image-preview:large","max-video-preview":"max-video-preview:-1"},"canonical":"https:\/\/literackieprzeszpiegi.pl\/index.php\/2020\/08\/26\/czern-malgorzata-oliwia-sobczak\/","og_locale":"pl_PL","og_type":"article","og_title":"Recenzja \"Czer\u0144. Kolory z\u0142a\" Ma\u0142gorzata Oliwia Sobczak","og_description":"\"Czer\u0144\" opowiada histori\u0119 przera\u017caj\u0105c\u0105, opart\u0105 na krzywdzie tych, kt\u00f3rzy najbardziej ufaj\u0105. Histori\u0119 dzieci. C\u00f3\u017c z\u0142ego mo\u017ce ich spotka\u0107 ze strony rodzic\u00f3w, s\u0105siad\u00f3w, znajomych?","og_url":"https:\/\/literackieprzeszpiegi.pl\/index.php\/2020\/08\/26\/czern-malgorzata-oliwia-sobczak\/","og_site_name":"Literackie przeszpiegi","article_published_time":"2020-08-26T07:55:16+00:00","article_modified_time":"2021-01-02T17:24:26+00:00","og_image":[{"width":662,"height":600,"url":"https:\/\/literackieprzeszpiegi.pl\/wp-content\/uploads\/2020\/08\/Czer\u0144_M.Sobczak.jpg","type":"image\/jpeg"}],"author":"Szpieg","twitter_card":"summary_large_image","twitter_misc":{"Napisane przez":"Szpieg","Szacowany czas czytania":"3 minuty"},"schema":{"@context":"https:\/\/schema.org","@graph":[{"@type":"Article","@id":"https:\/\/literackieprzeszpiegi.pl\/index.php\/2020\/08\/26\/czern-malgorzata-oliwia-sobczak\/#article","isPartOf":{"@id":"https:\/\/literackieprzeszpiegi.pl\/index.php\/2020\/08\/26\/czern-malgorzata-oliwia-sobczak\/"},"author":{"name":"Szpieg","@id":"https:\/\/literackieprzeszpiegi.pl\/#\/schema\/person\/fd5c4f317aed549d4833e6402ffea017"},"headline":"&#8220;Czer\u0144&#8221; Ma\u0142gorzata Oliwia Sobczak","datePublished":"2020-08-26T07:55:16+00:00","dateModified":"2021-01-02T17:24:26+00:00","mainEntityOfPage":{"@id":"https:\/\/literackieprzeszpiegi.pl\/index.php\/2020\/08\/26\/czern-malgorzata-oliwia-sobczak\/"},"wordCount":621,"commentCount":0,"publisher":{"@id":"https:\/\/literackieprzeszpiegi.pl\/#organization"},"image":{"@id":"https:\/\/literackieprzeszpiegi.pl\/index.php\/2020\/08\/26\/czern-malgorzata-oliwia-sobczak\/#primaryimage"},"thumbnailUrl":"https:\/\/literackieprzeszpiegi.pl\/wp-content\/uploads\/2020\/08\/Czer\u0144_M.Sobczak.jpg","keywords":["Wydawnictwo W.A.B"],"articleSection":["Hit","Rasowy krymina\u0142","recenzje"],"inLanguage":"pl-PL","potentialAction":[{"@type":"CommentAction","name":"Comment","target":["https:\/\/literackieprzeszpiegi.pl\/index.php\/2020\/08\/26\/czern-malgorzata-oliwia-sobczak\/#respond"]}]},{"@type":"WebPage","@id":"https:\/\/literackieprzeszpiegi.pl\/index.php\/2020\/08\/26\/czern-malgorzata-oliwia-sobczak\/","url":"https:\/\/literackieprzeszpiegi.pl\/index.php\/2020\/08\/26\/czern-malgorzata-oliwia-sobczak\/","name":"Recenzja \"Czer\u0144\" Ma\u0142gorzata Oliwia Sobczak - Literackie przeszpiegi","isPartOf":{"@id":"https:\/\/literackieprzeszpiegi.pl\/#website"},"primaryImageOfPage":{"@id":"https:\/\/literackieprzeszpiegi.pl\/index.php\/2020\/08\/26\/czern-malgorzata-oliwia-sobczak\/#primaryimage"},"image":{"@id":"https:\/\/literackieprzeszpiegi.pl\/index.php\/2020\/08\/26\/czern-malgorzata-oliwia-sobczak\/#primaryimage"},"thumbnailUrl":"https:\/\/literackieprzeszpiegi.pl\/wp-content\/uploads\/2020\/08\/Czer\u0144_M.Sobczak.jpg","datePublished":"2020-08-26T07:55:16+00:00","dateModified":"2021-01-02T17:24:26+00:00","description":"\"Czer\u0144\" opowiada histori\u0119 przera\u017caj\u0105c\u0105, opart\u0105 na krzywdzie tych, kt\u00f3rzy najbardziej ufaj\u0105. Histori\u0119 dzieci. C\u00f3\u017c z\u0142ego mo\u017ce ich spotka\u0107 ze strony rodziny?","breadcrumb":{"@id":"https:\/\/literackieprzeszpiegi.pl\/index.php\/2020\/08\/26\/czern-malgorzata-oliwia-sobczak\/#breadcrumb"},"inLanguage":"pl-PL","potentialAction":[{"@type":"ReadAction","target":["https:\/\/literackieprzeszpiegi.pl\/index.php\/2020\/08\/26\/czern-malgorzata-oliwia-sobczak\/"]}]},{"@type":"ImageObject","inLanguage":"pl-PL","@id":"https:\/\/literackieprzeszpiegi.pl\/index.php\/2020\/08\/26\/czern-malgorzata-oliwia-sobczak\/#primaryimage","url":"https:\/\/literackieprzeszpiegi.pl\/wp-content\/uploads\/2020\/08\/Czer\u0144_M.Sobczak.jpg","contentUrl":"https:\/\/literackieprzeszpiegi.pl\/wp-content\/uploads\/2020\/08\/Czer\u0144_M.Sobczak.jpg","width":662,"height":600},{"@type":"BreadcrumbList","@id":"https:\/\/literackieprzeszpiegi.pl\/index.php\/2020\/08\/26\/czern-malgorzata-oliwia-sobczak\/#breadcrumb","itemListElement":[{"@type":"ListItem","position":1,"name":"Home","item":"https:\/\/literackieprzeszpiegi.pl\/"},{"@type":"ListItem","position":2,"name":"&#8220;Czer\u0144&#8221; Ma\u0142gorzata Oliwia Sobczak"}]},{"@type":"WebSite","@id":"https:\/\/literackieprzeszpiegi.pl\/#website","url":"https:\/\/literackieprzeszpiegi.pl\/","name":"Literackie przeszpiegi","description":"blog o ksi\u0105\u017ckach","publisher":{"@id":"https:\/\/literackieprzeszpiegi.pl\/#organization"},"potentialAction":[{"@type":"SearchAction","target":{"@type":"EntryPoint","urlTemplate":"https:\/\/literackieprzeszpiegi.pl\/?s={search_term_string}"},"query-input":"required name=search_term_string"}],"inLanguage":"pl-PL"},{"@type":"Organization","@id":"https:\/\/literackieprzeszpiegi.pl\/#organization","name":"Literackie przeszpiegi","url":"https:\/\/literackieprzeszpiegi.pl\/","logo":{"@type":"ImageObject","inLanguage":"pl-PL","@id":"https:\/\/literackieprzeszpiegi.pl\/#\/schema\/logo\/image\/","url":"https:\/\/literackieprzeszpiegi.pl\/wp-content\/uploads\/2021\/01\/cropped-cropped-Literackie-przeszpiegi-1.png","contentUrl":"https:\/\/literackieprzeszpiegi.pl\/wp-content\/uploads\/2021\/01\/cropped-cropped-Literackie-przeszpiegi-1.png","width":499,"height":142,"caption":"Literackie przeszpiegi"},"image":{"@id":"https:\/\/literackieprzeszpiegi.pl\/#\/schema\/logo\/image\/"}},{"@type":"Person","@id":"https:\/\/literackieprzeszpiegi.pl\/#\/schema\/person\/fd5c4f317aed549d4833e6402ffea017","name":"Szpieg","image":{"@type":"ImageObject","inLanguage":"pl-PL","@id":"https:\/\/literackieprzeszpiegi.pl\/#\/schema\/person\/image\/","url":"https:\/\/secure.gravatar.com\/avatar\/45a17869257e08975d929f204ef78290?s=96&d=mm&r=g","contentUrl":"https:\/\/secure.gravatar.com\/avatar\/45a17869257e08975d929f204ef78290?s=96&d=mm&r=g","caption":"Szpieg"},"url":"https:\/\/literackieprzeszpiegi.pl\/index.php\/author\/admin\/"}]}},"_links":{"self":[{"href":"https:\/\/literackieprzeszpiegi.pl\/index.php\/wp-json\/wp\/v2\/posts\/2569"}],"collection":[{"href":"https:\/\/literackieprzeszpiegi.pl\/index.php\/wp-json\/wp\/v2\/posts"}],"about":[{"href":"https:\/\/literackieprzeszpiegi.pl\/index.php\/wp-json\/wp\/v2\/types\/post"}],"author":[{"embeddable":true,"href":"https:\/\/literackieprzeszpiegi.pl\/index.php\/wp-json\/wp\/v2\/users\/1"}],"replies":[{"embeddable":true,"href":"https:\/\/literackieprzeszpiegi.pl\/index.php\/wp-json\/wp\/v2\/comments?post=2569"}],"version-history":[{"count":4,"href":"https:\/\/literackieprzeszpiegi.pl\/index.php\/wp-json\/wp\/v2\/posts\/2569\/revisions"}],"predecessor-version":[{"id":2781,"href":"https:\/\/literackieprzeszpiegi.pl\/index.php\/wp-json\/wp\/v2\/posts\/2569\/revisions\/2781"}],"wp:featuredmedia":[{"embeddable":true,"href":"https:\/\/literackieprzeszpiegi.pl\/index.php\/wp-json\/wp\/v2\/media\/2570"}],"wp:attachment":[{"href":"https:\/\/literackieprzeszpiegi.pl\/index.php\/wp-json\/wp\/v2\/media?parent=2569"}],"wp:term":[{"taxonomy":"category","embeddable":true,"href":"https:\/\/literackieprzeszpiegi.pl\/index.php\/wp-json\/wp\/v2\/categories?post=2569"},{"taxonomy":"post_tag","embeddable":true,"href":"https:\/\/literackieprzeszpiegi.pl\/index.php\/wp-json\/wp\/v2\/tags?post=2569"}],"curies":[{"name":"wp","href":"https:\/\/api.w.org\/{rel}","templated":true}]}}