{"id":2902,"date":"2021-02-10T21:30:32","date_gmt":"2021-02-10T20:30:32","guid":{"rendered":"http:\/\/literackieprzeszpiegi.pl\/?p=2902"},"modified":"2021-02-10T21:31:11","modified_gmt":"2021-02-10T20:31:11","slug":"klamczuch-jedrzej-pasierski","status":"publish","type":"post","link":"https:\/\/literackieprzeszpiegi.pl\/index.php\/2021\/02\/10\/klamczuch-jedrzej-pasierski\/","title":{"rendered":"&#8220;K\u0142amczuch&#8221; J\u0119drzej Pasierski"},"content":{"rendered":"\n<h2 class=\"wp-block-heading\"><strong>&#8220;Z\u0142o nie zostanie ukarane i powstrzymane, b\u0119dzie kr\u0105\u017cy\u0107 dalej. Jak to, kt\u00f3re si\u0119 wyl\u0119g\u0142o i siedzia\u0142o, a by\u0107 mo\u017ce wci\u0105\u017c ros\u0142o w si\u0142\u0119 w Pyrowej&#8221;.<\/strong><\/h2>\n\n\n\n<!--more-->\n\n\n\n<p>Na sw\u00f3j dwutygodniowy urlop z c\u00f3rk\u0105 Nina Warwi\u0142ow wybra\u0142a Pyrow\u0105. Ma\u0142a beskidzka wie\u015b, po\u0142o\u017cona z dala od typowych tras turystycznych, mia\u0142a przynie\u015b\u0107 wytchnienie od pracy i wielkomiejskiego zgie\u0142ku. Tryb \u0142adowania akumulator\u00f3w, nadrabiania zaleg\u0142o\u015bci ksi\u0105\u017ckowych a przede wszystkich sp\u0119dzania czasu z c\u00f3rk\u0105 Mil\u0105 funkcjonowa\u0142 wzorowo. Do czasu a\u017c komisarz Warwi\u0142ow znajduje cia\u0142o Janka Barnasia &#8211; cz\u0142owieka, kt\u00f3ry s\u0142yn\u0105\u0142 z opowiadania nieprawdziwych historii. Naczelny k\u0142amczuch Pyrowej zanim zamilk\u0142, zd\u0105\u017cy\u0142 sk\u0142\u00f3ci\u0107 wiele os\u00f3b. Nina Warwi\u0142ow, zupe\u0142nie niepomna niedawnej historii z niedalekich Bukowc\u00f3w i faktu przebywania na urlopie, postanawia wzi\u0105\u0107 udzia\u0142 w \u015bledztwie. Dobrych rad &#8211; <em>nie jeste\u015b st\u0105d, nie zrozumiesz<\/em> &#8211; nie postrzega w kategoriach powa\u017cnego ostrze\u017cenia. A powinna.<\/p>\n\n\n\n<h2 class=\"wp-block-heading\"><strong>&#8220;Pyrowa by\u0142a niebezpieczna, zak\u0142amana, oparta na zbrodni&#8221;<\/strong><\/h2>\n\n\n\n<p>Lokalne legendy m\u00f3wi\u0105 jednoznacznie, \u017ce Pyrowa jest wsi\u0105 pe\u0142n\u0105 z\u0142a, zakorzenionego w nie tak odleg\u0142ej historii. Nikt nie chce docieka\u0107 i rozgrzebywa\u0107 delikatnych spraw. Nikt poza upart\u0105 Nin\u0105 i z czasem nadkomisarzem Karpiukiem, kt\u00f3ry pod koniec swojej kariery ma ju\u017c w sumie ma\u0142o do stracenia. Czy to przyjazd Niny, kt\u00f3ra szybko przestaje by\u0107 anonimowa, czy morderstwo Barnasia staj\u0105 si\u0119 katalizatorem wydarze\u0144, kt\u00f3re sk\u0142\u00f3c\u0105 mieszka\u0144c\u00f3w. Tak to ju\u017c jest, \u017ce \u015bledczy znajduj\u0105 winnego i wyjad\u0105 a plotki i wzajemne oskar\u017cenia pozostan\u0105 na zawsze z s\u0105siadami.<\/p>\n\n\n\n<p>\u015aledztwo w sprawie Barnasia otworzy lokaln\u0105 puszk\u0119 Pandory, kt\u00f3ra z czasem ujawni, kto zas\u0142u\u017cy\u0142 na miano k\u0142amczucha czy z\u0142odzieja. Ale odkrycie to\u017csamo\u015bci mordercy b\u0119dzie wymaga\u0142o znacznie wi\u0119kszego nak\u0142adu si\u0142, bo wsp\u00f3lne sekrety wi\u0105\u017c\u0105 lepiej ni\u017c wsp\u00f3lny kredyt. W ma\u0142ej spo\u0142eczno\u015bci \u0142atwiej jest zepchn\u0105\u0107 odpowiedzialno\u015b\u0107 za swoje grzechy na innych, kt\u00f3rzy te\u017c nie maj\u0105 czystego sumienia.<\/p>\n\n\n\n<h2 class=\"wp-block-heading\"><strong>&#8220;(&#8230;) ka\u017cde, nawet najspokojniejsze miejsce musia\u0142o kry\u0107 w sobie brudy&#8221;<\/strong><\/h2>\n\n\n\n<p>Zemsta za rodzinne krzywdy? Zazdro\u015b\u0107, \u017ce komu\u015b si\u0119 lepiej wiedzie? Pieni\u0105dze? Zranione uczucia? Ch\u0119\u0107 zapewnienia sobie lepszego \u017cycia? Mo\u017cliwych motyw\u00f3w zbrodni jest doprawdy wiele a autor nadaje wysoki stopie\u0144 prawdopodobie\u0144stwa ka\u017cdemu z nich. I wreszcie pytanie, kt\u00f3re towarzyszy niemal od samego pocz\u0105tku &#8211; czy opowie\u015bci k\u0142amczucha nie maj\u0105 w sobie \u017cadnego ziarenka prawdy, kt\u00f3re dotar\u0142o do niew\u0142a\u015bciwych uszu?<\/p>\n\n\n\n<h2 class=\"wp-block-heading\"><strong>&#8220;Od razu pomy\u015bla\u0142am, \u017ce za Nin\u0105 id\u0105 k\u0142opoty. \u015amier\u0107&#8221;<\/strong><\/h2>\n\n\n\n<p>Ka\u017cda kolejna ksi\u0105\u017cka o Ninie Warwi\u0142ow &#8211; a &#8220;K\u0142amczuch&#8221; jest ju\u017c czwart\u0105 &#8211; pokazuje, \u017ce autor konsekwentnie realizuje sw\u00f3j pomys\u0142 na krymina\u0142. Nie podgl\u0105da modnych zagrywek, nie serwuje dramatycznych po\u015bcig\u00f3w, nie emanuje brutalno\u015bci\u0105, czy nie przedk\u0142ada \u017cycia prywatnego bohater\u00f3w ponad dobro \u015bledztwa. Dok\u0142adnie wie, co ma stanowi\u0107 istot\u0119 jego ksi\u0105\u017cek. Czytaj\u0105c &#8220;K\u0142amczucha&#8221; odnios\u0142am wra\u017cenie, \u017ce zagadka kryminalna stanowi tylko pretekst do rozmy\u015bla\u0144 nad skomplikowanym charakterem relacji mi\u0119dzyludzkich. J\u0119drzej Pasierski jest \u015bwietnym obserwatorem, dr\u0105\u017cy, analizuje i docieka a\u017c dojdzie do sedna. A\u017c znajdzie genez\u0119 punkt\u00f3w zapalnych, przyczyn\u0119 ludzkich animozji czy frustracji \u017cyciowych. Ta warstwa psychologiczna ma\u0142ej i zamkni\u0119tej spo\u0142eczno\u015bci \u015bwietnie uzupe\u0142nia \u0142amig\u0142\u00f3wk\u0119 kryminaln\u0105. Nie zapominajmy o najwa\u017cniejszym &#8211; &#8216;K\u0142amczuch&#8221; jest histori\u0105 kryminaln\u0105. \u015awietnie nakre\u015blon\u0105, klimatyczn\u0105 i czekaj\u0105c\u0105 na rozwi\u0105zanie ju\u017c stanowczo za d\u0142ugo.<\/p>\n\n\n\n<p>Ko\u0144cz\u0105c, napisz\u0119 tylko, \u017ce bardziej przypad\u0142a mi do gustu Nina Warwi\u0142ow w wersji beskidzkiej ani\u017celi warszawskiej. Beskid Niski wyzwala w niej tryb samotnej wilczycy, kt\u00f3ra gdy zwietrzy trop, nie potrafi odpu\u015bci\u0107. Nie p\u00f3jdzie na skr\u00f3ty, pod\u0105\u017cy tropem sprawiedliwo\u015bci.<\/p>\n\n\n\n<p>_____<\/p>\n\n\n\n<p>J\u0119drzej Pasierski &#8220;<a href=\"https:\/\/czarne.com.pl\/katalog\/ksiazki\/klamczuch\" target=\"_blank\" rel=\"noreferrer noopener\">K\u0142amczuch<\/a>&#8220;<br>Cykl: Nina Warwi\u0142ow, t.4<br>Wydawnictwo Czarne<br>data premiery: 27.01.2021<\/p>\n","protected":false},"excerpt":{"rendered":"<p>&#8220;Z\u0142o nie zostanie ukarane i powstrzymane, b\u0119dzie kr\u0105\u017cy\u0107 dalej. Jak to, kt\u00f3re si\u0119 wyl\u0119g\u0142o i siedzia\u0142o, a by\u0107 mo\u017ce wci\u0105\u017c ros\u0142o w si\u0142\u0119 w Pyrowej&#8221;.<\/p>\n","protected":false},"author":1,"featured_media":2903,"comment_status":"open","ping_status":"open","sticky":false,"template":"","format":"standard","meta":{"om_disable_all_campaigns":false,"_exactmetrics_skip_tracking":false,"_exactmetrics_sitenote_active":false,"_exactmetrics_sitenote_note":"","_exactmetrics_sitenote_category":0,"_monsterinsights_skip_tracking":false,"_monsterinsights_sitenote_active":false,"_monsterinsights_sitenote_note":"","_monsterinsights_sitenote_category":0,"_uf_show_specific_survey":0,"_uf_disable_surveys":false,"footnotes":""},"categories":[7,3,8],"tags":[120,22],"yoast_head":"<!-- This site is optimized with the Yoast SEO plugin v22.9 - https:\/\/yoast.com\/wordpress\/plugins\/seo\/ -->\n<title>Recenzja - &quot;K\u0142amczuch&quot; J\u0119drzej Pasierski - Literackie przeszpiegi<\/title>\n<meta name=\"description\" content=\"&#039;K\u0142amczuch&quot; jest histori\u0105 kryminaln\u0105. \u015awietnie nakre\u015blon\u0105, klimatyczn\u0105 i czekaj\u0105c\u0105 na rozwi\u0105zanie ju\u017c stanowczo za d\u0142ugo.\" \/>\n<meta name=\"robots\" content=\"index, follow, max-snippet:-1, max-image-preview:large, max-video-preview:-1\" \/>\n<link rel=\"canonical\" href=\"https:\/\/literackieprzeszpiegi.pl\/index.php\/2021\/02\/10\/klamczuch-jedrzej-pasierski\/\" \/>\n<meta property=\"og:locale\" content=\"pl_PL\" \/>\n<meta property=\"og:type\" content=\"article\" \/>\n<meta property=\"og:title\" content=\"&quot;K\u0142amczuch&quot; J\u0119drzej Pasierski\" \/>\n<meta property=\"og:description\" content=\"&quot;K\u0142amczuch&quot; jest histori\u0105 kryminaln\u0105. \u015awietnie nakre\u015blon\u0105, klimatyczn\u0105 i czekaj\u0105c\u0105 na rozwi\u0105zanie ju\u017c stanowczo za d\u0142ugo.\" \/>\n<meta property=\"og:url\" content=\"https:\/\/literackieprzeszpiegi.pl\/index.php\/2021\/02\/10\/klamczuch-jedrzej-pasierski\/\" \/>\n<meta property=\"og:site_name\" content=\"Literackie przeszpiegi\" \/>\n<meta property=\"article:published_time\" content=\"2021-02-10T20:30:32+00:00\" \/>\n<meta property=\"article:modified_time\" content=\"2021-02-10T20:31:11+00:00\" \/>\n<meta property=\"og:image\" content=\"https:\/\/literackieprzeszpiegi.pl\/wp-content\/uploads\/2021\/02\/Klmaczuch.jpg\" \/>\n\t<meta property=\"og:image:width\" content=\"761\" \/>\n\t<meta property=\"og:image:height\" content=\"630\" \/>\n\t<meta property=\"og:image:type\" content=\"image\/jpeg\" \/>\n<meta name=\"author\" content=\"Szpieg\" \/>\n<meta name=\"twitter:card\" content=\"summary_large_image\" \/>\n<meta name=\"twitter:label1\" content=\"Napisane przez\" \/>\n\t<meta name=\"twitter:data1\" content=\"Szpieg\" \/>\n\t<meta name=\"twitter:label2\" content=\"Szacowany czas czytania\" \/>\n\t<meta name=\"twitter:data2\" content=\"3 minuty\" \/>\n<script type=\"application\/ld+json\" class=\"yoast-schema-graph\">{\"@context\":\"https:\/\/schema.org\",\"@graph\":[{\"@type\":\"Article\",\"@id\":\"https:\/\/literackieprzeszpiegi.pl\/index.php\/2021\/02\/10\/klamczuch-jedrzej-pasierski\/#article\",\"isPartOf\":{\"@id\":\"https:\/\/literackieprzeszpiegi.pl\/index.php\/2021\/02\/10\/klamczuch-jedrzej-pasierski\/\"},\"author\":{\"name\":\"Szpieg\",\"@id\":\"https:\/\/literackieprzeszpiegi.pl\/#\/schema\/person\/fd5c4f317aed549d4833e6402ffea017\"},\"headline\":\"&#8220;K\u0142amczuch&#8221; J\u0119drzej Pasierski\",\"datePublished\":\"2021-02-10T20:30:32+00:00\",\"dateModified\":\"2021-02-10T20:31:11+00:00\",\"mainEntityOfPage\":{\"@id\":\"https:\/\/literackieprzeszpiegi.pl\/index.php\/2021\/02\/10\/klamczuch-jedrzej-pasierski\/\"},\"wordCount\":665,\"commentCount\":0,\"publisher\":{\"@id\":\"https:\/\/literackieprzeszpiegi.pl\/#organization\"},\"image\":{\"@id\":\"https:\/\/literackieprzeszpiegi.pl\/index.php\/2021\/02\/10\/klamczuch-jedrzej-pasierski\/#primaryimage\"},\"thumbnailUrl\":\"https:\/\/literackieprzeszpiegi.pl\/wp-content\/uploads\/2021\/02\/Klmaczuch.jpg\",\"keywords\":[\"J\u0119drzej Pasierski\",\"Wydawnictwo Czarne\"],\"articleSection\":[\"Hit\",\"Rasowy krymina\u0142\",\"recenzje\"],\"inLanguage\":\"pl-PL\",\"potentialAction\":[{\"@type\":\"CommentAction\",\"name\":\"Comment\",\"target\":[\"https:\/\/literackieprzeszpiegi.pl\/index.php\/2021\/02\/10\/klamczuch-jedrzej-pasierski\/#respond\"]}]},{\"@type\":\"WebPage\",\"@id\":\"https:\/\/literackieprzeszpiegi.pl\/index.php\/2021\/02\/10\/klamczuch-jedrzej-pasierski\/\",\"url\":\"https:\/\/literackieprzeszpiegi.pl\/index.php\/2021\/02\/10\/klamczuch-jedrzej-pasierski\/\",\"name\":\"Recenzja - \\\"K\u0142amczuch\\\" J\u0119drzej Pasierski - Literackie przeszpiegi\",\"isPartOf\":{\"@id\":\"https:\/\/literackieprzeszpiegi.pl\/#website\"},\"primaryImageOfPage\":{\"@id\":\"https:\/\/literackieprzeszpiegi.pl\/index.php\/2021\/02\/10\/klamczuch-jedrzej-pasierski\/#primaryimage\"},\"image\":{\"@id\":\"https:\/\/literackieprzeszpiegi.pl\/index.php\/2021\/02\/10\/klamczuch-jedrzej-pasierski\/#primaryimage\"},\"thumbnailUrl\":\"https:\/\/literackieprzeszpiegi.pl\/wp-content\/uploads\/2021\/02\/Klmaczuch.jpg\",\"datePublished\":\"2021-02-10T20:30:32+00:00\",\"dateModified\":\"2021-02-10T20:31:11+00:00\",\"description\":\"'K\u0142amczuch\\\" jest histori\u0105 kryminaln\u0105. \u015awietnie nakre\u015blon\u0105, klimatyczn\u0105 i czekaj\u0105c\u0105 na rozwi\u0105zanie ju\u017c stanowczo za d\u0142ugo.\",\"breadcrumb\":{\"@id\":\"https:\/\/literackieprzeszpiegi.pl\/index.php\/2021\/02\/10\/klamczuch-jedrzej-pasierski\/#breadcrumb\"},\"inLanguage\":\"pl-PL\",\"potentialAction\":[{\"@type\":\"ReadAction\",\"target\":[\"https:\/\/literackieprzeszpiegi.pl\/index.php\/2021\/02\/10\/klamczuch-jedrzej-pasierski\/\"]}]},{\"@type\":\"ImageObject\",\"inLanguage\":\"pl-PL\",\"@id\":\"https:\/\/literackieprzeszpiegi.pl\/index.php\/2021\/02\/10\/klamczuch-jedrzej-pasierski\/#primaryimage\",\"url\":\"https:\/\/literackieprzeszpiegi.pl\/wp-content\/uploads\/2021\/02\/Klmaczuch.jpg\",\"contentUrl\":\"https:\/\/literackieprzeszpiegi.pl\/wp-content\/uploads\/2021\/02\/Klmaczuch.jpg\",\"width\":761,\"height\":630},{\"@type\":\"BreadcrumbList\",\"@id\":\"https:\/\/literackieprzeszpiegi.pl\/index.php\/2021\/02\/10\/klamczuch-jedrzej-pasierski\/#breadcrumb\",\"itemListElement\":[{\"@type\":\"ListItem\",\"position\":1,\"name\":\"Home\",\"item\":\"https:\/\/literackieprzeszpiegi.pl\/\"},{\"@type\":\"ListItem\",\"position\":2,\"name\":\"&#8220;K\u0142amczuch&#8221; J\u0119drzej Pasierski\"}]},{\"@type\":\"WebSite\",\"@id\":\"https:\/\/literackieprzeszpiegi.pl\/#website\",\"url\":\"https:\/\/literackieprzeszpiegi.pl\/\",\"name\":\"Literackie przeszpiegi\",\"description\":\"blog o ksi\u0105\u017ckach\",\"publisher\":{\"@id\":\"https:\/\/literackieprzeszpiegi.pl\/#organization\"},\"potentialAction\":[{\"@type\":\"SearchAction\",\"target\":{\"@type\":\"EntryPoint\",\"urlTemplate\":\"https:\/\/literackieprzeszpiegi.pl\/?s={search_term_string}\"},\"query-input\":\"required name=search_term_string\"}],\"inLanguage\":\"pl-PL\"},{\"@type\":\"Organization\",\"@id\":\"https:\/\/literackieprzeszpiegi.pl\/#organization\",\"name\":\"Literackie przeszpiegi\",\"url\":\"https:\/\/literackieprzeszpiegi.pl\/\",\"logo\":{\"@type\":\"ImageObject\",\"inLanguage\":\"pl-PL\",\"@id\":\"https:\/\/literackieprzeszpiegi.pl\/#\/schema\/logo\/image\/\",\"url\":\"https:\/\/literackieprzeszpiegi.pl\/wp-content\/uploads\/2021\/01\/cropped-cropped-Literackie-przeszpiegi-1.png\",\"contentUrl\":\"https:\/\/literackieprzeszpiegi.pl\/wp-content\/uploads\/2021\/01\/cropped-cropped-Literackie-przeszpiegi-1.png\",\"width\":499,\"height\":142,\"caption\":\"Literackie przeszpiegi\"},\"image\":{\"@id\":\"https:\/\/literackieprzeszpiegi.pl\/#\/schema\/logo\/image\/\"}},{\"@type\":\"Person\",\"@id\":\"https:\/\/literackieprzeszpiegi.pl\/#\/schema\/person\/fd5c4f317aed549d4833e6402ffea017\",\"name\":\"Szpieg\",\"image\":{\"@type\":\"ImageObject\",\"inLanguage\":\"pl-PL\",\"@id\":\"https:\/\/literackieprzeszpiegi.pl\/#\/schema\/person\/image\/\",\"url\":\"https:\/\/secure.gravatar.com\/avatar\/45a17869257e08975d929f204ef78290?s=96&d=mm&r=g\",\"contentUrl\":\"https:\/\/secure.gravatar.com\/avatar\/45a17869257e08975d929f204ef78290?s=96&d=mm&r=g\",\"caption\":\"Szpieg\"},\"url\":\"https:\/\/literackieprzeszpiegi.pl\/index.php\/author\/admin\/\"}]}<\/script>\n<!-- \/ Yoast SEO plugin. -->","yoast_head_json":{"title":"Recenzja - \"K\u0142amczuch\" J\u0119drzej Pasierski - Literackie przeszpiegi","description":"'K\u0142amczuch\" jest histori\u0105 kryminaln\u0105. \u015awietnie nakre\u015blon\u0105, klimatyczn\u0105 i czekaj\u0105c\u0105 na rozwi\u0105zanie ju\u017c stanowczo za d\u0142ugo.","robots":{"index":"index","follow":"follow","max-snippet":"max-snippet:-1","max-image-preview":"max-image-preview:large","max-video-preview":"max-video-preview:-1"},"canonical":"https:\/\/literackieprzeszpiegi.pl\/index.php\/2021\/02\/10\/klamczuch-jedrzej-pasierski\/","og_locale":"pl_PL","og_type":"article","og_title":"\"K\u0142amczuch\" J\u0119drzej Pasierski","og_description":"\"K\u0142amczuch\" jest histori\u0105 kryminaln\u0105. \u015awietnie nakre\u015blon\u0105, klimatyczn\u0105 i czekaj\u0105c\u0105 na rozwi\u0105zanie ju\u017c stanowczo za d\u0142ugo.","og_url":"https:\/\/literackieprzeszpiegi.pl\/index.php\/2021\/02\/10\/klamczuch-jedrzej-pasierski\/","og_site_name":"Literackie przeszpiegi","article_published_time":"2021-02-10T20:30:32+00:00","article_modified_time":"2021-02-10T20:31:11+00:00","og_image":[{"width":761,"height":630,"url":"https:\/\/literackieprzeszpiegi.pl\/wp-content\/uploads\/2021\/02\/Klmaczuch.jpg","type":"image\/jpeg"}],"author":"Szpieg","twitter_card":"summary_large_image","twitter_misc":{"Napisane przez":"Szpieg","Szacowany czas czytania":"3 minuty"},"schema":{"@context":"https:\/\/schema.org","@graph":[{"@type":"Article","@id":"https:\/\/literackieprzeszpiegi.pl\/index.php\/2021\/02\/10\/klamczuch-jedrzej-pasierski\/#article","isPartOf":{"@id":"https:\/\/literackieprzeszpiegi.pl\/index.php\/2021\/02\/10\/klamczuch-jedrzej-pasierski\/"},"author":{"name":"Szpieg","@id":"https:\/\/literackieprzeszpiegi.pl\/#\/schema\/person\/fd5c4f317aed549d4833e6402ffea017"},"headline":"&#8220;K\u0142amczuch&#8221; J\u0119drzej Pasierski","datePublished":"2021-02-10T20:30:32+00:00","dateModified":"2021-02-10T20:31:11+00:00","mainEntityOfPage":{"@id":"https:\/\/literackieprzeszpiegi.pl\/index.php\/2021\/02\/10\/klamczuch-jedrzej-pasierski\/"},"wordCount":665,"commentCount":0,"publisher":{"@id":"https:\/\/literackieprzeszpiegi.pl\/#organization"},"image":{"@id":"https:\/\/literackieprzeszpiegi.pl\/index.php\/2021\/02\/10\/klamczuch-jedrzej-pasierski\/#primaryimage"},"thumbnailUrl":"https:\/\/literackieprzeszpiegi.pl\/wp-content\/uploads\/2021\/02\/Klmaczuch.jpg","keywords":["J\u0119drzej Pasierski","Wydawnictwo Czarne"],"articleSection":["Hit","Rasowy krymina\u0142","recenzje"],"inLanguage":"pl-PL","potentialAction":[{"@type":"CommentAction","name":"Comment","target":["https:\/\/literackieprzeszpiegi.pl\/index.php\/2021\/02\/10\/klamczuch-jedrzej-pasierski\/#respond"]}]},{"@type":"WebPage","@id":"https:\/\/literackieprzeszpiegi.pl\/index.php\/2021\/02\/10\/klamczuch-jedrzej-pasierski\/","url":"https:\/\/literackieprzeszpiegi.pl\/index.php\/2021\/02\/10\/klamczuch-jedrzej-pasierski\/","name":"Recenzja - \"K\u0142amczuch\" J\u0119drzej Pasierski - Literackie przeszpiegi","isPartOf":{"@id":"https:\/\/literackieprzeszpiegi.pl\/#website"},"primaryImageOfPage":{"@id":"https:\/\/literackieprzeszpiegi.pl\/index.php\/2021\/02\/10\/klamczuch-jedrzej-pasierski\/#primaryimage"},"image":{"@id":"https:\/\/literackieprzeszpiegi.pl\/index.php\/2021\/02\/10\/klamczuch-jedrzej-pasierski\/#primaryimage"},"thumbnailUrl":"https:\/\/literackieprzeszpiegi.pl\/wp-content\/uploads\/2021\/02\/Klmaczuch.jpg","datePublished":"2021-02-10T20:30:32+00:00","dateModified":"2021-02-10T20:31:11+00:00","description":"'K\u0142amczuch\" jest histori\u0105 kryminaln\u0105. \u015awietnie nakre\u015blon\u0105, klimatyczn\u0105 i czekaj\u0105c\u0105 na rozwi\u0105zanie ju\u017c stanowczo za d\u0142ugo.","breadcrumb":{"@id":"https:\/\/literackieprzeszpiegi.pl\/index.php\/2021\/02\/10\/klamczuch-jedrzej-pasierski\/#breadcrumb"},"inLanguage":"pl-PL","potentialAction":[{"@type":"ReadAction","target":["https:\/\/literackieprzeszpiegi.pl\/index.php\/2021\/02\/10\/klamczuch-jedrzej-pasierski\/"]}]},{"@type":"ImageObject","inLanguage":"pl-PL","@id":"https:\/\/literackieprzeszpiegi.pl\/index.php\/2021\/02\/10\/klamczuch-jedrzej-pasierski\/#primaryimage","url":"https:\/\/literackieprzeszpiegi.pl\/wp-content\/uploads\/2021\/02\/Klmaczuch.jpg","contentUrl":"https:\/\/literackieprzeszpiegi.pl\/wp-content\/uploads\/2021\/02\/Klmaczuch.jpg","width":761,"height":630},{"@type":"BreadcrumbList","@id":"https:\/\/literackieprzeszpiegi.pl\/index.php\/2021\/02\/10\/klamczuch-jedrzej-pasierski\/#breadcrumb","itemListElement":[{"@type":"ListItem","position":1,"name":"Home","item":"https:\/\/literackieprzeszpiegi.pl\/"},{"@type":"ListItem","position":2,"name":"&#8220;K\u0142amczuch&#8221; J\u0119drzej Pasierski"}]},{"@type":"WebSite","@id":"https:\/\/literackieprzeszpiegi.pl\/#website","url":"https:\/\/literackieprzeszpiegi.pl\/","name":"Literackie przeszpiegi","description":"blog o ksi\u0105\u017ckach","publisher":{"@id":"https:\/\/literackieprzeszpiegi.pl\/#organization"},"potentialAction":[{"@type":"SearchAction","target":{"@type":"EntryPoint","urlTemplate":"https:\/\/literackieprzeszpiegi.pl\/?s={search_term_string}"},"query-input":"required name=search_term_string"}],"inLanguage":"pl-PL"},{"@type":"Organization","@id":"https:\/\/literackieprzeszpiegi.pl\/#organization","name":"Literackie przeszpiegi","url":"https:\/\/literackieprzeszpiegi.pl\/","logo":{"@type":"ImageObject","inLanguage":"pl-PL","@id":"https:\/\/literackieprzeszpiegi.pl\/#\/schema\/logo\/image\/","url":"https:\/\/literackieprzeszpiegi.pl\/wp-content\/uploads\/2021\/01\/cropped-cropped-Literackie-przeszpiegi-1.png","contentUrl":"https:\/\/literackieprzeszpiegi.pl\/wp-content\/uploads\/2021\/01\/cropped-cropped-Literackie-przeszpiegi-1.png","width":499,"height":142,"caption":"Literackie przeszpiegi"},"image":{"@id":"https:\/\/literackieprzeszpiegi.pl\/#\/schema\/logo\/image\/"}},{"@type":"Person","@id":"https:\/\/literackieprzeszpiegi.pl\/#\/schema\/person\/fd5c4f317aed549d4833e6402ffea017","name":"Szpieg","image":{"@type":"ImageObject","inLanguage":"pl-PL","@id":"https:\/\/literackieprzeszpiegi.pl\/#\/schema\/person\/image\/","url":"https:\/\/secure.gravatar.com\/avatar\/45a17869257e08975d929f204ef78290?s=96&d=mm&r=g","contentUrl":"https:\/\/secure.gravatar.com\/avatar\/45a17869257e08975d929f204ef78290?s=96&d=mm&r=g","caption":"Szpieg"},"url":"https:\/\/literackieprzeszpiegi.pl\/index.php\/author\/admin\/"}]}},"_links":{"self":[{"href":"https:\/\/literackieprzeszpiegi.pl\/index.php\/wp-json\/wp\/v2\/posts\/2902"}],"collection":[{"href":"https:\/\/literackieprzeszpiegi.pl\/index.php\/wp-json\/wp\/v2\/posts"}],"about":[{"href":"https:\/\/literackieprzeszpiegi.pl\/index.php\/wp-json\/wp\/v2\/types\/post"}],"author":[{"embeddable":true,"href":"https:\/\/literackieprzeszpiegi.pl\/index.php\/wp-json\/wp\/v2\/users\/1"}],"replies":[{"embeddable":true,"href":"https:\/\/literackieprzeszpiegi.pl\/index.php\/wp-json\/wp\/v2\/comments?post=2902"}],"version-history":[{"count":3,"href":"https:\/\/literackieprzeszpiegi.pl\/index.php\/wp-json\/wp\/v2\/posts\/2902\/revisions"}],"predecessor-version":[{"id":2906,"href":"https:\/\/literackieprzeszpiegi.pl\/index.php\/wp-json\/wp\/v2\/posts\/2902\/revisions\/2906"}],"wp:featuredmedia":[{"embeddable":true,"href":"https:\/\/literackieprzeszpiegi.pl\/index.php\/wp-json\/wp\/v2\/media\/2903"}],"wp:attachment":[{"href":"https:\/\/literackieprzeszpiegi.pl\/index.php\/wp-json\/wp\/v2\/media?parent=2902"}],"wp:term":[{"taxonomy":"category","embeddable":true,"href":"https:\/\/literackieprzeszpiegi.pl\/index.php\/wp-json\/wp\/v2\/categories?post=2902"},{"taxonomy":"post_tag","embeddable":true,"href":"https:\/\/literackieprzeszpiegi.pl\/index.php\/wp-json\/wp\/v2\/tags?post=2902"}],"curies":[{"name":"wp","href":"https:\/\/api.w.org\/{rel}","templated":true}]}}