{"id":2949,"date":"2021-04-06T13:02:43","date_gmt":"2021-04-06T11:02:43","guid":{"rendered":"http:\/\/literackieprzeszpiegi.pl\/?p=2949"},"modified":"2021-04-06T19:21:31","modified_gmt":"2021-04-06T17:21:31","slug":"maski-posmiertne-anna-rozenberg","status":"publish","type":"post","link":"https:\/\/literackieprzeszpiegi.pl\/index.php\/2021\/04\/06\/maski-posmiertne-anna-rozenberg\/","title":{"rendered":"\u201eMaski po\u015bmiertne\u201d Anna Rozenberg"},"content":{"rendered":"\n<h2 class=\"wp-block-heading\"><strong>\u201eCa\u0142e \u015bledztwo sk\u0142ada\u0142o si\u0119 z cieniutkich niteczek, w\u0105t\u0142ych i trudnych do z\u0142apania jak babie lato\u201d.<\/strong><\/h2>\n\n\n\n<!--more-->\n\n\n\n<p>Ci\u0119\u017ckie, o\u0142owiane chmury zbieraj\u0105 si\u0119 nad Woking, ma\u0142ym miasteczkiem nieopodal Londynu. Inspektor Redfern nawet nie przeczuwa, jaki b\u0119dzie mia\u0142a przebieg nadchodz\u0105ca burza.<\/p>\n\n\n\n<h2 class=\"wp-block-heading\"><strong>\u201e(\u2026) wiele razy widzia\u0142em, jak zupe\u0142nie niewielkie rzeczy mog\u0105 prowadzi\u0107 do niewyobra\u017calnych zbrodni\u201d<\/strong><\/h2>\n\n\n\n<p>Odnalezione na uboczu zw\u0142oki Bo\u017ceny Sokoli\u0144skiej budz\u0105 niedowierzanie i l\u0119k. Poder\u017cni\u0119te gard\u0142o, zainscenizowane miejsce zbrodni, zaginiony m\u0105\u017c i brak \u015blad\u00f3w mog\u0105cych wskazywa\u0107 na winnego oznacza dla lokalnej policji tylko jedno. D\u0142ugie i mozolne \u015bledztwo, w kt\u00f3rym albo kto\u015b zab\u0142y\u015bnie, albo raz na zawsze pogrzebie swoj\u0105 karier\u0119. Tym razem trafi\u0142o na inspektora Redferna, kt\u00f3ry od niedawna pracuje w policji w Woking. Nie jest policyjnym \u015bwie\u017cakiem &#8211; wr\u0119cz przeciwnie &#8211; ma do\u015bwiadczenie godne pozazdroszczenia, intuicj\u0119 i\u2026 spor\u0105 rys\u0119 w zawodowym CV, o kt\u00f3rej wsp\u00f3\u0142pracownicy szepcz\u0105 po k\u0105tach.<\/p>\n\n\n\n<p>Nie tylko \u015bmier\u0107 Sokoli\u0144skiej oka\u017ce si\u0119 zmor\u0105 dla Redferna. Wydarzenia z przesz\u0142o\u015bci, od kt\u00f3rych tak ucieka, powracaj\u0105 w zmienionej wersji. Komu b\u0119dzie m\u00f3g\u0142 zaufa\u0107 a kto \u017cyczy mu najgorszego? Czy ciekawo\u015b\u0107 i d\u0105\u017cenie do prawdy nie b\u0119d\u0105 mia\u0142y zbyt wysokiej ceny?<\/p>\n\n\n\n<h2 class=\"wp-block-heading\"><strong>\u201e(\u2026) wszystko w tej sprawie wygl\u0105da\u0142o na ma\u0142o prawdopodobne, a mimo to si\u0119 wydarzy\u0142o\u201d<\/strong><\/h2>\n\n\n\n<p>Po debiuty ksi\u0105\u017ckowe si\u0119gamy z r\u00f3\u017cnych pobudek. Ze wzgl\u0119du na osob\u0119 autora, oryginaln\u0105 fabu\u0142\u0119, zwyk\u0142\u0105 ciekawo\u015b\u0107 albo z nadziej\u0105 na co\u015b nowego. Po \u201eMaski po\u015bmiertne\u201d si\u0119gn\u0119\u0142am z ciekawo\u015bci i ta ciekawo\u015b\u0107 zosta\u0142a ze mn\u0105 ju\u017c do ko\u0144ca ksi\u0105\u017cki. W \u201eMaskach po\u015bmiertnych\u201d po prostu chce si\u0119 wiedzie\u0107, chce si\u0119 docieka\u0107, chce si\u0119 analizowa\u0107 i odrzuca\u0107 mylne tropy.<\/p>\n\n\n\n<p>Autorce nale\u017c\u0105 si\u0119 brawa za odwag\u0119, bo nie posz\u0142a na skr\u00f3ty. Pr\u00f3\u017cno szuka\u0107 d\u0142u\u017cyzn, oczywisto\u015bci bij\u0105cych po oczach, \u0142atwych motyw\u00f3w i banalnego policjanta. Dostali\u015bmy za to histori\u0119 kryminaln\u0105, w kt\u00f3rej przeplata si\u0119 ze sob\u0105 wiele w\u0105tk\u00f3w, zar\u00f3wno wsp\u00f3\u0142czesnych, jak i historycznych, kt\u00f3re \u0142\u0105czy ze sob\u0105 tylko albo a\u017c posta\u0107 Bo\u017ceny Sokoli\u0144skiej.<\/p>\n\n\n\n<p>Anna Rozenberg lubi gmatwa\u0107, pokazywa\u0107 drugie a nawet trzecie dno danej historii. Trzeba nie\u017ale wysili\u0107 szare kom\u00f3rki, by temu sprosta\u0107. Je\u015bli lubicie, tak jak ja, g\u0142\u00f3wkowa\u0107 na wielu frontach wraz z policjantami, to dobrze trafili\u015bcie. T\u0142em dla tej historii kryminalnej z polskim w\u0105tkiem historycznym jest ma\u0142e, brytyjskie miasteczko. Woking ma sw\u00f3j klimat, ci\u0119\u017cki od tajemnic, z rzadko pojawiaj\u0105cymi si\u0119 promykami nadziei. Ludzka nieufno\u015b\u0107, skryto\u015b\u0107 i ci\u0119\u017car dnia codziennego daj\u0105 nie\u017ale w ko\u015b\u0107 mieszka\u0144com, a co dopiero Redfernowi, kt\u00f3ry usi\u0142uje si\u0119 tutaj zadomowi\u0107.<\/p>\n\n\n\n<h2 class=\"wp-block-heading\"><strong>\u201eSamotno\u015b\u0107, David, to nie tarcza, ale bia\u0142a flaga\u201d<\/strong><\/h2>\n\n\n\n<p>Pisa\u0142am wcze\u015bniej, \u017ce Redfern nie jest sztampowym policjantem. Nie ma problem\u00f3w z alkoholem ani z by\u0142\u0105 \u017con\u0105; nie ma te\u017c nietypowego hobby. Ma za to kochaj\u0105cego dziadka Bohdana, oryginalne pochodzenie i mn\u00f3stwo wspomnie\u0144 z przesz\u0142o\u015bci, kt\u00f3re nie napawaj\u0105 optymizmem. W mieszkaniu kartony wci\u0105\u017c jeszcze czekaj\u0105 na rozpakowanie a koledzy z pracy nie traktuj\u0105 go jako swojego. Wol\u0105 zajmowa\u0107 si\u0119 plotkowaniem, dlaczego Redfern przeni\u00f3s\u0142 si\u0119 do Woking i co tak naprawd\u0119 sta\u0142o si\u0119 w katedrze w Guildford.<\/p>\n\n\n\n<p>Redfern jest typem samotnika, szukaj\u0105cego swojego miejsca i nade wszystko szukaj\u0105cego siebie. Mam wra\u017cenie, \u017ce jeszcze nie wszystko zosta\u0142o o nim napisane, \u017ce jeszcze jakie\u015b elementy \u017cyciorysu czekaj\u0105 na odkrycie i to w momencie, w kt\u00f3rym si\u0119 najmniej tego spodziewamy.<\/p>\n\n\n\n<p>\u201eMaski po\u015bmiertne\u201d zostawi\u0142y po sobie pewn\u0105 nut\u0119 niedopowiedzenia a zarazem obietnicy, \u017ce Redfern nie podda si\u0119 tak \u0142atwo, chocia\u017c przeciwnik zawiesi\u0142 wysoko poprzeczk\u0119.<br>_______________<br>Anna Rozenberg \u201e<a href=\"https:\/\/czwartastrona.pl\/produkt\/maski-posmiertne\/\" target=\"_blank\" rel=\"noreferrer noopener\">Maski po\u015bmiertne<\/a>\u201d<br>Wydawnictwo Czwarta Strona<br>Data premiery: 10.03.2021 r.<\/p>\n\n\n\n<p><\/p>\n","protected":false},"excerpt":{"rendered":"<p>\u201eCa\u0142e \u015bledztwo sk\u0142ada\u0142o si\u0119 z cieniutkich niteczek, w\u0105t\u0142ych i trudnych do z\u0142apania jak babie lato\u201d.<\/p>\n","protected":false},"author":1,"featured_media":2951,"comment_status":"open","ping_status":"open","sticky":false,"template":"","format":"standard","meta":{"om_disable_all_campaigns":false,"_exactmetrics_skip_tracking":false,"_exactmetrics_sitenote_active":false,"_exactmetrics_sitenote_note":"","_exactmetrics_sitenote_category":0,"_monsterinsights_skip_tracking":false,"_monsterinsights_sitenote_active":false,"_monsterinsights_sitenote_note":"","_monsterinsights_sitenote_category":0,"_uf_show_specific_survey":0,"_uf_disable_surveys":false,"footnotes":""},"categories":[7,3,8],"tags":[131,125],"yoast_head":"<!-- This site is optimized with the Yoast SEO plugin v22.9 - https:\/\/yoast.com\/wordpress\/plugins\/seo\/ -->\n<title>Recenzja: \u201eMaski po\u015bmiertne\u201d Anna Rozenberg - Literackie przeszpiegi<\/title>\n<meta name=\"description\" content=\"W \u201eMaskach po\u015bmiertnych\u201d po prostu chce si\u0119 wiedzie\u0107, chce si\u0119 docieka\u0107, chce si\u0119 analizowa\u0107 i odrzuca\u0107 mylne tropy.\" \/>\n<meta name=\"robots\" content=\"index, follow, max-snippet:-1, max-image-preview:large, max-video-preview:-1\" \/>\n<link rel=\"canonical\" href=\"https:\/\/literackieprzeszpiegi.pl\/index.php\/2021\/04\/06\/maski-posmiertne-anna-rozenberg\/\" \/>\n<meta property=\"og:locale\" content=\"pl_PL\" \/>\n<meta property=\"og:type\" content=\"article\" \/>\n<meta property=\"og:title\" content=\"&quot;Maski po\u015bmiertne&quot; - recenzja\" \/>\n<meta property=\"og:description\" content=\"W \u201eMaskach po\u015bmiertnych\u201d po prostu chce si\u0119 wiedzie\u0107, chce si\u0119 docieka\u0107, chce si\u0119 analizowa\u0107 i odrzuca\u0107 mylne tropy.\" \/>\n<meta property=\"og:url\" content=\"https:\/\/literackieprzeszpiegi.pl\/index.php\/2021\/04\/06\/maski-posmiertne-anna-rozenberg\/\" \/>\n<meta property=\"og:site_name\" content=\"Literackie przeszpiegi\" \/>\n<meta property=\"article:published_time\" content=\"2021-04-06T11:02:43+00:00\" \/>\n<meta property=\"article:modified_time\" content=\"2021-04-06T17:21:31+00:00\" \/>\n<meta property=\"og:image\" content=\"https:\/\/literackieprzeszpiegi.pl\/wp-content\/uploads\/2021\/04\/Maski-posmiertne_Anna-Rozenberg.jpg\" \/>\n\t<meta property=\"og:image:width\" content=\"985\" \/>\n\t<meta property=\"og:image:height\" content=\"630\" \/>\n\t<meta property=\"og:image:type\" content=\"image\/jpeg\" \/>\n<meta name=\"author\" content=\"Szpieg\" \/>\n<meta name=\"twitter:card\" content=\"summary_large_image\" \/>\n<meta name=\"twitter:label1\" content=\"Napisane przez\" \/>\n\t<meta name=\"twitter:data1\" content=\"Szpieg\" \/>\n\t<meta name=\"twitter:label2\" content=\"Szacowany czas czytania\" \/>\n\t<meta name=\"twitter:data2\" content=\"3 minuty\" \/>\n<script type=\"application\/ld+json\" class=\"yoast-schema-graph\">{\"@context\":\"https:\/\/schema.org\",\"@graph\":[{\"@type\":\"Article\",\"@id\":\"https:\/\/literackieprzeszpiegi.pl\/index.php\/2021\/04\/06\/maski-posmiertne-anna-rozenberg\/#article\",\"isPartOf\":{\"@id\":\"https:\/\/literackieprzeszpiegi.pl\/index.php\/2021\/04\/06\/maski-posmiertne-anna-rozenberg\/\"},\"author\":{\"name\":\"Szpieg\",\"@id\":\"https:\/\/literackieprzeszpiegi.pl\/#\/schema\/person\/fd5c4f317aed549d4833e6402ffea017\"},\"headline\":\"\u201eMaski po\u015bmiertne\u201d Anna Rozenberg\",\"datePublished\":\"2021-04-06T11:02:43+00:00\",\"dateModified\":\"2021-04-06T17:21:31+00:00\",\"mainEntityOfPage\":{\"@id\":\"https:\/\/literackieprzeszpiegi.pl\/index.php\/2021\/04\/06\/maski-posmiertne-anna-rozenberg\/\"},\"wordCount\":652,\"commentCount\":0,\"publisher\":{\"@id\":\"https:\/\/literackieprzeszpiegi.pl\/#organization\"},\"image\":{\"@id\":\"https:\/\/literackieprzeszpiegi.pl\/index.php\/2021\/04\/06\/maski-posmiertne-anna-rozenberg\/#primaryimage\"},\"thumbnailUrl\":\"https:\/\/literackieprzeszpiegi.pl\/wp-content\/uploads\/2021\/04\/Maski-posmiertne_Anna-Rozenberg.jpg\",\"keywords\":[\"Anna Rozenberg\",\"Czwarta Strona Krymina\u0142u\"],\"articleSection\":[\"Hit\",\"Rasowy krymina\u0142\",\"recenzje\"],\"inLanguage\":\"pl-PL\",\"potentialAction\":[{\"@type\":\"CommentAction\",\"name\":\"Comment\",\"target\":[\"https:\/\/literackieprzeszpiegi.pl\/index.php\/2021\/04\/06\/maski-posmiertne-anna-rozenberg\/#respond\"]}]},{\"@type\":\"WebPage\",\"@id\":\"https:\/\/literackieprzeszpiegi.pl\/index.php\/2021\/04\/06\/maski-posmiertne-anna-rozenberg\/\",\"url\":\"https:\/\/literackieprzeszpiegi.pl\/index.php\/2021\/04\/06\/maski-posmiertne-anna-rozenberg\/\",\"name\":\"Recenzja: \u201eMaski po\u015bmiertne\u201d Anna Rozenberg - Literackie przeszpiegi\",\"isPartOf\":{\"@id\":\"https:\/\/literackieprzeszpiegi.pl\/#website\"},\"primaryImageOfPage\":{\"@id\":\"https:\/\/literackieprzeszpiegi.pl\/index.php\/2021\/04\/06\/maski-posmiertne-anna-rozenberg\/#primaryimage\"},\"image\":{\"@id\":\"https:\/\/literackieprzeszpiegi.pl\/index.php\/2021\/04\/06\/maski-posmiertne-anna-rozenberg\/#primaryimage\"},\"thumbnailUrl\":\"https:\/\/literackieprzeszpiegi.pl\/wp-content\/uploads\/2021\/04\/Maski-posmiertne_Anna-Rozenberg.jpg\",\"datePublished\":\"2021-04-06T11:02:43+00:00\",\"dateModified\":\"2021-04-06T17:21:31+00:00\",\"description\":\"W \u201eMaskach po\u015bmiertnych\u201d po prostu chce si\u0119 wiedzie\u0107, chce si\u0119 docieka\u0107, chce si\u0119 analizowa\u0107 i odrzuca\u0107 mylne tropy.\",\"breadcrumb\":{\"@id\":\"https:\/\/literackieprzeszpiegi.pl\/index.php\/2021\/04\/06\/maski-posmiertne-anna-rozenberg\/#breadcrumb\"},\"inLanguage\":\"pl-PL\",\"potentialAction\":[{\"@type\":\"ReadAction\",\"target\":[\"https:\/\/literackieprzeszpiegi.pl\/index.php\/2021\/04\/06\/maski-posmiertne-anna-rozenberg\/\"]}]},{\"@type\":\"ImageObject\",\"inLanguage\":\"pl-PL\",\"@id\":\"https:\/\/literackieprzeszpiegi.pl\/index.php\/2021\/04\/06\/maski-posmiertne-anna-rozenberg\/#primaryimage\",\"url\":\"https:\/\/literackieprzeszpiegi.pl\/wp-content\/uploads\/2021\/04\/Maski-posmiertne_Anna-Rozenberg.jpg\",\"contentUrl\":\"https:\/\/literackieprzeszpiegi.pl\/wp-content\/uploads\/2021\/04\/Maski-posmiertne_Anna-Rozenberg.jpg\",\"width\":985,\"height\":630},{\"@type\":\"BreadcrumbList\",\"@id\":\"https:\/\/literackieprzeszpiegi.pl\/index.php\/2021\/04\/06\/maski-posmiertne-anna-rozenberg\/#breadcrumb\",\"itemListElement\":[{\"@type\":\"ListItem\",\"position\":1,\"name\":\"Home\",\"item\":\"https:\/\/literackieprzeszpiegi.pl\/\"},{\"@type\":\"ListItem\",\"position\":2,\"name\":\"\u201eMaski po\u015bmiertne\u201d Anna Rozenberg\"}]},{\"@type\":\"WebSite\",\"@id\":\"https:\/\/literackieprzeszpiegi.pl\/#website\",\"url\":\"https:\/\/literackieprzeszpiegi.pl\/\",\"name\":\"Literackie przeszpiegi\",\"description\":\"blog o ksi\u0105\u017ckach\",\"publisher\":{\"@id\":\"https:\/\/literackieprzeszpiegi.pl\/#organization\"},\"potentialAction\":[{\"@type\":\"SearchAction\",\"target\":{\"@type\":\"EntryPoint\",\"urlTemplate\":\"https:\/\/literackieprzeszpiegi.pl\/?s={search_term_string}\"},\"query-input\":\"required name=search_term_string\"}],\"inLanguage\":\"pl-PL\"},{\"@type\":\"Organization\",\"@id\":\"https:\/\/literackieprzeszpiegi.pl\/#organization\",\"name\":\"Literackie przeszpiegi\",\"url\":\"https:\/\/literackieprzeszpiegi.pl\/\",\"logo\":{\"@type\":\"ImageObject\",\"inLanguage\":\"pl-PL\",\"@id\":\"https:\/\/literackieprzeszpiegi.pl\/#\/schema\/logo\/image\/\",\"url\":\"https:\/\/literackieprzeszpiegi.pl\/wp-content\/uploads\/2021\/01\/cropped-cropped-Literackie-przeszpiegi-1.png\",\"contentUrl\":\"https:\/\/literackieprzeszpiegi.pl\/wp-content\/uploads\/2021\/01\/cropped-cropped-Literackie-przeszpiegi-1.png\",\"width\":499,\"height\":142,\"caption\":\"Literackie przeszpiegi\"},\"image\":{\"@id\":\"https:\/\/literackieprzeszpiegi.pl\/#\/schema\/logo\/image\/\"}},{\"@type\":\"Person\",\"@id\":\"https:\/\/literackieprzeszpiegi.pl\/#\/schema\/person\/fd5c4f317aed549d4833e6402ffea017\",\"name\":\"Szpieg\",\"image\":{\"@type\":\"ImageObject\",\"inLanguage\":\"pl-PL\",\"@id\":\"https:\/\/literackieprzeszpiegi.pl\/#\/schema\/person\/image\/\",\"url\":\"https:\/\/secure.gravatar.com\/avatar\/45a17869257e08975d929f204ef78290?s=96&d=mm&r=g\",\"contentUrl\":\"https:\/\/secure.gravatar.com\/avatar\/45a17869257e08975d929f204ef78290?s=96&d=mm&r=g\",\"caption\":\"Szpieg\"},\"url\":\"https:\/\/literackieprzeszpiegi.pl\/index.php\/author\/admin\/\"}]}<\/script>\n<!-- \/ Yoast SEO plugin. -->","yoast_head_json":{"title":"Recenzja: \u201eMaski po\u015bmiertne\u201d Anna Rozenberg - Literackie przeszpiegi","description":"W \u201eMaskach po\u015bmiertnych\u201d po prostu chce si\u0119 wiedzie\u0107, chce si\u0119 docieka\u0107, chce si\u0119 analizowa\u0107 i odrzuca\u0107 mylne tropy.","robots":{"index":"index","follow":"follow","max-snippet":"max-snippet:-1","max-image-preview":"max-image-preview:large","max-video-preview":"max-video-preview:-1"},"canonical":"https:\/\/literackieprzeszpiegi.pl\/index.php\/2021\/04\/06\/maski-posmiertne-anna-rozenberg\/","og_locale":"pl_PL","og_type":"article","og_title":"\"Maski po\u015bmiertne\" - recenzja","og_description":"W \u201eMaskach po\u015bmiertnych\u201d po prostu chce si\u0119 wiedzie\u0107, chce si\u0119 docieka\u0107, chce si\u0119 analizowa\u0107 i odrzuca\u0107 mylne tropy.","og_url":"https:\/\/literackieprzeszpiegi.pl\/index.php\/2021\/04\/06\/maski-posmiertne-anna-rozenberg\/","og_site_name":"Literackie przeszpiegi","article_published_time":"2021-04-06T11:02:43+00:00","article_modified_time":"2021-04-06T17:21:31+00:00","og_image":[{"width":985,"height":630,"url":"https:\/\/literackieprzeszpiegi.pl\/wp-content\/uploads\/2021\/04\/Maski-posmiertne_Anna-Rozenberg.jpg","type":"image\/jpeg"}],"author":"Szpieg","twitter_card":"summary_large_image","twitter_misc":{"Napisane przez":"Szpieg","Szacowany czas czytania":"3 minuty"},"schema":{"@context":"https:\/\/schema.org","@graph":[{"@type":"Article","@id":"https:\/\/literackieprzeszpiegi.pl\/index.php\/2021\/04\/06\/maski-posmiertne-anna-rozenberg\/#article","isPartOf":{"@id":"https:\/\/literackieprzeszpiegi.pl\/index.php\/2021\/04\/06\/maski-posmiertne-anna-rozenberg\/"},"author":{"name":"Szpieg","@id":"https:\/\/literackieprzeszpiegi.pl\/#\/schema\/person\/fd5c4f317aed549d4833e6402ffea017"},"headline":"\u201eMaski po\u015bmiertne\u201d Anna Rozenberg","datePublished":"2021-04-06T11:02:43+00:00","dateModified":"2021-04-06T17:21:31+00:00","mainEntityOfPage":{"@id":"https:\/\/literackieprzeszpiegi.pl\/index.php\/2021\/04\/06\/maski-posmiertne-anna-rozenberg\/"},"wordCount":652,"commentCount":0,"publisher":{"@id":"https:\/\/literackieprzeszpiegi.pl\/#organization"},"image":{"@id":"https:\/\/literackieprzeszpiegi.pl\/index.php\/2021\/04\/06\/maski-posmiertne-anna-rozenberg\/#primaryimage"},"thumbnailUrl":"https:\/\/literackieprzeszpiegi.pl\/wp-content\/uploads\/2021\/04\/Maski-posmiertne_Anna-Rozenberg.jpg","keywords":["Anna Rozenberg","Czwarta Strona Krymina\u0142u"],"articleSection":["Hit","Rasowy krymina\u0142","recenzje"],"inLanguage":"pl-PL","potentialAction":[{"@type":"CommentAction","name":"Comment","target":["https:\/\/literackieprzeszpiegi.pl\/index.php\/2021\/04\/06\/maski-posmiertne-anna-rozenberg\/#respond"]}]},{"@type":"WebPage","@id":"https:\/\/literackieprzeszpiegi.pl\/index.php\/2021\/04\/06\/maski-posmiertne-anna-rozenberg\/","url":"https:\/\/literackieprzeszpiegi.pl\/index.php\/2021\/04\/06\/maski-posmiertne-anna-rozenberg\/","name":"Recenzja: \u201eMaski po\u015bmiertne\u201d Anna Rozenberg - Literackie przeszpiegi","isPartOf":{"@id":"https:\/\/literackieprzeszpiegi.pl\/#website"},"primaryImageOfPage":{"@id":"https:\/\/literackieprzeszpiegi.pl\/index.php\/2021\/04\/06\/maski-posmiertne-anna-rozenberg\/#primaryimage"},"image":{"@id":"https:\/\/literackieprzeszpiegi.pl\/index.php\/2021\/04\/06\/maski-posmiertne-anna-rozenberg\/#primaryimage"},"thumbnailUrl":"https:\/\/literackieprzeszpiegi.pl\/wp-content\/uploads\/2021\/04\/Maski-posmiertne_Anna-Rozenberg.jpg","datePublished":"2021-04-06T11:02:43+00:00","dateModified":"2021-04-06T17:21:31+00:00","description":"W \u201eMaskach po\u015bmiertnych\u201d po prostu chce si\u0119 wiedzie\u0107, chce si\u0119 docieka\u0107, chce si\u0119 analizowa\u0107 i odrzuca\u0107 mylne tropy.","breadcrumb":{"@id":"https:\/\/literackieprzeszpiegi.pl\/index.php\/2021\/04\/06\/maski-posmiertne-anna-rozenberg\/#breadcrumb"},"inLanguage":"pl-PL","potentialAction":[{"@type":"ReadAction","target":["https:\/\/literackieprzeszpiegi.pl\/index.php\/2021\/04\/06\/maski-posmiertne-anna-rozenberg\/"]}]},{"@type":"ImageObject","inLanguage":"pl-PL","@id":"https:\/\/literackieprzeszpiegi.pl\/index.php\/2021\/04\/06\/maski-posmiertne-anna-rozenberg\/#primaryimage","url":"https:\/\/literackieprzeszpiegi.pl\/wp-content\/uploads\/2021\/04\/Maski-posmiertne_Anna-Rozenberg.jpg","contentUrl":"https:\/\/literackieprzeszpiegi.pl\/wp-content\/uploads\/2021\/04\/Maski-posmiertne_Anna-Rozenberg.jpg","width":985,"height":630},{"@type":"BreadcrumbList","@id":"https:\/\/literackieprzeszpiegi.pl\/index.php\/2021\/04\/06\/maski-posmiertne-anna-rozenberg\/#breadcrumb","itemListElement":[{"@type":"ListItem","position":1,"name":"Home","item":"https:\/\/literackieprzeszpiegi.pl\/"},{"@type":"ListItem","position":2,"name":"\u201eMaski po\u015bmiertne\u201d Anna Rozenberg"}]},{"@type":"WebSite","@id":"https:\/\/literackieprzeszpiegi.pl\/#website","url":"https:\/\/literackieprzeszpiegi.pl\/","name":"Literackie przeszpiegi","description":"blog o ksi\u0105\u017ckach","publisher":{"@id":"https:\/\/literackieprzeszpiegi.pl\/#organization"},"potentialAction":[{"@type":"SearchAction","target":{"@type":"EntryPoint","urlTemplate":"https:\/\/literackieprzeszpiegi.pl\/?s={search_term_string}"},"query-input":"required name=search_term_string"}],"inLanguage":"pl-PL"},{"@type":"Organization","@id":"https:\/\/literackieprzeszpiegi.pl\/#organization","name":"Literackie przeszpiegi","url":"https:\/\/literackieprzeszpiegi.pl\/","logo":{"@type":"ImageObject","inLanguage":"pl-PL","@id":"https:\/\/literackieprzeszpiegi.pl\/#\/schema\/logo\/image\/","url":"https:\/\/literackieprzeszpiegi.pl\/wp-content\/uploads\/2021\/01\/cropped-cropped-Literackie-przeszpiegi-1.png","contentUrl":"https:\/\/literackieprzeszpiegi.pl\/wp-content\/uploads\/2021\/01\/cropped-cropped-Literackie-przeszpiegi-1.png","width":499,"height":142,"caption":"Literackie przeszpiegi"},"image":{"@id":"https:\/\/literackieprzeszpiegi.pl\/#\/schema\/logo\/image\/"}},{"@type":"Person","@id":"https:\/\/literackieprzeszpiegi.pl\/#\/schema\/person\/fd5c4f317aed549d4833e6402ffea017","name":"Szpieg","image":{"@type":"ImageObject","inLanguage":"pl-PL","@id":"https:\/\/literackieprzeszpiegi.pl\/#\/schema\/person\/image\/","url":"https:\/\/secure.gravatar.com\/avatar\/45a17869257e08975d929f204ef78290?s=96&d=mm&r=g","contentUrl":"https:\/\/secure.gravatar.com\/avatar\/45a17869257e08975d929f204ef78290?s=96&d=mm&r=g","caption":"Szpieg"},"url":"https:\/\/literackieprzeszpiegi.pl\/index.php\/author\/admin\/"}]}},"_links":{"self":[{"href":"https:\/\/literackieprzeszpiegi.pl\/index.php\/wp-json\/wp\/v2\/posts\/2949"}],"collection":[{"href":"https:\/\/literackieprzeszpiegi.pl\/index.php\/wp-json\/wp\/v2\/posts"}],"about":[{"href":"https:\/\/literackieprzeszpiegi.pl\/index.php\/wp-json\/wp\/v2\/types\/post"}],"author":[{"embeddable":true,"href":"https:\/\/literackieprzeszpiegi.pl\/index.php\/wp-json\/wp\/v2\/users\/1"}],"replies":[{"embeddable":true,"href":"https:\/\/literackieprzeszpiegi.pl\/index.php\/wp-json\/wp\/v2\/comments?post=2949"}],"version-history":[{"count":7,"href":"https:\/\/literackieprzeszpiegi.pl\/index.php\/wp-json\/wp\/v2\/posts\/2949\/revisions"}],"predecessor-version":[{"id":2957,"href":"https:\/\/literackieprzeszpiegi.pl\/index.php\/wp-json\/wp\/v2\/posts\/2949\/revisions\/2957"}],"wp:featuredmedia":[{"embeddable":true,"href":"https:\/\/literackieprzeszpiegi.pl\/index.php\/wp-json\/wp\/v2\/media\/2951"}],"wp:attachment":[{"href":"https:\/\/literackieprzeszpiegi.pl\/index.php\/wp-json\/wp\/v2\/media?parent=2949"}],"wp:term":[{"taxonomy":"category","embeddable":true,"href":"https:\/\/literackieprzeszpiegi.pl\/index.php\/wp-json\/wp\/v2\/categories?post=2949"},{"taxonomy":"post_tag","embeddable":true,"href":"https:\/\/literackieprzeszpiegi.pl\/index.php\/wp-json\/wp\/v2\/tags?post=2949"}],"curies":[{"name":"wp","href":"https:\/\/api.w.org\/{rel}","templated":true}]}}