{"id":2982,"date":"2021-04-26T15:15:38","date_gmt":"2021-04-26T13:15:38","guid":{"rendered":"http:\/\/literackieprzeszpiegi.pl\/?p=2982"},"modified":"2021-04-26T22:13:34","modified_gmt":"2021-04-26T20:13:34","slug":"podroz-za-horyzont-sabina-waszut","status":"publish","type":"post","link":"https:\/\/literackieprzeszpiegi.pl\/index.php\/2021\/04\/26\/podroz-za-horyzont-sabina-waszut\/","title":{"rendered":"\u201ePodr\u00f3\u017c za horyzont\u201d Sabina Waszut"},"content":{"rendered":"\n<h2 class=\"wp-block-heading\"><strong>\u201eTu jest inne \u017cycie i urodzi\u0107 si\u0119 trzeba na nowo. I t\u0119skni\u0107 nie mo\u017cna. Bo ta t\u0119sknota za Polsk\u0105 najrychlej zabija (\u2026)\u201d.<\/strong><\/h2>\n\n\n\n<!--more-->\n\n\n\n<p>Czasami temat czeka na \u201eswojego cz\u0142owieka\u201d \u2013 s\u0142uchacza, opowiadacza, pisarza. Jestem przekonana, \u017ce losy polskich emigrant\u00f3w czeka\u0142y na pi\u00f3ro Sabiny Waszut.<\/p>\n\n\n\n<h2 class=\"wp-block-heading\"><strong>\u201eGdyby raj naprawd\u0119 by\u0142 rajem, nikt nie pozwoli\u0142by wej\u015b\u0107 do niego biedakom\u201d<\/strong><\/h2>\n\n\n\n<p>W\u0142odek Gajda by\u0142 jednym z tych, kt\u00f3rzy ulegli magii s\u0142\u00f3w o pi\u0119knej, egzotycznej krainie. Brazylia obiecywa\u0142a tak wiele, \u017ce korzy\u015bci z wyjazdu zdawa\u0142y si\u0119 z miejsca przy\u0107miewa\u0107 wszystkie w\u0105tpliwo\u015bci. Cho\u0107 decyzja nie by\u0142a \u0142atwa a strach jeszcze wi\u0119kszy, W\u0142odek wraz z \u017con\u0105 i dzie\u0107mi opuszczaj\u0105 swoj\u0105 prost\u0105 cha\u0142up\u0119 w podboche\u0144skiej wsi i udaj\u0105 si\u0119 w d\u0142ug\u0105 i niebezpieczn\u0105 podr\u00f3\u017c ku ziemi obiecanej.<\/p>\n\n\n\n<p>Koszty podr\u00f3\u017cy s\u0105 ogromne. Wydane ostatnie pieni\u0105dze, wiele wyrzecze\u0144, mn\u00f3stwo zdrowia i nieko\u0144cz\u0105ce si\u0119 obawy przed tymi, kt\u00f3rzy chc\u0105 zarobi\u0107 na ich niepewno\u015bci i strachu. Czy to wszystko zrekompensuje im w\u0142asny kawa\u0142ek ziemi w Brazylii i nadzieja, \u017ce ich przysz\u0142o\u015b\u0107 mo\u017ce by\u0107 ju\u017c tylko lepsza?<\/p>\n\n\n\n<h2 class=\"wp-block-heading\"><strong>\u201eDobrze starzy ludzie m\u00f3wi\u0105, \u017ce trzeba na znaki patrzy\u0107, bo one los cz\u0142owieka potrafi\u0105 przewidzie\u0107 (\u2026)\u201d<\/strong><\/h2>\n\n\n\n<p>\u201ePodr\u00f3\u017c za horyzont\u201d to opowie\u015b\u0107 o rodzinie Gajd\u00f3w, jednej z wielu rodzin, kt\u00f3re na pocz\u0105tku XX wieku wyruszy\u0142y za lepszym \u017cyciem za ocean. W tej historii s\u0142yszymy wiele pyta\u0144, wiele obietnic i najwi\u0119cej &#8211; t\u0119sknoty. Trzeba by\u0142o zostawi\u0107 wszystko, nawet je\u015bli nie by\u0142o tego wiele. Zostawi\u0107 ojcowizn\u0119, wspomnienia dobre i z\u0142e. Od raz podj\u0119tej decyzji nie by\u0142o odwrotu, mo\u017cna by\u0142o tylko stawia\u0107 kroki do przodu, nie ogl\u0105daj\u0105c si\u0119 na stare \u017cycie.<\/p>\n\n\n\n<p>Ta w\u0119dr\u00f3wka zmieni\u0142a rodzin\u0119 Gajd\u00f3w pod wieloma wzgl\u0119dami. Wielki \u015bwiat ich zaskakuje, uczy nowych rzeczy i udziela solidnej lekcji pokory, z kt\u00f3rej na zawsze zapami\u0119taj\u0105, \u017ce wsparcie bliskich jest bezcenne. Zmieniaj\u0105 si\u0119 ich role \u017cyciowe &#8211; starsi, wyczerpani podr\u00f3\u017c\u0105 za marzeniami, opadaj\u0105 z si\u0142, robi\u0105c miejsce m\u0142odszemu pokoleniu. M\u0142odzi dorastaj\u0105, staj\u0105 si\u0119 opiekunami, odkrywaj\u0105 w sobie hart ducha i waleczno\u015b\u0107. Nie chc\u0105 zaprzepa\u015bci\u0107 tego, w co wierzyli i o co walczyli rodzice.<\/p>\n\n\n\n<p>To tak\u017ce historia o pogoni za marzeniami o swoim kawa\u0142ku ziemi, na kt\u00f3rym b\u0119dzie mo\u017cna budowa\u0107 przysz\u0142o\u015b\u0107 swoj\u0105 i swoich dzieci. Decyduj\u0105c si\u0119 na wyjazd nie wiedzieli, \u017ce t\u0119sknota b\u0119dzie rozrywa\u0107 serce. Nie zastanawiali si\u0119, jak wiele by dali, by zje\u015b\u0107 zwyk\u0142y chleb a oczy nacieszy\u0107 widokiem \u0142an\u00f3w pszenicy. Codzienno\u015b\u0107 w Brazylii by\u0142a trudna &#8211; walka z natur\u0105, buszem pog\u0142\u0119bia\u0142y ludzkie w\u0105tpliwo\u015bci. Czy warto by\u0142o o to wszystko walczy\u0107? Czy nie lepiej by\u0142o zosta\u0107 i klepa\u0107 bied\u0119, ale w\u015br\u00f3d swoich?<\/p>\n\n\n\n<p>Ile jeszcze czasu minie, zanim na brazylijskiej ziemi poczuj\u0105 si\u0119 jak w domu? O ile to w og\u00f3le nast\u0105pi\u2026<\/p>\n\n\n\n<h2 class=\"wp-block-heading\"><strong>\u201eMusz\u0119 znale\u017a\u0107 w sobie si\u0142\u0119, powtarza\u0142a w my\u015blach jak mantr\u0119, jak zakl\u0119cie\u201d<\/strong><\/h2>\n\n\n\n<p>Sabina Waszut stworzy\u0142a histori\u0119, kt\u00f3ra po wielokro\u0107 chwyta za serce. R\u00f3\u017cnie si\u0119 ludzkie losy na emigracji uk\u0142ada\u0142y, chwile rado\u015bci i nadziei przeplata\u0142y si\u0119 z bezsilno\u015bci\u0105 i poczuciem zw\u0105tpienia. Ale wiara w to, \u017ce mo\u017ce si\u0119 uda\u0107, nigdy nie zgas\u0142a. Pokonanie ka\u017cdej, nawet najmniejszej przeszkody, by\u0142o jak zwyci\u0119stwo. S\u0142owa wsparcia i otuchy nale\u017c\u0105 si\u0119 ka\u017cdemu, kto w tamtych czasach zdecydowa\u0142 si\u0119 na tak odwa\u017cny krok.<\/p>\n\n\n\n<p>___<\/p>\n\n\n\n<p>Sabina Waszut \u201ePodr\u00f3\u017c za horyzont\u201d<br>Cykl: Emigranci<br>Wydawnictwo Ksi\u0105\u017cnica<\/p>\n\n\n\n<p>____<br>PS Nie mog\u0142am nie wspomnie\u0107 o ok\u0142adce \u2013 pi\u0119knej, zielonej, w kolorze nadziei.<br>Bo nadzieja powinna nam towarzyszy\u0107 przy ka\u017cdej przeciwno\u015bci losu.<\/p>\n","protected":false},"excerpt":{"rendered":"<p>\u201eTu jest inne \u017cycie i urodzi\u0107 si\u0119 trzeba na nowo. I t\u0119skni\u0107 nie mo\u017cna. Bo ta t\u0119sknota za Polsk\u0105 najrychlej zabija (\u2026)\u201d.<\/p>\n","protected":false},"author":1,"featured_media":2983,"comment_status":"open","ping_status":"open","sticky":false,"template":"","format":"standard","meta":{"om_disable_all_campaigns":false,"_exactmetrics_skip_tracking":false,"_exactmetrics_sitenote_active":false,"_exactmetrics_sitenote_note":"","_exactmetrics_sitenote_category":0,"_monsterinsights_skip_tracking":false,"_monsterinsights_sitenote_active":false,"_monsterinsights_sitenote_note":"","_monsterinsights_sitenote_category":0,"_uf_show_specific_survey":0,"_uf_disable_surveys":false,"footnotes":""},"categories":[7,5,8],"tags":[108,28],"yoast_head":"<!-- This site is optimized with the Yoast SEO plugin v22.9 - https:\/\/yoast.com\/wordpress\/plugins\/seo\/ -->\n<title>Recenzja : \u201ePodr\u00f3\u017c za horyzont\u201d Sabina Waszut - Literackie przeszpiegi<\/title>\n<meta name=\"description\" content=\"R\u00f3\u017cnie si\u0119 ludzkie losy na emigracji uk\u0142ada\u0142y, chwile rado\u015bci i nadziei przeplata\u0142y si\u0119 z bezsilno\u015bci\u0105 i poczuciem zw\u0105tpienia.\" \/>\n<meta name=\"robots\" content=\"index, follow, max-snippet:-1, max-image-preview:large, max-video-preview:-1\" \/>\n<link rel=\"canonical\" href=\"https:\/\/literackieprzeszpiegi.pl\/index.php\/2021\/04\/26\/podroz-za-horyzont-sabina-waszut\/\" \/>\n<meta property=\"og:locale\" content=\"pl_PL\" \/>\n<meta property=\"og:type\" content=\"article\" \/>\n<meta property=\"og:title\" content=\"Recenzja - &quot;Podr\u00f3\u017c za horyzont&quot; Sabina Waszut\" \/>\n<meta property=\"og:description\" content=\"R\u00f3\u017cnie si\u0119 ludzkie losy na emigracji uk\u0142ada\u0142y, chwile rado\u015bci i nadziei przeplata\u0142y si\u0119 z bezsilno\u015bci\u0105 i poczuciem zw\u0105tpienia.\" \/>\n<meta property=\"og:url\" content=\"https:\/\/literackieprzeszpiegi.pl\/index.php\/2021\/04\/26\/podroz-za-horyzont-sabina-waszut\/\" \/>\n<meta property=\"og:site_name\" content=\"Literackie przeszpiegi\" \/>\n<meta property=\"article:published_time\" content=\"2021-04-26T13:15:38+00:00\" \/>\n<meta property=\"article:modified_time\" content=\"2021-04-26T20:13:34+00:00\" \/>\n<meta property=\"og:image\" content=\"https:\/\/literackieprzeszpiegi.pl\/wp-content\/uploads\/2021\/04\/Podroz-za-horyzont_Sabina-Waszut.jpg\" \/>\n\t<meta property=\"og:image:width\" content=\"852\" \/>\n\t<meta property=\"og:image:height\" content=\"630\" \/>\n\t<meta property=\"og:image:type\" content=\"image\/jpeg\" \/>\n<meta name=\"author\" content=\"Szpieg\" \/>\n<meta name=\"twitter:card\" content=\"summary_large_image\" \/>\n<meta name=\"twitter:label1\" content=\"Napisane przez\" \/>\n\t<meta name=\"twitter:data1\" content=\"Szpieg\" \/>\n\t<meta name=\"twitter:label2\" content=\"Szacowany czas czytania\" \/>\n\t<meta name=\"twitter:data2\" content=\"3 minuty\" \/>\n<script type=\"application\/ld+json\" class=\"yoast-schema-graph\">{\"@context\":\"https:\/\/schema.org\",\"@graph\":[{\"@type\":\"Article\",\"@id\":\"https:\/\/literackieprzeszpiegi.pl\/index.php\/2021\/04\/26\/podroz-za-horyzont-sabina-waszut\/#article\",\"isPartOf\":{\"@id\":\"https:\/\/literackieprzeszpiegi.pl\/index.php\/2021\/04\/26\/podroz-za-horyzont-sabina-waszut\/\"},\"author\":{\"name\":\"Szpieg\",\"@id\":\"https:\/\/literackieprzeszpiegi.pl\/#\/schema\/person\/fd5c4f317aed549d4833e6402ffea017\"},\"headline\":\"\u201ePodr\u00f3\u017c za horyzont\u201d Sabina Waszut\",\"datePublished\":\"2021-04-26T13:15:38+00:00\",\"dateModified\":\"2021-04-26T20:13:34+00:00\",\"mainEntityOfPage\":{\"@id\":\"https:\/\/literackieprzeszpiegi.pl\/index.php\/2021\/04\/26\/podroz-za-horyzont-sabina-waszut\/\"},\"wordCount\":642,\"commentCount\":0,\"publisher\":{\"@id\":\"https:\/\/literackieprzeszpiegi.pl\/#organization\"},\"image\":{\"@id\":\"https:\/\/literackieprzeszpiegi.pl\/index.php\/2021\/04\/26\/podroz-za-horyzont-sabina-waszut\/#primaryimage\"},\"thumbnailUrl\":\"https:\/\/literackieprzeszpiegi.pl\/wp-content\/uploads\/2021\/04\/Podroz-za-horyzont_Sabina-Waszut.jpg\",\"keywords\":[\"Ksi\u0105\u017cnica\",\"Sabina Waszut\"],\"articleSection\":[\"Hit\",\"P\u00f3\u0142ka z przesz\u0142o\u015bci\",\"recenzje\"],\"inLanguage\":\"pl-PL\",\"potentialAction\":[{\"@type\":\"CommentAction\",\"name\":\"Comment\",\"target\":[\"https:\/\/literackieprzeszpiegi.pl\/index.php\/2021\/04\/26\/podroz-za-horyzont-sabina-waszut\/#respond\"]}]},{\"@type\":\"WebPage\",\"@id\":\"https:\/\/literackieprzeszpiegi.pl\/index.php\/2021\/04\/26\/podroz-za-horyzont-sabina-waszut\/\",\"url\":\"https:\/\/literackieprzeszpiegi.pl\/index.php\/2021\/04\/26\/podroz-za-horyzont-sabina-waszut\/\",\"name\":\"Recenzja : \u201ePodr\u00f3\u017c za horyzont\u201d Sabina Waszut - Literackie przeszpiegi\",\"isPartOf\":{\"@id\":\"https:\/\/literackieprzeszpiegi.pl\/#website\"},\"primaryImageOfPage\":{\"@id\":\"https:\/\/literackieprzeszpiegi.pl\/index.php\/2021\/04\/26\/podroz-za-horyzont-sabina-waszut\/#primaryimage\"},\"image\":{\"@id\":\"https:\/\/literackieprzeszpiegi.pl\/index.php\/2021\/04\/26\/podroz-za-horyzont-sabina-waszut\/#primaryimage\"},\"thumbnailUrl\":\"https:\/\/literackieprzeszpiegi.pl\/wp-content\/uploads\/2021\/04\/Podroz-za-horyzont_Sabina-Waszut.jpg\",\"datePublished\":\"2021-04-26T13:15:38+00:00\",\"dateModified\":\"2021-04-26T20:13:34+00:00\",\"description\":\"R\u00f3\u017cnie si\u0119 ludzkie losy na emigracji uk\u0142ada\u0142y, chwile rado\u015bci i nadziei przeplata\u0142y si\u0119 z bezsilno\u015bci\u0105 i poczuciem zw\u0105tpienia.\",\"breadcrumb\":{\"@id\":\"https:\/\/literackieprzeszpiegi.pl\/index.php\/2021\/04\/26\/podroz-za-horyzont-sabina-waszut\/#breadcrumb\"},\"inLanguage\":\"pl-PL\",\"potentialAction\":[{\"@type\":\"ReadAction\",\"target\":[\"https:\/\/literackieprzeszpiegi.pl\/index.php\/2021\/04\/26\/podroz-za-horyzont-sabina-waszut\/\"]}]},{\"@type\":\"ImageObject\",\"inLanguage\":\"pl-PL\",\"@id\":\"https:\/\/literackieprzeszpiegi.pl\/index.php\/2021\/04\/26\/podroz-za-horyzont-sabina-waszut\/#primaryimage\",\"url\":\"https:\/\/literackieprzeszpiegi.pl\/wp-content\/uploads\/2021\/04\/Podroz-za-horyzont_Sabina-Waszut.jpg\",\"contentUrl\":\"https:\/\/literackieprzeszpiegi.pl\/wp-content\/uploads\/2021\/04\/Podroz-za-horyzont_Sabina-Waszut.jpg\",\"width\":852,\"height\":630},{\"@type\":\"BreadcrumbList\",\"@id\":\"https:\/\/literackieprzeszpiegi.pl\/index.php\/2021\/04\/26\/podroz-za-horyzont-sabina-waszut\/#breadcrumb\",\"itemListElement\":[{\"@type\":\"ListItem\",\"position\":1,\"name\":\"Home\",\"item\":\"https:\/\/literackieprzeszpiegi.pl\/\"},{\"@type\":\"ListItem\",\"position\":2,\"name\":\"\u201ePodr\u00f3\u017c za horyzont\u201d Sabina Waszut\"}]},{\"@type\":\"WebSite\",\"@id\":\"https:\/\/literackieprzeszpiegi.pl\/#website\",\"url\":\"https:\/\/literackieprzeszpiegi.pl\/\",\"name\":\"Literackie przeszpiegi\",\"description\":\"blog o ksi\u0105\u017ckach\",\"publisher\":{\"@id\":\"https:\/\/literackieprzeszpiegi.pl\/#organization\"},\"potentialAction\":[{\"@type\":\"SearchAction\",\"target\":{\"@type\":\"EntryPoint\",\"urlTemplate\":\"https:\/\/literackieprzeszpiegi.pl\/?s={search_term_string}\"},\"query-input\":\"required name=search_term_string\"}],\"inLanguage\":\"pl-PL\"},{\"@type\":\"Organization\",\"@id\":\"https:\/\/literackieprzeszpiegi.pl\/#organization\",\"name\":\"Literackie przeszpiegi\",\"url\":\"https:\/\/literackieprzeszpiegi.pl\/\",\"logo\":{\"@type\":\"ImageObject\",\"inLanguage\":\"pl-PL\",\"@id\":\"https:\/\/literackieprzeszpiegi.pl\/#\/schema\/logo\/image\/\",\"url\":\"https:\/\/literackieprzeszpiegi.pl\/wp-content\/uploads\/2021\/01\/cropped-cropped-Literackie-przeszpiegi-1.png\",\"contentUrl\":\"https:\/\/literackieprzeszpiegi.pl\/wp-content\/uploads\/2021\/01\/cropped-cropped-Literackie-przeszpiegi-1.png\",\"width\":499,\"height\":142,\"caption\":\"Literackie przeszpiegi\"},\"image\":{\"@id\":\"https:\/\/literackieprzeszpiegi.pl\/#\/schema\/logo\/image\/\"}},{\"@type\":\"Person\",\"@id\":\"https:\/\/literackieprzeszpiegi.pl\/#\/schema\/person\/fd5c4f317aed549d4833e6402ffea017\",\"name\":\"Szpieg\",\"image\":{\"@type\":\"ImageObject\",\"inLanguage\":\"pl-PL\",\"@id\":\"https:\/\/literackieprzeszpiegi.pl\/#\/schema\/person\/image\/\",\"url\":\"https:\/\/secure.gravatar.com\/avatar\/45a17869257e08975d929f204ef78290?s=96&d=mm&r=g\",\"contentUrl\":\"https:\/\/secure.gravatar.com\/avatar\/45a17869257e08975d929f204ef78290?s=96&d=mm&r=g\",\"caption\":\"Szpieg\"},\"url\":\"https:\/\/literackieprzeszpiegi.pl\/index.php\/author\/admin\/\"}]}<\/script>\n<!-- \/ Yoast SEO plugin. -->","yoast_head_json":{"title":"Recenzja : \u201ePodr\u00f3\u017c za horyzont\u201d Sabina Waszut - Literackie przeszpiegi","description":"R\u00f3\u017cnie si\u0119 ludzkie losy na emigracji uk\u0142ada\u0142y, chwile rado\u015bci i nadziei przeplata\u0142y si\u0119 z bezsilno\u015bci\u0105 i poczuciem zw\u0105tpienia.","robots":{"index":"index","follow":"follow","max-snippet":"max-snippet:-1","max-image-preview":"max-image-preview:large","max-video-preview":"max-video-preview:-1"},"canonical":"https:\/\/literackieprzeszpiegi.pl\/index.php\/2021\/04\/26\/podroz-za-horyzont-sabina-waszut\/","og_locale":"pl_PL","og_type":"article","og_title":"Recenzja - \"Podr\u00f3\u017c za horyzont\" Sabina Waszut","og_description":"R\u00f3\u017cnie si\u0119 ludzkie losy na emigracji uk\u0142ada\u0142y, chwile rado\u015bci i nadziei przeplata\u0142y si\u0119 z bezsilno\u015bci\u0105 i poczuciem zw\u0105tpienia.","og_url":"https:\/\/literackieprzeszpiegi.pl\/index.php\/2021\/04\/26\/podroz-za-horyzont-sabina-waszut\/","og_site_name":"Literackie przeszpiegi","article_published_time":"2021-04-26T13:15:38+00:00","article_modified_time":"2021-04-26T20:13:34+00:00","og_image":[{"width":852,"height":630,"url":"https:\/\/literackieprzeszpiegi.pl\/wp-content\/uploads\/2021\/04\/Podroz-za-horyzont_Sabina-Waszut.jpg","type":"image\/jpeg"}],"author":"Szpieg","twitter_card":"summary_large_image","twitter_misc":{"Napisane przez":"Szpieg","Szacowany czas czytania":"3 minuty"},"schema":{"@context":"https:\/\/schema.org","@graph":[{"@type":"Article","@id":"https:\/\/literackieprzeszpiegi.pl\/index.php\/2021\/04\/26\/podroz-za-horyzont-sabina-waszut\/#article","isPartOf":{"@id":"https:\/\/literackieprzeszpiegi.pl\/index.php\/2021\/04\/26\/podroz-za-horyzont-sabina-waszut\/"},"author":{"name":"Szpieg","@id":"https:\/\/literackieprzeszpiegi.pl\/#\/schema\/person\/fd5c4f317aed549d4833e6402ffea017"},"headline":"\u201ePodr\u00f3\u017c za horyzont\u201d Sabina Waszut","datePublished":"2021-04-26T13:15:38+00:00","dateModified":"2021-04-26T20:13:34+00:00","mainEntityOfPage":{"@id":"https:\/\/literackieprzeszpiegi.pl\/index.php\/2021\/04\/26\/podroz-za-horyzont-sabina-waszut\/"},"wordCount":642,"commentCount":0,"publisher":{"@id":"https:\/\/literackieprzeszpiegi.pl\/#organization"},"image":{"@id":"https:\/\/literackieprzeszpiegi.pl\/index.php\/2021\/04\/26\/podroz-za-horyzont-sabina-waszut\/#primaryimage"},"thumbnailUrl":"https:\/\/literackieprzeszpiegi.pl\/wp-content\/uploads\/2021\/04\/Podroz-za-horyzont_Sabina-Waszut.jpg","keywords":["Ksi\u0105\u017cnica","Sabina Waszut"],"articleSection":["Hit","P\u00f3\u0142ka z przesz\u0142o\u015bci","recenzje"],"inLanguage":"pl-PL","potentialAction":[{"@type":"CommentAction","name":"Comment","target":["https:\/\/literackieprzeszpiegi.pl\/index.php\/2021\/04\/26\/podroz-za-horyzont-sabina-waszut\/#respond"]}]},{"@type":"WebPage","@id":"https:\/\/literackieprzeszpiegi.pl\/index.php\/2021\/04\/26\/podroz-za-horyzont-sabina-waszut\/","url":"https:\/\/literackieprzeszpiegi.pl\/index.php\/2021\/04\/26\/podroz-za-horyzont-sabina-waszut\/","name":"Recenzja : \u201ePodr\u00f3\u017c za horyzont\u201d Sabina Waszut - Literackie przeszpiegi","isPartOf":{"@id":"https:\/\/literackieprzeszpiegi.pl\/#website"},"primaryImageOfPage":{"@id":"https:\/\/literackieprzeszpiegi.pl\/index.php\/2021\/04\/26\/podroz-za-horyzont-sabina-waszut\/#primaryimage"},"image":{"@id":"https:\/\/literackieprzeszpiegi.pl\/index.php\/2021\/04\/26\/podroz-za-horyzont-sabina-waszut\/#primaryimage"},"thumbnailUrl":"https:\/\/literackieprzeszpiegi.pl\/wp-content\/uploads\/2021\/04\/Podroz-za-horyzont_Sabina-Waszut.jpg","datePublished":"2021-04-26T13:15:38+00:00","dateModified":"2021-04-26T20:13:34+00:00","description":"R\u00f3\u017cnie si\u0119 ludzkie losy na emigracji uk\u0142ada\u0142y, chwile rado\u015bci i nadziei przeplata\u0142y si\u0119 z bezsilno\u015bci\u0105 i poczuciem zw\u0105tpienia.","breadcrumb":{"@id":"https:\/\/literackieprzeszpiegi.pl\/index.php\/2021\/04\/26\/podroz-za-horyzont-sabina-waszut\/#breadcrumb"},"inLanguage":"pl-PL","potentialAction":[{"@type":"ReadAction","target":["https:\/\/literackieprzeszpiegi.pl\/index.php\/2021\/04\/26\/podroz-za-horyzont-sabina-waszut\/"]}]},{"@type":"ImageObject","inLanguage":"pl-PL","@id":"https:\/\/literackieprzeszpiegi.pl\/index.php\/2021\/04\/26\/podroz-za-horyzont-sabina-waszut\/#primaryimage","url":"https:\/\/literackieprzeszpiegi.pl\/wp-content\/uploads\/2021\/04\/Podroz-za-horyzont_Sabina-Waszut.jpg","contentUrl":"https:\/\/literackieprzeszpiegi.pl\/wp-content\/uploads\/2021\/04\/Podroz-za-horyzont_Sabina-Waszut.jpg","width":852,"height":630},{"@type":"BreadcrumbList","@id":"https:\/\/literackieprzeszpiegi.pl\/index.php\/2021\/04\/26\/podroz-za-horyzont-sabina-waszut\/#breadcrumb","itemListElement":[{"@type":"ListItem","position":1,"name":"Home","item":"https:\/\/literackieprzeszpiegi.pl\/"},{"@type":"ListItem","position":2,"name":"\u201ePodr\u00f3\u017c za horyzont\u201d Sabina Waszut"}]},{"@type":"WebSite","@id":"https:\/\/literackieprzeszpiegi.pl\/#website","url":"https:\/\/literackieprzeszpiegi.pl\/","name":"Literackie przeszpiegi","description":"blog o ksi\u0105\u017ckach","publisher":{"@id":"https:\/\/literackieprzeszpiegi.pl\/#organization"},"potentialAction":[{"@type":"SearchAction","target":{"@type":"EntryPoint","urlTemplate":"https:\/\/literackieprzeszpiegi.pl\/?s={search_term_string}"},"query-input":"required name=search_term_string"}],"inLanguage":"pl-PL"},{"@type":"Organization","@id":"https:\/\/literackieprzeszpiegi.pl\/#organization","name":"Literackie przeszpiegi","url":"https:\/\/literackieprzeszpiegi.pl\/","logo":{"@type":"ImageObject","inLanguage":"pl-PL","@id":"https:\/\/literackieprzeszpiegi.pl\/#\/schema\/logo\/image\/","url":"https:\/\/literackieprzeszpiegi.pl\/wp-content\/uploads\/2021\/01\/cropped-cropped-Literackie-przeszpiegi-1.png","contentUrl":"https:\/\/literackieprzeszpiegi.pl\/wp-content\/uploads\/2021\/01\/cropped-cropped-Literackie-przeszpiegi-1.png","width":499,"height":142,"caption":"Literackie przeszpiegi"},"image":{"@id":"https:\/\/literackieprzeszpiegi.pl\/#\/schema\/logo\/image\/"}},{"@type":"Person","@id":"https:\/\/literackieprzeszpiegi.pl\/#\/schema\/person\/fd5c4f317aed549d4833e6402ffea017","name":"Szpieg","image":{"@type":"ImageObject","inLanguage":"pl-PL","@id":"https:\/\/literackieprzeszpiegi.pl\/#\/schema\/person\/image\/","url":"https:\/\/secure.gravatar.com\/avatar\/45a17869257e08975d929f204ef78290?s=96&d=mm&r=g","contentUrl":"https:\/\/secure.gravatar.com\/avatar\/45a17869257e08975d929f204ef78290?s=96&d=mm&r=g","caption":"Szpieg"},"url":"https:\/\/literackieprzeszpiegi.pl\/index.php\/author\/admin\/"}]}},"_links":{"self":[{"href":"https:\/\/literackieprzeszpiegi.pl\/index.php\/wp-json\/wp\/v2\/posts\/2982"}],"collection":[{"href":"https:\/\/literackieprzeszpiegi.pl\/index.php\/wp-json\/wp\/v2\/posts"}],"about":[{"href":"https:\/\/literackieprzeszpiegi.pl\/index.php\/wp-json\/wp\/v2\/types\/post"}],"author":[{"embeddable":true,"href":"https:\/\/literackieprzeszpiegi.pl\/index.php\/wp-json\/wp\/v2\/users\/1"}],"replies":[{"embeddable":true,"href":"https:\/\/literackieprzeszpiegi.pl\/index.php\/wp-json\/wp\/v2\/comments?post=2982"}],"version-history":[{"count":2,"href":"https:\/\/literackieprzeszpiegi.pl\/index.php\/wp-json\/wp\/v2\/posts\/2982\/revisions"}],"predecessor-version":[{"id":2986,"href":"https:\/\/literackieprzeszpiegi.pl\/index.php\/wp-json\/wp\/v2\/posts\/2982\/revisions\/2986"}],"wp:featuredmedia":[{"embeddable":true,"href":"https:\/\/literackieprzeszpiegi.pl\/index.php\/wp-json\/wp\/v2\/media\/2983"}],"wp:attachment":[{"href":"https:\/\/literackieprzeszpiegi.pl\/index.php\/wp-json\/wp\/v2\/media?parent=2982"}],"wp:term":[{"taxonomy":"category","embeddable":true,"href":"https:\/\/literackieprzeszpiegi.pl\/index.php\/wp-json\/wp\/v2\/categories?post=2982"},{"taxonomy":"post_tag","embeddable":true,"href":"https:\/\/literackieprzeszpiegi.pl\/index.php\/wp-json\/wp\/v2\/tags?post=2982"}],"curies":[{"name":"wp","href":"https:\/\/api.w.org\/{rel}","templated":true}]}}