{"id":3034,"date":"2021-06-09T18:49:47","date_gmt":"2021-06-09T16:49:47","guid":{"rendered":"http:\/\/literackieprzeszpiegi.pl\/?p=3034"},"modified":"2021-06-09T23:58:34","modified_gmt":"2021-06-09T21:58:34","slug":"rzeki-plyna-jak-chca-albena-grabowska","status":"publish","type":"post","link":"https:\/\/literackieprzeszpiegi.pl\/index.php\/2021\/06\/09\/rzeki-plyna-jak-chca-albena-grabowska\/","title":{"rendered":"\u201eRzeki p\u0142yn\u0105, jak chc\u0105\u201d A\u0142bena Grabowska"},"content":{"rendered":"\n<h2 class=\"wp-block-heading\"><strong>\u201eMo\u017ce przed wojn\u0105 by\u0142y r\u00f3\u017cnice mi\u0119dzy lud\u017ami, ale wojna wszystko zmieni\u0142a, a je\u015bli nie wojna, to rzeczywisto\u015b\u0107, kt\u00f3r\u0105 przynios\u0142a\u201d.<\/strong><\/h2>\n\n\n\n<!--more-->\n\n\n\n<p>Rzadko to pisz\u0119, ale jestem zachwycona. \u201eRzeki p\u0142yn\u0105, jak chc\u0105\u201d przyci\u0105gn\u0119\u0142y moj\u0105 uwag\u0119 pi\u0119kn\u0105 ok\u0142adk\u0105, ale przede wszystkim to zawarto\u015b\u0107 okaza\u0142a si\u0119 najmilsz\u0105 niespodziank\u0105.<\/p>\n\n\n\n<h2 class=\"wp-block-heading\"><strong>\u201eJest wojna, ju\u017c nie wiem, co wypada, a czego nie\u201d<\/strong><\/h2>\n\n\n\n<p>Wojna zawsze oznacza zmiany. Tadeusz, g\u0142owa rodziny Techerowicz\u00f3w, poszed\u0142 walczy\u0107 na froncie, zostawiaj\u0105c maj\u0105tek w Niebielowie pod opiek\u0105 \u017cony i trzech c\u00f3rek. Matka na przemian zajmuje si\u0119 za\u0142amywaniem r\u0105k lub modlitw\u0105. A trzy c\u00f3rki \u2013 Klara (rozumna), Amelia (praktyczna) i R\u00f3\u017ca (\u015bliczna) na sw\u00f3j spos\u00f3b pr\u00f3buj\u0105 si\u0119 odnale\u017a\u0107 w wojennej rzeczywisto\u015bci. Klara pomaga w maj\u0105tku, Amelia decyduje si\u0119 na prac\u0119 w szpitalu. Gdy po kilku miesi\u0105cach wraca z m\u0119\u017cem, niedowierzanie miesza si\u0119 z nieufno\u015bci\u0105. Kim jest jej m\u0105\u017c i jak jego obecno\u015b\u0107 wp\u0142ynie na \u017cycie kobiet w Niebielowie?<\/p>\n\n\n\n<h2 class=\"wp-block-heading\"><strong>\u201eNie jestem na twoim miejscu i \u017cycia za ciebie nie prze\u017cyj\u0119\u201d<\/strong><\/h2>\n\n\n\n<p>M\u0119ski pierwiastek wprowadza porz\u0105dek do podupadaj\u0105cego maj\u0105tku i daje poczucie bezpiecze\u0144stwa. Ale jednocze\u015bnie wiele zmienia w siostrzanych relacjach. Klara czuje si\u0119 odsuni\u0119ta od dotychczasowych obowi\u0105zk\u00f3w, Amelia nie wydaje si\u0119 promienie\u0107 szcz\u0119\u015bciem a R\u00f3\u017ca \u2013 dalej jest trzpiotowata. Ale pewnego dnia czara goryczy si\u0119 przelewa.<\/p>\n\n\n\n<p>\u201eRzeki p\u0142yn\u0105, jak chc\u0105\u201d to opowie\u015b\u0107 o kobietach, kt\u00f3re zaczynaj\u0105 walczy\u0107 z zaszufladkowaniem, z wizerunkiem narzuconym przez spo\u0142ecze\u0144stwo. Oburzaj\u0105 si\u0119, \u017ce ludzie \u015bmi\u0105 im m\u00f3wi\u0107, jak maj\u0105 \u017cy\u0107, jakie s\u0105 ich pragnienia i uczucia. A tymczasem sytuacja, w kt\u00f3rej si\u0119 znalaz\u0142y, otwiera im oczy. Nieszcz\u0119\u015bliwe mi\u0142o\u015bci i bolesne do\u015bwiadczenia przybli\u017caj\u0105 je do zmian, kt\u00f3re powoduj\u0105 niedowierzanie. Bo czy powo\u0142aniem ka\u017cdej kobiety jest ma\u0142\u017ce\u0144stwo? Czy kobieta, by m\u00f3c co\u015b osi\u0105gn\u0105\u0107, musi mie\u0107 m\u0119\u017cczyzn\u0119 u boku? Co zrobi\u0107 z mi\u0142o\u015bci\u0105, kt\u00f3ra zdarza si\u0119 raz na milion a kt\u00f3rej si\u0119 nie pragn\u0119\u0142o?<\/p>\n\n\n\n<blockquote class=\"wp-block-quote is-layout-flow wp-block-quote-is-layout-flow\"><p>\u201eWszyscy podejmujemy jakie\u015b decyzje, przybieramy pozy, nak\u0142adamy maski. Niekt\u00f3rzy nosz\u0105 je do ko\u0144ca \u017cycia. Ja swoj\u0105 zrzuci\u0142am\u201d<\/p><\/blockquote>\n\n\n\n<h2 class=\"wp-block-heading\"><strong>\u201e(\u2026) Wr\u00f3ci\u0107 do tej chwili, kiedy by\u0142o proste, ale si\u0119 skomplikowa\u0142o, i i\u015b\u0107 t\u0105 drog\u0105, ale ju\u017c prost\u0105\u201d<\/strong><\/h2>\n\n\n\n<p>Pami\u0119tajmy, \u017ce ci\u0105gle trwa wojna, nios\u0105ca za sob\u0105 wiele niebezpiecze\u0144stw \u2013 choroby, zaraz\u0119 i bezsilno\u015b\u0107 wobec tych, kt\u00f3rzy maj\u0105 w\u0142adz\u0119. Rodzinne nieporozumienia, tajemnice z przesz\u0142o\u015bci nie s\u0142u\u017c\u0105 budowaniu stabilno\u015bci.<\/p>\n\n\n\n<p>W powie\u015bci A\u0142beny Grabowskiej jest zarazem co\u015b koj\u0105cego. Owszem, czas buntu i zmian, krystalizacji w\u0142asnej osobowo\u015bci z regu\u0142y przebiega do\u015b\u0107 burzliwie, ale tak trzeba, by doceni\u0107 efekt ko\u0144cowy. Trzeba samemu wydepta\u0107 swoj\u0105 \u015bcie\u017ck\u0119 a nie \u015blepo zaufa\u0107 tej, stworzonej przez wcze\u015bniejsze pokolenia.<\/p>\n\n\n\n<blockquote class=\"wp-block-quote is-layout-flow wp-block-quote-is-layout-flow\"><p>\u201eRzeka bowiem nie by\u0142a rzek\u0105, jedynie korytem, wyschni\u0119tym pomnikiem niegdy\u015b rzeki, kt\u00f3ra postanowi\u0142a swoje le\u017ce opu\u015bci\u0107 i przenie\u015b\u0107 si\u0119 gdzie indziej, prawie dwadzie\u015bcia wiorst dalej. Jak ona to zrobi\u0142a, nikt nie wiedzia\u0142, nie zauwa\u017cy\u0142 albo te\u017c nie chcia\u0142 dostrzec. (\u2026) Wszyscy m\u00f3wili \u201eRzeczucha\u201d i Klara uwa\u017ca\u0142a, \u017ce to dobra nazwa dla rzeki, kt\u00f3ra za nic ma prawa przyrody, tylko p\u0142ynie sobie, jak chce\u201d.<\/p><\/blockquote>\n\n\n\n<p>_________________________<br>A\u0142bena Grabowska \u201eRzeki p\u0142yn\u0105, jak chc\u0105\u201d<br>Dom Wydawniczy Rebis<\/p>\n","protected":false},"excerpt":{"rendered":"<p>\u201eMo\u017ce przed wojn\u0105 by\u0142y r\u00f3\u017cnice mi\u0119dzy lud\u017ami, ale wojna wszystko zmieni\u0142a, a je\u015bli nie wojna, to rzeczywisto\u015b\u0107, kt\u00f3r\u0105 przynios\u0142a\u201d.<\/p>\n","protected":false},"author":1,"featured_media":3035,"comment_status":"open","ping_status":"open","sticky":false,"template":"","format":"standard","meta":{"om_disable_all_campaigns":false,"_exactmetrics_skip_tracking":false,"_exactmetrics_sitenote_active":false,"_exactmetrics_sitenote_note":"","_exactmetrics_sitenote_category":0,"_monsterinsights_skip_tracking":false,"_monsterinsights_sitenote_active":false,"_monsterinsights_sitenote_note":"","_monsterinsights_sitenote_category":0,"_uf_show_specific_survey":0,"_uf_disable_surveys":false,"footnotes":""},"categories":[7,8],"tags":[136,61],"yoast_head":"<!-- This site is optimized with the Yoast SEO plugin v22.9 - https:\/\/yoast.com\/wordpress\/plugins\/seo\/ -->\n<title>Recenzja: \u201eRzeki p\u0142yn\u0105, jak chc\u0105\u201d A\u0142bena Grabowska - Literackie przeszpiegi<\/title>\n<meta name=\"description\" content=\"&quot;Mo\u017ce przed wojn\u0105 by\u0142y r\u00f3\u017cnice mi\u0119dzy lud\u017ami, ale wojna wszystko zmieni\u0142a, a je\u015bli nie wojna, to rzeczywisto\u015b\u0107, kt\u00f3r\u0105 przynios\u0142a&quot;.\" \/>\n<meta name=\"robots\" content=\"index, follow, max-snippet:-1, max-image-preview:large, max-video-preview:-1\" \/>\n<link rel=\"canonical\" href=\"https:\/\/literackieprzeszpiegi.pl\/index.php\/2021\/06\/09\/rzeki-plyna-jak-chca-albena-grabowska\/\" \/>\n<meta property=\"og:locale\" content=\"pl_PL\" \/>\n<meta property=\"og:type\" content=\"article\" \/>\n<meta property=\"og:title\" content=\"&quot;Rzeki p\u0142yn\u0105 jak chc\u0105&quot; - A\u0142bena Grabowska | recenzja\" \/>\n<meta property=\"og:description\" content=\"&quot;Mo\u017ce przed wojn\u0105 by\u0142y r\u00f3\u017cnice mi\u0119dzy lud\u017ami, ale wojna wszystko zmieni\u0142a, a je\u015bli nie wojna, to rzeczywisto\u015b\u0107, kt\u00f3r\u0105 przynios\u0142a&quot;.\" \/>\n<meta property=\"og:url\" content=\"https:\/\/literackieprzeszpiegi.pl\/index.php\/2021\/06\/09\/rzeki-plyna-jak-chca-albena-grabowska\/\" \/>\n<meta property=\"og:site_name\" content=\"Literackie przeszpiegi\" \/>\n<meta property=\"article:published_time\" content=\"2021-06-09T16:49:47+00:00\" \/>\n<meta property=\"article:modified_time\" content=\"2021-06-09T21:58:34+00:00\" \/>\n<meta property=\"og:image\" content=\"https:\/\/literackieprzeszpiegi.pl\/wp-content\/uploads\/2021\/06\/Rzeki-plyna-jak-chca_Grabowska.jpg\" \/>\n\t<meta property=\"og:image:width\" content=\"700\" \/>\n\t<meta property=\"og:image:height\" content=\"680\" \/>\n\t<meta property=\"og:image:type\" content=\"image\/jpeg\" \/>\n<meta name=\"author\" content=\"Szpieg\" \/>\n<meta name=\"twitter:card\" content=\"summary_large_image\" \/>\n<meta name=\"twitter:label1\" content=\"Napisane przez\" \/>\n\t<meta name=\"twitter:data1\" content=\"Szpieg\" \/>\n\t<meta name=\"twitter:label2\" content=\"Szacowany czas czytania\" \/>\n\t<meta name=\"twitter:data2\" content=\"3 minuty\" \/>\n<script type=\"application\/ld+json\" class=\"yoast-schema-graph\">{\"@context\":\"https:\/\/schema.org\",\"@graph\":[{\"@type\":\"Article\",\"@id\":\"https:\/\/literackieprzeszpiegi.pl\/index.php\/2021\/06\/09\/rzeki-plyna-jak-chca-albena-grabowska\/#article\",\"isPartOf\":{\"@id\":\"https:\/\/literackieprzeszpiegi.pl\/index.php\/2021\/06\/09\/rzeki-plyna-jak-chca-albena-grabowska\/\"},\"author\":{\"name\":\"Szpieg\",\"@id\":\"https:\/\/literackieprzeszpiegi.pl\/#\/schema\/person\/fd5c4f317aed549d4833e6402ffea017\"},\"headline\":\"\u201eRzeki p\u0142yn\u0105, jak chc\u0105\u201d A\u0142bena Grabowska\",\"datePublished\":\"2021-06-09T16:49:47+00:00\",\"dateModified\":\"2021-06-09T21:58:34+00:00\",\"mainEntityOfPage\":{\"@id\":\"https:\/\/literackieprzeszpiegi.pl\/index.php\/2021\/06\/09\/rzeki-plyna-jak-chca-albena-grabowska\/\"},\"wordCount\":578,\"commentCount\":3,\"publisher\":{\"@id\":\"https:\/\/literackieprzeszpiegi.pl\/#organization\"},\"image\":{\"@id\":\"https:\/\/literackieprzeszpiegi.pl\/index.php\/2021\/06\/09\/rzeki-plyna-jak-chca-albena-grabowska\/#primaryimage\"},\"thumbnailUrl\":\"https:\/\/literackieprzeszpiegi.pl\/wp-content\/uploads\/2021\/06\/Rzeki-plyna-jak-chca_Grabowska.jpg\",\"keywords\":[\"A\u0142bena Grabowska\",\"Wydawnictwo Rebis\"],\"articleSection\":[\"Hit\",\"recenzje\"],\"inLanguage\":\"pl-PL\",\"potentialAction\":[{\"@type\":\"CommentAction\",\"name\":\"Comment\",\"target\":[\"https:\/\/literackieprzeszpiegi.pl\/index.php\/2021\/06\/09\/rzeki-plyna-jak-chca-albena-grabowska\/#respond\"]}]},{\"@type\":\"WebPage\",\"@id\":\"https:\/\/literackieprzeszpiegi.pl\/index.php\/2021\/06\/09\/rzeki-plyna-jak-chca-albena-grabowska\/\",\"url\":\"https:\/\/literackieprzeszpiegi.pl\/index.php\/2021\/06\/09\/rzeki-plyna-jak-chca-albena-grabowska\/\",\"name\":\"Recenzja: \u201eRzeki p\u0142yn\u0105, jak chc\u0105\u201d A\u0142bena Grabowska - Literackie przeszpiegi\",\"isPartOf\":{\"@id\":\"https:\/\/literackieprzeszpiegi.pl\/#website\"},\"primaryImageOfPage\":{\"@id\":\"https:\/\/literackieprzeszpiegi.pl\/index.php\/2021\/06\/09\/rzeki-plyna-jak-chca-albena-grabowska\/#primaryimage\"},\"image\":{\"@id\":\"https:\/\/literackieprzeszpiegi.pl\/index.php\/2021\/06\/09\/rzeki-plyna-jak-chca-albena-grabowska\/#primaryimage\"},\"thumbnailUrl\":\"https:\/\/literackieprzeszpiegi.pl\/wp-content\/uploads\/2021\/06\/Rzeki-plyna-jak-chca_Grabowska.jpg\",\"datePublished\":\"2021-06-09T16:49:47+00:00\",\"dateModified\":\"2021-06-09T21:58:34+00:00\",\"description\":\"\\\"Mo\u017ce przed wojn\u0105 by\u0142y r\u00f3\u017cnice mi\u0119dzy lud\u017ami, ale wojna wszystko zmieni\u0142a, a je\u015bli nie wojna, to rzeczywisto\u015b\u0107, kt\u00f3r\u0105 przynios\u0142a\\\".\",\"breadcrumb\":{\"@id\":\"https:\/\/literackieprzeszpiegi.pl\/index.php\/2021\/06\/09\/rzeki-plyna-jak-chca-albena-grabowska\/#breadcrumb\"},\"inLanguage\":\"pl-PL\",\"potentialAction\":[{\"@type\":\"ReadAction\",\"target\":[\"https:\/\/literackieprzeszpiegi.pl\/index.php\/2021\/06\/09\/rzeki-plyna-jak-chca-albena-grabowska\/\"]}]},{\"@type\":\"ImageObject\",\"inLanguage\":\"pl-PL\",\"@id\":\"https:\/\/literackieprzeszpiegi.pl\/index.php\/2021\/06\/09\/rzeki-plyna-jak-chca-albena-grabowska\/#primaryimage\",\"url\":\"https:\/\/literackieprzeszpiegi.pl\/wp-content\/uploads\/2021\/06\/Rzeki-plyna-jak-chca_Grabowska.jpg\",\"contentUrl\":\"https:\/\/literackieprzeszpiegi.pl\/wp-content\/uploads\/2021\/06\/Rzeki-plyna-jak-chca_Grabowska.jpg\",\"width\":700,\"height\":680},{\"@type\":\"BreadcrumbList\",\"@id\":\"https:\/\/literackieprzeszpiegi.pl\/index.php\/2021\/06\/09\/rzeki-plyna-jak-chca-albena-grabowska\/#breadcrumb\",\"itemListElement\":[{\"@type\":\"ListItem\",\"position\":1,\"name\":\"Home\",\"item\":\"https:\/\/literackieprzeszpiegi.pl\/\"},{\"@type\":\"ListItem\",\"position\":2,\"name\":\"\u201eRzeki p\u0142yn\u0105, jak chc\u0105\u201d A\u0142bena Grabowska\"}]},{\"@type\":\"WebSite\",\"@id\":\"https:\/\/literackieprzeszpiegi.pl\/#website\",\"url\":\"https:\/\/literackieprzeszpiegi.pl\/\",\"name\":\"Literackie przeszpiegi\",\"description\":\"blog o ksi\u0105\u017ckach\",\"publisher\":{\"@id\":\"https:\/\/literackieprzeszpiegi.pl\/#organization\"},\"potentialAction\":[{\"@type\":\"SearchAction\",\"target\":{\"@type\":\"EntryPoint\",\"urlTemplate\":\"https:\/\/literackieprzeszpiegi.pl\/?s={search_term_string}\"},\"query-input\":\"required name=search_term_string\"}],\"inLanguage\":\"pl-PL\"},{\"@type\":\"Organization\",\"@id\":\"https:\/\/literackieprzeszpiegi.pl\/#organization\",\"name\":\"Literackie przeszpiegi\",\"url\":\"https:\/\/literackieprzeszpiegi.pl\/\",\"logo\":{\"@type\":\"ImageObject\",\"inLanguage\":\"pl-PL\",\"@id\":\"https:\/\/literackieprzeszpiegi.pl\/#\/schema\/logo\/image\/\",\"url\":\"https:\/\/literackieprzeszpiegi.pl\/wp-content\/uploads\/2021\/01\/cropped-cropped-Literackie-przeszpiegi-1.png\",\"contentUrl\":\"https:\/\/literackieprzeszpiegi.pl\/wp-content\/uploads\/2021\/01\/cropped-cropped-Literackie-przeszpiegi-1.png\",\"width\":499,\"height\":142,\"caption\":\"Literackie przeszpiegi\"},\"image\":{\"@id\":\"https:\/\/literackieprzeszpiegi.pl\/#\/schema\/logo\/image\/\"}},{\"@type\":\"Person\",\"@id\":\"https:\/\/literackieprzeszpiegi.pl\/#\/schema\/person\/fd5c4f317aed549d4833e6402ffea017\",\"name\":\"Szpieg\",\"image\":{\"@type\":\"ImageObject\",\"inLanguage\":\"pl-PL\",\"@id\":\"https:\/\/literackieprzeszpiegi.pl\/#\/schema\/person\/image\/\",\"url\":\"https:\/\/secure.gravatar.com\/avatar\/45a17869257e08975d929f204ef78290?s=96&d=mm&r=g\",\"contentUrl\":\"https:\/\/secure.gravatar.com\/avatar\/45a17869257e08975d929f204ef78290?s=96&d=mm&r=g\",\"caption\":\"Szpieg\"},\"url\":\"https:\/\/literackieprzeszpiegi.pl\/index.php\/author\/admin\/\"}]}<\/script>\n<!-- \/ Yoast SEO plugin. -->","yoast_head_json":{"title":"Recenzja: \u201eRzeki p\u0142yn\u0105, jak chc\u0105\u201d A\u0142bena Grabowska - Literackie przeszpiegi","description":"\"Mo\u017ce przed wojn\u0105 by\u0142y r\u00f3\u017cnice mi\u0119dzy lud\u017ami, ale wojna wszystko zmieni\u0142a, a je\u015bli nie wojna, to rzeczywisto\u015b\u0107, kt\u00f3r\u0105 przynios\u0142a\".","robots":{"index":"index","follow":"follow","max-snippet":"max-snippet:-1","max-image-preview":"max-image-preview:large","max-video-preview":"max-video-preview:-1"},"canonical":"https:\/\/literackieprzeszpiegi.pl\/index.php\/2021\/06\/09\/rzeki-plyna-jak-chca-albena-grabowska\/","og_locale":"pl_PL","og_type":"article","og_title":"\"Rzeki p\u0142yn\u0105 jak chc\u0105\" - A\u0142bena Grabowska | recenzja","og_description":"\"Mo\u017ce przed wojn\u0105 by\u0142y r\u00f3\u017cnice mi\u0119dzy lud\u017ami, ale wojna wszystko zmieni\u0142a, a je\u015bli nie wojna, to rzeczywisto\u015b\u0107, kt\u00f3r\u0105 przynios\u0142a\".","og_url":"https:\/\/literackieprzeszpiegi.pl\/index.php\/2021\/06\/09\/rzeki-plyna-jak-chca-albena-grabowska\/","og_site_name":"Literackie przeszpiegi","article_published_time":"2021-06-09T16:49:47+00:00","article_modified_time":"2021-06-09T21:58:34+00:00","og_image":[{"width":700,"height":680,"url":"https:\/\/literackieprzeszpiegi.pl\/wp-content\/uploads\/2021\/06\/Rzeki-plyna-jak-chca_Grabowska.jpg","type":"image\/jpeg"}],"author":"Szpieg","twitter_card":"summary_large_image","twitter_misc":{"Napisane przez":"Szpieg","Szacowany czas czytania":"3 minuty"},"schema":{"@context":"https:\/\/schema.org","@graph":[{"@type":"Article","@id":"https:\/\/literackieprzeszpiegi.pl\/index.php\/2021\/06\/09\/rzeki-plyna-jak-chca-albena-grabowska\/#article","isPartOf":{"@id":"https:\/\/literackieprzeszpiegi.pl\/index.php\/2021\/06\/09\/rzeki-plyna-jak-chca-albena-grabowska\/"},"author":{"name":"Szpieg","@id":"https:\/\/literackieprzeszpiegi.pl\/#\/schema\/person\/fd5c4f317aed549d4833e6402ffea017"},"headline":"\u201eRzeki p\u0142yn\u0105, jak chc\u0105\u201d A\u0142bena Grabowska","datePublished":"2021-06-09T16:49:47+00:00","dateModified":"2021-06-09T21:58:34+00:00","mainEntityOfPage":{"@id":"https:\/\/literackieprzeszpiegi.pl\/index.php\/2021\/06\/09\/rzeki-plyna-jak-chca-albena-grabowska\/"},"wordCount":578,"commentCount":3,"publisher":{"@id":"https:\/\/literackieprzeszpiegi.pl\/#organization"},"image":{"@id":"https:\/\/literackieprzeszpiegi.pl\/index.php\/2021\/06\/09\/rzeki-plyna-jak-chca-albena-grabowska\/#primaryimage"},"thumbnailUrl":"https:\/\/literackieprzeszpiegi.pl\/wp-content\/uploads\/2021\/06\/Rzeki-plyna-jak-chca_Grabowska.jpg","keywords":["A\u0142bena Grabowska","Wydawnictwo Rebis"],"articleSection":["Hit","recenzje"],"inLanguage":"pl-PL","potentialAction":[{"@type":"CommentAction","name":"Comment","target":["https:\/\/literackieprzeszpiegi.pl\/index.php\/2021\/06\/09\/rzeki-plyna-jak-chca-albena-grabowska\/#respond"]}]},{"@type":"WebPage","@id":"https:\/\/literackieprzeszpiegi.pl\/index.php\/2021\/06\/09\/rzeki-plyna-jak-chca-albena-grabowska\/","url":"https:\/\/literackieprzeszpiegi.pl\/index.php\/2021\/06\/09\/rzeki-plyna-jak-chca-albena-grabowska\/","name":"Recenzja: \u201eRzeki p\u0142yn\u0105, jak chc\u0105\u201d A\u0142bena Grabowska - Literackie przeszpiegi","isPartOf":{"@id":"https:\/\/literackieprzeszpiegi.pl\/#website"},"primaryImageOfPage":{"@id":"https:\/\/literackieprzeszpiegi.pl\/index.php\/2021\/06\/09\/rzeki-plyna-jak-chca-albena-grabowska\/#primaryimage"},"image":{"@id":"https:\/\/literackieprzeszpiegi.pl\/index.php\/2021\/06\/09\/rzeki-plyna-jak-chca-albena-grabowska\/#primaryimage"},"thumbnailUrl":"https:\/\/literackieprzeszpiegi.pl\/wp-content\/uploads\/2021\/06\/Rzeki-plyna-jak-chca_Grabowska.jpg","datePublished":"2021-06-09T16:49:47+00:00","dateModified":"2021-06-09T21:58:34+00:00","description":"\"Mo\u017ce przed wojn\u0105 by\u0142y r\u00f3\u017cnice mi\u0119dzy lud\u017ami, ale wojna wszystko zmieni\u0142a, a je\u015bli nie wojna, to rzeczywisto\u015b\u0107, kt\u00f3r\u0105 przynios\u0142a\".","breadcrumb":{"@id":"https:\/\/literackieprzeszpiegi.pl\/index.php\/2021\/06\/09\/rzeki-plyna-jak-chca-albena-grabowska\/#breadcrumb"},"inLanguage":"pl-PL","potentialAction":[{"@type":"ReadAction","target":["https:\/\/literackieprzeszpiegi.pl\/index.php\/2021\/06\/09\/rzeki-plyna-jak-chca-albena-grabowska\/"]}]},{"@type":"ImageObject","inLanguage":"pl-PL","@id":"https:\/\/literackieprzeszpiegi.pl\/index.php\/2021\/06\/09\/rzeki-plyna-jak-chca-albena-grabowska\/#primaryimage","url":"https:\/\/literackieprzeszpiegi.pl\/wp-content\/uploads\/2021\/06\/Rzeki-plyna-jak-chca_Grabowska.jpg","contentUrl":"https:\/\/literackieprzeszpiegi.pl\/wp-content\/uploads\/2021\/06\/Rzeki-plyna-jak-chca_Grabowska.jpg","width":700,"height":680},{"@type":"BreadcrumbList","@id":"https:\/\/literackieprzeszpiegi.pl\/index.php\/2021\/06\/09\/rzeki-plyna-jak-chca-albena-grabowska\/#breadcrumb","itemListElement":[{"@type":"ListItem","position":1,"name":"Home","item":"https:\/\/literackieprzeszpiegi.pl\/"},{"@type":"ListItem","position":2,"name":"\u201eRzeki p\u0142yn\u0105, jak chc\u0105\u201d A\u0142bena Grabowska"}]},{"@type":"WebSite","@id":"https:\/\/literackieprzeszpiegi.pl\/#website","url":"https:\/\/literackieprzeszpiegi.pl\/","name":"Literackie przeszpiegi","description":"blog o ksi\u0105\u017ckach","publisher":{"@id":"https:\/\/literackieprzeszpiegi.pl\/#organization"},"potentialAction":[{"@type":"SearchAction","target":{"@type":"EntryPoint","urlTemplate":"https:\/\/literackieprzeszpiegi.pl\/?s={search_term_string}"},"query-input":"required name=search_term_string"}],"inLanguage":"pl-PL"},{"@type":"Organization","@id":"https:\/\/literackieprzeszpiegi.pl\/#organization","name":"Literackie przeszpiegi","url":"https:\/\/literackieprzeszpiegi.pl\/","logo":{"@type":"ImageObject","inLanguage":"pl-PL","@id":"https:\/\/literackieprzeszpiegi.pl\/#\/schema\/logo\/image\/","url":"https:\/\/literackieprzeszpiegi.pl\/wp-content\/uploads\/2021\/01\/cropped-cropped-Literackie-przeszpiegi-1.png","contentUrl":"https:\/\/literackieprzeszpiegi.pl\/wp-content\/uploads\/2021\/01\/cropped-cropped-Literackie-przeszpiegi-1.png","width":499,"height":142,"caption":"Literackie przeszpiegi"},"image":{"@id":"https:\/\/literackieprzeszpiegi.pl\/#\/schema\/logo\/image\/"}},{"@type":"Person","@id":"https:\/\/literackieprzeszpiegi.pl\/#\/schema\/person\/fd5c4f317aed549d4833e6402ffea017","name":"Szpieg","image":{"@type":"ImageObject","inLanguage":"pl-PL","@id":"https:\/\/literackieprzeszpiegi.pl\/#\/schema\/person\/image\/","url":"https:\/\/secure.gravatar.com\/avatar\/45a17869257e08975d929f204ef78290?s=96&d=mm&r=g","contentUrl":"https:\/\/secure.gravatar.com\/avatar\/45a17869257e08975d929f204ef78290?s=96&d=mm&r=g","caption":"Szpieg"},"url":"https:\/\/literackieprzeszpiegi.pl\/index.php\/author\/admin\/"}]}},"_links":{"self":[{"href":"https:\/\/literackieprzeszpiegi.pl\/index.php\/wp-json\/wp\/v2\/posts\/3034"}],"collection":[{"href":"https:\/\/literackieprzeszpiegi.pl\/index.php\/wp-json\/wp\/v2\/posts"}],"about":[{"href":"https:\/\/literackieprzeszpiegi.pl\/index.php\/wp-json\/wp\/v2\/types\/post"}],"author":[{"embeddable":true,"href":"https:\/\/literackieprzeszpiegi.pl\/index.php\/wp-json\/wp\/v2\/users\/1"}],"replies":[{"embeddable":true,"href":"https:\/\/literackieprzeszpiegi.pl\/index.php\/wp-json\/wp\/v2\/comments?post=3034"}],"version-history":[{"count":3,"href":"https:\/\/literackieprzeszpiegi.pl\/index.php\/wp-json\/wp\/v2\/posts\/3034\/revisions"}],"predecessor-version":[{"id":3038,"href":"https:\/\/literackieprzeszpiegi.pl\/index.php\/wp-json\/wp\/v2\/posts\/3034\/revisions\/3038"}],"wp:featuredmedia":[{"embeddable":true,"href":"https:\/\/literackieprzeszpiegi.pl\/index.php\/wp-json\/wp\/v2\/media\/3035"}],"wp:attachment":[{"href":"https:\/\/literackieprzeszpiegi.pl\/index.php\/wp-json\/wp\/v2\/media?parent=3034"}],"wp:term":[{"taxonomy":"category","embeddable":true,"href":"https:\/\/literackieprzeszpiegi.pl\/index.php\/wp-json\/wp\/v2\/categories?post=3034"},{"taxonomy":"post_tag","embeddable":true,"href":"https:\/\/literackieprzeszpiegi.pl\/index.php\/wp-json\/wp\/v2\/tags?post=3034"}],"curies":[{"name":"wp","href":"https:\/\/api.w.org\/{rel}","templated":true}]}}