{"id":3046,"date":"2021-07-04T10:54:00","date_gmt":"2021-07-04T08:54:00","guid":{"rendered":"http:\/\/literackieprzeszpiegi.pl\/?p=3046"},"modified":"2021-07-04T10:54:01","modified_gmt":"2021-07-04T08:54:01","slug":"zwiady-lipcowe-2021-cz-i","status":"publish","type":"post","link":"https:\/\/literackieprzeszpiegi.pl\/index.php\/2021\/07\/04\/zwiady-lipcowe-2021-cz-i\/","title":{"rendered":"Zwiady lipcowe #2021, cz.I"},"content":{"rendered":"\n<h2 class=\"wp-block-heading\">Lipiec krymina\u0142em mocno stoi. I zrobi\u0142o si\u0119 mi\u0119dzynarodowo! Rezerwujcie sporo czasu na ksi\u0105\u017cki z dreszczykiem.<\/h2>\n\n\n\n<!--more-->\n\n\n\n<h2 class=\"has-text-align-center wp-block-heading\">Laura McHugh &#8220;Rezydencja&#8221;<br>Wydawnictwo Pr\u00f3szy\u0144ski i S-ka<\/h2>\n\n\n\n<div class=\"wp-block-image\"><figure class=\"aligncenter size-large\"><img loading=\"lazy\" decoding=\"async\" width=\"352\" height=\"500\" src=\"https:\/\/literackieprzeszpiegi.pl\/wp-content\/uploads\/2021\/07\/rezydencja.jpg\" alt=\"\" class=\"wp-image-3048\" srcset=\"https:\/\/literackieprzeszpiegi.pl\/wp-content\/uploads\/2021\/07\/rezydencja.jpg 352w, https:\/\/literackieprzeszpiegi.pl\/wp-content\/uploads\/2021\/07\/rezydencja-211x300.jpg 211w\" sizes=\"(max-width: 352px) 100vw, 352px\" \/><\/figure><\/div>\n\n\n\n<p>Arrowood jest najwspanialsz\u0105 spo\u015br\u00f3d wszystkich rezydencji stoj\u0105cych nad brzegiem Missisipi w po\u0142udniowej cz\u0119\u015bci stanu Iowa. Kryje jednak tajemnic\u0119, kt\u00f3rej nigdy nie rozwik\u0142ano: gdzie dwadzie\u015bcia lat temu znikn\u0119\u0142y bez \u015bladu m\u0142odsze siostry Arden, gdy ta nimi si\u0119 opiekowa\u0142a? Po zagini\u0119ciu bli\u017aniaczek rodzice Arden si\u0119 rozwodz\u0105 i Arrowoodowie opuszczaj\u0105 wielki dom, kt\u00f3ry od pokole\u0144 by\u0142 siedzib\u0105 rodu. \u017bycie Arden tak\u017ce si\u0119 rozpada: nie potrafi sko\u0144czy\u0107 pracy magisterskiej i wpl\u0105tuje si\u0119 w niefortunny romans, kt\u00f3ry fatalnie si\u0119 ko\u0144czy. Chwyta si\u0119 nadziei, \u017ce jej siostry nadal \u017cyj\u0105, nie potrafi ruszy\u0107 z miejsca, dop\u00f3ki ich nie odnajdzie. Gdy po \u015bmierci ojca Arden otrzymuje w spadku Arrowood, wraca do domu dzieci\u0144stwa, zdeterminowana, by odkry\u0107, co naprawd\u0119 przydarzy\u0142o si\u0119 jej siostrom tamtego tragicznego lata.<br>Powr\u00f3t Arden do Keokuka &#8211; oraz obecnie okrytego nies\u0142aw\u0105 domu nosz\u0105cego jej nazwisko &#8211; mieszka\u0144cy witaj\u0105 z ciekawo\u015bci\u0105. Serdecznie przyjmuje j\u0105 dawny s\u0105siad i jej pierwsza mi\u0142o\u015b\u0107, Ben Ferris, kt\u00f3rego rodzina &#8211; z czego Arden powoli zdaje sobie spraw\u0119 &#8211; wie wi\u0119cej o Arrowoodach, ni\u017c kiedykolwiek mog\u0142aby przypuszcza\u0107. Przy pomocy m\u0142odego detektywa amatora Arden odszukuje cz\u0142owieka b\u0119d\u0105cego g\u0142\u00f3wnym podejrzanym o porwanie. Ale dom i miasteczko dobrze zachowuj\u0105 swoje tajemnice &#8211; a prawda, gdy Arden j\u0105 odkrywa, okazuje si\u0119 bardziej druzgocz\u0105ca, ni\u017c mog\u0142a sobie wyobrazi\u0107.<br>____________<\/p>\n\n\n\n<h2 class=\"has-text-align-center wp-block-heading\">Agustin Martinez &#8220;Monteperido&#8221;<br>Wydawnictwo Literackie <\/h2>\n\n\n\n<div class=\"wp-block-image\"><figure class=\"aligncenter size-large\"><img loading=\"lazy\" decoding=\"async\" width=\"352\" height=\"500\" src=\"https:\/\/literackieprzeszpiegi.pl\/wp-content\/uploads\/2021\/07\/Monteperido.jpg\" alt=\"\" class=\"wp-image-3049\" srcset=\"https:\/\/literackieprzeszpiegi.pl\/wp-content\/uploads\/2021\/07\/Monteperido.jpg 352w, https:\/\/literackieprzeszpiegi.pl\/wp-content\/uploads\/2021\/07\/Monteperido-211x300.jpg 211w\" sizes=\"(max-width: 352px) 100vw, 352px\" \/><\/figure><\/div>\n\n\n\n<p>Ana i Luc\u00eda, s\u0105siadki i przyjaci\u00f3\u0142ki z ma\u0142ej wioski w Pirenejach, wychodz\u0105 ze szko\u0142y i kieruj\u0105 si\u0119 do swoich dom\u00f3w. Nigdy jednak nie docieraj\u0105 do celu. Ca\u0142e miasteczko pogr\u0105\u017ca si\u0119 w \u017ca\u0142obie. Pi\u0119\u0107 lat p\u00f3\u017aniej w\u015br\u00f3d szcz\u0105tk\u00f3w rozbitego samochodu w pobliskim w\u0105wozie s\u0142u\u017cby znajduj\u0105 cia\u0142o m\u0119\u017cczyzny i nastolatk\u0119, ci\u0119\u017cko rann\u0105 i zdezorientowan\u0105. Okazuje si\u0119, \u017ce to Ana.<br>S\u0142u\u017cby wznawiaj\u0105 \u015bledztwo. Kim jest kierowca? Kto porwa\u0142 dziewcz\u0119ta? Czy Luc\u00eda nadal \u017cyje? Odpowiedzi na te pytania kryj\u0105 straszne informacje, z kt\u00f3rymi wielu mieszka\u0144c\u00f3w Monteperdido boryka si\u0119 od dawna.<br>Inspektor Sara Campos i jej szef Santiago Bain zmuszeni s\u0105 do wsp\u00f3\u0142pracy z lokaln\u0105 policj\u0105. Pi\u0119\u0107 lat temu pope\u0142niono fatalne b\u0142\u0119dy w \u015bledztwie i jedno jest pewne \u2013 to nie mo\u017ce si\u0119 powt\u00f3rzy\u0107. Ale Monteperdido ma swoje w\u0142asne zasady\u2026<br>____________<\/p>\n\n\n\n<h2 class=\"has-text-align-center wp-block-heading\">Katarzyna Bonda &#8220;Klatka dla niewinnych&#8221;<br>Wydawnictwo Muza<\/h2>\n\n\n\n<div class=\"wp-block-image\"><figure class=\"aligncenter size-large\"><img loading=\"lazy\" decoding=\"async\" width=\"352\" height=\"500\" src=\"https:\/\/literackieprzeszpiegi.pl\/wp-content\/uploads\/2021\/07\/klatka-niewinnych.jpg\" alt=\"\" class=\"wp-image-3051\" srcset=\"https:\/\/literackieprzeszpiegi.pl\/wp-content\/uploads\/2021\/07\/klatka-niewinnych.jpg 352w, https:\/\/literackieprzeszpiegi.pl\/wp-content\/uploads\/2021\/07\/klatka-niewinnych-211x300.jpg 211w\" sizes=\"(max-width: 352px) 100vw, 352px\" \/><\/figure><\/div>\n\n\n\n<p>Hubert Meyer na pro\u015bb\u0119 prokurator Weroniki Rudy przyje\u017cd\u017ca do Warszawy. Ma pom\u00f3c jej w trudnej i bardzo pilnej sprawie Piotra Englota, nad kt\u00f3r\u0105 Rudy w\u0142a\u015bnie pracuje. Englot, odsiaduj\u0105cy wyrok za brutalne zab\u00f3jstwo \u017cony, ma wkr\u00f3tce wyj\u015b\u0107 na wolno\u015b\u0107. Tymczasem, kiedy skazany przebywa\u0142 na przepustce, z si\u00f3dmego pi\u0119tra wypad\u0142a i zgin\u0119\u0142a na miejscu jego te\u015bciowa. Film, kt\u00f3ry nagrali w\u015bcibscy s\u0105siedzi, nie wyja\u015bnia jednoznacznie przebiegu wydarze\u0144. Rudy uwa\u017ca, \u017ce to zab\u00f3jstwo na pod\u0142o\u017cu finansowym. Je\u015bli nie uda si\u0119 postawi\u0107 Englotowi zarzut\u00f3w, bez przeszk\u00f3d opu\u015bci on wi\u0119zienie.<br>Sprawa, w kt\u00f3r\u0105 zaanga\u017cuje si\u0119 Hubert, okazuje si\u0119 mie\u0107 sw\u00f3j pocz\u0105tek siedemna\u015bcie lat wcze\u015bniej i jest zwi\u0105zana z zaginionymi wtedy kobietami, \u015brodowiskiem BDSM i postaci\u0105 tajemniczej Hery, znanej przed laty dominy.<br>Hubert dzia\u0142a po swojemu \u2013 szybko, niekonwencjonalnie, profesjonalnie. Jednak tym razem sam o ma\u0142o nie straci \u017cycia, a do tego stanie si\u0119 jednym z g\u0142\u00f3wnych podejrzanych.<br>____________<\/p>\n\n\n\n<h2 class=\"has-text-align-center wp-block-heading\">C.J.Tudor &#8220;P\u0142on\u0105ce dziewczyny&#8221;<br>Wydawnictwo Czarna Owca<\/h2>\n\n\n\n<div class=\"wp-block-image\"><figure class=\"aligncenter size-large\"><img loading=\"lazy\" decoding=\"async\" width=\"352\" height=\"500\" src=\"https:\/\/literackieprzeszpiegi.pl\/wp-content\/uploads\/2021\/07\/plonace-dziewczyny.jpg\" alt=\"\" class=\"wp-image-3052\" srcset=\"https:\/\/literackieprzeszpiegi.pl\/wp-content\/uploads\/2021\/07\/plonace-dziewczyny.jpg 352w, https:\/\/literackieprzeszpiegi.pl\/wp-content\/uploads\/2021\/07\/plonace-dziewczyny-211x300.jpg 211w\" sizes=\"(max-width: 352px) 100vw, 352px\" \/><\/figure><\/div>\n\n\n\n<p>Witajcie w miejscowo\u015bci Chapel Croft. W tej uroczej angielskiej wiosce w XVI wieku na stosie spalono grup\u0119 wie\u015bniak\u00f3w, w tym dwie nastolatki. Trzydzie\u015bci lat temu zagin\u0119\u0142y tam dwie dziewczyny, a przed dwoma miesi\u0105cami samob\u00f3jstwo pope\u0142ni\u0142 proboszcz miejscowej parafii.<br>Jack Brooks \u2013 pastorka Ko\u015bcio\u0142a anglika\u0144skiego, oraz samotna matka pi\u0119tnastoletniej c\u00f3rki \u2013 przybywa do wioski, aby obj\u0105\u0107 parafi\u0119 po zmar\u0142ym poprzedniku. W\u015br\u00f3d jego rzeczy znajduje m.in. zestaw do egzorcyzm\u00f3w i notk\u0119 z cytatem z Pisma \u015awi\u0119tego. \u201eNie ma bowiem nic ukrytego, co by nie wysz\u0142o na jaw, ani nic tajnego, co by si\u0119 nie sta\u0142o wiadome\u201d.<br>Im lepiej Jack i jej c\u00f3rka Flo poznaj\u0105 wie\u015b i jej mieszka\u0144c\u00f3w, tym g\u0142\u0119biej zostaj\u0105 wci\u0105gni\u0119te w podzia\u0142y, tajemnice i podejrzenia. A kiedy Flo nawiedzaj\u0105 wizje w starej kaplicy, staje si\u0119 jasne, \u017ce w Chapel Croft s\u0105 duchy, kt\u00f3re nie mog\u0105 znale\u017a\u0107 spokoju.<br>Jednak odkrycie prawdy mo\u017ce by\u0107 niezwykle trudne. W Chapel Croft ka\u017cdy ma co\u015b do ukrycia i nikt nie ufa obcym.<\/p>\n","protected":false},"excerpt":{"rendered":"<p>Lipiec krymina\u0142em mocno stoi. I zrobi\u0142o si\u0119 mi\u0119dzynarodowo! Rezerwujcie sporo czasu na ksi\u0105\u017cki z dreszczykiem.<\/p>\n","protected":false},"author":1,"featured_media":3047,"comment_status":"open","ping_status":"open","sticky":false,"template":"","format":"standard","meta":{"om_disable_all_campaigns":false,"_exactmetrics_skip_tracking":false,"_exactmetrics_sitenote_active":false,"_exactmetrics_sitenote_note":"","_exactmetrics_sitenote_category":0,"_monsterinsights_skip_tracking":false,"_monsterinsights_sitenote_active":false,"_monsterinsights_sitenote_note":"","_monsterinsights_sitenote_category":0,"_uf_show_specific_survey":0,"_uf_disable_surveys":false,"footnotes":""},"categories":[4],"tags":[24,47,87,18],"yoast_head":"<!-- This site is optimized with the Yoast SEO plugin v22.9 - https:\/\/yoast.com\/wordpress\/plugins\/seo\/ -->\n<title>Kryminalne premiery lipca 2021| Literackie przeszpiegi<\/title>\n<meta name=\"description\" content=\"Lipiec stoi dobrym krymina\u0142em. Bonda, C.J.Tudor, McHugh i mroczny krymina\u0142 spod Pirenej\u00f3w Agustina Martineza. Rezerwujcie sporo czasu!\" \/>\n<meta name=\"robots\" content=\"index, follow, max-snippet:-1, max-image-preview:large, max-video-preview:-1\" \/>\n<link rel=\"canonical\" href=\"https:\/\/literackieprzeszpiegi.pl\/index.php\/2021\/07\/04\/zwiady-lipcowe-2021-cz-i\/\" \/>\n<meta property=\"og:locale\" content=\"pl_PL\" \/>\n<meta property=\"og:type\" content=\"article\" \/>\n<meta property=\"og:title\" content=\"Kryminalne zwiady lipcowe #2021\" \/>\n<meta property=\"og:description\" content=\"Lipiec krymina\u0142em mocno stoi. I zrobi\u0142o si\u0119 mi\u0119dzynarodowo!\" \/>\n<meta property=\"og:url\" content=\"https:\/\/literackieprzeszpiegi.pl\/index.php\/2021\/07\/04\/zwiady-lipcowe-2021-cz-i\/\" \/>\n<meta property=\"og:site_name\" content=\"Literackie przeszpiegi\" \/>\n<meta property=\"article:published_time\" content=\"2021-07-04T08:54:00+00:00\" \/>\n<meta property=\"article:modified_time\" content=\"2021-07-04T08:54:01+00:00\" \/>\n<meta property=\"og:image\" content=\"https:\/\/literackieprzeszpiegi.pl\/wp-content\/uploads\/2021\/07\/zwiady-lipiec-1.png\" \/>\n\t<meta property=\"og:image:width\" content=\"1200\" \/>\n\t<meta property=\"og:image:height\" content=\"630\" \/>\n\t<meta property=\"og:image:type\" content=\"image\/png\" \/>\n<meta name=\"author\" content=\"Szpieg\" \/>\n<meta name=\"twitter:card\" content=\"summary_large_image\" \/>\n<meta name=\"twitter:label1\" content=\"Napisane przez\" \/>\n\t<meta name=\"twitter:data1\" content=\"Szpieg\" \/>\n\t<meta name=\"twitter:label2\" content=\"Szacowany czas czytania\" \/>\n\t<meta name=\"twitter:data2\" content=\"4 minuty\" \/>\n<script type=\"application\/ld+json\" class=\"yoast-schema-graph\">{\"@context\":\"https:\/\/schema.org\",\"@graph\":[{\"@type\":\"Article\",\"@id\":\"https:\/\/literackieprzeszpiegi.pl\/index.php\/2021\/07\/04\/zwiady-lipcowe-2021-cz-i\/#article\",\"isPartOf\":{\"@id\":\"https:\/\/literackieprzeszpiegi.pl\/index.php\/2021\/07\/04\/zwiady-lipcowe-2021-cz-i\/\"},\"author\":{\"name\":\"Szpieg\",\"@id\":\"https:\/\/literackieprzeszpiegi.pl\/#\/schema\/person\/fd5c4f317aed549d4833e6402ffea017\"},\"headline\":\"Zwiady lipcowe #2021, cz.I\",\"datePublished\":\"2021-07-04T08:54:00+00:00\",\"dateModified\":\"2021-07-04T08:54:01+00:00\",\"mainEntityOfPage\":{\"@id\":\"https:\/\/literackieprzeszpiegi.pl\/index.php\/2021\/07\/04\/zwiady-lipcowe-2021-cz-i\/\"},\"wordCount\":815,\"commentCount\":1,\"publisher\":{\"@id\":\"https:\/\/literackieprzeszpiegi.pl\/#organization\"},\"image\":{\"@id\":\"https:\/\/literackieprzeszpiegi.pl\/index.php\/2021\/07\/04\/zwiady-lipcowe-2021-cz-i\/#primaryimage\"},\"thumbnailUrl\":\"https:\/\/literackieprzeszpiegi.pl\/wp-content\/uploads\/2021\/07\/zwiady-lipiec.png\",\"keywords\":[\"Pr\u00f3szy\u0144ski i S-ka\",\"Wydawnictwo Czarna Owca\",\"Wydawnictwo Literackie\",\"wydawnictwo muza\"],\"articleSection\":[\"Na zwiadach w ksi\u0119garniach\"],\"inLanguage\":\"pl-PL\",\"potentialAction\":[{\"@type\":\"CommentAction\",\"name\":\"Comment\",\"target\":[\"https:\/\/literackieprzeszpiegi.pl\/index.php\/2021\/07\/04\/zwiady-lipcowe-2021-cz-i\/#respond\"]}]},{\"@type\":\"WebPage\",\"@id\":\"https:\/\/literackieprzeszpiegi.pl\/index.php\/2021\/07\/04\/zwiady-lipcowe-2021-cz-i\/\",\"url\":\"https:\/\/literackieprzeszpiegi.pl\/index.php\/2021\/07\/04\/zwiady-lipcowe-2021-cz-i\/\",\"name\":\"Kryminalne premiery lipca 2021| Literackie przeszpiegi\",\"isPartOf\":{\"@id\":\"https:\/\/literackieprzeszpiegi.pl\/#website\"},\"primaryImageOfPage\":{\"@id\":\"https:\/\/literackieprzeszpiegi.pl\/index.php\/2021\/07\/04\/zwiady-lipcowe-2021-cz-i\/#primaryimage\"},\"image\":{\"@id\":\"https:\/\/literackieprzeszpiegi.pl\/index.php\/2021\/07\/04\/zwiady-lipcowe-2021-cz-i\/#primaryimage\"},\"thumbnailUrl\":\"https:\/\/literackieprzeszpiegi.pl\/wp-content\/uploads\/2021\/07\/zwiady-lipiec.png\",\"datePublished\":\"2021-07-04T08:54:00+00:00\",\"dateModified\":\"2021-07-04T08:54:01+00:00\",\"description\":\"Lipiec stoi dobrym krymina\u0142em. Bonda, C.J.Tudor, McHugh i mroczny krymina\u0142 spod Pirenej\u00f3w Agustina Martineza. Rezerwujcie sporo czasu!\",\"breadcrumb\":{\"@id\":\"https:\/\/literackieprzeszpiegi.pl\/index.php\/2021\/07\/04\/zwiady-lipcowe-2021-cz-i\/#breadcrumb\"},\"inLanguage\":\"pl-PL\",\"potentialAction\":[{\"@type\":\"ReadAction\",\"target\":[\"https:\/\/literackieprzeszpiegi.pl\/index.php\/2021\/07\/04\/zwiady-lipcowe-2021-cz-i\/\"]}]},{\"@type\":\"ImageObject\",\"inLanguage\":\"pl-PL\",\"@id\":\"https:\/\/literackieprzeszpiegi.pl\/index.php\/2021\/07\/04\/zwiady-lipcowe-2021-cz-i\/#primaryimage\",\"url\":\"https:\/\/literackieprzeszpiegi.pl\/wp-content\/uploads\/2021\/07\/zwiady-lipiec.png\",\"contentUrl\":\"https:\/\/literackieprzeszpiegi.pl\/wp-content\/uploads\/2021\/07\/zwiady-lipiec.png\",\"width\":1200,\"height\":630},{\"@type\":\"BreadcrumbList\",\"@id\":\"https:\/\/literackieprzeszpiegi.pl\/index.php\/2021\/07\/04\/zwiady-lipcowe-2021-cz-i\/#breadcrumb\",\"itemListElement\":[{\"@type\":\"ListItem\",\"position\":1,\"name\":\"Home\",\"item\":\"https:\/\/literackieprzeszpiegi.pl\/\"},{\"@type\":\"ListItem\",\"position\":2,\"name\":\"Zwiady lipcowe #2021, cz.I\"}]},{\"@type\":\"WebSite\",\"@id\":\"https:\/\/literackieprzeszpiegi.pl\/#website\",\"url\":\"https:\/\/literackieprzeszpiegi.pl\/\",\"name\":\"Literackie przeszpiegi\",\"description\":\"blog o ksi\u0105\u017ckach\",\"publisher\":{\"@id\":\"https:\/\/literackieprzeszpiegi.pl\/#organization\"},\"potentialAction\":[{\"@type\":\"SearchAction\",\"target\":{\"@type\":\"EntryPoint\",\"urlTemplate\":\"https:\/\/literackieprzeszpiegi.pl\/?s={search_term_string}\"},\"query-input\":\"required name=search_term_string\"}],\"inLanguage\":\"pl-PL\"},{\"@type\":\"Organization\",\"@id\":\"https:\/\/literackieprzeszpiegi.pl\/#organization\",\"name\":\"Literackie przeszpiegi\",\"url\":\"https:\/\/literackieprzeszpiegi.pl\/\",\"logo\":{\"@type\":\"ImageObject\",\"inLanguage\":\"pl-PL\",\"@id\":\"https:\/\/literackieprzeszpiegi.pl\/#\/schema\/logo\/image\/\",\"url\":\"https:\/\/literackieprzeszpiegi.pl\/wp-content\/uploads\/2021\/01\/cropped-cropped-Literackie-przeszpiegi-1.png\",\"contentUrl\":\"https:\/\/literackieprzeszpiegi.pl\/wp-content\/uploads\/2021\/01\/cropped-cropped-Literackie-przeszpiegi-1.png\",\"width\":499,\"height\":142,\"caption\":\"Literackie przeszpiegi\"},\"image\":{\"@id\":\"https:\/\/literackieprzeszpiegi.pl\/#\/schema\/logo\/image\/\"}},{\"@type\":\"Person\",\"@id\":\"https:\/\/literackieprzeszpiegi.pl\/#\/schema\/person\/fd5c4f317aed549d4833e6402ffea017\",\"name\":\"Szpieg\",\"image\":{\"@type\":\"ImageObject\",\"inLanguage\":\"pl-PL\",\"@id\":\"https:\/\/literackieprzeszpiegi.pl\/#\/schema\/person\/image\/\",\"url\":\"https:\/\/secure.gravatar.com\/avatar\/45a17869257e08975d929f204ef78290?s=96&d=mm&r=g\",\"contentUrl\":\"https:\/\/secure.gravatar.com\/avatar\/45a17869257e08975d929f204ef78290?s=96&d=mm&r=g\",\"caption\":\"Szpieg\"},\"url\":\"https:\/\/literackieprzeszpiegi.pl\/index.php\/author\/admin\/\"}]}<\/script>\n<!-- \/ Yoast SEO plugin. -->","yoast_head_json":{"title":"Kryminalne premiery lipca 2021| Literackie przeszpiegi","description":"Lipiec stoi dobrym krymina\u0142em. Bonda, C.J.Tudor, McHugh i mroczny krymina\u0142 spod Pirenej\u00f3w Agustina Martineza. Rezerwujcie sporo czasu!","robots":{"index":"index","follow":"follow","max-snippet":"max-snippet:-1","max-image-preview":"max-image-preview:large","max-video-preview":"max-video-preview:-1"},"canonical":"https:\/\/literackieprzeszpiegi.pl\/index.php\/2021\/07\/04\/zwiady-lipcowe-2021-cz-i\/","og_locale":"pl_PL","og_type":"article","og_title":"Kryminalne zwiady lipcowe #2021","og_description":"Lipiec krymina\u0142em mocno stoi. I zrobi\u0142o si\u0119 mi\u0119dzynarodowo!","og_url":"https:\/\/literackieprzeszpiegi.pl\/index.php\/2021\/07\/04\/zwiady-lipcowe-2021-cz-i\/","og_site_name":"Literackie przeszpiegi","article_published_time":"2021-07-04T08:54:00+00:00","article_modified_time":"2021-07-04T08:54:01+00:00","og_image":[{"width":1200,"height":630,"url":"https:\/\/literackieprzeszpiegi.pl\/wp-content\/uploads\/2021\/07\/zwiady-lipiec-1.png","type":"image\/png"}],"author":"Szpieg","twitter_card":"summary_large_image","twitter_misc":{"Napisane przez":"Szpieg","Szacowany czas czytania":"4 minuty"},"schema":{"@context":"https:\/\/schema.org","@graph":[{"@type":"Article","@id":"https:\/\/literackieprzeszpiegi.pl\/index.php\/2021\/07\/04\/zwiady-lipcowe-2021-cz-i\/#article","isPartOf":{"@id":"https:\/\/literackieprzeszpiegi.pl\/index.php\/2021\/07\/04\/zwiady-lipcowe-2021-cz-i\/"},"author":{"name":"Szpieg","@id":"https:\/\/literackieprzeszpiegi.pl\/#\/schema\/person\/fd5c4f317aed549d4833e6402ffea017"},"headline":"Zwiady lipcowe #2021, cz.I","datePublished":"2021-07-04T08:54:00+00:00","dateModified":"2021-07-04T08:54:01+00:00","mainEntityOfPage":{"@id":"https:\/\/literackieprzeszpiegi.pl\/index.php\/2021\/07\/04\/zwiady-lipcowe-2021-cz-i\/"},"wordCount":815,"commentCount":1,"publisher":{"@id":"https:\/\/literackieprzeszpiegi.pl\/#organization"},"image":{"@id":"https:\/\/literackieprzeszpiegi.pl\/index.php\/2021\/07\/04\/zwiady-lipcowe-2021-cz-i\/#primaryimage"},"thumbnailUrl":"https:\/\/literackieprzeszpiegi.pl\/wp-content\/uploads\/2021\/07\/zwiady-lipiec.png","keywords":["Pr\u00f3szy\u0144ski i S-ka","Wydawnictwo Czarna Owca","Wydawnictwo Literackie","wydawnictwo muza"],"articleSection":["Na zwiadach w ksi\u0119garniach"],"inLanguage":"pl-PL","potentialAction":[{"@type":"CommentAction","name":"Comment","target":["https:\/\/literackieprzeszpiegi.pl\/index.php\/2021\/07\/04\/zwiady-lipcowe-2021-cz-i\/#respond"]}]},{"@type":"WebPage","@id":"https:\/\/literackieprzeszpiegi.pl\/index.php\/2021\/07\/04\/zwiady-lipcowe-2021-cz-i\/","url":"https:\/\/literackieprzeszpiegi.pl\/index.php\/2021\/07\/04\/zwiady-lipcowe-2021-cz-i\/","name":"Kryminalne premiery lipca 2021| Literackie przeszpiegi","isPartOf":{"@id":"https:\/\/literackieprzeszpiegi.pl\/#website"},"primaryImageOfPage":{"@id":"https:\/\/literackieprzeszpiegi.pl\/index.php\/2021\/07\/04\/zwiady-lipcowe-2021-cz-i\/#primaryimage"},"image":{"@id":"https:\/\/literackieprzeszpiegi.pl\/index.php\/2021\/07\/04\/zwiady-lipcowe-2021-cz-i\/#primaryimage"},"thumbnailUrl":"https:\/\/literackieprzeszpiegi.pl\/wp-content\/uploads\/2021\/07\/zwiady-lipiec.png","datePublished":"2021-07-04T08:54:00+00:00","dateModified":"2021-07-04T08:54:01+00:00","description":"Lipiec stoi dobrym krymina\u0142em. Bonda, C.J.Tudor, McHugh i mroczny krymina\u0142 spod Pirenej\u00f3w Agustina Martineza. Rezerwujcie sporo czasu!","breadcrumb":{"@id":"https:\/\/literackieprzeszpiegi.pl\/index.php\/2021\/07\/04\/zwiady-lipcowe-2021-cz-i\/#breadcrumb"},"inLanguage":"pl-PL","potentialAction":[{"@type":"ReadAction","target":["https:\/\/literackieprzeszpiegi.pl\/index.php\/2021\/07\/04\/zwiady-lipcowe-2021-cz-i\/"]}]},{"@type":"ImageObject","inLanguage":"pl-PL","@id":"https:\/\/literackieprzeszpiegi.pl\/index.php\/2021\/07\/04\/zwiady-lipcowe-2021-cz-i\/#primaryimage","url":"https:\/\/literackieprzeszpiegi.pl\/wp-content\/uploads\/2021\/07\/zwiady-lipiec.png","contentUrl":"https:\/\/literackieprzeszpiegi.pl\/wp-content\/uploads\/2021\/07\/zwiady-lipiec.png","width":1200,"height":630},{"@type":"BreadcrumbList","@id":"https:\/\/literackieprzeszpiegi.pl\/index.php\/2021\/07\/04\/zwiady-lipcowe-2021-cz-i\/#breadcrumb","itemListElement":[{"@type":"ListItem","position":1,"name":"Home","item":"https:\/\/literackieprzeszpiegi.pl\/"},{"@type":"ListItem","position":2,"name":"Zwiady lipcowe #2021, cz.I"}]},{"@type":"WebSite","@id":"https:\/\/literackieprzeszpiegi.pl\/#website","url":"https:\/\/literackieprzeszpiegi.pl\/","name":"Literackie przeszpiegi","description":"blog o ksi\u0105\u017ckach","publisher":{"@id":"https:\/\/literackieprzeszpiegi.pl\/#organization"},"potentialAction":[{"@type":"SearchAction","target":{"@type":"EntryPoint","urlTemplate":"https:\/\/literackieprzeszpiegi.pl\/?s={search_term_string}"},"query-input":"required name=search_term_string"}],"inLanguage":"pl-PL"},{"@type":"Organization","@id":"https:\/\/literackieprzeszpiegi.pl\/#organization","name":"Literackie przeszpiegi","url":"https:\/\/literackieprzeszpiegi.pl\/","logo":{"@type":"ImageObject","inLanguage":"pl-PL","@id":"https:\/\/literackieprzeszpiegi.pl\/#\/schema\/logo\/image\/","url":"https:\/\/literackieprzeszpiegi.pl\/wp-content\/uploads\/2021\/01\/cropped-cropped-Literackie-przeszpiegi-1.png","contentUrl":"https:\/\/literackieprzeszpiegi.pl\/wp-content\/uploads\/2021\/01\/cropped-cropped-Literackie-przeszpiegi-1.png","width":499,"height":142,"caption":"Literackie przeszpiegi"},"image":{"@id":"https:\/\/literackieprzeszpiegi.pl\/#\/schema\/logo\/image\/"}},{"@type":"Person","@id":"https:\/\/literackieprzeszpiegi.pl\/#\/schema\/person\/fd5c4f317aed549d4833e6402ffea017","name":"Szpieg","image":{"@type":"ImageObject","inLanguage":"pl-PL","@id":"https:\/\/literackieprzeszpiegi.pl\/#\/schema\/person\/image\/","url":"https:\/\/secure.gravatar.com\/avatar\/45a17869257e08975d929f204ef78290?s=96&d=mm&r=g","contentUrl":"https:\/\/secure.gravatar.com\/avatar\/45a17869257e08975d929f204ef78290?s=96&d=mm&r=g","caption":"Szpieg"},"url":"https:\/\/literackieprzeszpiegi.pl\/index.php\/author\/admin\/"}]}},"_links":{"self":[{"href":"https:\/\/literackieprzeszpiegi.pl\/index.php\/wp-json\/wp\/v2\/posts\/3046"}],"collection":[{"href":"https:\/\/literackieprzeszpiegi.pl\/index.php\/wp-json\/wp\/v2\/posts"}],"about":[{"href":"https:\/\/literackieprzeszpiegi.pl\/index.php\/wp-json\/wp\/v2\/types\/post"}],"author":[{"embeddable":true,"href":"https:\/\/literackieprzeszpiegi.pl\/index.php\/wp-json\/wp\/v2\/users\/1"}],"replies":[{"embeddable":true,"href":"https:\/\/literackieprzeszpiegi.pl\/index.php\/wp-json\/wp\/v2\/comments?post=3046"}],"version-history":[{"count":2,"href":"https:\/\/literackieprzeszpiegi.pl\/index.php\/wp-json\/wp\/v2\/posts\/3046\/revisions"}],"predecessor-version":[{"id":3054,"href":"https:\/\/literackieprzeszpiegi.pl\/index.php\/wp-json\/wp\/v2\/posts\/3046\/revisions\/3054"}],"wp:featuredmedia":[{"embeddable":true,"href":"https:\/\/literackieprzeszpiegi.pl\/index.php\/wp-json\/wp\/v2\/media\/3047"}],"wp:attachment":[{"href":"https:\/\/literackieprzeszpiegi.pl\/index.php\/wp-json\/wp\/v2\/media?parent=3046"}],"wp:term":[{"taxonomy":"category","embeddable":true,"href":"https:\/\/literackieprzeszpiegi.pl\/index.php\/wp-json\/wp\/v2\/categories?post=3046"},{"taxonomy":"post_tag","embeddable":true,"href":"https:\/\/literackieprzeszpiegi.pl\/index.php\/wp-json\/wp\/v2\/tags?post=3046"}],"curies":[{"name":"wp","href":"https:\/\/api.w.org\/{rel}","templated":true}]}}