{"id":3073,"date":"2021-08-03T19:42:00","date_gmt":"2021-08-03T17:42:00","guid":{"rendered":"http:\/\/literackieprzeszpiegi.pl\/?p=3073"},"modified":"2021-08-03T19:43:09","modified_gmt":"2021-08-03T17:43:09","slug":"kryminalny-plener-w-checinach-relacja","status":"publish","type":"post","link":"https:\/\/literackieprzeszpiegi.pl\/index.php\/2021\/08\/03\/kryminalny-plener-w-checinach-relacja\/","title":{"rendered":"Kryminalny Plener w Ch\u0119cinach &#8211; relacja"},"content":{"rendered":"\n<h2 class=\"wp-block-heading\">Byli\u015bcie kiedy\u015b w Ch\u0119cinach?<br> Nie? To prawie tak jak ja!<\/h2>\n\n\n\n<!--more-->\n\n\n\n<p>Ale prawie to s\u0142owo klucz, bo tak by\u0142o do soboty, 31 lipca, kiedy to w Ch\u0119cinach zrobi\u0142o si\u0119 kryminalnie a ja musia\u0142am to zobaczy\u0107 na w\u0142asne oczy!<br>Sprawca tego ca\u0142ego zamieszania by\u0142 jeden \u2013 Bartosz Socz\u00f3wka (znany r\u00f3wnie\u017c jako <a href=\"https:\/\/www.facebook.com\/BliskieSpotkaniaBS\">Bliskie Spotkania<\/a>), ale za to z wielkim darem przekonywania, kt\u00f3remu ulegli Joanna Dulewicz, Izabela Janiszewska, Anna Rozenberg i Jacek \u0141ukawski.<\/p>\n\n\n\n<div class=\"wp-block-image\"><figure class=\"aligncenter size-large\"><img loading=\"lazy\" decoding=\"async\" width=\"1024\" height=\"768\" src=\"https:\/\/literackieprzeszpiegi.pl\/wp-content\/uploads\/2021\/08\/5-1024x768.jpg\" alt=\"\" class=\"wp-image-3075\" srcset=\"https:\/\/literackieprzeszpiegi.pl\/wp-content\/uploads\/2021\/08\/5-1024x768.jpg 1024w, https:\/\/literackieprzeszpiegi.pl\/wp-content\/uploads\/2021\/08\/5-300x225.jpg 300w, https:\/\/literackieprzeszpiegi.pl\/wp-content\/uploads\/2021\/08\/5-768x576.jpg 768w, https:\/\/literackieprzeszpiegi.pl\/wp-content\/uploads\/2021\/08\/5-1536x1152.jpg 1536w, https:\/\/literackieprzeszpiegi.pl\/wp-content\/uploads\/2021\/08\/5-2048x1536.jpg 2048w, https:\/\/literackieprzeszpiegi.pl\/wp-content\/uploads\/2021\/08\/5-1920x1440.jpg 1920w\" sizes=\"(max-width: 1024px) 100vw, 1024px\" \/><\/figure><\/div>\n\n\n\n<h2 class=\"wp-block-heading\">Efekt?<\/h2>\n\n\n\n<p>Plener Kryminalny dopracowany w najmniejszym szczeg\u00f3le. A skoro ju\u017c autorzy krymina\u0142\u00f3w przybyli, to a\u017c \u017cal by\u0142o nie spyta\u0107 o jedn\u0105, dwie, trzy\u2026 czy nawet kilkana\u015bcie rzeczy. Co to znaczy pisarzem by\u0107, o sprawy kryminalne du\u017cego kalibru, kt\u00f3re najbardziej zapad\u0142y w pami\u0119\u0107, o pisarskie mity, o sk\u0142adniki dobrego krymina\u0142u i naprawd\u0119 wiele innych rzeczy. A\u017c mi\u0142o by\u0142o patrze\u0107, jak z pocz\u0105tkowej nie\u015bmia\u0142o\u015bci autor\u00f3w nic nie zostaje a mikrofon z coraz wi\u0119kszym \u017calem trzeba by\u0142o odk\u0142ada\u0107. A rzekomo najbardziej introwertyczny autor okaza\u0142 si\u0119 najwi\u0119kszym gadu\u0142\u0105, o sporym potencjale humorystycznym (historia o jab\u0142kach \u0141ukawskiego ju\u017c zapewne przesz\u0142a do historii).<\/p>\n\n\n\n<p>Ale chyba i tak najwi\u0119ksz\u0105 nagrod\u0105 by\u0142a mo\u017cliwo\u015b\u0107 porozmawiania z autorami w cztery oczy i zdobycia autografu. Pono\u0107 \u017cadnemu z autor\u00f3w nie zadr\u017ca\u0142a r\u0119ka &#x1f609;<\/p>\n\n\n\n<figure class=\"wp-block-image size-large\"><img loading=\"lazy\" decoding=\"async\" width=\"966\" height=\"1024\" src=\"https:\/\/literackieprzeszpiegi.pl\/wp-content\/uploads\/2021\/08\/15-966x1024.jpg\" alt=\"\" class=\"wp-image-3076\" srcset=\"https:\/\/literackieprzeszpiegi.pl\/wp-content\/uploads\/2021\/08\/15-966x1024.jpg 966w, https:\/\/literackieprzeszpiegi.pl\/wp-content\/uploads\/2021\/08\/15-283x300.jpg 283w, https:\/\/literackieprzeszpiegi.pl\/wp-content\/uploads\/2021\/08\/15-768x814.jpg 768w, https:\/\/literackieprzeszpiegi.pl\/wp-content\/uploads\/2021\/08\/15.jpg 987w\" sizes=\"(max-width: 966px) 100vw, 966px\" \/><\/figure>\n\n\n\n<p>A wieczorem \u2013 na zainteresowanych czeka\u0142o nocne zwiedzanie miasta.<br>Mo\u017cna przez dwie godziny opowiada\u0107 o Ch\u0119cinach, nie wspominaj\u0105c nic o zamku?<br>Mo\u017cna!<br>Mo\u017cna przeczo\u0142ga\u0107 grup\u0119 kilkudziesi\u0119ciu ludzi przez po\u0142ow\u0119 Ch\u0119cin, nie s\u0142ysz\u0105c ani razu pytania \u2013 <em>daleko jeszcze<\/em>?<br>Mo\u017cna! I dodatkowo zdrowo si\u0119 po\u015bmia\u0107!<br>I przy tym zapami\u0119ta\u0107, co to s\u0105 \u015bcionki, gdzie s\u0105 najlepsze jagodzianki a gdzie najlepsze lody i dlaczego ten \u0141okietek na rynku jest za du\u017cy i za drogi\u2026<\/p>\n\n\n\n<div class=\"wp-block-image\"><figure class=\"aligncenter size-large\"><img loading=\"lazy\" decoding=\"async\" width=\"851\" height=\"1024\" src=\"https:\/\/literackieprzeszpiegi.pl\/wp-content\/uploads\/2021\/08\/10-851x1024.jpg\" alt=\"\" class=\"wp-image-3077\" srcset=\"https:\/\/literackieprzeszpiegi.pl\/wp-content\/uploads\/2021\/08\/10-851x1024.jpg 851w, https:\/\/literackieprzeszpiegi.pl\/wp-content\/uploads\/2021\/08\/10-249x300.jpg 249w, https:\/\/literackieprzeszpiegi.pl\/wp-content\/uploads\/2021\/08\/10-768x924.jpg 768w, https:\/\/literackieprzeszpiegi.pl\/wp-content\/uploads\/2021\/08\/10-1277x1536.jpg 1277w, https:\/\/literackieprzeszpiegi.pl\/wp-content\/uploads\/2021\/08\/10-1702x2048.jpg 1702w, https:\/\/literackieprzeszpiegi.pl\/wp-content\/uploads\/2021\/08\/10-1920x2310.jpg 1920w\" sizes=\"(max-width: 851px) 100vw, 851px\" \/><\/figure><\/div>\n\n\n\n<p>Ja tu chyba jeszcze wr\u00f3c\u0119. Na pewno wr\u00f3c\u0119 literacko, bo jak si\u0119 okazuje Jacek \u0141ukawski pope\u0142ni\u0142 dwa krymina\u0142y, osadzone w Ch\u0119cinach. Tak\u017ce &#x1f609;<\/p>\n","protected":false},"excerpt":{"rendered":"<p>Byli\u015bcie kiedy\u015b w Ch\u0119cinach? Nie? To prawie tak jak ja!<\/p>\n","protected":false},"author":1,"featured_media":3080,"comment_status":"open","ping_status":"open","sticky":false,"template":"","format":"standard","meta":{"om_disable_all_campaigns":false,"_exactmetrics_skip_tracking":false,"_exactmetrics_sitenote_active":false,"_exactmetrics_sitenote_note":"","_exactmetrics_sitenote_category":0,"_monsterinsights_skip_tracking":false,"_monsterinsights_sitenote_active":false,"_monsterinsights_sitenote_note":"","_monsterinsights_sitenote_category":0,"_uf_show_specific_survey":0,"_uf_disable_surveys":false,"footnotes":""},"categories":[62],"tags":[131,125,132,140,139],"yoast_head":"<!-- This site is optimized with the Yoast SEO plugin v22.9 - https:\/\/yoast.com\/wordpress\/plugins\/seo\/ -->\n<title>Kryminalny Plener w Ch\u0119cinach - relacja - Literackie przeszpiegi<\/title>\n<meta name=\"description\" content=\"Byli\u015bcie kiedy\u015b w Ch\u0119cinach? Nie? To prawie tak jak ja! Ale prawie to s\u0142owo klucz, bo tak by\u0142o do soboty, 31 lipca...\" \/>\n<meta name=\"robots\" content=\"index, follow, max-snippet:-1, max-image-preview:large, max-video-preview:-1\" \/>\n<link rel=\"canonical\" href=\"https:\/\/literackieprzeszpiegi.pl\/index.php\/2021\/08\/03\/kryminalny-plener-w-checinach-relacja\/\" \/>\n<meta property=\"og:locale\" content=\"pl_PL\" \/>\n<meta property=\"og:type\" content=\"article\" \/>\n<meta property=\"og:title\" content=\"Plener Kryminalny w Ch\u0119cinach\" \/>\n<meta property=\"og:description\" content=\"Byli\u015bcie kiedy\u015b w Ch\u0119cinach? Nie? To prawie tak jak ja!\" \/>\n<meta property=\"og:url\" content=\"https:\/\/literackieprzeszpiegi.pl\/index.php\/2021\/08\/03\/kryminalny-plener-w-checinach-relacja\/\" \/>\n<meta property=\"og:site_name\" content=\"Literackie przeszpiegi\" \/>\n<meta property=\"article:published_time\" content=\"2021-08-03T17:42:00+00:00\" \/>\n<meta property=\"article:modified_time\" content=\"2021-08-03T17:43:09+00:00\" \/>\n<meta property=\"og:image\" content=\"https:\/\/literackieprzeszpiegi.pl\/wp-content\/uploads\/2021\/08\/5-scaled.jpg\" \/>\n\t<meta property=\"og:image:width\" content=\"2560\" \/>\n\t<meta property=\"og:image:height\" content=\"1920\" \/>\n\t<meta property=\"og:image:type\" content=\"image\/jpeg\" \/>\n<meta name=\"author\" content=\"Szpieg\" \/>\n<meta name=\"twitter:card\" content=\"summary_large_image\" \/>\n<meta name=\"twitter:label1\" content=\"Napisane przez\" \/>\n\t<meta name=\"twitter:data1\" content=\"Szpieg\" \/>\n\t<meta name=\"twitter:label2\" content=\"Szacowany czas czytania\" \/>\n\t<meta name=\"twitter:data2\" content=\"2 minuty\" \/>\n<script type=\"application\/ld+json\" class=\"yoast-schema-graph\">{\"@context\":\"https:\/\/schema.org\",\"@graph\":[{\"@type\":\"Article\",\"@id\":\"https:\/\/literackieprzeszpiegi.pl\/index.php\/2021\/08\/03\/kryminalny-plener-w-checinach-relacja\/#article\",\"isPartOf\":{\"@id\":\"https:\/\/literackieprzeszpiegi.pl\/index.php\/2021\/08\/03\/kryminalny-plener-w-checinach-relacja\/\"},\"author\":{\"name\":\"Szpieg\",\"@id\":\"https:\/\/literackieprzeszpiegi.pl\/#\/schema\/person\/fd5c4f317aed549d4833e6402ffea017\"},\"headline\":\"Kryminalny Plener w Ch\u0119cinach &#8211; relacja\",\"datePublished\":\"2021-08-03T17:42:00+00:00\",\"dateModified\":\"2021-08-03T17:43:09+00:00\",\"mainEntityOfPage\":{\"@id\":\"https:\/\/literackieprzeszpiegi.pl\/index.php\/2021\/08\/03\/kryminalny-plener-w-checinach-relacja\/\"},\"wordCount\":354,\"commentCount\":0,\"publisher\":{\"@id\":\"https:\/\/literackieprzeszpiegi.pl\/#organization\"},\"image\":{\"@id\":\"https:\/\/literackieprzeszpiegi.pl\/index.php\/2021\/08\/03\/kryminalny-plener-w-checinach-relacja\/#primaryimage\"},\"thumbnailUrl\":\"https:\/\/literackieprzeszpiegi.pl\/wp-content\/uploads\/2021\/08\/plener.jpg\",\"keywords\":[\"Anna Rozenberg\",\"Czwarta Strona Krymina\u0142u\",\"Izabela Janiszewska\",\"Jacek \u0141ukawski\",\"Joanna Dulewicz\"],\"articleSection\":[\"Przychodzi Szpieg na spotkanie...\"],\"inLanguage\":\"pl-PL\",\"potentialAction\":[{\"@type\":\"CommentAction\",\"name\":\"Comment\",\"target\":[\"https:\/\/literackieprzeszpiegi.pl\/index.php\/2021\/08\/03\/kryminalny-plener-w-checinach-relacja\/#respond\"]}]},{\"@type\":\"WebPage\",\"@id\":\"https:\/\/literackieprzeszpiegi.pl\/index.php\/2021\/08\/03\/kryminalny-plener-w-checinach-relacja\/\",\"url\":\"https:\/\/literackieprzeszpiegi.pl\/index.php\/2021\/08\/03\/kryminalny-plener-w-checinach-relacja\/\",\"name\":\"Kryminalny Plener w Ch\u0119cinach - relacja - Literackie przeszpiegi\",\"isPartOf\":{\"@id\":\"https:\/\/literackieprzeszpiegi.pl\/#website\"},\"primaryImageOfPage\":{\"@id\":\"https:\/\/literackieprzeszpiegi.pl\/index.php\/2021\/08\/03\/kryminalny-plener-w-checinach-relacja\/#primaryimage\"},\"image\":{\"@id\":\"https:\/\/literackieprzeszpiegi.pl\/index.php\/2021\/08\/03\/kryminalny-plener-w-checinach-relacja\/#primaryimage\"},\"thumbnailUrl\":\"https:\/\/literackieprzeszpiegi.pl\/wp-content\/uploads\/2021\/08\/plener.jpg\",\"datePublished\":\"2021-08-03T17:42:00+00:00\",\"dateModified\":\"2021-08-03T17:43:09+00:00\",\"description\":\"Byli\u015bcie kiedy\u015b w Ch\u0119cinach? Nie? To prawie tak jak ja! Ale prawie to s\u0142owo klucz, bo tak by\u0142o do soboty, 31 lipca...\",\"breadcrumb\":{\"@id\":\"https:\/\/literackieprzeszpiegi.pl\/index.php\/2021\/08\/03\/kryminalny-plener-w-checinach-relacja\/#breadcrumb\"},\"inLanguage\":\"pl-PL\",\"potentialAction\":[{\"@type\":\"ReadAction\",\"target\":[\"https:\/\/literackieprzeszpiegi.pl\/index.php\/2021\/08\/03\/kryminalny-plener-w-checinach-relacja\/\"]}]},{\"@type\":\"ImageObject\",\"inLanguage\":\"pl-PL\",\"@id\":\"https:\/\/literackieprzeszpiegi.pl\/index.php\/2021\/08\/03\/kryminalny-plener-w-checinach-relacja\/#primaryimage\",\"url\":\"https:\/\/literackieprzeszpiegi.pl\/wp-content\/uploads\/2021\/08\/plener.jpg\",\"contentUrl\":\"https:\/\/literackieprzeszpiegi.pl\/wp-content\/uploads\/2021\/08\/plener.jpg\",\"width\":1080,\"height\":1080},{\"@type\":\"BreadcrumbList\",\"@id\":\"https:\/\/literackieprzeszpiegi.pl\/index.php\/2021\/08\/03\/kryminalny-plener-w-checinach-relacja\/#breadcrumb\",\"itemListElement\":[{\"@type\":\"ListItem\",\"position\":1,\"name\":\"Home\",\"item\":\"https:\/\/literackieprzeszpiegi.pl\/\"},{\"@type\":\"ListItem\",\"position\":2,\"name\":\"Kryminalny Plener w Ch\u0119cinach &#8211; relacja\"}]},{\"@type\":\"WebSite\",\"@id\":\"https:\/\/literackieprzeszpiegi.pl\/#website\",\"url\":\"https:\/\/literackieprzeszpiegi.pl\/\",\"name\":\"Literackie przeszpiegi\",\"description\":\"blog o ksi\u0105\u017ckach\",\"publisher\":{\"@id\":\"https:\/\/literackieprzeszpiegi.pl\/#organization\"},\"potentialAction\":[{\"@type\":\"SearchAction\",\"target\":{\"@type\":\"EntryPoint\",\"urlTemplate\":\"https:\/\/literackieprzeszpiegi.pl\/?s={search_term_string}\"},\"query-input\":\"required name=search_term_string\"}],\"inLanguage\":\"pl-PL\"},{\"@type\":\"Organization\",\"@id\":\"https:\/\/literackieprzeszpiegi.pl\/#organization\",\"name\":\"Literackie przeszpiegi\",\"url\":\"https:\/\/literackieprzeszpiegi.pl\/\",\"logo\":{\"@type\":\"ImageObject\",\"inLanguage\":\"pl-PL\",\"@id\":\"https:\/\/literackieprzeszpiegi.pl\/#\/schema\/logo\/image\/\",\"url\":\"https:\/\/literackieprzeszpiegi.pl\/wp-content\/uploads\/2021\/01\/cropped-cropped-Literackie-przeszpiegi-1.png\",\"contentUrl\":\"https:\/\/literackieprzeszpiegi.pl\/wp-content\/uploads\/2021\/01\/cropped-cropped-Literackie-przeszpiegi-1.png\",\"width\":499,\"height\":142,\"caption\":\"Literackie przeszpiegi\"},\"image\":{\"@id\":\"https:\/\/literackieprzeszpiegi.pl\/#\/schema\/logo\/image\/\"}},{\"@type\":\"Person\",\"@id\":\"https:\/\/literackieprzeszpiegi.pl\/#\/schema\/person\/fd5c4f317aed549d4833e6402ffea017\",\"name\":\"Szpieg\",\"image\":{\"@type\":\"ImageObject\",\"inLanguage\":\"pl-PL\",\"@id\":\"https:\/\/literackieprzeszpiegi.pl\/#\/schema\/person\/image\/\",\"url\":\"https:\/\/secure.gravatar.com\/avatar\/45a17869257e08975d929f204ef78290?s=96&d=mm&r=g\",\"contentUrl\":\"https:\/\/secure.gravatar.com\/avatar\/45a17869257e08975d929f204ef78290?s=96&d=mm&r=g\",\"caption\":\"Szpieg\"},\"url\":\"https:\/\/literackieprzeszpiegi.pl\/index.php\/author\/admin\/\"}]}<\/script>\n<!-- \/ Yoast SEO plugin. -->","yoast_head_json":{"title":"Kryminalny Plener w Ch\u0119cinach - relacja - Literackie przeszpiegi","description":"Byli\u015bcie kiedy\u015b w Ch\u0119cinach? Nie? To prawie tak jak ja! Ale prawie to s\u0142owo klucz, bo tak by\u0142o do soboty, 31 lipca...","robots":{"index":"index","follow":"follow","max-snippet":"max-snippet:-1","max-image-preview":"max-image-preview:large","max-video-preview":"max-video-preview:-1"},"canonical":"https:\/\/literackieprzeszpiegi.pl\/index.php\/2021\/08\/03\/kryminalny-plener-w-checinach-relacja\/","og_locale":"pl_PL","og_type":"article","og_title":"Plener Kryminalny w Ch\u0119cinach","og_description":"Byli\u015bcie kiedy\u015b w Ch\u0119cinach? Nie? To prawie tak jak ja!","og_url":"https:\/\/literackieprzeszpiegi.pl\/index.php\/2021\/08\/03\/kryminalny-plener-w-checinach-relacja\/","og_site_name":"Literackie przeszpiegi","article_published_time":"2021-08-03T17:42:00+00:00","article_modified_time":"2021-08-03T17:43:09+00:00","og_image":[{"width":2560,"height":1920,"url":"https:\/\/literackieprzeszpiegi.pl\/wp-content\/uploads\/2021\/08\/5-scaled.jpg","type":"image\/jpeg"}],"author":"Szpieg","twitter_card":"summary_large_image","twitter_misc":{"Napisane przez":"Szpieg","Szacowany czas czytania":"2 minuty"},"schema":{"@context":"https:\/\/schema.org","@graph":[{"@type":"Article","@id":"https:\/\/literackieprzeszpiegi.pl\/index.php\/2021\/08\/03\/kryminalny-plener-w-checinach-relacja\/#article","isPartOf":{"@id":"https:\/\/literackieprzeszpiegi.pl\/index.php\/2021\/08\/03\/kryminalny-plener-w-checinach-relacja\/"},"author":{"name":"Szpieg","@id":"https:\/\/literackieprzeszpiegi.pl\/#\/schema\/person\/fd5c4f317aed549d4833e6402ffea017"},"headline":"Kryminalny Plener w Ch\u0119cinach &#8211; relacja","datePublished":"2021-08-03T17:42:00+00:00","dateModified":"2021-08-03T17:43:09+00:00","mainEntityOfPage":{"@id":"https:\/\/literackieprzeszpiegi.pl\/index.php\/2021\/08\/03\/kryminalny-plener-w-checinach-relacja\/"},"wordCount":354,"commentCount":0,"publisher":{"@id":"https:\/\/literackieprzeszpiegi.pl\/#organization"},"image":{"@id":"https:\/\/literackieprzeszpiegi.pl\/index.php\/2021\/08\/03\/kryminalny-plener-w-checinach-relacja\/#primaryimage"},"thumbnailUrl":"https:\/\/literackieprzeszpiegi.pl\/wp-content\/uploads\/2021\/08\/plener.jpg","keywords":["Anna Rozenberg","Czwarta Strona Krymina\u0142u","Izabela Janiszewska","Jacek \u0141ukawski","Joanna Dulewicz"],"articleSection":["Przychodzi Szpieg na spotkanie..."],"inLanguage":"pl-PL","potentialAction":[{"@type":"CommentAction","name":"Comment","target":["https:\/\/literackieprzeszpiegi.pl\/index.php\/2021\/08\/03\/kryminalny-plener-w-checinach-relacja\/#respond"]}]},{"@type":"WebPage","@id":"https:\/\/literackieprzeszpiegi.pl\/index.php\/2021\/08\/03\/kryminalny-plener-w-checinach-relacja\/","url":"https:\/\/literackieprzeszpiegi.pl\/index.php\/2021\/08\/03\/kryminalny-plener-w-checinach-relacja\/","name":"Kryminalny Plener w Ch\u0119cinach - relacja - Literackie przeszpiegi","isPartOf":{"@id":"https:\/\/literackieprzeszpiegi.pl\/#website"},"primaryImageOfPage":{"@id":"https:\/\/literackieprzeszpiegi.pl\/index.php\/2021\/08\/03\/kryminalny-plener-w-checinach-relacja\/#primaryimage"},"image":{"@id":"https:\/\/literackieprzeszpiegi.pl\/index.php\/2021\/08\/03\/kryminalny-plener-w-checinach-relacja\/#primaryimage"},"thumbnailUrl":"https:\/\/literackieprzeszpiegi.pl\/wp-content\/uploads\/2021\/08\/plener.jpg","datePublished":"2021-08-03T17:42:00+00:00","dateModified":"2021-08-03T17:43:09+00:00","description":"Byli\u015bcie kiedy\u015b w Ch\u0119cinach? Nie? To prawie tak jak ja! Ale prawie to s\u0142owo klucz, bo tak by\u0142o do soboty, 31 lipca...","breadcrumb":{"@id":"https:\/\/literackieprzeszpiegi.pl\/index.php\/2021\/08\/03\/kryminalny-plener-w-checinach-relacja\/#breadcrumb"},"inLanguage":"pl-PL","potentialAction":[{"@type":"ReadAction","target":["https:\/\/literackieprzeszpiegi.pl\/index.php\/2021\/08\/03\/kryminalny-plener-w-checinach-relacja\/"]}]},{"@type":"ImageObject","inLanguage":"pl-PL","@id":"https:\/\/literackieprzeszpiegi.pl\/index.php\/2021\/08\/03\/kryminalny-plener-w-checinach-relacja\/#primaryimage","url":"https:\/\/literackieprzeszpiegi.pl\/wp-content\/uploads\/2021\/08\/plener.jpg","contentUrl":"https:\/\/literackieprzeszpiegi.pl\/wp-content\/uploads\/2021\/08\/plener.jpg","width":1080,"height":1080},{"@type":"BreadcrumbList","@id":"https:\/\/literackieprzeszpiegi.pl\/index.php\/2021\/08\/03\/kryminalny-plener-w-checinach-relacja\/#breadcrumb","itemListElement":[{"@type":"ListItem","position":1,"name":"Home","item":"https:\/\/literackieprzeszpiegi.pl\/"},{"@type":"ListItem","position":2,"name":"Kryminalny Plener w Ch\u0119cinach &#8211; relacja"}]},{"@type":"WebSite","@id":"https:\/\/literackieprzeszpiegi.pl\/#website","url":"https:\/\/literackieprzeszpiegi.pl\/","name":"Literackie przeszpiegi","description":"blog o ksi\u0105\u017ckach","publisher":{"@id":"https:\/\/literackieprzeszpiegi.pl\/#organization"},"potentialAction":[{"@type":"SearchAction","target":{"@type":"EntryPoint","urlTemplate":"https:\/\/literackieprzeszpiegi.pl\/?s={search_term_string}"},"query-input":"required name=search_term_string"}],"inLanguage":"pl-PL"},{"@type":"Organization","@id":"https:\/\/literackieprzeszpiegi.pl\/#organization","name":"Literackie przeszpiegi","url":"https:\/\/literackieprzeszpiegi.pl\/","logo":{"@type":"ImageObject","inLanguage":"pl-PL","@id":"https:\/\/literackieprzeszpiegi.pl\/#\/schema\/logo\/image\/","url":"https:\/\/literackieprzeszpiegi.pl\/wp-content\/uploads\/2021\/01\/cropped-cropped-Literackie-przeszpiegi-1.png","contentUrl":"https:\/\/literackieprzeszpiegi.pl\/wp-content\/uploads\/2021\/01\/cropped-cropped-Literackie-przeszpiegi-1.png","width":499,"height":142,"caption":"Literackie przeszpiegi"},"image":{"@id":"https:\/\/literackieprzeszpiegi.pl\/#\/schema\/logo\/image\/"}},{"@type":"Person","@id":"https:\/\/literackieprzeszpiegi.pl\/#\/schema\/person\/fd5c4f317aed549d4833e6402ffea017","name":"Szpieg","image":{"@type":"ImageObject","inLanguage":"pl-PL","@id":"https:\/\/literackieprzeszpiegi.pl\/#\/schema\/person\/image\/","url":"https:\/\/secure.gravatar.com\/avatar\/45a17869257e08975d929f204ef78290?s=96&d=mm&r=g","contentUrl":"https:\/\/secure.gravatar.com\/avatar\/45a17869257e08975d929f204ef78290?s=96&d=mm&r=g","caption":"Szpieg"},"url":"https:\/\/literackieprzeszpiegi.pl\/index.php\/author\/admin\/"}]}},"_links":{"self":[{"href":"https:\/\/literackieprzeszpiegi.pl\/index.php\/wp-json\/wp\/v2\/posts\/3073"}],"collection":[{"href":"https:\/\/literackieprzeszpiegi.pl\/index.php\/wp-json\/wp\/v2\/posts"}],"about":[{"href":"https:\/\/literackieprzeszpiegi.pl\/index.php\/wp-json\/wp\/v2\/types\/post"}],"author":[{"embeddable":true,"href":"https:\/\/literackieprzeszpiegi.pl\/index.php\/wp-json\/wp\/v2\/users\/1"}],"replies":[{"embeddable":true,"href":"https:\/\/literackieprzeszpiegi.pl\/index.php\/wp-json\/wp\/v2\/comments?post=3073"}],"version-history":[{"count":5,"href":"https:\/\/literackieprzeszpiegi.pl\/index.php\/wp-json\/wp\/v2\/posts\/3073\/revisions"}],"predecessor-version":[{"id":3082,"href":"https:\/\/literackieprzeszpiegi.pl\/index.php\/wp-json\/wp\/v2\/posts\/3073\/revisions\/3082"}],"wp:featuredmedia":[{"embeddable":true,"href":"https:\/\/literackieprzeszpiegi.pl\/index.php\/wp-json\/wp\/v2\/media\/3080"}],"wp:attachment":[{"href":"https:\/\/literackieprzeszpiegi.pl\/index.php\/wp-json\/wp\/v2\/media?parent=3073"}],"wp:term":[{"taxonomy":"category","embeddable":true,"href":"https:\/\/literackieprzeszpiegi.pl\/index.php\/wp-json\/wp\/v2\/categories?post=3073"},{"taxonomy":"post_tag","embeddable":true,"href":"https:\/\/literackieprzeszpiegi.pl\/index.php\/wp-json\/wp\/v2\/tags?post=3073"}],"curies":[{"name":"wp","href":"https:\/\/api.w.org\/{rel}","templated":true}]}}