{"id":3118,"date":"2021-09-16T13:55:59","date_gmt":"2021-09-16T11:55:59","guid":{"rendered":"http:\/\/literackieprzeszpiegi.pl\/?p=3118"},"modified":"2021-09-16T15:52:26","modified_gmt":"2021-09-16T13:52:26","slug":"punkty-zapalne-anna-rozenberg","status":"publish","type":"post","link":"https:\/\/literackieprzeszpiegi.pl\/index.php\/2021\/09\/16\/punkty-zapalne-anna-rozenberg\/","title":{"rendered":"\u201ePunkty zapalne\u201d Anna Rozenberg"},"content":{"rendered":"\n<h2 class=\"wp-block-heading\"><strong>\u201eEj, nie samobiczuj si\u0119 tutaj. Po prostu ludzie to nie sprawy do rozwi\u0105zania. Rusz troch\u0119 to swoje gliniane serce\u201d.<\/strong><\/h2>\n\n\n\n<!--more-->\n\n\n\n<p>Inspektor Redfern ma tylko dwie r\u0119ce a spraw do rozwi\u0105zania zdecydowanie wi\u0119cej. Priorytetem staje si\u0119 odnalezienie kilkuletniej dziewczynki, Izy Wola\u0144skiej, porwanej sprzed w\u0142asnego domu. Rodzice dziewczynki, pomimo morza \u0142ez i rozpaczy o pewnych faktach zawzi\u0119cie milcz\u0105, chocia\u017c w tym wypadku czas jest na wag\u0119 z\u0142ota. R\u00f3wnocze\u015bnie lokaln\u0105 spo\u0142eczno\u015b\u0107 szokuje krwawe morderstwo ma\u0142\u017ce\u0144stwa Abbasich. Dowody wskazuj\u0105 na motyw religijny sprawc\u00f3w, aczkolwiek pewno\u015b\u0107 przes\u0142ania coraz wi\u0119cej znak\u00f3w zapytania.<br>My\u015bli Redferna zaprz\u0105ta r\u00f3wnie\u017c brak kontaktu z Mart\u0105 Sokoli\u0144sk\u0105 oraz Podpalacz, cz\u0142owiek \u2013 cie\u0144, kt\u00f3rego sta\u0107 na wszystko. <\/p>\n\n\n\n<h2 class=\"wp-block-heading\"><strong>Samotny szeryf<\/strong><\/h2>\n\n\n\n<p>Nie da si\u0119 ukry\u0107, \u017ce Redfern nie jest typem lidera zespo\u0142u. Zbyt cz\u0119sto zdarza mu si\u0119 dzia\u0142a\u0107 na w\u0142asn\u0105 r\u0119k\u0119, zostawia\u0107 pewne informacje tylko dla siebie i porywa\u0107 si\u0119 z motyk\u0105 na s\u0142o\u0144ce. Ale \u2013 policjanci z Woking wcale nie u\u0142atwiaj\u0105 mu zadania. Wewn\u0119trzne spory o kompetencje, docinki, roszady kadrowe, naciski z g\u00f3ry i brak r\u0105k do pracy w obliczu dw\u00f3ch powa\u017cnych \u015bledztw nie mog\u0105 przek\u0142ada\u0107 si\u0119 na dobre wyniki. W \u201efirmie\u201d wszyscy powinni stanowi\u0107 rodzin\u0119 a w tym przypadku zbyt wiele zgrzyta. Redfern podj\u0105\u0142 si\u0119 roli samotnego szeryfa, ale czy jest w stanie sprawdzi\u0107 ka\u017cdy trop? A mo\u017ce wystarczy pos\u0142ucha\u0107 dobrej rady dziadka Siwiaszczyka?<\/p>\n\n\n\n<blockquote class=\"wp-block-quote is-layout-flow wp-block-quote-is-layout-flow\"><p>\u201ePowiem ci tak, Dawidek: \u017ceby nie da\u0107 si\u0119 wiatrom zmian, nie mo\u017cesz sta\u0107 murem. Musisz by\u0107 cho\u0107 troch\u0119 \u2013 zawiesi\u0142 g\u0142os \u2013 przewiewny\u201d.<\/p><\/blockquote>\n\n\n\n<h2 class=\"wp-block-heading\"><strong>\u201eWyobra\u017ania robi ze zm\u0119czonym umys\u0142em, co chce\u201d<\/strong><\/h2>\n\n\n\n<p>O \u201ePunktach zapalnych\u201d mo\u017cna z ca\u0142\u0105 pewno\u015bci\u0105 powiedzie\u0107, \u017ce to soczysty, wielow\u0105tkowy a przy tym starannie zaplanowany krymina\u0142. Autorka co chwil\u0119 podrzuca nowe w\u0105tki, nowych podejrzanych z tak\u0105 precyzj\u0105, \u017ce nie mamy w\u0105tpliwo\u015bci, \u017ce rozwi\u0105zanie zagadki jest na wyci\u0105gniecie r\u0119ki. I tak nie jeden raz droczy si\u0119 z czytelnikiem.<\/p>\n\n\n\n<p>Nowe informacje zamiast rozwiewa\u0107 w\u0105tpliwo\u015bci, jeszcze bardziej je nasilaj\u0105. Przepracowanie, brak precyzji i \u015bwiadkowie, kt\u00f3rzy nigdy nie s\u0105 stuprocentowo szczerzy \u2013 w takich warunkach \u015bledztwa nie mog\u0105 si\u0119 b\u0142yskawicznie posuwa\u0107 do przodu. Zreszt\u0105, cud\u00f3w w tej bran\u017cy nie ma \u2013 jest \u017cmudna praca, szukanie motyw\u00f3w i dostrzeganie czasem oczywistych rzeczy. Chc\u0105c nie chc\u0105c, komplikowanie spraw le\u017cy w policyjnej naturze. Mamy za to kawa\u0142 porz\u0105dnego \u015bledztwa, z pora\u017ckami i sukcesami, z podsk\u00f3rnym niepokojem, poczuciem zagro\u017cenia, ale te\u017c i satysfakcji. Redfern jako g\u0142\u00f3wnodowodz\u0105cy potrafi przyku\u0107 uwag\u0119, pomimo \u017ce nie wszystko idzie zgodnie z planem. Ba, improwizacja ju\u017c na sta\u0142e wpisa\u0142a si\u0119 w jego \u017cycie.<\/p>\n\n\n\n<h2 class=\"wp-block-heading\"><strong>Kryminalne Woking<\/strong><\/h2>\n\n\n\n<p>Po lekturze \u201ePunkt\u00f3w zapalnych\u201d Woking sta\u0142o mi si\u0119 bli\u017csze. Ka\u017cda w\u0119dr\u00f3wka, przemierzanie tych samych uliczek i zau\u0142k\u00f3w, co bohaterowie, coraz wi\u0119cej m\u00f3wi o tym mie\u015bcie. O jego charakterystycznych miejscach, historycznych budynkach, ale chyba najwi\u0119cej o niuansach \u017cycia w Woking. O jego wielokulturowo\u015bci, walce z uprzedzeniami, o problemach imigrant\u00f3w czy przemocy domowej. Sporym zaskoczeniem s\u0105 historie o bol\u0105czkach mieszkaniowych czy medycznych, kt\u00f3re burz\u0105 nieco idealistyczny obraz Wielkiej Brytanii jako miejsca lepszego do \u017cycia ni\u017c Polska.<\/p>\n\n\n\n<p>Opisuj\u0105c historie mieszka\u0144c\u00f3w Woking, autorka zaskoczy\u0142a mnie nutkami humorystycznymi \u2013 nigdy nie zgadniecie, co prawie zgubi\u0142 Siwiaszczyk na lotnisku ani kto musi odmawia\u0107 litani\u0119 do Matki Boskiej Korkowej. Ale potrafi te\u017c przemyci\u0107 nostalgi\u0119, pisz\u0105c:<\/p>\n\n\n\n<blockquote class=\"wp-block-quote is-layout-flow wp-block-quote-is-layout-flow\"><p>\u201e(\u2026) przypomnia\u0142 mu, \u017ce staro\u015b\u0107 to stan pog\u0142\u0119biaj\u0105cej si\u0119 samotno\u015bci. Jak drzewo na skraju lasu, kt\u00f3re z biegiem lat ma do zaoferowania \u015bwiatu coraz mniej \u2013 ju\u017c nie szum li\u015bci, a trzeszczenie pnia, nie pot\u0119g\u0119, a zgrabia\u0142e ga\u0142\u0119zie\u201d.<\/p><\/blockquote>\n\n\n\n<p>\u201ePunkty zapalne\u201d to soczysty krymina\u0142, z wieloma intryguj\u0105cymi w\u0105tkami, ods\u0142aniaj\u0105cy mroczn\u0105 stron\u0119 Woking. Przewodnikiem po tym mie\u015bcie jest charyzmatyczny Redfern, walcz\u0105cy ze z\u0142em, z niemi\u0142osiernie up\u0142ywaj\u0105cym czasem i w\u0142asnymi demonami do utraty si\u0142. Czego potrzeba wi\u0119cej? Hmm, kolejnego tomu?<\/p>\n\n\n\n<p>______<br>Anna Rozenberg \u201e<a href=\"https:\/\/czwartastrona.pl\/produkt\/punkty-zapalne\/\">Punkty zapalne<\/a>\u201d<br>Wydawnictwo Czwarta Strona Krymina\u0142u<\/p>\n","protected":false},"excerpt":{"rendered":"<p>\u201eEj, nie samobiczuj si\u0119 tutaj. Po prostu ludzie to nie sprawy do rozwi\u0105zania. Rusz troch\u0119 to swoje gliniane serce\u201d.<\/p>\n","protected":false},"author":1,"featured_media":3119,"comment_status":"open","ping_status":"open","sticky":false,"template":"","format":"standard","meta":{"om_disable_all_campaigns":false,"_exactmetrics_skip_tracking":false,"_exactmetrics_sitenote_active":false,"_exactmetrics_sitenote_note":"","_exactmetrics_sitenote_category":0,"_monsterinsights_skip_tracking":false,"_monsterinsights_sitenote_active":false,"_monsterinsights_sitenote_note":"","_monsterinsights_sitenote_category":0,"_uf_show_specific_survey":0,"_uf_disable_surveys":false,"footnotes":""},"categories":[7,3,8],"tags":[131,125],"yoast_head":"<!-- This site is optimized with the Yoast SEO plugin v22.9 - https:\/\/yoast.com\/wordpress\/plugins\/seo\/ -->\n<title>Recenzja - \u201ePunkty zapalne\u201d Anna Rozenberg - Literackie przeszpiegi<\/title>\n<meta name=\"description\" content=\"O \u201ePunktach zapalnych\u201d mo\u017cna z ca\u0142\u0105 pewno\u015bci\u0105 powiedzie\u0107, \u017ce to soczysty, wielow\u0105tkowy a przy tym starannie zaplanowany krymina\u0142.\" \/>\n<meta name=\"robots\" content=\"index, follow, max-snippet:-1, max-image-preview:large, max-video-preview:-1\" \/>\n<link rel=\"canonical\" href=\"https:\/\/literackieprzeszpiegi.pl\/index.php\/2021\/09\/16\/punkty-zapalne-anna-rozenberg\/\" \/>\n<meta property=\"og:locale\" content=\"pl_PL\" \/>\n<meta property=\"og:type\" content=\"article\" \/>\n<meta property=\"og:title\" content=\"Recenzja - &quot;Punkty zapalne&quot; Anna Rozenberg\" \/>\n<meta property=\"og:description\" content=\"O \u201ePunktach zapalnych\u201d mo\u017cna z ca\u0142\u0105 pewno\u015bci\u0105 powiedzie\u0107, \u017ce to soczysty, wielow\u0105tkowy a przy tym starannie zaplanowany krymina\u0142. %\" \/>\n<meta property=\"og:url\" content=\"https:\/\/literackieprzeszpiegi.pl\/index.php\/2021\/09\/16\/punkty-zapalne-anna-rozenberg\/\" \/>\n<meta property=\"og:site_name\" content=\"Literackie przeszpiegi\" \/>\n<meta property=\"article:published_time\" content=\"2021-09-16T11:55:59+00:00\" \/>\n<meta property=\"article:modified_time\" content=\"2021-09-16T13:52:26+00:00\" \/>\n<meta property=\"og:image\" content=\"https:\/\/literackieprzeszpiegi.pl\/wp-content\/uploads\/2021\/09\/Punkty-zapalne_Anna-Rozenberg.jpg\" \/>\n\t<meta property=\"og:image:width\" content=\"1105\" \/>\n\t<meta property=\"og:image:height\" content=\"750\" \/>\n\t<meta property=\"og:image:type\" content=\"image\/jpeg\" \/>\n<meta name=\"author\" content=\"Szpieg\" \/>\n<meta name=\"twitter:card\" content=\"summary_large_image\" \/>\n<meta name=\"twitter:label1\" content=\"Napisane przez\" \/>\n\t<meta name=\"twitter:data1\" content=\"Szpieg\" \/>\n\t<meta name=\"twitter:label2\" content=\"Szacowany czas czytania\" \/>\n\t<meta name=\"twitter:data2\" content=\"3 minuty\" \/>\n<script type=\"application\/ld+json\" class=\"yoast-schema-graph\">{\"@context\":\"https:\/\/schema.org\",\"@graph\":[{\"@type\":\"Article\",\"@id\":\"https:\/\/literackieprzeszpiegi.pl\/index.php\/2021\/09\/16\/punkty-zapalne-anna-rozenberg\/#article\",\"isPartOf\":{\"@id\":\"https:\/\/literackieprzeszpiegi.pl\/index.php\/2021\/09\/16\/punkty-zapalne-anna-rozenberg\/\"},\"author\":{\"name\":\"Szpieg\",\"@id\":\"https:\/\/literackieprzeszpiegi.pl\/#\/schema\/person\/fd5c4f317aed549d4833e6402ffea017\"},\"headline\":\"\u201ePunkty zapalne\u201d Anna Rozenberg\",\"datePublished\":\"2021-09-16T11:55:59+00:00\",\"dateModified\":\"2021-09-16T13:52:26+00:00\",\"mainEntityOfPage\":{\"@id\":\"https:\/\/literackieprzeszpiegi.pl\/index.php\/2021\/09\/16\/punkty-zapalne-anna-rozenberg\/\"},\"wordCount\":695,\"commentCount\":0,\"publisher\":{\"@id\":\"https:\/\/literackieprzeszpiegi.pl\/#organization\"},\"image\":{\"@id\":\"https:\/\/literackieprzeszpiegi.pl\/index.php\/2021\/09\/16\/punkty-zapalne-anna-rozenberg\/#primaryimage\"},\"thumbnailUrl\":\"https:\/\/literackieprzeszpiegi.pl\/wp-content\/uploads\/2021\/09\/Punkty-zapalne_Anna-Rozenberg.jpg\",\"keywords\":[\"Anna Rozenberg\",\"Czwarta Strona Krymina\u0142u\"],\"articleSection\":[\"Hit\",\"Rasowy krymina\u0142\",\"recenzje\"],\"inLanguage\":\"pl-PL\",\"potentialAction\":[{\"@type\":\"CommentAction\",\"name\":\"Comment\",\"target\":[\"https:\/\/literackieprzeszpiegi.pl\/index.php\/2021\/09\/16\/punkty-zapalne-anna-rozenberg\/#respond\"]}]},{\"@type\":\"WebPage\",\"@id\":\"https:\/\/literackieprzeszpiegi.pl\/index.php\/2021\/09\/16\/punkty-zapalne-anna-rozenberg\/\",\"url\":\"https:\/\/literackieprzeszpiegi.pl\/index.php\/2021\/09\/16\/punkty-zapalne-anna-rozenberg\/\",\"name\":\"Recenzja - \u201ePunkty zapalne\u201d Anna Rozenberg - Literackie przeszpiegi\",\"isPartOf\":{\"@id\":\"https:\/\/literackieprzeszpiegi.pl\/#website\"},\"primaryImageOfPage\":{\"@id\":\"https:\/\/literackieprzeszpiegi.pl\/index.php\/2021\/09\/16\/punkty-zapalne-anna-rozenberg\/#primaryimage\"},\"image\":{\"@id\":\"https:\/\/literackieprzeszpiegi.pl\/index.php\/2021\/09\/16\/punkty-zapalne-anna-rozenberg\/#primaryimage\"},\"thumbnailUrl\":\"https:\/\/literackieprzeszpiegi.pl\/wp-content\/uploads\/2021\/09\/Punkty-zapalne_Anna-Rozenberg.jpg\",\"datePublished\":\"2021-09-16T11:55:59+00:00\",\"dateModified\":\"2021-09-16T13:52:26+00:00\",\"description\":\"O \u201ePunktach zapalnych\u201d mo\u017cna z ca\u0142\u0105 pewno\u015bci\u0105 powiedzie\u0107, \u017ce to soczysty, wielow\u0105tkowy a przy tym starannie zaplanowany krymina\u0142.\",\"breadcrumb\":{\"@id\":\"https:\/\/literackieprzeszpiegi.pl\/index.php\/2021\/09\/16\/punkty-zapalne-anna-rozenberg\/#breadcrumb\"},\"inLanguage\":\"pl-PL\",\"potentialAction\":[{\"@type\":\"ReadAction\",\"target\":[\"https:\/\/literackieprzeszpiegi.pl\/index.php\/2021\/09\/16\/punkty-zapalne-anna-rozenberg\/\"]}]},{\"@type\":\"ImageObject\",\"inLanguage\":\"pl-PL\",\"@id\":\"https:\/\/literackieprzeszpiegi.pl\/index.php\/2021\/09\/16\/punkty-zapalne-anna-rozenberg\/#primaryimage\",\"url\":\"https:\/\/literackieprzeszpiegi.pl\/wp-content\/uploads\/2021\/09\/Punkty-zapalne_Anna-Rozenberg.jpg\",\"contentUrl\":\"https:\/\/literackieprzeszpiegi.pl\/wp-content\/uploads\/2021\/09\/Punkty-zapalne_Anna-Rozenberg.jpg\",\"width\":1105,\"height\":750},{\"@type\":\"BreadcrumbList\",\"@id\":\"https:\/\/literackieprzeszpiegi.pl\/index.php\/2021\/09\/16\/punkty-zapalne-anna-rozenberg\/#breadcrumb\",\"itemListElement\":[{\"@type\":\"ListItem\",\"position\":1,\"name\":\"Home\",\"item\":\"https:\/\/literackieprzeszpiegi.pl\/\"},{\"@type\":\"ListItem\",\"position\":2,\"name\":\"\u201ePunkty zapalne\u201d Anna Rozenberg\"}]},{\"@type\":\"WebSite\",\"@id\":\"https:\/\/literackieprzeszpiegi.pl\/#website\",\"url\":\"https:\/\/literackieprzeszpiegi.pl\/\",\"name\":\"Literackie przeszpiegi\",\"description\":\"blog o ksi\u0105\u017ckach\",\"publisher\":{\"@id\":\"https:\/\/literackieprzeszpiegi.pl\/#organization\"},\"potentialAction\":[{\"@type\":\"SearchAction\",\"target\":{\"@type\":\"EntryPoint\",\"urlTemplate\":\"https:\/\/literackieprzeszpiegi.pl\/?s={search_term_string}\"},\"query-input\":\"required name=search_term_string\"}],\"inLanguage\":\"pl-PL\"},{\"@type\":\"Organization\",\"@id\":\"https:\/\/literackieprzeszpiegi.pl\/#organization\",\"name\":\"Literackie przeszpiegi\",\"url\":\"https:\/\/literackieprzeszpiegi.pl\/\",\"logo\":{\"@type\":\"ImageObject\",\"inLanguage\":\"pl-PL\",\"@id\":\"https:\/\/literackieprzeszpiegi.pl\/#\/schema\/logo\/image\/\",\"url\":\"https:\/\/literackieprzeszpiegi.pl\/wp-content\/uploads\/2021\/01\/cropped-cropped-Literackie-przeszpiegi-1.png\",\"contentUrl\":\"https:\/\/literackieprzeszpiegi.pl\/wp-content\/uploads\/2021\/01\/cropped-cropped-Literackie-przeszpiegi-1.png\",\"width\":499,\"height\":142,\"caption\":\"Literackie przeszpiegi\"},\"image\":{\"@id\":\"https:\/\/literackieprzeszpiegi.pl\/#\/schema\/logo\/image\/\"}},{\"@type\":\"Person\",\"@id\":\"https:\/\/literackieprzeszpiegi.pl\/#\/schema\/person\/fd5c4f317aed549d4833e6402ffea017\",\"name\":\"Szpieg\",\"image\":{\"@type\":\"ImageObject\",\"inLanguage\":\"pl-PL\",\"@id\":\"https:\/\/literackieprzeszpiegi.pl\/#\/schema\/person\/image\/\",\"url\":\"https:\/\/secure.gravatar.com\/avatar\/45a17869257e08975d929f204ef78290?s=96&d=mm&r=g\",\"contentUrl\":\"https:\/\/secure.gravatar.com\/avatar\/45a17869257e08975d929f204ef78290?s=96&d=mm&r=g\",\"caption\":\"Szpieg\"},\"url\":\"https:\/\/literackieprzeszpiegi.pl\/index.php\/author\/admin\/\"}]}<\/script>\n<!-- \/ Yoast SEO plugin. -->","yoast_head_json":{"title":"Recenzja - \u201ePunkty zapalne\u201d Anna Rozenberg - Literackie przeszpiegi","description":"O \u201ePunktach zapalnych\u201d mo\u017cna z ca\u0142\u0105 pewno\u015bci\u0105 powiedzie\u0107, \u017ce to soczysty, wielow\u0105tkowy a przy tym starannie zaplanowany krymina\u0142.","robots":{"index":"index","follow":"follow","max-snippet":"max-snippet:-1","max-image-preview":"max-image-preview:large","max-video-preview":"max-video-preview:-1"},"canonical":"https:\/\/literackieprzeszpiegi.pl\/index.php\/2021\/09\/16\/punkty-zapalne-anna-rozenberg\/","og_locale":"pl_PL","og_type":"article","og_title":"Recenzja - \"Punkty zapalne\" Anna Rozenberg","og_description":"O \u201ePunktach zapalnych\u201d mo\u017cna z ca\u0142\u0105 pewno\u015bci\u0105 powiedzie\u0107, \u017ce to soczysty, wielow\u0105tkowy a przy tym starannie zaplanowany krymina\u0142. %","og_url":"https:\/\/literackieprzeszpiegi.pl\/index.php\/2021\/09\/16\/punkty-zapalne-anna-rozenberg\/","og_site_name":"Literackie przeszpiegi","article_published_time":"2021-09-16T11:55:59+00:00","article_modified_time":"2021-09-16T13:52:26+00:00","og_image":[{"width":1105,"height":750,"url":"https:\/\/literackieprzeszpiegi.pl\/wp-content\/uploads\/2021\/09\/Punkty-zapalne_Anna-Rozenberg.jpg","type":"image\/jpeg"}],"author":"Szpieg","twitter_card":"summary_large_image","twitter_misc":{"Napisane przez":"Szpieg","Szacowany czas czytania":"3 minuty"},"schema":{"@context":"https:\/\/schema.org","@graph":[{"@type":"Article","@id":"https:\/\/literackieprzeszpiegi.pl\/index.php\/2021\/09\/16\/punkty-zapalne-anna-rozenberg\/#article","isPartOf":{"@id":"https:\/\/literackieprzeszpiegi.pl\/index.php\/2021\/09\/16\/punkty-zapalne-anna-rozenberg\/"},"author":{"name":"Szpieg","@id":"https:\/\/literackieprzeszpiegi.pl\/#\/schema\/person\/fd5c4f317aed549d4833e6402ffea017"},"headline":"\u201ePunkty zapalne\u201d Anna Rozenberg","datePublished":"2021-09-16T11:55:59+00:00","dateModified":"2021-09-16T13:52:26+00:00","mainEntityOfPage":{"@id":"https:\/\/literackieprzeszpiegi.pl\/index.php\/2021\/09\/16\/punkty-zapalne-anna-rozenberg\/"},"wordCount":695,"commentCount":0,"publisher":{"@id":"https:\/\/literackieprzeszpiegi.pl\/#organization"},"image":{"@id":"https:\/\/literackieprzeszpiegi.pl\/index.php\/2021\/09\/16\/punkty-zapalne-anna-rozenberg\/#primaryimage"},"thumbnailUrl":"https:\/\/literackieprzeszpiegi.pl\/wp-content\/uploads\/2021\/09\/Punkty-zapalne_Anna-Rozenberg.jpg","keywords":["Anna Rozenberg","Czwarta Strona Krymina\u0142u"],"articleSection":["Hit","Rasowy krymina\u0142","recenzje"],"inLanguage":"pl-PL","potentialAction":[{"@type":"CommentAction","name":"Comment","target":["https:\/\/literackieprzeszpiegi.pl\/index.php\/2021\/09\/16\/punkty-zapalne-anna-rozenberg\/#respond"]}]},{"@type":"WebPage","@id":"https:\/\/literackieprzeszpiegi.pl\/index.php\/2021\/09\/16\/punkty-zapalne-anna-rozenberg\/","url":"https:\/\/literackieprzeszpiegi.pl\/index.php\/2021\/09\/16\/punkty-zapalne-anna-rozenberg\/","name":"Recenzja - \u201ePunkty zapalne\u201d Anna Rozenberg - Literackie przeszpiegi","isPartOf":{"@id":"https:\/\/literackieprzeszpiegi.pl\/#website"},"primaryImageOfPage":{"@id":"https:\/\/literackieprzeszpiegi.pl\/index.php\/2021\/09\/16\/punkty-zapalne-anna-rozenberg\/#primaryimage"},"image":{"@id":"https:\/\/literackieprzeszpiegi.pl\/index.php\/2021\/09\/16\/punkty-zapalne-anna-rozenberg\/#primaryimage"},"thumbnailUrl":"https:\/\/literackieprzeszpiegi.pl\/wp-content\/uploads\/2021\/09\/Punkty-zapalne_Anna-Rozenberg.jpg","datePublished":"2021-09-16T11:55:59+00:00","dateModified":"2021-09-16T13:52:26+00:00","description":"O \u201ePunktach zapalnych\u201d mo\u017cna z ca\u0142\u0105 pewno\u015bci\u0105 powiedzie\u0107, \u017ce to soczysty, wielow\u0105tkowy a przy tym starannie zaplanowany krymina\u0142.","breadcrumb":{"@id":"https:\/\/literackieprzeszpiegi.pl\/index.php\/2021\/09\/16\/punkty-zapalne-anna-rozenberg\/#breadcrumb"},"inLanguage":"pl-PL","potentialAction":[{"@type":"ReadAction","target":["https:\/\/literackieprzeszpiegi.pl\/index.php\/2021\/09\/16\/punkty-zapalne-anna-rozenberg\/"]}]},{"@type":"ImageObject","inLanguage":"pl-PL","@id":"https:\/\/literackieprzeszpiegi.pl\/index.php\/2021\/09\/16\/punkty-zapalne-anna-rozenberg\/#primaryimage","url":"https:\/\/literackieprzeszpiegi.pl\/wp-content\/uploads\/2021\/09\/Punkty-zapalne_Anna-Rozenberg.jpg","contentUrl":"https:\/\/literackieprzeszpiegi.pl\/wp-content\/uploads\/2021\/09\/Punkty-zapalne_Anna-Rozenberg.jpg","width":1105,"height":750},{"@type":"BreadcrumbList","@id":"https:\/\/literackieprzeszpiegi.pl\/index.php\/2021\/09\/16\/punkty-zapalne-anna-rozenberg\/#breadcrumb","itemListElement":[{"@type":"ListItem","position":1,"name":"Home","item":"https:\/\/literackieprzeszpiegi.pl\/"},{"@type":"ListItem","position":2,"name":"\u201ePunkty zapalne\u201d Anna Rozenberg"}]},{"@type":"WebSite","@id":"https:\/\/literackieprzeszpiegi.pl\/#website","url":"https:\/\/literackieprzeszpiegi.pl\/","name":"Literackie przeszpiegi","description":"blog o ksi\u0105\u017ckach","publisher":{"@id":"https:\/\/literackieprzeszpiegi.pl\/#organization"},"potentialAction":[{"@type":"SearchAction","target":{"@type":"EntryPoint","urlTemplate":"https:\/\/literackieprzeszpiegi.pl\/?s={search_term_string}"},"query-input":"required name=search_term_string"}],"inLanguage":"pl-PL"},{"@type":"Organization","@id":"https:\/\/literackieprzeszpiegi.pl\/#organization","name":"Literackie przeszpiegi","url":"https:\/\/literackieprzeszpiegi.pl\/","logo":{"@type":"ImageObject","inLanguage":"pl-PL","@id":"https:\/\/literackieprzeszpiegi.pl\/#\/schema\/logo\/image\/","url":"https:\/\/literackieprzeszpiegi.pl\/wp-content\/uploads\/2021\/01\/cropped-cropped-Literackie-przeszpiegi-1.png","contentUrl":"https:\/\/literackieprzeszpiegi.pl\/wp-content\/uploads\/2021\/01\/cropped-cropped-Literackie-przeszpiegi-1.png","width":499,"height":142,"caption":"Literackie przeszpiegi"},"image":{"@id":"https:\/\/literackieprzeszpiegi.pl\/#\/schema\/logo\/image\/"}},{"@type":"Person","@id":"https:\/\/literackieprzeszpiegi.pl\/#\/schema\/person\/fd5c4f317aed549d4833e6402ffea017","name":"Szpieg","image":{"@type":"ImageObject","inLanguage":"pl-PL","@id":"https:\/\/literackieprzeszpiegi.pl\/#\/schema\/person\/image\/","url":"https:\/\/secure.gravatar.com\/avatar\/45a17869257e08975d929f204ef78290?s=96&d=mm&r=g","contentUrl":"https:\/\/secure.gravatar.com\/avatar\/45a17869257e08975d929f204ef78290?s=96&d=mm&r=g","caption":"Szpieg"},"url":"https:\/\/literackieprzeszpiegi.pl\/index.php\/author\/admin\/"}]}},"_links":{"self":[{"href":"https:\/\/literackieprzeszpiegi.pl\/index.php\/wp-json\/wp\/v2\/posts\/3118"}],"collection":[{"href":"https:\/\/literackieprzeszpiegi.pl\/index.php\/wp-json\/wp\/v2\/posts"}],"about":[{"href":"https:\/\/literackieprzeszpiegi.pl\/index.php\/wp-json\/wp\/v2\/types\/post"}],"author":[{"embeddable":true,"href":"https:\/\/literackieprzeszpiegi.pl\/index.php\/wp-json\/wp\/v2\/users\/1"}],"replies":[{"embeddable":true,"href":"https:\/\/literackieprzeszpiegi.pl\/index.php\/wp-json\/wp\/v2\/comments?post=3118"}],"version-history":[{"count":3,"href":"https:\/\/literackieprzeszpiegi.pl\/index.php\/wp-json\/wp\/v2\/posts\/3118\/revisions"}],"predecessor-version":[{"id":3122,"href":"https:\/\/literackieprzeszpiegi.pl\/index.php\/wp-json\/wp\/v2\/posts\/3118\/revisions\/3122"}],"wp:featuredmedia":[{"embeddable":true,"href":"https:\/\/literackieprzeszpiegi.pl\/index.php\/wp-json\/wp\/v2\/media\/3119"}],"wp:attachment":[{"href":"https:\/\/literackieprzeszpiegi.pl\/index.php\/wp-json\/wp\/v2\/media?parent=3118"}],"wp:term":[{"taxonomy":"category","embeddable":true,"href":"https:\/\/literackieprzeszpiegi.pl\/index.php\/wp-json\/wp\/v2\/categories?post=3118"},{"taxonomy":"post_tag","embeddable":true,"href":"https:\/\/literackieprzeszpiegi.pl\/index.php\/wp-json\/wp\/v2\/tags?post=3118"}],"curies":[{"name":"wp","href":"https:\/\/api.w.org\/{rel}","templated":true}]}}