{"id":3178,"date":"2021-12-03T19:44:09","date_gmt":"2021-12-03T18:44:09","guid":{"rendered":"http:\/\/literackieprzeszpiegi.pl\/?p=3178"},"modified":"2021-12-03T21:28:40","modified_gmt":"2021-12-03T20:28:40","slug":"cuda-codziennosci-maria-paszynska","status":"publish","type":"post","link":"https:\/\/literackieprzeszpiegi.pl\/index.php\/2021\/12\/03\/cuda-codziennosci-maria-paszynska\/","title":{"rendered":"\u201eCuda codzienno\u015bci\u201d Maria Paszy\u0144ska"},"content":{"rendered":"\n<h2 class=\"wp-block-heading\">\u201eCokolwiek si\u0119 wydarzy\u0142o, on zawsze by\u0142 przy niej i nadal b\u0119dzie. Dok\u0105dkolwiek powiedzie ich los, b\u0119d\u0105 trzymali si\u0119 za r\u0119ce jak teraz, dop\u00f3ki \u015bmier\u0107 im tych d\u0142oni nie rozplecie i jednego nie zostawi samotnym\u201d.<\/h2>\n\n\n\n<!--more-->\n\n\n\n<p>W Wigili\u0119 pewne rzeczy nie dziej\u0105 si\u0119 bez przyczyny. W ten \u015bnie\u017cny dzie\u0144 roku 1863 rodzi si\u0119 Maciej Ciszak \u2013 ch\u0142opiec o anielskiej urodzie, kt\u00f3remu nie wr\u00f3\u017c\u0105 d\u0142ugiego \u017cycia. Dok\u0142adnie siedemna\u015bcie lat p\u00f3\u017aniej los przywi\u00f3d\u0142 do ku\u017ani jego ojca Staszk\u0119, 12-letni\u0105 c\u00f3rk\u0119 m\u0142ynarza. Zamienili ze sob\u0105 raptem kilka s\u0142\u00f3w, ale zostali na lata ze \u015bwiadomo\u015bci\u0105, \u017ce s\u0105 sobie przeznaczeni. Czy Staszk\u0119 i Macieja po\u0142\u0105czy\u0142a ich inno\u015b\u0107 lub przekonanie, \u017ce razem stworz\u0105 rodzin\u0119, kt\u00f3ra b\u0119dzie dla nich opok\u0105 zawsze i wsz\u0119dzie? A mo\u017ce pogo\u0144 za marzeniami, by z prostej i wiejskiej Lubelszczyzny wyjecha\u0107 do Warszawy, kt\u00f3ra okazuje si\u0119 pi\u0119kniejsza ani\u017celi w Maciejowych snach?<\/p>\n\n\n\n<p>Zastanawiali\u015bcie si\u0119 kiedy\u015b, jak to jest zna\u0107 swoj\u0105 przysz\u0142o\u015b\u0107? Mie\u0107 w sobie niezachwian\u0105 pewno\u015b\u0107, kt\u00f3r\u0119dy b\u0119dzie biec \u017cyciowa droga i kto b\u0119dzie twoim towarzyszem? Maciej Ciszak to wszystko wiedzia\u0142, tak po prostu. Wiedzia\u0142, \u017ce przeznaczone jest mu \u017cycie w Warszawie a nie w prostej cha\u0142upie na Lubelszczy\u017anie. Staszka zaufa\u0142a jego intuicji, przeczuwaj\u0105c, \u017ce jakkolwiek b\u0119dzie wygl\u0105da\u0107 ich codzienno\u015b\u0107, na pewno nie b\u0119dzie straszna u jego boku.<\/p>\n\n\n\n<p>I w\u0142a\u015bnie o tym s\u0105 \u201eCuda codzienno\u015bci\u201d. O rodzinie, dla kt\u00f3rej ka\u017cdy wsp\u00f3lny dzie\u0144 jest ma\u0142ym \u015bwi\u0119tem. \u015awiat si\u0119 zmienia, p\u0119dzi ku nowoczesno\u015bci, dzieci rosn\u0105, Staszce i Maciejowi przybywa zmarszczek i siwych w\u0142os\u00f3w, ale wci\u0105\u017c maj\u0105 siebie. To zadziwiaj\u0105ce, jak dwoje ludzi, kt\u00f3rych rodzinne historie odbiega\u0142y od tych tradycyjnych, potrafi\u0142o stworzy\u0107 tak kochaj\u0105c\u0105 si\u0119 rodzin\u0119. W dzieciach wypatruj\u0105 swoich miniatur, szukaj\u0105 podobie\u0144stw charakter\u00f3w, u\u015bmiechu, czy cho\u0107by zakrzywiania brwi. Jakkolwiek by si\u0119 potoczy\u0142y ich losy, zawsze mog\u0105 liczy\u0107 na siebie, na nieme zapewnienie, \u017ce b\u0119dzie dobrze; mog\u0105 liczy\u0107 na otuch\u0119, kt\u00f3ra nie pozwoli im zw\u0105tpi\u0107 ani przez chwil\u0119.<\/p>\n\n\n\n<blockquote class=\"wp-block-quote is-layout-flow wp-block-quote-is-layout-flow\"><p>\u201eOto spe\u0142ni\u0142a si\u0119 obietnica sprzed lat, w kt\u00f3r\u0105 oboje uwierzyli, cho\u0107 przecie nie pad\u0142o \u017cadne s\u0142owo. Maciej by\u0142 jej, a ona jego i nic pod niebem nie by\u0142o w stanie tego zmieni\u0107, bo tego, co Pan B\u00f3g z\u0142\u0105czy\u0142, cz\u0142owiek nie m\u00f3g\u0142 rozdzieli\u0107\u201d.<\/p><\/blockquote>\n\n\n\n<p>Sporo miejsca Maria Paszy\u0144ska po\u015bwi\u0119ci\u0142a na przywo\u0142anie i opisanie zwyczaj\u00f3w, zwi\u0105zanych z rytmem \u017cycia, ze \u015bwi\u0119tami i z gospodarstwem. Opowie\u015bci te wzruszaj\u0105, czasem przera\u017caj\u0105, ale te\u017c i przywo\u0142uj\u0105 u\u015bmiech na twarzy. \u0141\u0105cz\u0105 rodzin\u0119 w jedno\u015b\u0107, jak cho\u0107by przygotowania do \u015bwi\u0105t, wsp\u00f3lne posi\u0142ki czy celebrowanie zwyczaju zostawiania pustego miejsca przy wigilijnym stole. Chocia\u017c korzenie Ciszak\u00f3w zosta\u0142y na Lubelszczy\u017anie, w Warszawie nie zapomnieli do ko\u0144ca o tym, czego nauczyli ich rodzice i dziadkowie.<\/p>\n\n\n\n<p>\u201eCuda codzienno\u015bci\u201d opowiadaj\u0105 histori\u0119 nieco inn\u0105 ani\u017celi przyzwyczai\u0142a nas ostatnimi czasy autorka. W tej opowie\u015bci wichry historii a\u017c tak mocno nie poniewieraj\u0105 bohaterami. Owszem, wida\u0107 echa powstania styczniowego, czy echa walk na froncie, wida\u0107 zakradaj\u0105c\u0105 si\u0119 nowoczesno\u015b\u0107, ale to wszystko po to, by pokaza\u0107, \u017ce rodzina jest najwa\u017cniejsza.<\/p>\n\n\n\n<p>_______<\/p>\n\n\n\n<p>Maria Paszy\u0144ska \u201eCuda codzienno\u015bci\u201d<br>Wydawnictwo Ksi\u0105\u017cnica<\/p>\n","protected":false},"excerpt":{"rendered":"<p>\u201eCokolwiek si\u0119 wydarzy\u0142o, on zawsze by\u0142 przy niej i nadal b\u0119dzie. Dok\u0105dkolwiek powiedzie ich los, b\u0119d\u0105 trzymali si\u0119 za r\u0119ce jak teraz, dop\u00f3ki \u015bmier\u0107 im tych d\u0142oni nie rozplecie i&hellip;<\/p>\n","protected":false},"author":1,"featured_media":3180,"comment_status":"open","ping_status":"open","sticky":false,"template":"","format":"standard","meta":{"om_disable_all_campaigns":false,"_exactmetrics_skip_tracking":false,"_exactmetrics_sitenote_active":false,"_exactmetrics_sitenote_note":"","_exactmetrics_sitenote_category":0,"_monsterinsights_skip_tracking":false,"_monsterinsights_sitenote_active":false,"_monsterinsights_sitenote_note":"","_monsterinsights_sitenote_category":0,"_uf_show_specific_survey":0,"_uf_disable_surveys":false,"footnotes":""},"categories":[7,5],"tags":[108,133],"yoast_head":"<!-- This site is optimized with the Yoast SEO plugin v22.9 - https:\/\/yoast.com\/wordpress\/plugins\/seo\/ -->\n<title>\u201eCuda codzienno\u015bci\u201d Maria Paszy\u0144ska - recenzja Literackie przeszpiegi<\/title>\n<meta name=\"description\" content=\"&quot;Maciej by\u0142 jej, a ona by\u0142a jego i nic pod niebem nie by\u0142o wstanie tego zmieni\u0107, bo tego, co Pan B\u00f3g z\u0142\u0105czy\u0142, cz\u0142owiek nie m\u00f3g\u0142 rozdzieli\u0107&quot;.\" \/>\n<meta name=\"robots\" content=\"index, follow, max-snippet:-1, max-image-preview:large, max-video-preview:-1\" \/>\n<link rel=\"canonical\" href=\"https:\/\/literackieprzeszpiegi.pl\/index.php\/2021\/12\/03\/cuda-codziennosci-maria-paszynska\/\" \/>\n<meta property=\"og:locale\" content=\"pl_PL\" \/>\n<meta property=\"og:type\" content=\"article\" \/>\n<meta property=\"og:title\" content=\"Recenzja &quot;Cuda codzienno\u015bci&quot; Maria Paszy\u0144ska\" \/>\n<meta property=\"og:description\" content=\"&quot;Maciej by\u0142 jej, a ona by\u0142a jego i nic pod niebem nie by\u0142o w stanie tego zmieni\u0107, bo tego, co Pan B\u00f3g z\u0142\u0105czy\u0142, cz\u0142owiek nie m\u00f3g\u0142 rozdzieli\u0107\u201d.\" \/>\n<meta property=\"og:url\" content=\"https:\/\/literackieprzeszpiegi.pl\/index.php\/2021\/12\/03\/cuda-codziennosci-maria-paszynska\/\" \/>\n<meta property=\"og:site_name\" content=\"Literackie przeszpiegi\" \/>\n<meta property=\"article:published_time\" content=\"2021-12-03T18:44:09+00:00\" \/>\n<meta property=\"article:modified_time\" content=\"2021-12-03T20:28:40+00:00\" \/>\n<meta property=\"og:image\" content=\"https:\/\/literackieprzeszpiegi.pl\/wp-content\/uploads\/2021\/12\/Cuda-codziennosci_Maria-Paszynska-1.jpg\" \/>\n\t<meta property=\"og:image:width\" content=\"840\" \/>\n\t<meta property=\"og:image:height\" content=\"630\" \/>\n\t<meta property=\"og:image:type\" content=\"image\/jpeg\" \/>\n<meta name=\"author\" content=\"Szpieg\" \/>\n<meta name=\"twitter:card\" content=\"summary_large_image\" \/>\n<meta name=\"twitter:label1\" content=\"Napisane przez\" \/>\n\t<meta name=\"twitter:data1\" content=\"Szpieg\" \/>\n\t<meta name=\"twitter:label2\" content=\"Szacowany czas czytania\" \/>\n\t<meta name=\"twitter:data2\" content=\"3 minuty\" \/>\n<script type=\"application\/ld+json\" class=\"yoast-schema-graph\">{\"@context\":\"https:\/\/schema.org\",\"@graph\":[{\"@type\":\"Article\",\"@id\":\"https:\/\/literackieprzeszpiegi.pl\/index.php\/2021\/12\/03\/cuda-codziennosci-maria-paszynska\/#article\",\"isPartOf\":{\"@id\":\"https:\/\/literackieprzeszpiegi.pl\/index.php\/2021\/12\/03\/cuda-codziennosci-maria-paszynska\/\"},\"author\":{\"name\":\"Szpieg\",\"@id\":\"https:\/\/literackieprzeszpiegi.pl\/#\/schema\/person\/fd5c4f317aed549d4833e6402ffea017\"},\"headline\":\"\u201eCuda codzienno\u015bci\u201d Maria Paszy\u0144ska\",\"datePublished\":\"2021-12-03T18:44:09+00:00\",\"dateModified\":\"2021-12-03T20:28:40+00:00\",\"mainEntityOfPage\":{\"@id\":\"https:\/\/literackieprzeszpiegi.pl\/index.php\/2021\/12\/03\/cuda-codziennosci-maria-paszynska\/\"},\"wordCount\":576,\"commentCount\":0,\"publisher\":{\"@id\":\"https:\/\/literackieprzeszpiegi.pl\/#organization\"},\"image\":{\"@id\":\"https:\/\/literackieprzeszpiegi.pl\/index.php\/2021\/12\/03\/cuda-codziennosci-maria-paszynska\/#primaryimage\"},\"thumbnailUrl\":\"https:\/\/literackieprzeszpiegi.pl\/wp-content\/uploads\/2021\/12\/Cuda-codziennosci_Maria-Paszynska-1.jpg\",\"keywords\":[\"Ksi\u0105\u017cnica\",\"Maria Paszy\u0144ska\"],\"articleSection\":[\"Hit\",\"P\u00f3\u0142ka z przesz\u0142o\u015bci\"],\"inLanguage\":\"pl-PL\",\"potentialAction\":[{\"@type\":\"CommentAction\",\"name\":\"Comment\",\"target\":[\"https:\/\/literackieprzeszpiegi.pl\/index.php\/2021\/12\/03\/cuda-codziennosci-maria-paszynska\/#respond\"]}]},{\"@type\":\"WebPage\",\"@id\":\"https:\/\/literackieprzeszpiegi.pl\/index.php\/2021\/12\/03\/cuda-codziennosci-maria-paszynska\/\",\"url\":\"https:\/\/literackieprzeszpiegi.pl\/index.php\/2021\/12\/03\/cuda-codziennosci-maria-paszynska\/\",\"name\":\"\u201eCuda codzienno\u015bci\u201d Maria Paszy\u0144ska - recenzja Literackie przeszpiegi\",\"isPartOf\":{\"@id\":\"https:\/\/literackieprzeszpiegi.pl\/#website\"},\"primaryImageOfPage\":{\"@id\":\"https:\/\/literackieprzeszpiegi.pl\/index.php\/2021\/12\/03\/cuda-codziennosci-maria-paszynska\/#primaryimage\"},\"image\":{\"@id\":\"https:\/\/literackieprzeszpiegi.pl\/index.php\/2021\/12\/03\/cuda-codziennosci-maria-paszynska\/#primaryimage\"},\"thumbnailUrl\":\"https:\/\/literackieprzeszpiegi.pl\/wp-content\/uploads\/2021\/12\/Cuda-codziennosci_Maria-Paszynska-1.jpg\",\"datePublished\":\"2021-12-03T18:44:09+00:00\",\"dateModified\":\"2021-12-03T20:28:40+00:00\",\"description\":\"\\\"Maciej by\u0142 jej, a ona by\u0142a jego i nic pod niebem nie by\u0142o wstanie tego zmieni\u0107, bo tego, co Pan B\u00f3g z\u0142\u0105czy\u0142, cz\u0142owiek nie m\u00f3g\u0142 rozdzieli\u0107\\\".\",\"breadcrumb\":{\"@id\":\"https:\/\/literackieprzeszpiegi.pl\/index.php\/2021\/12\/03\/cuda-codziennosci-maria-paszynska\/#breadcrumb\"},\"inLanguage\":\"pl-PL\",\"potentialAction\":[{\"@type\":\"ReadAction\",\"target\":[\"https:\/\/literackieprzeszpiegi.pl\/index.php\/2021\/12\/03\/cuda-codziennosci-maria-paszynska\/\"]}]},{\"@type\":\"ImageObject\",\"inLanguage\":\"pl-PL\",\"@id\":\"https:\/\/literackieprzeszpiegi.pl\/index.php\/2021\/12\/03\/cuda-codziennosci-maria-paszynska\/#primaryimage\",\"url\":\"https:\/\/literackieprzeszpiegi.pl\/wp-content\/uploads\/2021\/12\/Cuda-codziennosci_Maria-Paszynska-1.jpg\",\"contentUrl\":\"https:\/\/literackieprzeszpiegi.pl\/wp-content\/uploads\/2021\/12\/Cuda-codziennosci_Maria-Paszynska-1.jpg\",\"width\":840,\"height\":630},{\"@type\":\"BreadcrumbList\",\"@id\":\"https:\/\/literackieprzeszpiegi.pl\/index.php\/2021\/12\/03\/cuda-codziennosci-maria-paszynska\/#breadcrumb\",\"itemListElement\":[{\"@type\":\"ListItem\",\"position\":1,\"name\":\"Home\",\"item\":\"https:\/\/literackieprzeszpiegi.pl\/\"},{\"@type\":\"ListItem\",\"position\":2,\"name\":\"\u201eCuda codzienno\u015bci\u201d Maria Paszy\u0144ska\"}]},{\"@type\":\"WebSite\",\"@id\":\"https:\/\/literackieprzeszpiegi.pl\/#website\",\"url\":\"https:\/\/literackieprzeszpiegi.pl\/\",\"name\":\"Literackie przeszpiegi\",\"description\":\"blog o ksi\u0105\u017ckach\",\"publisher\":{\"@id\":\"https:\/\/literackieprzeszpiegi.pl\/#organization\"},\"potentialAction\":[{\"@type\":\"SearchAction\",\"target\":{\"@type\":\"EntryPoint\",\"urlTemplate\":\"https:\/\/literackieprzeszpiegi.pl\/?s={search_term_string}\"},\"query-input\":\"required name=search_term_string\"}],\"inLanguage\":\"pl-PL\"},{\"@type\":\"Organization\",\"@id\":\"https:\/\/literackieprzeszpiegi.pl\/#organization\",\"name\":\"Literackie przeszpiegi\",\"url\":\"https:\/\/literackieprzeszpiegi.pl\/\",\"logo\":{\"@type\":\"ImageObject\",\"inLanguage\":\"pl-PL\",\"@id\":\"https:\/\/literackieprzeszpiegi.pl\/#\/schema\/logo\/image\/\",\"url\":\"https:\/\/literackieprzeszpiegi.pl\/wp-content\/uploads\/2021\/01\/cropped-cropped-Literackie-przeszpiegi-1.png\",\"contentUrl\":\"https:\/\/literackieprzeszpiegi.pl\/wp-content\/uploads\/2021\/01\/cropped-cropped-Literackie-przeszpiegi-1.png\",\"width\":499,\"height\":142,\"caption\":\"Literackie przeszpiegi\"},\"image\":{\"@id\":\"https:\/\/literackieprzeszpiegi.pl\/#\/schema\/logo\/image\/\"}},{\"@type\":\"Person\",\"@id\":\"https:\/\/literackieprzeszpiegi.pl\/#\/schema\/person\/fd5c4f317aed549d4833e6402ffea017\",\"name\":\"Szpieg\",\"image\":{\"@type\":\"ImageObject\",\"inLanguage\":\"pl-PL\",\"@id\":\"https:\/\/literackieprzeszpiegi.pl\/#\/schema\/person\/image\/\",\"url\":\"https:\/\/secure.gravatar.com\/avatar\/45a17869257e08975d929f204ef78290?s=96&d=mm&r=g\",\"contentUrl\":\"https:\/\/secure.gravatar.com\/avatar\/45a17869257e08975d929f204ef78290?s=96&d=mm&r=g\",\"caption\":\"Szpieg\"},\"url\":\"https:\/\/literackieprzeszpiegi.pl\/index.php\/author\/admin\/\"}]}<\/script>\n<!-- \/ Yoast SEO plugin. -->","yoast_head_json":{"title":"\u201eCuda codzienno\u015bci\u201d Maria Paszy\u0144ska - recenzja Literackie przeszpiegi","description":"\"Maciej by\u0142 jej, a ona by\u0142a jego i nic pod niebem nie by\u0142o wstanie tego zmieni\u0107, bo tego, co Pan B\u00f3g z\u0142\u0105czy\u0142, cz\u0142owiek nie m\u00f3g\u0142 rozdzieli\u0107\".","robots":{"index":"index","follow":"follow","max-snippet":"max-snippet:-1","max-image-preview":"max-image-preview:large","max-video-preview":"max-video-preview:-1"},"canonical":"https:\/\/literackieprzeszpiegi.pl\/index.php\/2021\/12\/03\/cuda-codziennosci-maria-paszynska\/","og_locale":"pl_PL","og_type":"article","og_title":"Recenzja \"Cuda codzienno\u015bci\" Maria Paszy\u0144ska","og_description":"\"Maciej by\u0142 jej, a ona by\u0142a jego i nic pod niebem nie by\u0142o w stanie tego zmieni\u0107, bo tego, co Pan B\u00f3g z\u0142\u0105czy\u0142, cz\u0142owiek nie m\u00f3g\u0142 rozdzieli\u0107\u201d.","og_url":"https:\/\/literackieprzeszpiegi.pl\/index.php\/2021\/12\/03\/cuda-codziennosci-maria-paszynska\/","og_site_name":"Literackie przeszpiegi","article_published_time":"2021-12-03T18:44:09+00:00","article_modified_time":"2021-12-03T20:28:40+00:00","og_image":[{"width":840,"height":630,"url":"https:\/\/literackieprzeszpiegi.pl\/wp-content\/uploads\/2021\/12\/Cuda-codziennosci_Maria-Paszynska-1.jpg","type":"image\/jpeg"}],"author":"Szpieg","twitter_card":"summary_large_image","twitter_misc":{"Napisane przez":"Szpieg","Szacowany czas czytania":"3 minuty"},"schema":{"@context":"https:\/\/schema.org","@graph":[{"@type":"Article","@id":"https:\/\/literackieprzeszpiegi.pl\/index.php\/2021\/12\/03\/cuda-codziennosci-maria-paszynska\/#article","isPartOf":{"@id":"https:\/\/literackieprzeszpiegi.pl\/index.php\/2021\/12\/03\/cuda-codziennosci-maria-paszynska\/"},"author":{"name":"Szpieg","@id":"https:\/\/literackieprzeszpiegi.pl\/#\/schema\/person\/fd5c4f317aed549d4833e6402ffea017"},"headline":"\u201eCuda codzienno\u015bci\u201d Maria Paszy\u0144ska","datePublished":"2021-12-03T18:44:09+00:00","dateModified":"2021-12-03T20:28:40+00:00","mainEntityOfPage":{"@id":"https:\/\/literackieprzeszpiegi.pl\/index.php\/2021\/12\/03\/cuda-codziennosci-maria-paszynska\/"},"wordCount":576,"commentCount":0,"publisher":{"@id":"https:\/\/literackieprzeszpiegi.pl\/#organization"},"image":{"@id":"https:\/\/literackieprzeszpiegi.pl\/index.php\/2021\/12\/03\/cuda-codziennosci-maria-paszynska\/#primaryimage"},"thumbnailUrl":"https:\/\/literackieprzeszpiegi.pl\/wp-content\/uploads\/2021\/12\/Cuda-codziennosci_Maria-Paszynska-1.jpg","keywords":["Ksi\u0105\u017cnica","Maria Paszy\u0144ska"],"articleSection":["Hit","P\u00f3\u0142ka z przesz\u0142o\u015bci"],"inLanguage":"pl-PL","potentialAction":[{"@type":"CommentAction","name":"Comment","target":["https:\/\/literackieprzeszpiegi.pl\/index.php\/2021\/12\/03\/cuda-codziennosci-maria-paszynska\/#respond"]}]},{"@type":"WebPage","@id":"https:\/\/literackieprzeszpiegi.pl\/index.php\/2021\/12\/03\/cuda-codziennosci-maria-paszynska\/","url":"https:\/\/literackieprzeszpiegi.pl\/index.php\/2021\/12\/03\/cuda-codziennosci-maria-paszynska\/","name":"\u201eCuda codzienno\u015bci\u201d Maria Paszy\u0144ska - recenzja Literackie przeszpiegi","isPartOf":{"@id":"https:\/\/literackieprzeszpiegi.pl\/#website"},"primaryImageOfPage":{"@id":"https:\/\/literackieprzeszpiegi.pl\/index.php\/2021\/12\/03\/cuda-codziennosci-maria-paszynska\/#primaryimage"},"image":{"@id":"https:\/\/literackieprzeszpiegi.pl\/index.php\/2021\/12\/03\/cuda-codziennosci-maria-paszynska\/#primaryimage"},"thumbnailUrl":"https:\/\/literackieprzeszpiegi.pl\/wp-content\/uploads\/2021\/12\/Cuda-codziennosci_Maria-Paszynska-1.jpg","datePublished":"2021-12-03T18:44:09+00:00","dateModified":"2021-12-03T20:28:40+00:00","description":"\"Maciej by\u0142 jej, a ona by\u0142a jego i nic pod niebem nie by\u0142o wstanie tego zmieni\u0107, bo tego, co Pan B\u00f3g z\u0142\u0105czy\u0142, cz\u0142owiek nie m\u00f3g\u0142 rozdzieli\u0107\".","breadcrumb":{"@id":"https:\/\/literackieprzeszpiegi.pl\/index.php\/2021\/12\/03\/cuda-codziennosci-maria-paszynska\/#breadcrumb"},"inLanguage":"pl-PL","potentialAction":[{"@type":"ReadAction","target":["https:\/\/literackieprzeszpiegi.pl\/index.php\/2021\/12\/03\/cuda-codziennosci-maria-paszynska\/"]}]},{"@type":"ImageObject","inLanguage":"pl-PL","@id":"https:\/\/literackieprzeszpiegi.pl\/index.php\/2021\/12\/03\/cuda-codziennosci-maria-paszynska\/#primaryimage","url":"https:\/\/literackieprzeszpiegi.pl\/wp-content\/uploads\/2021\/12\/Cuda-codziennosci_Maria-Paszynska-1.jpg","contentUrl":"https:\/\/literackieprzeszpiegi.pl\/wp-content\/uploads\/2021\/12\/Cuda-codziennosci_Maria-Paszynska-1.jpg","width":840,"height":630},{"@type":"BreadcrumbList","@id":"https:\/\/literackieprzeszpiegi.pl\/index.php\/2021\/12\/03\/cuda-codziennosci-maria-paszynska\/#breadcrumb","itemListElement":[{"@type":"ListItem","position":1,"name":"Home","item":"https:\/\/literackieprzeszpiegi.pl\/"},{"@type":"ListItem","position":2,"name":"\u201eCuda codzienno\u015bci\u201d Maria Paszy\u0144ska"}]},{"@type":"WebSite","@id":"https:\/\/literackieprzeszpiegi.pl\/#website","url":"https:\/\/literackieprzeszpiegi.pl\/","name":"Literackie przeszpiegi","description":"blog o ksi\u0105\u017ckach","publisher":{"@id":"https:\/\/literackieprzeszpiegi.pl\/#organization"},"potentialAction":[{"@type":"SearchAction","target":{"@type":"EntryPoint","urlTemplate":"https:\/\/literackieprzeszpiegi.pl\/?s={search_term_string}"},"query-input":"required name=search_term_string"}],"inLanguage":"pl-PL"},{"@type":"Organization","@id":"https:\/\/literackieprzeszpiegi.pl\/#organization","name":"Literackie przeszpiegi","url":"https:\/\/literackieprzeszpiegi.pl\/","logo":{"@type":"ImageObject","inLanguage":"pl-PL","@id":"https:\/\/literackieprzeszpiegi.pl\/#\/schema\/logo\/image\/","url":"https:\/\/literackieprzeszpiegi.pl\/wp-content\/uploads\/2021\/01\/cropped-cropped-Literackie-przeszpiegi-1.png","contentUrl":"https:\/\/literackieprzeszpiegi.pl\/wp-content\/uploads\/2021\/01\/cropped-cropped-Literackie-przeszpiegi-1.png","width":499,"height":142,"caption":"Literackie przeszpiegi"},"image":{"@id":"https:\/\/literackieprzeszpiegi.pl\/#\/schema\/logo\/image\/"}},{"@type":"Person","@id":"https:\/\/literackieprzeszpiegi.pl\/#\/schema\/person\/fd5c4f317aed549d4833e6402ffea017","name":"Szpieg","image":{"@type":"ImageObject","inLanguage":"pl-PL","@id":"https:\/\/literackieprzeszpiegi.pl\/#\/schema\/person\/image\/","url":"https:\/\/secure.gravatar.com\/avatar\/45a17869257e08975d929f204ef78290?s=96&d=mm&r=g","contentUrl":"https:\/\/secure.gravatar.com\/avatar\/45a17869257e08975d929f204ef78290?s=96&d=mm&r=g","caption":"Szpieg"},"url":"https:\/\/literackieprzeszpiegi.pl\/index.php\/author\/admin\/"}]}},"_links":{"self":[{"href":"https:\/\/literackieprzeszpiegi.pl\/index.php\/wp-json\/wp\/v2\/posts\/3178"}],"collection":[{"href":"https:\/\/literackieprzeszpiegi.pl\/index.php\/wp-json\/wp\/v2\/posts"}],"about":[{"href":"https:\/\/literackieprzeszpiegi.pl\/index.php\/wp-json\/wp\/v2\/types\/post"}],"author":[{"embeddable":true,"href":"https:\/\/literackieprzeszpiegi.pl\/index.php\/wp-json\/wp\/v2\/users\/1"}],"replies":[{"embeddable":true,"href":"https:\/\/literackieprzeszpiegi.pl\/index.php\/wp-json\/wp\/v2\/comments?post=3178"}],"version-history":[{"count":4,"href":"https:\/\/literackieprzeszpiegi.pl\/index.php\/wp-json\/wp\/v2\/posts\/3178\/revisions"}],"predecessor-version":[{"id":3184,"href":"https:\/\/literackieprzeszpiegi.pl\/index.php\/wp-json\/wp\/v2\/posts\/3178\/revisions\/3184"}],"wp:featuredmedia":[{"embeddable":true,"href":"https:\/\/literackieprzeszpiegi.pl\/index.php\/wp-json\/wp\/v2\/media\/3180"}],"wp:attachment":[{"href":"https:\/\/literackieprzeszpiegi.pl\/index.php\/wp-json\/wp\/v2\/media?parent=3178"}],"wp:term":[{"taxonomy":"category","embeddable":true,"href":"https:\/\/literackieprzeszpiegi.pl\/index.php\/wp-json\/wp\/v2\/categories?post=3178"},{"taxonomy":"post_tag","embeddable":true,"href":"https:\/\/literackieprzeszpiegi.pl\/index.php\/wp-json\/wp\/v2\/tags?post=3178"}],"curies":[{"name":"wp","href":"https:\/\/api.w.org\/{rel}","templated":true}]}}