{"id":3203,"date":"2022-01-08T22:40:22","date_gmt":"2022-01-08T21:40:22","guid":{"rendered":"http:\/\/literackieprzeszpiegi.pl\/?p=3203"},"modified":"2022-01-08T22:40:25","modified_gmt":"2022-01-08T21:40:25","slug":"podsumowanie-2021-r","status":"publish","type":"post","link":"https:\/\/literackieprzeszpiegi.pl\/index.php\/2022\/01\/08\/podsumowanie-2021-r\/","title":{"rendered":"Podsumowanie 2021 r."},"content":{"rendered":"\n<h2 class=\"wp-block-heading\">Zawsze mi si\u0119 wydawa\u0142o, \u017ce dwana\u015bcie miesi\u0119cy to kawa\u0142 czasu. Z perspektywy 2021 r. dalej mi si\u0119 tak wydaje, ale musz\u0119 przyzna\u0107, \u017ce mia\u0142 niesamowite przyspieszenie.<\/h2>\n\n\n\n<!--more-->\n\n\n\n<p>W ka\u017cdym razie, rok 2021 na Literackich Przeszpiegach min\u0105\u0142 szybko, zdecydowanie za szybko. Chocia\u017c w grudniu 2020 r. poddawa\u0142am w w\u0105tpliwo\u015b\u0107, czy w og\u00f3le nadejdzie\u2026<br>Z czym b\u0119dzie mi si\u0119 kojarzy\u0142 miniony rok? Chcia\u0142abym, \u017ceby tylko z dobrymi wspomnieniami, by nie wraca\u0107 do tego, co nie wysz\u0142o, albo wysz\u0142o inaczej ni\u017c planowa\u0142am.<\/p>\n\n\n\n<h2 class=\"wp-block-heading\"><strong>Ksi\u0105\u017cki &amp; ksi\u0105\u017cki<\/strong><\/h2>\n\n\n\n<p>Nie mam poj\u0119cia, ile ksi\u0105\u017cek przeczyta\u0142am w zesz\u0142ym roku\u2026 Na pewno wi\u0119cej ani\u017celi wynika to z recenzji blogowych, bo nie o ka\u017cdej ksi\u0105\u017cce zd\u0105\u017cy\u0142am lub chcia\u0142am napisa\u0107. Recenzje to rzecz pracoch\u0142onna a przy mojej zdolno\u015bci do rozpisywania si\u0119\u2026 Sami wiecie &#x1f609;<br>Krymina\u0142y (w r\u00f3\u017cnych odmianach) i thrillery wci\u0105\u017c s\u0105 mi bliskie i chyba nic tego nie zmieni. Chocia\u017c w minionym roku bardziej si\u0119 polubi\u0142am z powie\u015bciami historycznymi. Dalej pozostaj\u0119 wierna polskim autorom, oczywi\u015bcie z kilkoma wyj\u0105tkami. Ale najmilsze wspomnienia wi\u0105\u017ce z czterema ksi\u0105\u017ckami:<br>&#8211; \u201e<a href=\"https:\/\/literackieprzeszpiegi.pl\/index.php\/2021\/06\/15\/mamy-morderstwo-w-mikolajkach-marta-matyszczak-recenzja-przedpremierowa\/\">Mamy morderstwo w Miko\u0142ajkach<\/a>\u201d Marty Matyszczak \u2013 dumna jestem z tego patronatu!<br>&#8211; \u201e<a href=\"https:\/\/literackieprzeszpiegi.pl\/index.php\/2021\/08\/02\/listy-z-czarnych-miast-sabina-waszut\/\">Listy z czarnych miast<\/a>\u201d Sabiny Waszut \u2013 wzruszaj\u0105ca opowie\u015b\u0107 o losach emigrant\u00f3w, poszukuj\u0105cych nowego domu. Z niecierpliwo\u015bci\u0105 czekam na kolejne tomy<br>&#8211; \u201e<a href=\"https:\/\/literackieprzeszpiegi.pl\/index.php\/2021\/09\/16\/punkty-zapalne-anna-rozenberg\/\">Punkty zapalne<\/a>\u201d Anny Rozenberg \u2013 ale\u017c to by\u0142 pe\u0142nokrwisty krymina\u0142! Trudno uwierzy\u0107, \u017ce to dopiero druga ksi\u0105\u017cka autorki.<br>&#8211; \u201e<a href=\"https:\/\/literackieprzeszpiegi.pl\/index.php\/2021\/09\/24\/florentyna-od-kwiatow-agnieszka-kuchmister\/\">Florentyna od kwiat\u00f3w<\/a>\u201d \u2013 Agnieszki Kuchmister \u2013 niesamowita opowie\u015b\u0107 o \u015bwiecie, kt\u00f3rego ju\u017c nie ma. Jestem oczarowana.<\/p>\n\n\n\n<figure class=\"wp-block-image size-large\"><img loading=\"lazy\" decoding=\"async\" width=\"1024\" height=\"705\" src=\"https:\/\/literackieprzeszpiegi.pl\/wp-content\/uploads\/2022\/01\/Podsumowanie-2021-1024x705.jpg\" alt=\"\" class=\"wp-image-3205\" srcset=\"https:\/\/literackieprzeszpiegi.pl\/wp-content\/uploads\/2022\/01\/Podsumowanie-2021-1024x705.jpg 1024w, https:\/\/literackieprzeszpiegi.pl\/wp-content\/uploads\/2022\/01\/Podsumowanie-2021-300x206.jpg 300w, https:\/\/literackieprzeszpiegi.pl\/wp-content\/uploads\/2022\/01\/Podsumowanie-2021-768x529.jpg 768w, https:\/\/literackieprzeszpiegi.pl\/wp-content\/uploads\/2022\/01\/Podsumowanie-2021-1536x1057.jpg 1536w, https:\/\/literackieprzeszpiegi.pl\/wp-content\/uploads\/2022\/01\/Podsumowanie-2021.jpg 1828w\" sizes=\"(max-width: 1024px) 100vw, 1024px\" \/><\/figure>\n\n\n\n<h2 class=\"wp-block-heading\"><strong>Spotkania &amp; ludzie<\/strong><\/h2>\n\n\n\n<p>Okazji do spotka\u0144 na \u017cywo by\u0142o jakby mniej\u2026 Ale te, na kt\u00f3re dotar\u0142am, w pe\u0142ni mi to zrekompensowa\u0142y. Wyprawa na Plener Kryminalny do Ch\u0119cin, cho\u0107 spontaniczna, okaza\u0142a si\u0119 strza\u0142em w dziesi\u0105tk\u0119. Szczeg\u00f3lne pozdrowienia dla organizatora, Bartka Socz\u00f3wki (znanego jako <a href=\"https:\/\/www.facebook.com\/BliskieSpotkaniaBS\">Bliskie Spotkania<\/a>) i poznanych w ko\u0144cu na \u017cywo autor\u00f3w krymina\u0142\u00f3w.<br>W czerwcu uda\u0142o mi si\u0119 poprowadzi\u0107 spotkanie na \u017cywo z Mart\u0105 Matyszczak, z okazji premiery ksi\u0105\u017cki \u201eMamy morderstwo w Miko\u0142ajkach\u201d w chorzowskim Dope\u0142niaczu. Oj, spotkania w tej chorzowskiej ksi\u0119garni maj\u0105 sw\u00f3j niepowtarzalny klimat, oj maj\u0105.<br>Zawodowo \u2013 mia\u0142am okazj\u0119 porozmawia\u0107 online z Mart\u0105 Obuch (marzec) i Ani\u0105 Rozenberg (kwiecie\u0144) oraz z Jakubem Ma\u0142eckim \u2013 to akurat na \u017cywo na ko\u0144cu sierpnia.<\/p>\n\n\n\n<figure class=\"wp-block-image size-large\"><img loading=\"lazy\" decoding=\"async\" width=\"800\" height=\"800\" src=\"https:\/\/literackieprzeszpiegi.pl\/wp-content\/uploads\/2022\/01\/Spotkania-i-ludzie.jpg\" alt=\"\" class=\"wp-image-3204\" srcset=\"https:\/\/literackieprzeszpiegi.pl\/wp-content\/uploads\/2022\/01\/Spotkania-i-ludzie.jpg 800w, https:\/\/literackieprzeszpiegi.pl\/wp-content\/uploads\/2022\/01\/Spotkania-i-ludzie-300x300.jpg 300w, https:\/\/literackieprzeszpiegi.pl\/wp-content\/uploads\/2022\/01\/Spotkania-i-ludzie-150x150.jpg 150w, https:\/\/literackieprzeszpiegi.pl\/wp-content\/uploads\/2022\/01\/Spotkania-i-ludzie-768x768.jpg 768w\" sizes=\"(max-width: 800px) 100vw, 800px\" \/><\/figure>\n\n\n\n<p>Wiele dobrego przyni\u00f3s\u0142 tamten rok. Mam nadziej\u0119, \u017ce i 2022 r. b\u0119dzie r\u00f3wnie udany. Czasem b\u0119dzie mnie tu mniej, czasem wi\u0119cej i mo\u017ce w ko\u0144cu znajd\u0119 przepis na pisanie kr\u00f3tszych recenzji.<br>Pami\u0119tajcie o mnie ciep\u0142o &#x1f609;<\/p>\n","protected":false},"excerpt":{"rendered":"<p>Zawsze mi si\u0119 wydawa\u0142o, \u017ce dwana\u015bcie miesi\u0119cy to kawa\u0142 czasu. Z perspektywy 2021 r. dalej mi si\u0119 tak wydaje, ale musz\u0119 przyzna\u0107, \u017ce mia\u0142 niesamowite przyspieszenie.<\/p>\n","protected":false},"author":1,"featured_media":3207,"comment_status":"open","ping_status":"open","sticky":false,"template":"","format":"standard","meta":{"om_disable_all_campaigns":false,"_exactmetrics_skip_tracking":false,"_exactmetrics_sitenote_active":false,"_exactmetrics_sitenote_note":"","_exactmetrics_sitenote_category":0,"_monsterinsights_skip_tracking":false,"_monsterinsights_sitenote_active":false,"_monsterinsights_sitenote_note":"","_monsterinsights_sitenote_category":0,"_uf_show_specific_survey":0,"_uf_disable_surveys":false,"footnotes":""},"categories":[1],"tags":[131,132,97,28],"yoast_head":"<!-- This site is optimized with the Yoast SEO plugin v22.9 - https:\/\/yoast.com\/wordpress\/plugins\/seo\/ -->\n<title>Podsumowanie roku 2021 r. - Literackie Przeszpiegi<\/title>\n<meta name=\"description\" content=\"Zawsze mi si\u0119 wydawa\u0142o, \u017ce dwana\u015bcie miesi\u0119cy to kawa\u0142 czasu. Z perspektywy 2021 r. dalej mi si\u0119 tak wydaje, ale musz\u0119 przyzna\u0107, \u017ce mia\u0142 niesamowite przyspieszenie.\" \/>\n<meta name=\"robots\" content=\"index, follow, max-snippet:-1, max-image-preview:large, max-video-preview:-1\" \/>\n<link rel=\"canonical\" href=\"https:\/\/literackieprzeszpiegi.pl\/index.php\/2022\/01\/08\/podsumowanie-2021-r\/\" \/>\n<meta property=\"og:locale\" content=\"pl_PL\" \/>\n<meta property=\"og:type\" content=\"article\" \/>\n<meta property=\"og:title\" content=\"Podsumowanie roku 2021\" \/>\n<meta property=\"og:description\" content=\"Zawsze mi si\u0119 wydawa\u0142o, \u017ce dwana\u015bcie miesi\u0119cy to kawa\u0142 czasu. Z perspektywy 2021 r. dalej mi si\u0119 tak wydaje, ale musz\u0119 przyzna\u0107, \u017ce mia\u0142 niesamowite przyspieszenie.\" \/>\n<meta property=\"og:url\" content=\"https:\/\/literackieprzeszpiegi.pl\/index.php\/2022\/01\/08\/podsumowanie-2021-r\/\" \/>\n<meta property=\"og:site_name\" content=\"Literackie przeszpiegi\" \/>\n<meta property=\"article:published_time\" content=\"2022-01-08T21:40:22+00:00\" \/>\n<meta property=\"article:modified_time\" content=\"2022-01-08T21:40:25+00:00\" \/>\n<meta property=\"og:image\" content=\"https:\/\/literackieprzeszpiegi.pl\/wp-content\/uploads\/2022\/01\/bulletin-board-3127287_1280.jpg\" \/>\n\t<meta property=\"og:image:width\" content=\"916\" \/>\n\t<meta property=\"og:image:height\" content=\"646\" \/>\n\t<meta property=\"og:image:type\" content=\"image\/jpeg\" \/>\n<meta name=\"author\" content=\"Szpieg\" \/>\n<meta name=\"twitter:card\" content=\"summary_large_image\" \/>\n<meta name=\"twitter:label1\" content=\"Napisane przez\" \/>\n\t<meta name=\"twitter:data1\" content=\"Szpieg\" \/>\n\t<meta name=\"twitter:label2\" content=\"Szacowany czas czytania\" \/>\n\t<meta name=\"twitter:data2\" content=\"2 minuty\" \/>\n<script type=\"application\/ld+json\" class=\"yoast-schema-graph\">{\"@context\":\"https:\/\/schema.org\",\"@graph\":[{\"@type\":\"Article\",\"@id\":\"https:\/\/literackieprzeszpiegi.pl\/index.php\/2022\/01\/08\/podsumowanie-2021-r\/#article\",\"isPartOf\":{\"@id\":\"https:\/\/literackieprzeszpiegi.pl\/index.php\/2022\/01\/08\/podsumowanie-2021-r\/\"},\"author\":{\"name\":\"Szpieg\",\"@id\":\"https:\/\/literackieprzeszpiegi.pl\/#\/schema\/person\/fd5c4f317aed549d4833e6402ffea017\"},\"headline\":\"Podsumowanie 2021 r.\",\"datePublished\":\"2022-01-08T21:40:22+00:00\",\"dateModified\":\"2022-01-08T21:40:25+00:00\",\"mainEntityOfPage\":{\"@id\":\"https:\/\/literackieprzeszpiegi.pl\/index.php\/2022\/01\/08\/podsumowanie-2021-r\/\"},\"wordCount\":454,\"commentCount\":0,\"publisher\":{\"@id\":\"https:\/\/literackieprzeszpiegi.pl\/#organization\"},\"image\":{\"@id\":\"https:\/\/literackieprzeszpiegi.pl\/index.php\/2022\/01\/08\/podsumowanie-2021-r\/#primaryimage\"},\"thumbnailUrl\":\"https:\/\/literackieprzeszpiegi.pl\/wp-content\/uploads\/2022\/01\/bulletin-board-3127287_1280.jpg\",\"keywords\":[\"Anna Rozenberg\",\"Izabela Janiszewska\",\"Marta Matyszczak\",\"Sabina Waszut\"],\"articleSection\":[\"Inne\"],\"inLanguage\":\"pl-PL\",\"potentialAction\":[{\"@type\":\"CommentAction\",\"name\":\"Comment\",\"target\":[\"https:\/\/literackieprzeszpiegi.pl\/index.php\/2022\/01\/08\/podsumowanie-2021-r\/#respond\"]}]},{\"@type\":\"WebPage\",\"@id\":\"https:\/\/literackieprzeszpiegi.pl\/index.php\/2022\/01\/08\/podsumowanie-2021-r\/\",\"url\":\"https:\/\/literackieprzeszpiegi.pl\/index.php\/2022\/01\/08\/podsumowanie-2021-r\/\",\"name\":\"Podsumowanie roku 2021 r. - Literackie Przeszpiegi\",\"isPartOf\":{\"@id\":\"https:\/\/literackieprzeszpiegi.pl\/#website\"},\"primaryImageOfPage\":{\"@id\":\"https:\/\/literackieprzeszpiegi.pl\/index.php\/2022\/01\/08\/podsumowanie-2021-r\/#primaryimage\"},\"image\":{\"@id\":\"https:\/\/literackieprzeszpiegi.pl\/index.php\/2022\/01\/08\/podsumowanie-2021-r\/#primaryimage\"},\"thumbnailUrl\":\"https:\/\/literackieprzeszpiegi.pl\/wp-content\/uploads\/2022\/01\/bulletin-board-3127287_1280.jpg\",\"datePublished\":\"2022-01-08T21:40:22+00:00\",\"dateModified\":\"2022-01-08T21:40:25+00:00\",\"description\":\"Zawsze mi si\u0119 wydawa\u0142o, \u017ce dwana\u015bcie miesi\u0119cy to kawa\u0142 czasu. Z perspektywy 2021 r. dalej mi si\u0119 tak wydaje, ale musz\u0119 przyzna\u0107, \u017ce mia\u0142 niesamowite przyspieszenie.\",\"breadcrumb\":{\"@id\":\"https:\/\/literackieprzeszpiegi.pl\/index.php\/2022\/01\/08\/podsumowanie-2021-r\/#breadcrumb\"},\"inLanguage\":\"pl-PL\",\"potentialAction\":[{\"@type\":\"ReadAction\",\"target\":[\"https:\/\/literackieprzeszpiegi.pl\/index.php\/2022\/01\/08\/podsumowanie-2021-r\/\"]}]},{\"@type\":\"ImageObject\",\"inLanguage\":\"pl-PL\",\"@id\":\"https:\/\/literackieprzeszpiegi.pl\/index.php\/2022\/01\/08\/podsumowanie-2021-r\/#primaryimage\",\"url\":\"https:\/\/literackieprzeszpiegi.pl\/wp-content\/uploads\/2022\/01\/bulletin-board-3127287_1280.jpg\",\"contentUrl\":\"https:\/\/literackieprzeszpiegi.pl\/wp-content\/uploads\/2022\/01\/bulletin-board-3127287_1280.jpg\",\"width\":916,\"height\":646},{\"@type\":\"BreadcrumbList\",\"@id\":\"https:\/\/literackieprzeszpiegi.pl\/index.php\/2022\/01\/08\/podsumowanie-2021-r\/#breadcrumb\",\"itemListElement\":[{\"@type\":\"ListItem\",\"position\":1,\"name\":\"Home\",\"item\":\"https:\/\/literackieprzeszpiegi.pl\/\"},{\"@type\":\"ListItem\",\"position\":2,\"name\":\"Podsumowanie 2021 r.\"}]},{\"@type\":\"WebSite\",\"@id\":\"https:\/\/literackieprzeszpiegi.pl\/#website\",\"url\":\"https:\/\/literackieprzeszpiegi.pl\/\",\"name\":\"Literackie przeszpiegi\",\"description\":\"blog o ksi\u0105\u017ckach\",\"publisher\":{\"@id\":\"https:\/\/literackieprzeszpiegi.pl\/#organization\"},\"potentialAction\":[{\"@type\":\"SearchAction\",\"target\":{\"@type\":\"EntryPoint\",\"urlTemplate\":\"https:\/\/literackieprzeszpiegi.pl\/?s={search_term_string}\"},\"query-input\":\"required name=search_term_string\"}],\"inLanguage\":\"pl-PL\"},{\"@type\":\"Organization\",\"@id\":\"https:\/\/literackieprzeszpiegi.pl\/#organization\",\"name\":\"Literackie przeszpiegi\",\"url\":\"https:\/\/literackieprzeszpiegi.pl\/\",\"logo\":{\"@type\":\"ImageObject\",\"inLanguage\":\"pl-PL\",\"@id\":\"https:\/\/literackieprzeszpiegi.pl\/#\/schema\/logo\/image\/\",\"url\":\"https:\/\/literackieprzeszpiegi.pl\/wp-content\/uploads\/2021\/01\/cropped-cropped-Literackie-przeszpiegi-1.png\",\"contentUrl\":\"https:\/\/literackieprzeszpiegi.pl\/wp-content\/uploads\/2021\/01\/cropped-cropped-Literackie-przeszpiegi-1.png\",\"width\":499,\"height\":142,\"caption\":\"Literackie przeszpiegi\"},\"image\":{\"@id\":\"https:\/\/literackieprzeszpiegi.pl\/#\/schema\/logo\/image\/\"}},{\"@type\":\"Person\",\"@id\":\"https:\/\/literackieprzeszpiegi.pl\/#\/schema\/person\/fd5c4f317aed549d4833e6402ffea017\",\"name\":\"Szpieg\",\"image\":{\"@type\":\"ImageObject\",\"inLanguage\":\"pl-PL\",\"@id\":\"https:\/\/literackieprzeszpiegi.pl\/#\/schema\/person\/image\/\",\"url\":\"https:\/\/secure.gravatar.com\/avatar\/45a17869257e08975d929f204ef78290?s=96&d=mm&r=g\",\"contentUrl\":\"https:\/\/secure.gravatar.com\/avatar\/45a17869257e08975d929f204ef78290?s=96&d=mm&r=g\",\"caption\":\"Szpieg\"},\"url\":\"https:\/\/literackieprzeszpiegi.pl\/index.php\/author\/admin\/\"}]}<\/script>\n<!-- \/ Yoast SEO plugin. -->","yoast_head_json":{"title":"Podsumowanie roku 2021 r. - Literackie Przeszpiegi","description":"Zawsze mi si\u0119 wydawa\u0142o, \u017ce dwana\u015bcie miesi\u0119cy to kawa\u0142 czasu. Z perspektywy 2021 r. dalej mi si\u0119 tak wydaje, ale musz\u0119 przyzna\u0107, \u017ce mia\u0142 niesamowite przyspieszenie.","robots":{"index":"index","follow":"follow","max-snippet":"max-snippet:-1","max-image-preview":"max-image-preview:large","max-video-preview":"max-video-preview:-1"},"canonical":"https:\/\/literackieprzeszpiegi.pl\/index.php\/2022\/01\/08\/podsumowanie-2021-r\/","og_locale":"pl_PL","og_type":"article","og_title":"Podsumowanie roku 2021","og_description":"Zawsze mi si\u0119 wydawa\u0142o, \u017ce dwana\u015bcie miesi\u0119cy to kawa\u0142 czasu. Z perspektywy 2021 r. dalej mi si\u0119 tak wydaje, ale musz\u0119 przyzna\u0107, \u017ce mia\u0142 niesamowite przyspieszenie.","og_url":"https:\/\/literackieprzeszpiegi.pl\/index.php\/2022\/01\/08\/podsumowanie-2021-r\/","og_site_name":"Literackie przeszpiegi","article_published_time":"2022-01-08T21:40:22+00:00","article_modified_time":"2022-01-08T21:40:25+00:00","og_image":[{"width":916,"height":646,"url":"https:\/\/literackieprzeszpiegi.pl\/wp-content\/uploads\/2022\/01\/bulletin-board-3127287_1280.jpg","type":"image\/jpeg"}],"author":"Szpieg","twitter_card":"summary_large_image","twitter_misc":{"Napisane przez":"Szpieg","Szacowany czas czytania":"2 minuty"},"schema":{"@context":"https:\/\/schema.org","@graph":[{"@type":"Article","@id":"https:\/\/literackieprzeszpiegi.pl\/index.php\/2022\/01\/08\/podsumowanie-2021-r\/#article","isPartOf":{"@id":"https:\/\/literackieprzeszpiegi.pl\/index.php\/2022\/01\/08\/podsumowanie-2021-r\/"},"author":{"name":"Szpieg","@id":"https:\/\/literackieprzeszpiegi.pl\/#\/schema\/person\/fd5c4f317aed549d4833e6402ffea017"},"headline":"Podsumowanie 2021 r.","datePublished":"2022-01-08T21:40:22+00:00","dateModified":"2022-01-08T21:40:25+00:00","mainEntityOfPage":{"@id":"https:\/\/literackieprzeszpiegi.pl\/index.php\/2022\/01\/08\/podsumowanie-2021-r\/"},"wordCount":454,"commentCount":0,"publisher":{"@id":"https:\/\/literackieprzeszpiegi.pl\/#organization"},"image":{"@id":"https:\/\/literackieprzeszpiegi.pl\/index.php\/2022\/01\/08\/podsumowanie-2021-r\/#primaryimage"},"thumbnailUrl":"https:\/\/literackieprzeszpiegi.pl\/wp-content\/uploads\/2022\/01\/bulletin-board-3127287_1280.jpg","keywords":["Anna Rozenberg","Izabela Janiszewska","Marta Matyszczak","Sabina Waszut"],"articleSection":["Inne"],"inLanguage":"pl-PL","potentialAction":[{"@type":"CommentAction","name":"Comment","target":["https:\/\/literackieprzeszpiegi.pl\/index.php\/2022\/01\/08\/podsumowanie-2021-r\/#respond"]}]},{"@type":"WebPage","@id":"https:\/\/literackieprzeszpiegi.pl\/index.php\/2022\/01\/08\/podsumowanie-2021-r\/","url":"https:\/\/literackieprzeszpiegi.pl\/index.php\/2022\/01\/08\/podsumowanie-2021-r\/","name":"Podsumowanie roku 2021 r. - Literackie Przeszpiegi","isPartOf":{"@id":"https:\/\/literackieprzeszpiegi.pl\/#website"},"primaryImageOfPage":{"@id":"https:\/\/literackieprzeszpiegi.pl\/index.php\/2022\/01\/08\/podsumowanie-2021-r\/#primaryimage"},"image":{"@id":"https:\/\/literackieprzeszpiegi.pl\/index.php\/2022\/01\/08\/podsumowanie-2021-r\/#primaryimage"},"thumbnailUrl":"https:\/\/literackieprzeszpiegi.pl\/wp-content\/uploads\/2022\/01\/bulletin-board-3127287_1280.jpg","datePublished":"2022-01-08T21:40:22+00:00","dateModified":"2022-01-08T21:40:25+00:00","description":"Zawsze mi si\u0119 wydawa\u0142o, \u017ce dwana\u015bcie miesi\u0119cy to kawa\u0142 czasu. Z perspektywy 2021 r. dalej mi si\u0119 tak wydaje, ale musz\u0119 przyzna\u0107, \u017ce mia\u0142 niesamowite przyspieszenie.","breadcrumb":{"@id":"https:\/\/literackieprzeszpiegi.pl\/index.php\/2022\/01\/08\/podsumowanie-2021-r\/#breadcrumb"},"inLanguage":"pl-PL","potentialAction":[{"@type":"ReadAction","target":["https:\/\/literackieprzeszpiegi.pl\/index.php\/2022\/01\/08\/podsumowanie-2021-r\/"]}]},{"@type":"ImageObject","inLanguage":"pl-PL","@id":"https:\/\/literackieprzeszpiegi.pl\/index.php\/2022\/01\/08\/podsumowanie-2021-r\/#primaryimage","url":"https:\/\/literackieprzeszpiegi.pl\/wp-content\/uploads\/2022\/01\/bulletin-board-3127287_1280.jpg","contentUrl":"https:\/\/literackieprzeszpiegi.pl\/wp-content\/uploads\/2022\/01\/bulletin-board-3127287_1280.jpg","width":916,"height":646},{"@type":"BreadcrumbList","@id":"https:\/\/literackieprzeszpiegi.pl\/index.php\/2022\/01\/08\/podsumowanie-2021-r\/#breadcrumb","itemListElement":[{"@type":"ListItem","position":1,"name":"Home","item":"https:\/\/literackieprzeszpiegi.pl\/"},{"@type":"ListItem","position":2,"name":"Podsumowanie 2021 r."}]},{"@type":"WebSite","@id":"https:\/\/literackieprzeszpiegi.pl\/#website","url":"https:\/\/literackieprzeszpiegi.pl\/","name":"Literackie przeszpiegi","description":"blog o ksi\u0105\u017ckach","publisher":{"@id":"https:\/\/literackieprzeszpiegi.pl\/#organization"},"potentialAction":[{"@type":"SearchAction","target":{"@type":"EntryPoint","urlTemplate":"https:\/\/literackieprzeszpiegi.pl\/?s={search_term_string}"},"query-input":"required name=search_term_string"}],"inLanguage":"pl-PL"},{"@type":"Organization","@id":"https:\/\/literackieprzeszpiegi.pl\/#organization","name":"Literackie przeszpiegi","url":"https:\/\/literackieprzeszpiegi.pl\/","logo":{"@type":"ImageObject","inLanguage":"pl-PL","@id":"https:\/\/literackieprzeszpiegi.pl\/#\/schema\/logo\/image\/","url":"https:\/\/literackieprzeszpiegi.pl\/wp-content\/uploads\/2021\/01\/cropped-cropped-Literackie-przeszpiegi-1.png","contentUrl":"https:\/\/literackieprzeszpiegi.pl\/wp-content\/uploads\/2021\/01\/cropped-cropped-Literackie-przeszpiegi-1.png","width":499,"height":142,"caption":"Literackie przeszpiegi"},"image":{"@id":"https:\/\/literackieprzeszpiegi.pl\/#\/schema\/logo\/image\/"}},{"@type":"Person","@id":"https:\/\/literackieprzeszpiegi.pl\/#\/schema\/person\/fd5c4f317aed549d4833e6402ffea017","name":"Szpieg","image":{"@type":"ImageObject","inLanguage":"pl-PL","@id":"https:\/\/literackieprzeszpiegi.pl\/#\/schema\/person\/image\/","url":"https:\/\/secure.gravatar.com\/avatar\/45a17869257e08975d929f204ef78290?s=96&d=mm&r=g","contentUrl":"https:\/\/secure.gravatar.com\/avatar\/45a17869257e08975d929f204ef78290?s=96&d=mm&r=g","caption":"Szpieg"},"url":"https:\/\/literackieprzeszpiegi.pl\/index.php\/author\/admin\/"}]}},"_links":{"self":[{"href":"https:\/\/literackieprzeszpiegi.pl\/index.php\/wp-json\/wp\/v2\/posts\/3203"}],"collection":[{"href":"https:\/\/literackieprzeszpiegi.pl\/index.php\/wp-json\/wp\/v2\/posts"}],"about":[{"href":"https:\/\/literackieprzeszpiegi.pl\/index.php\/wp-json\/wp\/v2\/types\/post"}],"author":[{"embeddable":true,"href":"https:\/\/literackieprzeszpiegi.pl\/index.php\/wp-json\/wp\/v2\/users\/1"}],"replies":[{"embeddable":true,"href":"https:\/\/literackieprzeszpiegi.pl\/index.php\/wp-json\/wp\/v2\/comments?post=3203"}],"version-history":[{"count":1,"href":"https:\/\/literackieprzeszpiegi.pl\/index.php\/wp-json\/wp\/v2\/posts\/3203\/revisions"}],"predecessor-version":[{"id":3206,"href":"https:\/\/literackieprzeszpiegi.pl\/index.php\/wp-json\/wp\/v2\/posts\/3203\/revisions\/3206"}],"wp:featuredmedia":[{"embeddable":true,"href":"https:\/\/literackieprzeszpiegi.pl\/index.php\/wp-json\/wp\/v2\/media\/3207"}],"wp:attachment":[{"href":"https:\/\/literackieprzeszpiegi.pl\/index.php\/wp-json\/wp\/v2\/media?parent=3203"}],"wp:term":[{"taxonomy":"category","embeddable":true,"href":"https:\/\/literackieprzeszpiegi.pl\/index.php\/wp-json\/wp\/v2\/categories?post=3203"},{"taxonomy":"post_tag","embeddable":true,"href":"https:\/\/literackieprzeszpiegi.pl\/index.php\/wp-json\/wp\/v2\/tags?post=3203"}],"curies":[{"name":"wp","href":"https:\/\/api.w.org\/{rel}","templated":true}]}}