{"id":3217,"date":"2022-01-27T17:33:39","date_gmt":"2022-01-27T16:33:39","guid":{"rendered":"http:\/\/literackieprzeszpiegi.pl\/?p=3217"},"modified":"2022-01-27T17:33:42","modified_gmt":"2022-01-27T16:33:42","slug":"czlowiek-w-lustrze-lars-kepler","status":"publish","type":"post","link":"https:\/\/literackieprzeszpiegi.pl\/index.php\/2022\/01\/27\/czlowiek-w-lustrze-lars-kepler\/","title":{"rendered":"\u201eCz\u0142owiek w lustrze\u201d Lars Kepler"},"content":{"rendered":"\n<h2 class=\"wp-block-heading\"><strong>\u201ePowiadaj\u0105, \u017ce je\u015bli jedne drzwi si\u0119 zamykaj\u0105, to B\u00f3g otwiera inne \u2013 albo przynajmniej okno. Ale kiedy niekt\u00f3re drzwi zostaj\u0105 zamkni\u0119te, wtedy to przys\u0142owie ma wyd\u017awi\u0119k bardziej szyderczy ni\u017c pocieszaj\u0105cy\u201d.<\/strong><\/h2>\n\n\n\n<!--more-->\n\n\n\n<p>By\u0142o okrucie\u0144stwo, by\u0142a makabra, by\u0142y ciemne zakamarki ludzkiej duszy. I wewn\u0119trzna walka, by jednak dotrwa\u0107 do finalnej rozgrywki. \u201eCz\u0142owiek w lustrze\u201d mo\u017ce przera\u017ca\u0107 obrazami okrucie\u0144stwa wobec kobiet, ale komisarz Joona Linna nie zatrzyma si\u0119 ani na moment w pogoni za sprawiedliwo\u015bci\u0105.<\/p>\n\n\n\n<p>\u00d3smy tom serii kryminalnej z fi\u0144skim komisarzem jest ukierunkowany na problem przemocy wobec kobiet. W Sztokholmie znikaj\u0105 m\u0142ode kobiety, kt\u00f3re porywacz przetrzymuje w nieludzkich warunkach. Kara za jakiekolwiek niepos\u0142usze\u0144stwo jest tylko jedna a maczeta nie zna lito\u015bci. By dowiedzie\u0107 si\u0119, kim jest cz\u0142owiek odpowiedzialny za tak\u0105 makabr\u0119, komisarz Linna b\u0119dzie musia\u0142 ponownie skorzysta\u0107 z pomocy hipnotyzera. Ka\u017cda hipnoza ma dwie twarze &#8211; wydobywa z cz\u0142owieka pomocne informacje, ale czasem s\u0105 to s\u0142owa i obrazy, na kt\u00f3re nikt nie jest przygotowany. Czy warto?<\/p>\n\n\n\n<blockquote class=\"wp-block-quote is-layout-flow wp-block-quote-is-layout-flow\"><p><em>\u201ePowoli cz\u0142owiek uczy si\u0119 radzi\u0107 sobie ze zmianami; uczy si\u0119 te\u017c, \u017ce \u017cycie toczy si\u0119 dalej, nawet je\u015bli nie wygl\u0105da ono tak, jak by sobie \u017cyczy\u0142\u201d.<\/em><\/p><\/blockquote>\n\n\n\n<p>Pewne rzeczy u Keplera si\u0119 nie zmieniaj\u0105. Kr\u00f3tkie, do\u015b\u0107 dynamiczne rozdzia\u0142y \u2013 na czterystu stronach mamy ich prawie 100. Do tego specyficzne, kr\u00f3tkie zdania, miejscami jakby urwane, ale wnosz\u0105ce sporo niepokoju i napi\u0119cia do ca\u0142ej historii. Nie zmienia si\u0119 r\u00f3wnie\u017c komisarz Linna \u2013 jak zawsze bezkompromisowy, dzia\u0142a instynktownie a przez to na najwy\u017cszym ryzyku, bo wie, \u017ce minuty bezproduktywno\u015bci mog\u0105 przynie\u015b\u0107 kolejne cia\u0142o. Tylko czy ta jego ch\u0119\u0107 unicestwienia z\u0142a nie przynosi zbyt wielu ofiar? I jak bardzo ka\u017cde kolejne \u015bledztwo ingeruje w relacje rodzinne Joony?<\/p>\n\n\n\n<blockquote class=\"wp-block-quote is-layout-flow wp-block-quote-is-layout-flow\"><p>&#8220;Kiedy st\u0105d wychodzisz, odwracasz si\u0119 plecami do lustra, <br>ale w tym samym czasie twoje odbicie odwraca si\u0119 plecami do ciebie&#8230;&#8221;. <br><\/p><\/blockquote>\n\n\n\n<p>Nie da si\u0119 ukry\u0107, \u017ce Kepler potrafi zbudowa\u0107 atmosfer\u0119 napi\u0119cia, potrafi zaskakiwa\u0107 i wyci\u0105gn\u0105\u0107 przys\u0142owiowego asa z r\u0119kawa na koniec. Policyjne \u015bledztwo przypomina \u0142amig\u0142\u00f3wk\u0119 \u2013 s\u0105 elementy, kt\u00f3re dopasujemy bez najmniejszego problemu, ale s\u0105 te\u017c i takie, kt\u00f3re zmieniaj\u0105 swoje po\u0142o\u017cenie w zale\u017cno\u015bci od okoliczno\u015bci. W \u201eCz\u0142owieku w lustrze\u201d przeplata si\u0119 kilka perspektyw \u2013 policyjna (ch\u0142odna, dedukcyjna), rodzinna (bardzo emocjonalna) i spaczona traum\u0105 wizja \u015bwiata psychopaty.<\/p>\n\n\n\n<p>Za ka\u017cdym razem u Keplera w\u0105tek psychopaty przybiera inn\u0105 twarz. W tym przypadku poznajemy histori\u0119 chorego cz\u0142owieka, kt\u00f3rego \u017cyciowe traumy wr\u0119cz nakazuj\u0105 krzywdzi\u0107 kobiety, odbieraj\u0105c im wolno\u015b\u0107 i godno\u015b\u0107. Co chce w ten spos\u00f3b zamanifestowa\u0107? Dlaczego wybra\u0142 rol\u0119 demiurga, kt\u00f3ry decyduje o \u017cyciu i \u015bmierci bezbronnych? Sporo jest w jego historii mroku, niesprawiedliwo\u015bci i krzywd, ale to absolutnie nie usprawiedliwia jego czyn\u00f3w.<\/p>\n\n\n\n<p>\u201eCz\u0142owiek w lustrze\u201d wywo\u0142a\u0142 u mnie nieco mieszane uczucia. Z jednej strony intryguje histori\u0105, policyjnym \u015bledztwem i tajnikami pracy hipnotyzera, a to wszystko okraszone typow\u0105 dla krymina\u0142u skandynawskiego mroczn\u0105 i pe\u0142n\u0105 napi\u0119cia otoczk\u0105. Ale z drugiej strony \u2013 krwawo\u015b\u0107, makabryczno\u015b\u0107 historii, ta niezrozumia\u0142a i bezcelowa przemoc wobec kobiet jest przera\u017caj\u0105ca.<\/p>\n\n\n\n<p>_______<br>Lars Kepler \u201e<a href=\"https:\/\/publicat.pl\/wydawnictwo-dolnoslaskie\/oferta\/kryminaly\/czlowiek-w-lustrze\">Cz\u0142owiek w lustrze<\/a>\u201d<br>Cykl: Joona Linna, t. 8<br>Wydawnictwo Dolno\u015bl\u0105skie<\/p>\n","protected":false},"excerpt":{"rendered":"<p>\u201ePowiadaj\u0105, \u017ce je\u015bli jedne drzwi si\u0119 zamykaj\u0105, to B\u00f3g otwiera inne \u2013 albo przynajmniej okno. Ale kiedy niekt\u00f3re drzwi zostaj\u0105 zamkni\u0119te, wtedy to przys\u0142owie ma wyd\u017awi\u0119k bardziej szyderczy ni\u017c pocieszaj\u0105cy\u201d.<\/p>\n","protected":false},"author":1,"featured_media":3218,"comment_status":"open","ping_status":"open","sticky":false,"template":"","format":"standard","meta":{"om_disable_all_campaigns":false,"_exactmetrics_skip_tracking":false,"_exactmetrics_sitenote_active":false,"_exactmetrics_sitenote_note":"","_exactmetrics_sitenote_category":0,"_monsterinsights_skip_tracking":false,"_monsterinsights_sitenote_active":false,"_monsterinsights_sitenote_note":"","_monsterinsights_sitenote_category":0,"_uf_show_specific_survey":0,"_uf_disable_surveys":false,"footnotes":""},"categories":[3,8,102],"tags":[68],"yoast_head":"<!-- This site is optimized with the Yoast SEO plugin v22.9 - https:\/\/yoast.com\/wordpress\/plugins\/seo\/ -->\n<title>Recenzja \u201eCz\u0142owiek w lustrze\u201d Lars Kepler - Literackie przeszpiegi<\/title>\n<meta name=\"description\" content=\"By\u0142o okrucie\u0144stwo, by\u0142a makabra, by\u0142y ciemne zakamarki ludzkiej duszy. I wewn\u0119trzna walka, by jednak dotrwa\u0107 do finalnej rozgrywki.\" \/>\n<meta name=\"robots\" content=\"index, follow, max-snippet:-1, max-image-preview:large, max-video-preview:-1\" \/>\n<link rel=\"canonical\" href=\"https:\/\/literackieprzeszpiegi.pl\/index.php\/2022\/01\/27\/czlowiek-w-lustrze-lars-kepler\/\" \/>\n<meta property=\"og:locale\" content=\"pl_PL\" \/>\n<meta property=\"og:type\" content=\"article\" \/>\n<meta property=\"og:title\" content=\"Recenzja \u201eCz\u0142owiek w lustrze\u201d Lars Kepler - Literackie przeszpiegi\" \/>\n<meta property=\"og:description\" content=\"By\u0142o okrucie\u0144stwo, by\u0142a makabra, by\u0142y ciemne zakamarki ludzkiej duszy. I wewn\u0119trzna walka, by jednak dotrwa\u0107 do finalnej rozgrywki.\" \/>\n<meta property=\"og:url\" content=\"https:\/\/literackieprzeszpiegi.pl\/index.php\/2022\/01\/27\/czlowiek-w-lustrze-lars-kepler\/\" \/>\n<meta property=\"og:site_name\" content=\"Literackie przeszpiegi\" \/>\n<meta property=\"article:published_time\" content=\"2022-01-27T16:33:39+00:00\" \/>\n<meta property=\"article:modified_time\" content=\"2022-01-27T16:33:42+00:00\" \/>\n<meta property=\"og:image\" content=\"https:\/\/literackieprzeszpiegi.pl\/wp-content\/uploads\/2022\/01\/Czlowiek-w-lustrze_Kepler.jpg\" \/>\n\t<meta property=\"og:image:width\" content=\"749\" \/>\n\t<meta property=\"og:image:height\" content=\"630\" \/>\n\t<meta property=\"og:image:type\" content=\"image\/jpeg\" \/>\n<meta name=\"author\" content=\"Szpieg\" \/>\n<meta name=\"twitter:card\" content=\"summary_large_image\" \/>\n<meta name=\"twitter:label1\" content=\"Napisane przez\" \/>\n\t<meta name=\"twitter:data1\" content=\"Szpieg\" \/>\n\t<meta name=\"twitter:label2\" content=\"Szacowany czas czytania\" \/>\n\t<meta name=\"twitter:data2\" content=\"3 minuty\" \/>\n<script type=\"application\/ld+json\" class=\"yoast-schema-graph\">{\"@context\":\"https:\/\/schema.org\",\"@graph\":[{\"@type\":\"Article\",\"@id\":\"https:\/\/literackieprzeszpiegi.pl\/index.php\/2022\/01\/27\/czlowiek-w-lustrze-lars-kepler\/#article\",\"isPartOf\":{\"@id\":\"https:\/\/literackieprzeszpiegi.pl\/index.php\/2022\/01\/27\/czlowiek-w-lustrze-lars-kepler\/\"},\"author\":{\"name\":\"Szpieg\",\"@id\":\"https:\/\/literackieprzeszpiegi.pl\/#\/schema\/person\/fd5c4f317aed549d4833e6402ffea017\"},\"headline\":\"\u201eCz\u0142owiek w lustrze\u201d Lars Kepler\",\"datePublished\":\"2022-01-27T16:33:39+00:00\",\"dateModified\":\"2022-01-27T16:33:42+00:00\",\"mainEntityOfPage\":{\"@id\":\"https:\/\/literackieprzeszpiegi.pl\/index.php\/2022\/01\/27\/czlowiek-w-lustrze-lars-kepler\/\"},\"wordCount\":555,\"commentCount\":0,\"publisher\":{\"@id\":\"https:\/\/literackieprzeszpiegi.pl\/#organization\"},\"image\":{\"@id\":\"https:\/\/literackieprzeszpiegi.pl\/index.php\/2022\/01\/27\/czlowiek-w-lustrze-lars-kepler\/#primaryimage\"},\"thumbnailUrl\":\"https:\/\/literackieprzeszpiegi.pl\/wp-content\/uploads\/2022\/01\/Czlowiek-w-lustrze_Kepler.jpg\",\"keywords\":[\"Lars Kepler\"],\"articleSection\":[\"Rasowy krymina\u0142\",\"recenzje\",\"z dreszczykiem\"],\"inLanguage\":\"pl-PL\",\"potentialAction\":[{\"@type\":\"CommentAction\",\"name\":\"Comment\",\"target\":[\"https:\/\/literackieprzeszpiegi.pl\/index.php\/2022\/01\/27\/czlowiek-w-lustrze-lars-kepler\/#respond\"]}]},{\"@type\":\"WebPage\",\"@id\":\"https:\/\/literackieprzeszpiegi.pl\/index.php\/2022\/01\/27\/czlowiek-w-lustrze-lars-kepler\/\",\"url\":\"https:\/\/literackieprzeszpiegi.pl\/index.php\/2022\/01\/27\/czlowiek-w-lustrze-lars-kepler\/\",\"name\":\"Recenzja \u201eCz\u0142owiek w lustrze\u201d Lars Kepler - Literackie przeszpiegi\",\"isPartOf\":{\"@id\":\"https:\/\/literackieprzeszpiegi.pl\/#website\"},\"primaryImageOfPage\":{\"@id\":\"https:\/\/literackieprzeszpiegi.pl\/index.php\/2022\/01\/27\/czlowiek-w-lustrze-lars-kepler\/#primaryimage\"},\"image\":{\"@id\":\"https:\/\/literackieprzeszpiegi.pl\/index.php\/2022\/01\/27\/czlowiek-w-lustrze-lars-kepler\/#primaryimage\"},\"thumbnailUrl\":\"https:\/\/literackieprzeszpiegi.pl\/wp-content\/uploads\/2022\/01\/Czlowiek-w-lustrze_Kepler.jpg\",\"datePublished\":\"2022-01-27T16:33:39+00:00\",\"dateModified\":\"2022-01-27T16:33:42+00:00\",\"description\":\"By\u0142o okrucie\u0144stwo, by\u0142a makabra, by\u0142y ciemne zakamarki ludzkiej duszy. I wewn\u0119trzna walka, by jednak dotrwa\u0107 do finalnej rozgrywki.\",\"breadcrumb\":{\"@id\":\"https:\/\/literackieprzeszpiegi.pl\/index.php\/2022\/01\/27\/czlowiek-w-lustrze-lars-kepler\/#breadcrumb\"},\"inLanguage\":\"pl-PL\",\"potentialAction\":[{\"@type\":\"ReadAction\",\"target\":[\"https:\/\/literackieprzeszpiegi.pl\/index.php\/2022\/01\/27\/czlowiek-w-lustrze-lars-kepler\/\"]}]},{\"@type\":\"ImageObject\",\"inLanguage\":\"pl-PL\",\"@id\":\"https:\/\/literackieprzeszpiegi.pl\/index.php\/2022\/01\/27\/czlowiek-w-lustrze-lars-kepler\/#primaryimage\",\"url\":\"https:\/\/literackieprzeszpiegi.pl\/wp-content\/uploads\/2022\/01\/Czlowiek-w-lustrze_Kepler.jpg\",\"contentUrl\":\"https:\/\/literackieprzeszpiegi.pl\/wp-content\/uploads\/2022\/01\/Czlowiek-w-lustrze_Kepler.jpg\",\"width\":749,\"height\":630},{\"@type\":\"BreadcrumbList\",\"@id\":\"https:\/\/literackieprzeszpiegi.pl\/index.php\/2022\/01\/27\/czlowiek-w-lustrze-lars-kepler\/#breadcrumb\",\"itemListElement\":[{\"@type\":\"ListItem\",\"position\":1,\"name\":\"Home\",\"item\":\"https:\/\/literackieprzeszpiegi.pl\/\"},{\"@type\":\"ListItem\",\"position\":2,\"name\":\"\u201eCz\u0142owiek w lustrze\u201d Lars Kepler\"}]},{\"@type\":\"WebSite\",\"@id\":\"https:\/\/literackieprzeszpiegi.pl\/#website\",\"url\":\"https:\/\/literackieprzeszpiegi.pl\/\",\"name\":\"Literackie przeszpiegi\",\"description\":\"blog o ksi\u0105\u017ckach\",\"publisher\":{\"@id\":\"https:\/\/literackieprzeszpiegi.pl\/#organization\"},\"potentialAction\":[{\"@type\":\"SearchAction\",\"target\":{\"@type\":\"EntryPoint\",\"urlTemplate\":\"https:\/\/literackieprzeszpiegi.pl\/?s={search_term_string}\"},\"query-input\":\"required name=search_term_string\"}],\"inLanguage\":\"pl-PL\"},{\"@type\":\"Organization\",\"@id\":\"https:\/\/literackieprzeszpiegi.pl\/#organization\",\"name\":\"Literackie przeszpiegi\",\"url\":\"https:\/\/literackieprzeszpiegi.pl\/\",\"logo\":{\"@type\":\"ImageObject\",\"inLanguage\":\"pl-PL\",\"@id\":\"https:\/\/literackieprzeszpiegi.pl\/#\/schema\/logo\/image\/\",\"url\":\"https:\/\/literackieprzeszpiegi.pl\/wp-content\/uploads\/2021\/01\/cropped-cropped-Literackie-przeszpiegi-1.png\",\"contentUrl\":\"https:\/\/literackieprzeszpiegi.pl\/wp-content\/uploads\/2021\/01\/cropped-cropped-Literackie-przeszpiegi-1.png\",\"width\":499,\"height\":142,\"caption\":\"Literackie przeszpiegi\"},\"image\":{\"@id\":\"https:\/\/literackieprzeszpiegi.pl\/#\/schema\/logo\/image\/\"}},{\"@type\":\"Person\",\"@id\":\"https:\/\/literackieprzeszpiegi.pl\/#\/schema\/person\/fd5c4f317aed549d4833e6402ffea017\",\"name\":\"Szpieg\",\"image\":{\"@type\":\"ImageObject\",\"inLanguage\":\"pl-PL\",\"@id\":\"https:\/\/literackieprzeszpiegi.pl\/#\/schema\/person\/image\/\",\"url\":\"https:\/\/secure.gravatar.com\/avatar\/45a17869257e08975d929f204ef78290?s=96&d=mm&r=g\",\"contentUrl\":\"https:\/\/secure.gravatar.com\/avatar\/45a17869257e08975d929f204ef78290?s=96&d=mm&r=g\",\"caption\":\"Szpieg\"},\"url\":\"https:\/\/literackieprzeszpiegi.pl\/index.php\/author\/admin\/\"}]}<\/script>\n<!-- \/ Yoast SEO plugin. -->","yoast_head_json":{"title":"Recenzja \u201eCz\u0142owiek w lustrze\u201d Lars Kepler - Literackie przeszpiegi","description":"By\u0142o okrucie\u0144stwo, by\u0142a makabra, by\u0142y ciemne zakamarki ludzkiej duszy. I wewn\u0119trzna walka, by jednak dotrwa\u0107 do finalnej rozgrywki.","robots":{"index":"index","follow":"follow","max-snippet":"max-snippet:-1","max-image-preview":"max-image-preview:large","max-video-preview":"max-video-preview:-1"},"canonical":"https:\/\/literackieprzeszpiegi.pl\/index.php\/2022\/01\/27\/czlowiek-w-lustrze-lars-kepler\/","og_locale":"pl_PL","og_type":"article","og_title":"Recenzja \u201eCz\u0142owiek w lustrze\u201d Lars Kepler - Literackie przeszpiegi","og_description":"By\u0142o okrucie\u0144stwo, by\u0142a makabra, by\u0142y ciemne zakamarki ludzkiej duszy. I wewn\u0119trzna walka, by jednak dotrwa\u0107 do finalnej rozgrywki.","og_url":"https:\/\/literackieprzeszpiegi.pl\/index.php\/2022\/01\/27\/czlowiek-w-lustrze-lars-kepler\/","og_site_name":"Literackie przeszpiegi","article_published_time":"2022-01-27T16:33:39+00:00","article_modified_time":"2022-01-27T16:33:42+00:00","og_image":[{"width":749,"height":630,"url":"https:\/\/literackieprzeszpiegi.pl\/wp-content\/uploads\/2022\/01\/Czlowiek-w-lustrze_Kepler.jpg","type":"image\/jpeg"}],"author":"Szpieg","twitter_card":"summary_large_image","twitter_misc":{"Napisane przez":"Szpieg","Szacowany czas czytania":"3 minuty"},"schema":{"@context":"https:\/\/schema.org","@graph":[{"@type":"Article","@id":"https:\/\/literackieprzeszpiegi.pl\/index.php\/2022\/01\/27\/czlowiek-w-lustrze-lars-kepler\/#article","isPartOf":{"@id":"https:\/\/literackieprzeszpiegi.pl\/index.php\/2022\/01\/27\/czlowiek-w-lustrze-lars-kepler\/"},"author":{"name":"Szpieg","@id":"https:\/\/literackieprzeszpiegi.pl\/#\/schema\/person\/fd5c4f317aed549d4833e6402ffea017"},"headline":"\u201eCz\u0142owiek w lustrze\u201d Lars Kepler","datePublished":"2022-01-27T16:33:39+00:00","dateModified":"2022-01-27T16:33:42+00:00","mainEntityOfPage":{"@id":"https:\/\/literackieprzeszpiegi.pl\/index.php\/2022\/01\/27\/czlowiek-w-lustrze-lars-kepler\/"},"wordCount":555,"commentCount":0,"publisher":{"@id":"https:\/\/literackieprzeszpiegi.pl\/#organization"},"image":{"@id":"https:\/\/literackieprzeszpiegi.pl\/index.php\/2022\/01\/27\/czlowiek-w-lustrze-lars-kepler\/#primaryimage"},"thumbnailUrl":"https:\/\/literackieprzeszpiegi.pl\/wp-content\/uploads\/2022\/01\/Czlowiek-w-lustrze_Kepler.jpg","keywords":["Lars Kepler"],"articleSection":["Rasowy krymina\u0142","recenzje","z dreszczykiem"],"inLanguage":"pl-PL","potentialAction":[{"@type":"CommentAction","name":"Comment","target":["https:\/\/literackieprzeszpiegi.pl\/index.php\/2022\/01\/27\/czlowiek-w-lustrze-lars-kepler\/#respond"]}]},{"@type":"WebPage","@id":"https:\/\/literackieprzeszpiegi.pl\/index.php\/2022\/01\/27\/czlowiek-w-lustrze-lars-kepler\/","url":"https:\/\/literackieprzeszpiegi.pl\/index.php\/2022\/01\/27\/czlowiek-w-lustrze-lars-kepler\/","name":"Recenzja \u201eCz\u0142owiek w lustrze\u201d Lars Kepler - Literackie przeszpiegi","isPartOf":{"@id":"https:\/\/literackieprzeszpiegi.pl\/#website"},"primaryImageOfPage":{"@id":"https:\/\/literackieprzeszpiegi.pl\/index.php\/2022\/01\/27\/czlowiek-w-lustrze-lars-kepler\/#primaryimage"},"image":{"@id":"https:\/\/literackieprzeszpiegi.pl\/index.php\/2022\/01\/27\/czlowiek-w-lustrze-lars-kepler\/#primaryimage"},"thumbnailUrl":"https:\/\/literackieprzeszpiegi.pl\/wp-content\/uploads\/2022\/01\/Czlowiek-w-lustrze_Kepler.jpg","datePublished":"2022-01-27T16:33:39+00:00","dateModified":"2022-01-27T16:33:42+00:00","description":"By\u0142o okrucie\u0144stwo, by\u0142a makabra, by\u0142y ciemne zakamarki ludzkiej duszy. I wewn\u0119trzna walka, by jednak dotrwa\u0107 do finalnej rozgrywki.","breadcrumb":{"@id":"https:\/\/literackieprzeszpiegi.pl\/index.php\/2022\/01\/27\/czlowiek-w-lustrze-lars-kepler\/#breadcrumb"},"inLanguage":"pl-PL","potentialAction":[{"@type":"ReadAction","target":["https:\/\/literackieprzeszpiegi.pl\/index.php\/2022\/01\/27\/czlowiek-w-lustrze-lars-kepler\/"]}]},{"@type":"ImageObject","inLanguage":"pl-PL","@id":"https:\/\/literackieprzeszpiegi.pl\/index.php\/2022\/01\/27\/czlowiek-w-lustrze-lars-kepler\/#primaryimage","url":"https:\/\/literackieprzeszpiegi.pl\/wp-content\/uploads\/2022\/01\/Czlowiek-w-lustrze_Kepler.jpg","contentUrl":"https:\/\/literackieprzeszpiegi.pl\/wp-content\/uploads\/2022\/01\/Czlowiek-w-lustrze_Kepler.jpg","width":749,"height":630},{"@type":"BreadcrumbList","@id":"https:\/\/literackieprzeszpiegi.pl\/index.php\/2022\/01\/27\/czlowiek-w-lustrze-lars-kepler\/#breadcrumb","itemListElement":[{"@type":"ListItem","position":1,"name":"Home","item":"https:\/\/literackieprzeszpiegi.pl\/"},{"@type":"ListItem","position":2,"name":"\u201eCz\u0142owiek w lustrze\u201d Lars Kepler"}]},{"@type":"WebSite","@id":"https:\/\/literackieprzeszpiegi.pl\/#website","url":"https:\/\/literackieprzeszpiegi.pl\/","name":"Literackie przeszpiegi","description":"blog o ksi\u0105\u017ckach","publisher":{"@id":"https:\/\/literackieprzeszpiegi.pl\/#organization"},"potentialAction":[{"@type":"SearchAction","target":{"@type":"EntryPoint","urlTemplate":"https:\/\/literackieprzeszpiegi.pl\/?s={search_term_string}"},"query-input":"required name=search_term_string"}],"inLanguage":"pl-PL"},{"@type":"Organization","@id":"https:\/\/literackieprzeszpiegi.pl\/#organization","name":"Literackie przeszpiegi","url":"https:\/\/literackieprzeszpiegi.pl\/","logo":{"@type":"ImageObject","inLanguage":"pl-PL","@id":"https:\/\/literackieprzeszpiegi.pl\/#\/schema\/logo\/image\/","url":"https:\/\/literackieprzeszpiegi.pl\/wp-content\/uploads\/2021\/01\/cropped-cropped-Literackie-przeszpiegi-1.png","contentUrl":"https:\/\/literackieprzeszpiegi.pl\/wp-content\/uploads\/2021\/01\/cropped-cropped-Literackie-przeszpiegi-1.png","width":499,"height":142,"caption":"Literackie przeszpiegi"},"image":{"@id":"https:\/\/literackieprzeszpiegi.pl\/#\/schema\/logo\/image\/"}},{"@type":"Person","@id":"https:\/\/literackieprzeszpiegi.pl\/#\/schema\/person\/fd5c4f317aed549d4833e6402ffea017","name":"Szpieg","image":{"@type":"ImageObject","inLanguage":"pl-PL","@id":"https:\/\/literackieprzeszpiegi.pl\/#\/schema\/person\/image\/","url":"https:\/\/secure.gravatar.com\/avatar\/45a17869257e08975d929f204ef78290?s=96&d=mm&r=g","contentUrl":"https:\/\/secure.gravatar.com\/avatar\/45a17869257e08975d929f204ef78290?s=96&d=mm&r=g","caption":"Szpieg"},"url":"https:\/\/literackieprzeszpiegi.pl\/index.php\/author\/admin\/"}]}},"_links":{"self":[{"href":"https:\/\/literackieprzeszpiegi.pl\/index.php\/wp-json\/wp\/v2\/posts\/3217"}],"collection":[{"href":"https:\/\/literackieprzeszpiegi.pl\/index.php\/wp-json\/wp\/v2\/posts"}],"about":[{"href":"https:\/\/literackieprzeszpiegi.pl\/index.php\/wp-json\/wp\/v2\/types\/post"}],"author":[{"embeddable":true,"href":"https:\/\/literackieprzeszpiegi.pl\/index.php\/wp-json\/wp\/v2\/users\/1"}],"replies":[{"embeddable":true,"href":"https:\/\/literackieprzeszpiegi.pl\/index.php\/wp-json\/wp\/v2\/comments?post=3217"}],"version-history":[{"count":2,"href":"https:\/\/literackieprzeszpiegi.pl\/index.php\/wp-json\/wp\/v2\/posts\/3217\/revisions"}],"predecessor-version":[{"id":3220,"href":"https:\/\/literackieprzeszpiegi.pl\/index.php\/wp-json\/wp\/v2\/posts\/3217\/revisions\/3220"}],"wp:featuredmedia":[{"embeddable":true,"href":"https:\/\/literackieprzeszpiegi.pl\/index.php\/wp-json\/wp\/v2\/media\/3218"}],"wp:attachment":[{"href":"https:\/\/literackieprzeszpiegi.pl\/index.php\/wp-json\/wp\/v2\/media?parent=3217"}],"wp:term":[{"taxonomy":"category","embeddable":true,"href":"https:\/\/literackieprzeszpiegi.pl\/index.php\/wp-json\/wp\/v2\/categories?post=3217"},{"taxonomy":"post_tag","embeddable":true,"href":"https:\/\/literackieprzeszpiegi.pl\/index.php\/wp-json\/wp\/v2\/tags?post=3217"}],"curies":[{"name":"wp","href":"https:\/\/api.w.org\/{rel}","templated":true}]}}