{"id":3248,"date":"2022-03-07T10:07:43","date_gmt":"2022-03-07T09:07:43","guid":{"rendered":"http:\/\/literackieprzeszpiegi.pl\/?p=3248"},"modified":"2022-03-07T22:10:38","modified_gmt":"2022-03-07T21:10:38","slug":"pod-stepowym-niebem-sabina-waszut","status":"publish","type":"post","link":"https:\/\/literackieprzeszpiegi.pl\/index.php\/2022\/03\/07\/pod-stepowym-niebem-sabina-waszut\/","title":{"rendered":"\u201ePod stepowym niebem\u201d Sabina Waszut"},"content":{"rendered":"\n<h2 class=\"wp-block-heading\"><strong>\u201eTamtego popo\u0142udnia pierwszy i ostatni raz pozwoli\u0142a sobie na \u0142zy. Musia\u0142a wyp\u0142aka\u0107 wszystko, co by\u0142o ju\u017c za nimi i to, co wci\u0105\u017c mia\u0142o ich czeka\u0107\u201d.<\/strong><\/h2>\n\n\n\n<!--more-->\n\n\n\n<p>Wiele rzeczy zwi\u0105zanych z nadci\u0105gaj\u0105c\u0105 wojn\u0105 wydaje si\u0119 tak odleg\u0142ych, tak nierealnych, ale gdy wojska nieprzyjaciela materializuj\u0105 si\u0119 na przedmie\u015bciach, jest ju\u017c za p\u00f3\u017ano.<\/p>\n\n\n\n<p>W kwietniu 1940 r. Olga Jelska wraz z tr\u00f3jk\u0105 dzieci jest zmuszona do opuszczenia Stanis\u0142awowa* &#8211; miasta, kt\u00f3re uwa\u017ca\u0142a za swoje miejsce na ziemi, za swoj\u0105 ma\u0142\u0105 ojczyzn\u0119. Jej m\u0119\u017ca, Ildefonsa, lekarza i oficera Wojska Polskiego, aresztowano w grudniu 1939 r.<br>Oldze i jej rodzinie nie pozostawiono \u017cadnego wyboru, nie wyjechali w pogoni za marzeniami, lepsz\u0105 prac\u0105 czy dostatniejszym \u017cyciem. To nie by\u0142a dobrowolna emigracja &#8211; rodzina Jelskich zosta\u0142a wysiedlona na wsch\u00f3d, zmuszona do wyprawy ku wielkiej niewiadomej. Ka\u017cdy przebyty kilometr drogi w nieznane nie przynosi \u017cadnych odpowiedzi, wzmaga za to niepok\u00f3j, strach o zdrowie a t\u0119sknota za domem, za m\u0119\u017cem i ojcem coraz bole\u015bniej k\u0142uje w serce. Gdy docieraj\u0105 w ko\u0144cu do ko\u0142chozu Priesnogorkowce w Kazachstanie, \u015bwiat jawi si\u0119 jako miejsce nieurodzajne, kapry\u015bne, z pogod\u0105, kt\u00f3r\u0105 ci\u0119\u017cko przewidzie\u0107. Czy Olga i jej dzieci poradz\u0105 sobie w nowych warunkach, tak bardzo odbiegaj\u0105cych od tego, co znali? Czy nie s\u0105 zbyt delikatni, zbyt s\u0142abi, zbyt nieprzygotowani na to, co czeka na nich w ko\u0142chozie?<\/p>\n\n\n\n<blockquote class=\"wp-block-quote is-layout-flow wp-block-quote-is-layout-flow\"><p>\u201eZastanawia\u0142y si\u0119, do czego jeszcze mog\u0105 posun\u0105\u0107 si\u0119 ci, kt\u00f3rzy za nic maj\u0105 ludzkie \u017cycie, kt\u00f3rzy morduj\u0105, g\u0142odz\u0105 i niszcz\u0105, wy\u015bpiewuj\u0105c przy tym pie\u015bni o r\u00f3wno\u015bci i nadziei\u201d.<\/p><\/blockquote>\n\n\n\n<p>\u201ePod stepowym niebem\u201d to opowie\u015b\u0107 o niezwyk\u0142ych kobietach, kt\u00f3re los wystawi\u0142 na ci\u0119\u017ck\u0105 pr\u00f3b\u0119. Pozbawione m\u0119skiego wsparcia, wyrwane z bezpiecznego azylu, zdane tylko na siebie. To niesamowite, jak ci\u0119\u017ckie warunki potrafi\u0105 wyzwoli\u0107 pok\u0142ady zaradno\u015bci i pomys\u0142owo\u015bci w walce o ka\u017cdy nast\u0119pny dzie\u0144, pami\u0119taj\u0105c by nie zatraci\u0107 w tym wszystkim siebie i nie zapomnie\u0107 o w\u0142asnych zasadach. Ogromna t\u0119sknota a przede wszystkim g\u0142\u00f3d potrafi\u0105 zmienia\u0107 ludzi, niestety na gorsze i wyzwala\u0107 najprymitywniejsze instynkty. Wspomnieniami radosnych chwil przecie\u017c nie nakarmimy dzieci, nie ubierzemy ich ciep\u0142o ani nie zapewnimy im bezpiecze\u0144stwa. Podejmowane decyzje s\u0105 na wag\u0119 \u017cycia \u2013 swojego lub bliskich &#8211; a czasem po prostu trzeba schowa\u0107 dum\u0119 do kieszeni i nie zgrywa\u0107 bohatera, gdy nie ma si\u0119 planu awaryjnego.<\/p>\n\n\n\n<blockquote class=\"wp-block-quote is-layout-flow wp-block-quote-is-layout-flow\"><p>\u201ePami\u0119tam, jak trudno by\u0142o mi przez pierwsze miesi\u0105ce tutaj. Niemal ka\u017cdego dnia p\u0142aka\u0142am. A potem obros\u0142am skorup\u0105 i dzi\u015b ma\u0142o co potrafi mnie wytr\u0105ci\u0107 z r\u00f3wnowagi. Byleby\u015bcie tylko trzyma\u0142y si\u0119 razem. W kobietach drzemie wielka si\u0142a\u201d.<\/p><\/blockquote>\n\n\n\n<p>W najnowszej ksi\u0105\u017cce Sabiny Waszut znajdziemy te\u017c i inne \u017cyciorysy ludzi, kt\u00f3rym wojna zwichrowa\u0142a \u017cycie. Mamy m\u0142odziutk\u0105 Pelagi\u0119, podr\u00f3\u017cuj\u0105c\u0105 z Jelskimi; jest i Lidka \u017burawska, kt\u00f3ra wie zbyt wiele; szale\u0144czy komendant Michaj\u0142owicz sieje pop\u0142och a Kazach O\u0142\u017cas okazuje si\u0119 by\u0107 niezwykle pomocny.<\/p>\n\n\n\n<p>Nieod\u0142\u0105cznym elementem ka\u017cdej ksi\u0105\u017cki z serii \u201eEmigranci\u201d jest pisanie list\u00f3w &#8211; w trudnych czasach, gdy rodziny dziel\u0105 tysi\u0105ce kilometr\u00f3w to w\u0142a\u015bnie s\u0142owo pisane jest bardzo wyczekiwane. Niejednokrotnie listy w\u0119druj\u0105 miesi\u0105cami, informacje si\u0119 dezaktualizuj\u0105, ale zawsze nios\u0105 otuch\u0119 i nadziej\u0119, \u017ce bliska osoba \u017cyje. To bardzo wiele. Opr\u00f3cz list\u00f3w, pojawia si\u0119 ukochany przez autork\u0119 w\u0105tek \u015bl\u0105ski w postaci Pelagii, m\u0142odziutkiej dziewczyny przyby\u0142ej ze \u015al\u0105ska. W Stanis\u0142awowie mia\u0142a by\u0107 bezpieczna a z czasem powr\u00f3ci\u0107 do rodziny, lecz los wygna\u0142 j\u0105 na wsch\u00f3d\u2026<\/p>\n\n\n\n<p>\u201ePod stepowym niebem to historia chwytaj\u0105ca za serce od pierwszych stron. Sabina Waszut zabiera czytelnik\u00f3w w podr\u00f3\u017c na wsch\u00f3d, po nieurodzajnych stepach Kazachstanu (i nie tylko!), gdzie wysiedlono ludzi ze wzgl\u0119d\u00f3w politycznych. Odebrano im bliskich, odarto ze spokoju i bezpiecze\u0144stwa, zdano na samych siebie. Rodzina Jelskich jest jedn\u0105 z wielu rodzin, kt\u00f3ra do\u015bwiadczy\u0142a wysiedlenia do ko\u0142chozu, do ziemi przekl\u0119tej. Olga nigdy si\u0119 nie podda\u0142a, walczy\u0142a o ka\u017cdy dzie\u0144, walczy\u0142a jak lwica o swoje dzieci.<\/p>\n\n\n\n<blockquote class=\"wp-block-quote is-layout-flow wp-block-quote-is-layout-flow\"><p>\u201e\u017byj\u0105 i niewa\u017cne, co jeszcze przyniesie im los, gdziekolwiek ich ze\u015ble, b\u0119d\u0105 mogli opowiada\u0107 o swoich prze\u017cyciach, aby historia ju\u017c nigdy nie pope\u0142ni\u0142a b\u0142\u0119du wojny\u201d.<\/p><\/blockquote>\n\n\n\n<p>_____<br>* Stanis\u0142aw\u00f3w &#8211; obecnie Iwano-Frankiwsk, miasto za zachodniej Ukrainie. <br>_________<\/p>\n\n\n\n<p>Sabina Waszut \u201ePod stepowym niebem\u201d<br>Cykl: Emigranci, t.3<br>Wydawnictwo Ksi\u0105\u017cnica<br>_________<br>Zerknijcie do recenzji poprzednich tom\u00f3w z serii &#8220;Emigranci&#8221;<br>&#8220;<a href=\"https:\/\/literackieprzeszpiegi.pl\/index.php\/2021\/04\/26\/podroz-za-horyzont-sabina-waszut\/\">Podr\u00f3\u017c za horyzont<\/a>&#8220;<br>&#8220;<a href=\"https:\/\/literackieprzeszpiegi.pl\/index.php\/2021\/08\/02\/listy-z-czarnych-miast-sabina-waszut\/\">Listy z czarnych miast<\/a>&#8220;<\/p>\n","protected":false},"excerpt":{"rendered":"<p>\u201eTamtego popo\u0142udnia pierwszy i ostatni raz pozwoli\u0142a sobie na \u0142zy. Musia\u0142a wyp\u0142aka\u0107 wszystko, co by\u0142o ju\u017c za nimi i to, co wci\u0105\u017c mia\u0142o ich czeka\u0107\u201d.<\/p>\n","protected":false},"author":1,"featured_media":3249,"comment_status":"open","ping_status":"open","sticky":false,"template":"","format":"standard","meta":{"om_disable_all_campaigns":false,"_exactmetrics_skip_tracking":false,"_exactmetrics_sitenote_active":false,"_exactmetrics_sitenote_note":"","_exactmetrics_sitenote_category":0,"_monsterinsights_skip_tracking":false,"_monsterinsights_sitenote_active":false,"_monsterinsights_sitenote_note":"","_monsterinsights_sitenote_category":0,"_uf_show_specific_survey":0,"_uf_disable_surveys":false,"footnotes":""},"categories":[7,5,8],"tags":[108,28],"yoast_head":"<!-- This site is optimized with the Yoast SEO plugin v22.9 - https:\/\/yoast.com\/wordpress\/plugins\/seo\/ -->\n<title>Recenzja: \u201ePod stepowym niebem\u201d Sabina Waszut - Literackie przeszpiegi<\/title>\n<meta name=\"description\" content=\"\u201eTamtego popo\u0142udnia pierwszy i ostatni raz pozwoli\u0142a sobie na \u0142zy. Musia\u0142a wyp\u0142aka\u0107 wszystko, co by\u0142o ju\u017c za nimi i to, co wci\u0105\u017c mia\u0142o ich czeka\u0107\u201d.\" \/>\n<meta name=\"robots\" content=\"index, follow, max-snippet:-1, max-image-preview:large, max-video-preview:-1\" \/>\n<link rel=\"canonical\" href=\"https:\/\/literackieprzeszpiegi.pl\/index.php\/2022\/03\/07\/pod-stepowym-niebem-sabina-waszut\/\" \/>\n<meta property=\"og:locale\" content=\"pl_PL\" \/>\n<meta property=\"og:type\" content=\"article\" \/>\n<meta property=\"og:title\" content=\"&quot;Pod stepowym niebem&quot; Sabina Waszut\" \/>\n<meta property=\"og:description\" content=\"\u201eTamtego popo\u0142udnia pierwszy i ostatni raz pozwoli\u0142a sobie na \u0142zy. Musia\u0142a wyp\u0142aka\u0107 wszystko, co by\u0142o ju\u017c za nimi i to, co wci\u0105\u017c mia\u0142o ich czeka\u0107\u201d.\" \/>\n<meta property=\"og:url\" content=\"https:\/\/literackieprzeszpiegi.pl\/index.php\/2022\/03\/07\/pod-stepowym-niebem-sabina-waszut\/\" \/>\n<meta property=\"og:site_name\" content=\"Literackie przeszpiegi\" \/>\n<meta property=\"article:published_time\" content=\"2022-03-07T09:07:43+00:00\" \/>\n<meta property=\"article:modified_time\" content=\"2022-03-07T21:10:38+00:00\" \/>\n<meta property=\"og:image\" content=\"https:\/\/literackieprzeszpiegi.pl\/wp-content\/uploads\/2022\/03\/Pod-stepowym-niebem_Sabina-Waszut.jpg\" \/>\n\t<meta property=\"og:image:width\" content=\"888\" \/>\n\t<meta property=\"og:image:height\" content=\"682\" \/>\n\t<meta property=\"og:image:type\" content=\"image\/jpeg\" \/>\n<meta name=\"author\" content=\"Szpieg\" \/>\n<meta name=\"twitter:card\" content=\"summary_large_image\" \/>\n<meta name=\"twitter:label1\" content=\"Napisane przez\" \/>\n\t<meta name=\"twitter:data1\" content=\"Szpieg\" \/>\n\t<meta name=\"twitter:label2\" content=\"Szacowany czas czytania\" \/>\n\t<meta name=\"twitter:data2\" content=\"4 minuty\" \/>\n<script type=\"application\/ld+json\" class=\"yoast-schema-graph\">{\"@context\":\"https:\/\/schema.org\",\"@graph\":[{\"@type\":\"Article\",\"@id\":\"https:\/\/literackieprzeszpiegi.pl\/index.php\/2022\/03\/07\/pod-stepowym-niebem-sabina-waszut\/#article\",\"isPartOf\":{\"@id\":\"https:\/\/literackieprzeszpiegi.pl\/index.php\/2022\/03\/07\/pod-stepowym-niebem-sabina-waszut\/\"},\"author\":{\"name\":\"Szpieg\",\"@id\":\"https:\/\/literackieprzeszpiegi.pl\/#\/schema\/person\/fd5c4f317aed549d4833e6402ffea017\"},\"headline\":\"\u201ePod stepowym niebem\u201d Sabina Waszut\",\"datePublished\":\"2022-03-07T09:07:43+00:00\",\"dateModified\":\"2022-03-07T21:10:38+00:00\",\"mainEntityOfPage\":{\"@id\":\"https:\/\/literackieprzeszpiegi.pl\/index.php\/2022\/03\/07\/pod-stepowym-niebem-sabina-waszut\/\"},\"wordCount\":785,\"commentCount\":0,\"publisher\":{\"@id\":\"https:\/\/literackieprzeszpiegi.pl\/#organization\"},\"image\":{\"@id\":\"https:\/\/literackieprzeszpiegi.pl\/index.php\/2022\/03\/07\/pod-stepowym-niebem-sabina-waszut\/#primaryimage\"},\"thumbnailUrl\":\"https:\/\/literackieprzeszpiegi.pl\/wp-content\/uploads\/2022\/03\/Pod-stepowym-niebem_Sabina-Waszut.jpg\",\"keywords\":[\"Ksi\u0105\u017cnica\",\"Sabina Waszut\"],\"articleSection\":[\"Hit\",\"P\u00f3\u0142ka z przesz\u0142o\u015bci\",\"recenzje\"],\"inLanguage\":\"pl-PL\",\"potentialAction\":[{\"@type\":\"CommentAction\",\"name\":\"Comment\",\"target\":[\"https:\/\/literackieprzeszpiegi.pl\/index.php\/2022\/03\/07\/pod-stepowym-niebem-sabina-waszut\/#respond\"]}]},{\"@type\":\"WebPage\",\"@id\":\"https:\/\/literackieprzeszpiegi.pl\/index.php\/2022\/03\/07\/pod-stepowym-niebem-sabina-waszut\/\",\"url\":\"https:\/\/literackieprzeszpiegi.pl\/index.php\/2022\/03\/07\/pod-stepowym-niebem-sabina-waszut\/\",\"name\":\"Recenzja: \u201ePod stepowym niebem\u201d Sabina Waszut - Literackie przeszpiegi\",\"isPartOf\":{\"@id\":\"https:\/\/literackieprzeszpiegi.pl\/#website\"},\"primaryImageOfPage\":{\"@id\":\"https:\/\/literackieprzeszpiegi.pl\/index.php\/2022\/03\/07\/pod-stepowym-niebem-sabina-waszut\/#primaryimage\"},\"image\":{\"@id\":\"https:\/\/literackieprzeszpiegi.pl\/index.php\/2022\/03\/07\/pod-stepowym-niebem-sabina-waszut\/#primaryimage\"},\"thumbnailUrl\":\"https:\/\/literackieprzeszpiegi.pl\/wp-content\/uploads\/2022\/03\/Pod-stepowym-niebem_Sabina-Waszut.jpg\",\"datePublished\":\"2022-03-07T09:07:43+00:00\",\"dateModified\":\"2022-03-07T21:10:38+00:00\",\"description\":\"\u201eTamtego popo\u0142udnia pierwszy i ostatni raz pozwoli\u0142a sobie na \u0142zy. Musia\u0142a wyp\u0142aka\u0107 wszystko, co by\u0142o ju\u017c za nimi i to, co wci\u0105\u017c mia\u0142o ich czeka\u0107\u201d.\",\"breadcrumb\":{\"@id\":\"https:\/\/literackieprzeszpiegi.pl\/index.php\/2022\/03\/07\/pod-stepowym-niebem-sabina-waszut\/#breadcrumb\"},\"inLanguage\":\"pl-PL\",\"potentialAction\":[{\"@type\":\"ReadAction\",\"target\":[\"https:\/\/literackieprzeszpiegi.pl\/index.php\/2022\/03\/07\/pod-stepowym-niebem-sabina-waszut\/\"]}]},{\"@type\":\"ImageObject\",\"inLanguage\":\"pl-PL\",\"@id\":\"https:\/\/literackieprzeszpiegi.pl\/index.php\/2022\/03\/07\/pod-stepowym-niebem-sabina-waszut\/#primaryimage\",\"url\":\"https:\/\/literackieprzeszpiegi.pl\/wp-content\/uploads\/2022\/03\/Pod-stepowym-niebem_Sabina-Waszut.jpg\",\"contentUrl\":\"https:\/\/literackieprzeszpiegi.pl\/wp-content\/uploads\/2022\/03\/Pod-stepowym-niebem_Sabina-Waszut.jpg\",\"width\":888,\"height\":682},{\"@type\":\"BreadcrumbList\",\"@id\":\"https:\/\/literackieprzeszpiegi.pl\/index.php\/2022\/03\/07\/pod-stepowym-niebem-sabina-waszut\/#breadcrumb\",\"itemListElement\":[{\"@type\":\"ListItem\",\"position\":1,\"name\":\"Home\",\"item\":\"https:\/\/literackieprzeszpiegi.pl\/\"},{\"@type\":\"ListItem\",\"position\":2,\"name\":\"\u201ePod stepowym niebem\u201d Sabina Waszut\"}]},{\"@type\":\"WebSite\",\"@id\":\"https:\/\/literackieprzeszpiegi.pl\/#website\",\"url\":\"https:\/\/literackieprzeszpiegi.pl\/\",\"name\":\"Literackie przeszpiegi\",\"description\":\"blog o ksi\u0105\u017ckach\",\"publisher\":{\"@id\":\"https:\/\/literackieprzeszpiegi.pl\/#organization\"},\"potentialAction\":[{\"@type\":\"SearchAction\",\"target\":{\"@type\":\"EntryPoint\",\"urlTemplate\":\"https:\/\/literackieprzeszpiegi.pl\/?s={search_term_string}\"},\"query-input\":\"required name=search_term_string\"}],\"inLanguage\":\"pl-PL\"},{\"@type\":\"Organization\",\"@id\":\"https:\/\/literackieprzeszpiegi.pl\/#organization\",\"name\":\"Literackie przeszpiegi\",\"url\":\"https:\/\/literackieprzeszpiegi.pl\/\",\"logo\":{\"@type\":\"ImageObject\",\"inLanguage\":\"pl-PL\",\"@id\":\"https:\/\/literackieprzeszpiegi.pl\/#\/schema\/logo\/image\/\",\"url\":\"https:\/\/literackieprzeszpiegi.pl\/wp-content\/uploads\/2021\/01\/cropped-cropped-Literackie-przeszpiegi-1.png\",\"contentUrl\":\"https:\/\/literackieprzeszpiegi.pl\/wp-content\/uploads\/2021\/01\/cropped-cropped-Literackie-przeszpiegi-1.png\",\"width\":499,\"height\":142,\"caption\":\"Literackie przeszpiegi\"},\"image\":{\"@id\":\"https:\/\/literackieprzeszpiegi.pl\/#\/schema\/logo\/image\/\"}},{\"@type\":\"Person\",\"@id\":\"https:\/\/literackieprzeszpiegi.pl\/#\/schema\/person\/fd5c4f317aed549d4833e6402ffea017\",\"name\":\"Szpieg\",\"image\":{\"@type\":\"ImageObject\",\"inLanguage\":\"pl-PL\",\"@id\":\"https:\/\/literackieprzeszpiegi.pl\/#\/schema\/person\/image\/\",\"url\":\"https:\/\/secure.gravatar.com\/avatar\/45a17869257e08975d929f204ef78290?s=96&d=mm&r=g\",\"contentUrl\":\"https:\/\/secure.gravatar.com\/avatar\/45a17869257e08975d929f204ef78290?s=96&d=mm&r=g\",\"caption\":\"Szpieg\"},\"url\":\"https:\/\/literackieprzeszpiegi.pl\/index.php\/author\/admin\/\"}]}<\/script>\n<!-- \/ Yoast SEO plugin. -->","yoast_head_json":{"title":"Recenzja: \u201ePod stepowym niebem\u201d Sabina Waszut - Literackie przeszpiegi","description":"\u201eTamtego popo\u0142udnia pierwszy i ostatni raz pozwoli\u0142a sobie na \u0142zy. Musia\u0142a wyp\u0142aka\u0107 wszystko, co by\u0142o ju\u017c za nimi i to, co wci\u0105\u017c mia\u0142o ich czeka\u0107\u201d.","robots":{"index":"index","follow":"follow","max-snippet":"max-snippet:-1","max-image-preview":"max-image-preview:large","max-video-preview":"max-video-preview:-1"},"canonical":"https:\/\/literackieprzeszpiegi.pl\/index.php\/2022\/03\/07\/pod-stepowym-niebem-sabina-waszut\/","og_locale":"pl_PL","og_type":"article","og_title":"\"Pod stepowym niebem\" Sabina Waszut","og_description":"\u201eTamtego popo\u0142udnia pierwszy i ostatni raz pozwoli\u0142a sobie na \u0142zy. Musia\u0142a wyp\u0142aka\u0107 wszystko, co by\u0142o ju\u017c za nimi i to, co wci\u0105\u017c mia\u0142o ich czeka\u0107\u201d.","og_url":"https:\/\/literackieprzeszpiegi.pl\/index.php\/2022\/03\/07\/pod-stepowym-niebem-sabina-waszut\/","og_site_name":"Literackie przeszpiegi","article_published_time":"2022-03-07T09:07:43+00:00","article_modified_time":"2022-03-07T21:10:38+00:00","og_image":[{"width":888,"height":682,"url":"https:\/\/literackieprzeszpiegi.pl\/wp-content\/uploads\/2022\/03\/Pod-stepowym-niebem_Sabina-Waszut.jpg","type":"image\/jpeg"}],"author":"Szpieg","twitter_card":"summary_large_image","twitter_misc":{"Napisane przez":"Szpieg","Szacowany czas czytania":"4 minuty"},"schema":{"@context":"https:\/\/schema.org","@graph":[{"@type":"Article","@id":"https:\/\/literackieprzeszpiegi.pl\/index.php\/2022\/03\/07\/pod-stepowym-niebem-sabina-waszut\/#article","isPartOf":{"@id":"https:\/\/literackieprzeszpiegi.pl\/index.php\/2022\/03\/07\/pod-stepowym-niebem-sabina-waszut\/"},"author":{"name":"Szpieg","@id":"https:\/\/literackieprzeszpiegi.pl\/#\/schema\/person\/fd5c4f317aed549d4833e6402ffea017"},"headline":"\u201ePod stepowym niebem\u201d Sabina Waszut","datePublished":"2022-03-07T09:07:43+00:00","dateModified":"2022-03-07T21:10:38+00:00","mainEntityOfPage":{"@id":"https:\/\/literackieprzeszpiegi.pl\/index.php\/2022\/03\/07\/pod-stepowym-niebem-sabina-waszut\/"},"wordCount":785,"commentCount":0,"publisher":{"@id":"https:\/\/literackieprzeszpiegi.pl\/#organization"},"image":{"@id":"https:\/\/literackieprzeszpiegi.pl\/index.php\/2022\/03\/07\/pod-stepowym-niebem-sabina-waszut\/#primaryimage"},"thumbnailUrl":"https:\/\/literackieprzeszpiegi.pl\/wp-content\/uploads\/2022\/03\/Pod-stepowym-niebem_Sabina-Waszut.jpg","keywords":["Ksi\u0105\u017cnica","Sabina Waszut"],"articleSection":["Hit","P\u00f3\u0142ka z przesz\u0142o\u015bci","recenzje"],"inLanguage":"pl-PL","potentialAction":[{"@type":"CommentAction","name":"Comment","target":["https:\/\/literackieprzeszpiegi.pl\/index.php\/2022\/03\/07\/pod-stepowym-niebem-sabina-waszut\/#respond"]}]},{"@type":"WebPage","@id":"https:\/\/literackieprzeszpiegi.pl\/index.php\/2022\/03\/07\/pod-stepowym-niebem-sabina-waszut\/","url":"https:\/\/literackieprzeszpiegi.pl\/index.php\/2022\/03\/07\/pod-stepowym-niebem-sabina-waszut\/","name":"Recenzja: \u201ePod stepowym niebem\u201d Sabina Waszut - Literackie przeszpiegi","isPartOf":{"@id":"https:\/\/literackieprzeszpiegi.pl\/#website"},"primaryImageOfPage":{"@id":"https:\/\/literackieprzeszpiegi.pl\/index.php\/2022\/03\/07\/pod-stepowym-niebem-sabina-waszut\/#primaryimage"},"image":{"@id":"https:\/\/literackieprzeszpiegi.pl\/index.php\/2022\/03\/07\/pod-stepowym-niebem-sabina-waszut\/#primaryimage"},"thumbnailUrl":"https:\/\/literackieprzeszpiegi.pl\/wp-content\/uploads\/2022\/03\/Pod-stepowym-niebem_Sabina-Waszut.jpg","datePublished":"2022-03-07T09:07:43+00:00","dateModified":"2022-03-07T21:10:38+00:00","description":"\u201eTamtego popo\u0142udnia pierwszy i ostatni raz pozwoli\u0142a sobie na \u0142zy. Musia\u0142a wyp\u0142aka\u0107 wszystko, co by\u0142o ju\u017c za nimi i to, co wci\u0105\u017c mia\u0142o ich czeka\u0107\u201d.","breadcrumb":{"@id":"https:\/\/literackieprzeszpiegi.pl\/index.php\/2022\/03\/07\/pod-stepowym-niebem-sabina-waszut\/#breadcrumb"},"inLanguage":"pl-PL","potentialAction":[{"@type":"ReadAction","target":["https:\/\/literackieprzeszpiegi.pl\/index.php\/2022\/03\/07\/pod-stepowym-niebem-sabina-waszut\/"]}]},{"@type":"ImageObject","inLanguage":"pl-PL","@id":"https:\/\/literackieprzeszpiegi.pl\/index.php\/2022\/03\/07\/pod-stepowym-niebem-sabina-waszut\/#primaryimage","url":"https:\/\/literackieprzeszpiegi.pl\/wp-content\/uploads\/2022\/03\/Pod-stepowym-niebem_Sabina-Waszut.jpg","contentUrl":"https:\/\/literackieprzeszpiegi.pl\/wp-content\/uploads\/2022\/03\/Pod-stepowym-niebem_Sabina-Waszut.jpg","width":888,"height":682},{"@type":"BreadcrumbList","@id":"https:\/\/literackieprzeszpiegi.pl\/index.php\/2022\/03\/07\/pod-stepowym-niebem-sabina-waszut\/#breadcrumb","itemListElement":[{"@type":"ListItem","position":1,"name":"Home","item":"https:\/\/literackieprzeszpiegi.pl\/"},{"@type":"ListItem","position":2,"name":"\u201ePod stepowym niebem\u201d Sabina Waszut"}]},{"@type":"WebSite","@id":"https:\/\/literackieprzeszpiegi.pl\/#website","url":"https:\/\/literackieprzeszpiegi.pl\/","name":"Literackie przeszpiegi","description":"blog o ksi\u0105\u017ckach","publisher":{"@id":"https:\/\/literackieprzeszpiegi.pl\/#organization"},"potentialAction":[{"@type":"SearchAction","target":{"@type":"EntryPoint","urlTemplate":"https:\/\/literackieprzeszpiegi.pl\/?s={search_term_string}"},"query-input":"required name=search_term_string"}],"inLanguage":"pl-PL"},{"@type":"Organization","@id":"https:\/\/literackieprzeszpiegi.pl\/#organization","name":"Literackie przeszpiegi","url":"https:\/\/literackieprzeszpiegi.pl\/","logo":{"@type":"ImageObject","inLanguage":"pl-PL","@id":"https:\/\/literackieprzeszpiegi.pl\/#\/schema\/logo\/image\/","url":"https:\/\/literackieprzeszpiegi.pl\/wp-content\/uploads\/2021\/01\/cropped-cropped-Literackie-przeszpiegi-1.png","contentUrl":"https:\/\/literackieprzeszpiegi.pl\/wp-content\/uploads\/2021\/01\/cropped-cropped-Literackie-przeszpiegi-1.png","width":499,"height":142,"caption":"Literackie przeszpiegi"},"image":{"@id":"https:\/\/literackieprzeszpiegi.pl\/#\/schema\/logo\/image\/"}},{"@type":"Person","@id":"https:\/\/literackieprzeszpiegi.pl\/#\/schema\/person\/fd5c4f317aed549d4833e6402ffea017","name":"Szpieg","image":{"@type":"ImageObject","inLanguage":"pl-PL","@id":"https:\/\/literackieprzeszpiegi.pl\/#\/schema\/person\/image\/","url":"https:\/\/secure.gravatar.com\/avatar\/45a17869257e08975d929f204ef78290?s=96&d=mm&r=g","contentUrl":"https:\/\/secure.gravatar.com\/avatar\/45a17869257e08975d929f204ef78290?s=96&d=mm&r=g","caption":"Szpieg"},"url":"https:\/\/literackieprzeszpiegi.pl\/index.php\/author\/admin\/"}]}},"_links":{"self":[{"href":"https:\/\/literackieprzeszpiegi.pl\/index.php\/wp-json\/wp\/v2\/posts\/3248"}],"collection":[{"href":"https:\/\/literackieprzeszpiegi.pl\/index.php\/wp-json\/wp\/v2\/posts"}],"about":[{"href":"https:\/\/literackieprzeszpiegi.pl\/index.php\/wp-json\/wp\/v2\/types\/post"}],"author":[{"embeddable":true,"href":"https:\/\/literackieprzeszpiegi.pl\/index.php\/wp-json\/wp\/v2\/users\/1"}],"replies":[{"embeddable":true,"href":"https:\/\/literackieprzeszpiegi.pl\/index.php\/wp-json\/wp\/v2\/comments?post=3248"}],"version-history":[{"count":4,"href":"https:\/\/literackieprzeszpiegi.pl\/index.php\/wp-json\/wp\/v2\/posts\/3248\/revisions"}],"predecessor-version":[{"id":3253,"href":"https:\/\/literackieprzeszpiegi.pl\/index.php\/wp-json\/wp\/v2\/posts\/3248\/revisions\/3253"}],"wp:featuredmedia":[{"embeddable":true,"href":"https:\/\/literackieprzeszpiegi.pl\/index.php\/wp-json\/wp\/v2\/media\/3249"}],"wp:attachment":[{"href":"https:\/\/literackieprzeszpiegi.pl\/index.php\/wp-json\/wp\/v2\/media?parent=3248"}],"wp:term":[{"taxonomy":"category","embeddable":true,"href":"https:\/\/literackieprzeszpiegi.pl\/index.php\/wp-json\/wp\/v2\/categories?post=3248"},{"taxonomy":"post_tag","embeddable":true,"href":"https:\/\/literackieprzeszpiegi.pl\/index.php\/wp-json\/wp\/v2\/tags?post=3248"}],"curies":[{"name":"wp","href":"https:\/\/api.w.org\/{rel}","templated":true}]}}