{"id":3255,"date":"2022-03-22T21:45:35","date_gmt":"2022-03-22T20:45:35","guid":{"rendered":"http:\/\/literackieprzeszpiegi.pl\/?p=3255"},"modified":"2022-03-22T21:45:37","modified_gmt":"2022-03-22T20:45:37","slug":"taka-tragedia-w-taltach-marta-matyszczak","status":"publish","type":"post","link":"https:\/\/literackieprzeszpiegi.pl\/index.php\/2022\/03\/22\/taka-tragedia-w-taltach-marta-matyszczak\/","title":{"rendered":"\u201eTaka tragedia w Ta\u0142tach\u201d Marta Matyszczak"},"content":{"rendered":"\n<h2 class=\"wp-block-heading\"><strong>\u201eJednak to, co Rozalia Ginter ceni\u0142a sobie w \u017cyciu najbardziej, to rodzina. Kiedy wi\u0119c mia\u0142a do wyboru dobro najbli\u017cszych i w\u0142asn\u0105 moralno\u015b\u0107, ta druga przegrywa\u0142a w przedbiegach tego nier\u00f3wnego wy\u015bcigu\u201d.<\/strong><\/h2>\n\n\n\n<!--more-->\n\n\n\n<p>O ile w <a href=\"https:\/\/literackieprzeszpiegi.pl\/index.php\/2021\/06\/15\/mamy-morderstwo-w-mikolajkach-marta-matyszczak-recenzja-przedpremierowa\/\">poprzednim tomie<\/a> Krymina\u0142\u00f3w z pazurem trupa podrzucono do Miko\u0142ajek, to tym razem Marta Matyszczak postanowi\u0142a zepsu\u0107 reputacj\u0119 malowniczym Ta\u0142tom.<\/p>\n\n\n\n<p>Ale do brzegu. Cia\u0142o nieboszczyka, zdecydowanie nie pierwszej \u015bwie\u017co\u015bci, zostaje odkryte nad brzegiem jeziora Ta\u0142ty. Jego personalia szybko przestaj\u0105 by\u0107 tajemnic\u0105, jak i r\u00f3wnie\u017c fakt, \u017ce zgin\u0105\u0142 w cieniach i blaskach noworocznych fajerwerk\u00f3w. Najbli\u017cszych przyjaci\u00f3\u0142 w og\u00f3le nie zaniepokoi\u0142 fakt jego d\u0142u\u017cszej nieobecno\u015bci, co mocno zastanawia lokaln\u0105 policj\u0119. Komisarza Paw\u0142a Gintera i posterunkowego Romaniuka czeka \u017cmudne \u015bledztwo, bo wspomnienia z nocy sylwestrowej s\u0105 sp\u00f3jne tylko do pewnego momentu\u2026 Dodatkowo w Ta\u0142tach r\u00f3wnolegle toczy si\u0119 \u015bledztwo w sprawie \u015bmierci Jadwigi Ginter, prowadzone przez policjant\u00f3w z Mr\u0105gowa, kt\u00f3rzy lubuj\u0105 si\u0119 w pojawianiu si\u0119 w najmniej odpowiednich momentach.<\/p>\n\n\n\n<p>Spokojny sen Rozalii Ginter zak\u0142\u00f3caj\u0105 wyrzuty sumienia i ci\u0105g\u0142a obawa, \u017ce jej najwi\u0119kszy sekret ujrzy \u015bwiat\u0142o dzienne, co oznacza\u0142oby absolutny koniec wszystkiego, od kariery zawodowej a\u017c po \u017cycie rodzinne. Jedynie Burbur pozostaje niezachwiana w swej dzia\u0142alno\u015bci literackiej a sekretny pami\u0119tniczek, pisany coraz ostrzejszym stylem, zyskuje na obj\u0119to\u015bci.<\/p>\n\n\n\n<blockquote class=\"wp-block-quote has-text-align-center is-layout-flow wp-block-quote-is-layout-flow\"><p><em>\u201eTo my \u2013 kobiety \u2013 powinni\u015bmy rz\u0105dzi\u0107 \u015bwiatem. <\/em><br><em>Po tygodniu nie by\u0142oby na nim wojen, susz, powodzi, <\/em><br><em>epidemii i globalnego ocieplenia. <\/em><br><em>Oraz bezu\u017cytecznych kretyn\u00f3w\u201d.<\/em><\/p><\/blockquote>\n\n\n\n<p>\u201eTaka tragedia w Ta\u0142tach\u201d rozgrywa si\u0119 na kilku p\u0142aszczyznach. Osi\u0105 kryminaln\u0105 jest martwy Bogdan Poniedzia\u0142ek, kt\u00f3rego \u015bmier\u0107 jest przyczynkiem do cierpkich rozm\u00f3w o przyja\u017ani na papierze. Z kwintetu przyjaci\u00f3\u0142 o wsp\u00f3lnej przesz\u0142o\u015bci osta\u0142 si\u0119 kwartet, w kt\u00f3rym wybrzmiewaj\u0105 wspomnienia podszyte poczuciem krzywdy, niesprawiedliwo\u015bci i zazdro\u015bci, \u017ce innym lepiej si\u0119 powodzi. Czy to wystarczaj\u0105cy motyw, by zamordowa\u0107? A mo\u017ce sprawcy nale\u017cy wypatrywa\u0107 zupe\u0142nie gdzie indziej?<\/p>\n\n\n\n<p>Sprytnie autorka zaplanowa\u0142a czas i miejsce zbrodni, jak i ograniczy\u0142a grono podejrzanych. Relacjonuje wydarzenia Sylwestra z punktu widzenia kilku os\u00f3b, siej\u0105c pop\u0142och i zam\u0119t, by nikt nie by\u0142 wolny od podejrze\u0144.<\/p>\n\n\n\n<blockquote class=\"wp-block-quote has-text-align-center is-layout-flow wp-block-quote-is-layout-flow\"><p><em>\u201eA cia\u0142a, pani Rozalio, maj\u0105 to do siebie, <\/em><br><em>\u017ce pr\u0119dzej czy p\u00f3\u017aniej wyp\u0142ywaj\u0105 na powierzchni\u0119. Jak prawda<\/em>&#8220;. <\/p><\/blockquote>\n\n\n\n<p>Trzeba przyzna\u0107, \u017ce w ma\u0142ych Ta\u0142tach nadspodziewanie du\u017co si\u0119 dzieje. Jest \u015bledztwo w sprawie Bogdana Poniedzia\u0142ka, mr\u0105gowska policja szuka winnych \u015bmierci Jadwigi Ginter a wi\u0119c ci, kt\u00f3rzy z tymi sprawami nie maj\u0105 nic wsp\u00f3lnego, powinni spa\u0107 spokojnie. A tak nie jest. W miasteczku g\u0119stnieje atmosfera, przesycona tajemnicami, kt\u00f3re niekt\u00f3rzy chc\u0105 wykorzysta\u0107 do swoich cel\u00f3w. Wiedza i wsp\u00f3lne sekrety maj\u0105 to do siebie, \u017ce wi\u0105\u017c\u0105 lepiej ni\u017c kredyt hipoteczny. Czy milczenie na pewno jest najlepszym rozwi\u0105zaniem? Czy ka\u017cde kolejne k\u0142amstwo, wypowiedziane w dobrej wierze, mo\u017ce by\u0107 usprawiedliwione? Nie od dzisiaj wiadomo, \u017ce ten, kto popad\u0142 w sie\u0107 k\u0142amstw, tak \u0142atwo si\u0119 z niej nie wydostanie.<\/p>\n\n\n\n<p>\u015aci\u015ble powi\u0105zana z wydarzeniami kryminalnymi jest warstwa obyczajowa ksi\u0105\u017cki. Zamiast prostowa\u0107 \u015bcie\u017cki bohater\u00f3w, Marta Matyszczak podrzuca im kolejne k\u0142ody, buduje mury i stawia w sytuacji praktycznie bez wyj\u015bcia. Poddaje pr\u00f3bom, by pokaza\u0107 zachowania z daleka od ich w\u0142asnej strefy komfortu. O charakterach postaci sporo wiedzieli\u015bmy ju\u017c z poprzedniego tomu. W tej cz\u0119\u015bci znajdujemy ich potwierdzenie, ale te\u017c i pojawiaj\u0105 si\u0119 nowe cechy. Rozalia to wci\u0105\u017c kobieta o silnej, lecz poharatanej ciemnymi rysami osobowo\u015bci. Jest niczym czo\u0142g, kt\u00f3ry prze do przodu, kieruj\u0105c si\u0119 dobrem najwy\u017cszym, czyli dobrem swojej rodziny. Z kim wej\u015b\u0107 w sojusz, komu zaufa\u0107 po drodze a kogo absolutnie unika\u0107 i ile to wszystko b\u0119dzie j\u0105 kosztowa\u0107, wie tylko ona. Dodatkowo Rozalia ujawnia swoje nowe oblicze, b\u0119d\u0105ce pok\u0142osiem wydarze\u0144 z pierwszego tomu. Tylko czy realizacja w\u0142asnej zemsty nie b\u0119dzie sta\u0142a w sprzeczno\u015bci z innymi, priorytetowymi ustaleniami? <br>I w\u0142a\u015bnie na tle swojej \u017cony Pawe\u0142 Ginter wypada stosunkowo blado. Jego \u015bledcza uwaga jest rozproszona, brakuje mu stanowczo\u015bci, zdecydowania i przyznania si\u0119 do w\u0142asnych b\u0142\u0119d\u00f3w\u2026 C\u00f3\u017c, Pawe\u0142 Ginter jest m\u0119\u017cczyzn\u0105, kt\u00f3ry b\u0142\u0105dzi coraz bardziej\u2026 A propos postaci \u2013 autorka pu\u015bci\u0142a oczko (i to nie jeden raz!) do swoich czytelnik\u00f3w, si\u0119gaj\u0105c do znajomych postaci z Krymina\u0142\u00f3w pod psem. Wypatrujcie ich koniecznie!<\/p>\n\n\n\n<p>\u201eTaka tragedia w Ta\u0142tach\u201d to historia, w kt\u00f3rej nic nie jest oczywiste na pierwszy rzut oka a \u015bwiat ma wiele odcieni pomi\u0119dzy biel\u0105 a czerni\u0105. Trup Poniedzia\u0142ka prowokuje do szczerych rozm\u00f3w o m\u0119skiej przyja\u017ani, idealnej tylko z zewn\u0105trz. Podobnie jest z mieszka\u0144cami Ta\u0142t \u2013 zakl\u0119ci w matni k\u0142amstw nie potrafi\u0105 si\u0119 z niej uwolni\u0107 a tajemnice \u2013 zar\u00f3wno te mniejsze, jak i wi\u0119ksze \u2013 mno\u017c\u0105 si\u0119 niepostrze\u017cenie. Nikt do ko\u0144ca nie mo\u017ce czu\u0107 si\u0119 bezpiecznie a wyrzuty sumienia przypominaj\u0105 o sobie w najbardziej niewygodnych momentach. \u015aledztwa i zawirowania \u017cyciowe bohater\u00f3w buduj\u0105 wielop\u0142aszczyznow\u0105 histori\u0119, kt\u00f3r\u0105 os\u0142adza ci\u0119ty j\u0119zyk Burbura, kt\u00f3ra ma za nic cz\u0142owiecz\u0105 opini\u0119\u2026<br>Spr\u00f3bujcie si\u0119 nie u\u015bmiechn\u0105\u0107!<\/p>\n\n\n\n<blockquote class=\"wp-block-quote has-text-align-center is-layout-flow wp-block-quote-is-layout-flow\"><p><em>\u201eM\u00f3wi\u0105, \u017ce jak go\u015b\u0107 w dom, to B\u00f3g w dom, <\/em><br><em>ale ja bym nie chcia\u0142a przenocowa\u0107 ani jednego, ani drugiego. <\/em><br><em>Ho\u0142duj\u0119 zasadzie, \u017ce go\u015b\u0107 jest jak ryba: <\/em><br><em>po trzecim dniu zaczyna zalatywa\u0107\u201d.<\/em><\/p><\/blockquote>\n\n\n\n<p>_______<br>Marta Matyszczak \u201e<a href=\"https:\/\/publicat.pl\/wydawnictwo-dolnoslaskie\/oferta\/kryminaly\/taka-tragedia-w-taltach-kryminal-z-pazurem\">Taka tragedia w Ta\u0142tach<\/a>\u201d<br>Cykl: Krymina\u0142 z pazurem, t.2<br>Wydawnictwo Dolno\u015bl\u0105skie<\/p>\n","protected":false},"excerpt":{"rendered":"<p>\u201eJednak to, co Rozalia Ginter ceni\u0142a sobie w \u017cyciu najbardziej, to rodzina. Kiedy wi\u0119c mia\u0142a do wyboru dobro najbli\u017cszych i w\u0142asn\u0105 moralno\u015b\u0107, ta druga przegrywa\u0142a w przedbiegach tego nier\u00f3wnego wy\u015bcigu\u201d.<\/p>\n","protected":false},"author":1,"featured_media":3258,"comment_status":"open","ping_status":"open","sticky":false,"template":"","format":"standard","meta":{"om_disable_all_campaigns":false,"_exactmetrics_skip_tracking":false,"_exactmetrics_sitenote_active":false,"_exactmetrics_sitenote_note":"","_exactmetrics_sitenote_category":0,"_monsterinsights_skip_tracking":false,"_monsterinsights_sitenote_active":false,"_monsterinsights_sitenote_note":"","_monsterinsights_sitenote_category":0,"_uf_show_specific_survey":0,"_uf_disable_surveys":false,"footnotes":""},"categories":[7,92,3,8],"tags":[137,97,37],"yoast_head":"<!-- This site is optimized with the Yoast SEO plugin v22.9 - https:\/\/yoast.com\/wordpress\/plugins\/seo\/ -->\n<title>\u201eTaka tragedia w Ta\u0142tach\u201d Marta Matyszczak - Literackie przeszpiegi<\/title>\n<meta name=\"description\" content=\"&quot;Kiedy wi\u0119c mia\u0142a do wyboru dobro najbli\u017cszych i w\u0142asn\u0105 moralno\u015b\u0107, ta druga przegrywa\u0142a w przedbiegach tego nier\u00f3wnego wy\u015bcigu\u201d.\" \/>\n<meta name=\"robots\" content=\"index, follow, max-snippet:-1, max-image-preview:large, max-video-preview:-1\" \/>\n<link rel=\"canonical\" href=\"https:\/\/literackieprzeszpiegi.pl\/index.php\/2022\/03\/22\/taka-tragedia-w-taltach-marta-matyszczak\/\" \/>\n<meta property=\"og:locale\" content=\"pl_PL\" \/>\n<meta property=\"og:type\" content=\"article\" \/>\n<meta property=\"og:title\" content=\"Recenzja &quot;Taka tragedia w Ta\u0142tach&quot; - Marta Matyszczak\" \/>\n<meta property=\"og:description\" content=\"&quot;Kiedy wi\u0119c mia\u0142a do wyboru dobro najbli\u017cszych i w\u0142asn\u0105 moralno\u015b\u0107, ta druga przegrywa\u0142a w przedbiegach tego nier\u00f3wnego wy\u015bcigu\u201d.\" \/>\n<meta property=\"og:url\" content=\"https:\/\/literackieprzeszpiegi.pl\/index.php\/2022\/03\/22\/taka-tragedia-w-taltach-marta-matyszczak\/\" \/>\n<meta property=\"og:site_name\" content=\"Literackie przeszpiegi\" \/>\n<meta property=\"article:published_time\" content=\"2022-03-22T20:45:35+00:00\" \/>\n<meta property=\"article:modified_time\" content=\"2022-03-22T20:45:37+00:00\" \/>\n<meta property=\"og:image\" content=\"https:\/\/literackieprzeszpiegi.pl\/wp-content\/uploads\/2022\/03\/Taka-tragedia-w-Taltach.jpg\" \/>\n\t<meta property=\"og:image:width\" content=\"859\" \/>\n\t<meta property=\"og:image:height\" content=\"630\" \/>\n\t<meta property=\"og:image:type\" content=\"image\/jpeg\" \/>\n<meta name=\"author\" content=\"Szpieg\" \/>\n<meta name=\"twitter:card\" content=\"summary_large_image\" \/>\n<meta name=\"twitter:label1\" content=\"Napisane przez\" \/>\n\t<meta name=\"twitter:data1\" content=\"Szpieg\" \/>\n\t<meta name=\"twitter:label2\" content=\"Szacowany czas czytania\" \/>\n\t<meta name=\"twitter:data2\" content=\"5 minut\" \/>\n<script type=\"application\/ld+json\" class=\"yoast-schema-graph\">{\"@context\":\"https:\/\/schema.org\",\"@graph\":[{\"@type\":\"Article\",\"@id\":\"https:\/\/literackieprzeszpiegi.pl\/index.php\/2022\/03\/22\/taka-tragedia-w-taltach-marta-matyszczak\/#article\",\"isPartOf\":{\"@id\":\"https:\/\/literackieprzeszpiegi.pl\/index.php\/2022\/03\/22\/taka-tragedia-w-taltach-marta-matyszczak\/\"},\"author\":{\"name\":\"Szpieg\",\"@id\":\"https:\/\/literackieprzeszpiegi.pl\/#\/schema\/person\/fd5c4f317aed549d4833e6402ffea017\"},\"headline\":\"\u201eTaka tragedia w Ta\u0142tach\u201d Marta Matyszczak\",\"datePublished\":\"2022-03-22T20:45:35+00:00\",\"dateModified\":\"2022-03-22T20:45:37+00:00\",\"mainEntityOfPage\":{\"@id\":\"https:\/\/literackieprzeszpiegi.pl\/index.php\/2022\/03\/22\/taka-tragedia-w-taltach-marta-matyszczak\/\"},\"wordCount\":949,\"commentCount\":0,\"publisher\":{\"@id\":\"https:\/\/literackieprzeszpiegi.pl\/#organization\"},\"image\":{\"@id\":\"https:\/\/literackieprzeszpiegi.pl\/index.php\/2022\/03\/22\/taka-tragedia-w-taltach-marta-matyszczak\/#primaryimage\"},\"thumbnailUrl\":\"https:\/\/literackieprzeszpiegi.pl\/wp-content\/uploads\/2022\/03\/Taka-tragedia-w-Taltach.jpg\",\"keywords\":[\"Krymina\u0142 z pazurem\",\"Marta Matyszczak\",\"Wydawnictwo Dolno\u015bl\u0105skie\"],\"articleSection\":[\"Hit\",\"P\u00f3\u0142 \u017cartem, p\u00f3\u0142 serio\",\"Rasowy krymina\u0142\",\"recenzje\"],\"inLanguage\":\"pl-PL\",\"potentialAction\":[{\"@type\":\"CommentAction\",\"name\":\"Comment\",\"target\":[\"https:\/\/literackieprzeszpiegi.pl\/index.php\/2022\/03\/22\/taka-tragedia-w-taltach-marta-matyszczak\/#respond\"]}]},{\"@type\":\"WebPage\",\"@id\":\"https:\/\/literackieprzeszpiegi.pl\/index.php\/2022\/03\/22\/taka-tragedia-w-taltach-marta-matyszczak\/\",\"url\":\"https:\/\/literackieprzeszpiegi.pl\/index.php\/2022\/03\/22\/taka-tragedia-w-taltach-marta-matyszczak\/\",\"name\":\"\u201eTaka tragedia w Ta\u0142tach\u201d Marta Matyszczak - Literackie przeszpiegi\",\"isPartOf\":{\"@id\":\"https:\/\/literackieprzeszpiegi.pl\/#website\"},\"primaryImageOfPage\":{\"@id\":\"https:\/\/literackieprzeszpiegi.pl\/index.php\/2022\/03\/22\/taka-tragedia-w-taltach-marta-matyszczak\/#primaryimage\"},\"image\":{\"@id\":\"https:\/\/literackieprzeszpiegi.pl\/index.php\/2022\/03\/22\/taka-tragedia-w-taltach-marta-matyszczak\/#primaryimage\"},\"thumbnailUrl\":\"https:\/\/literackieprzeszpiegi.pl\/wp-content\/uploads\/2022\/03\/Taka-tragedia-w-Taltach.jpg\",\"datePublished\":\"2022-03-22T20:45:35+00:00\",\"dateModified\":\"2022-03-22T20:45:37+00:00\",\"description\":\"\\\"Kiedy wi\u0119c mia\u0142a do wyboru dobro najbli\u017cszych i w\u0142asn\u0105 moralno\u015b\u0107, ta druga przegrywa\u0142a w przedbiegach tego nier\u00f3wnego wy\u015bcigu\u201d.\",\"breadcrumb\":{\"@id\":\"https:\/\/literackieprzeszpiegi.pl\/index.php\/2022\/03\/22\/taka-tragedia-w-taltach-marta-matyszczak\/#breadcrumb\"},\"inLanguage\":\"pl-PL\",\"potentialAction\":[{\"@type\":\"ReadAction\",\"target\":[\"https:\/\/literackieprzeszpiegi.pl\/index.php\/2022\/03\/22\/taka-tragedia-w-taltach-marta-matyszczak\/\"]}]},{\"@type\":\"ImageObject\",\"inLanguage\":\"pl-PL\",\"@id\":\"https:\/\/literackieprzeszpiegi.pl\/index.php\/2022\/03\/22\/taka-tragedia-w-taltach-marta-matyszczak\/#primaryimage\",\"url\":\"https:\/\/literackieprzeszpiegi.pl\/wp-content\/uploads\/2022\/03\/Taka-tragedia-w-Taltach.jpg\",\"contentUrl\":\"https:\/\/literackieprzeszpiegi.pl\/wp-content\/uploads\/2022\/03\/Taka-tragedia-w-Taltach.jpg\",\"width\":859,\"height\":630},{\"@type\":\"BreadcrumbList\",\"@id\":\"https:\/\/literackieprzeszpiegi.pl\/index.php\/2022\/03\/22\/taka-tragedia-w-taltach-marta-matyszczak\/#breadcrumb\",\"itemListElement\":[{\"@type\":\"ListItem\",\"position\":1,\"name\":\"Home\",\"item\":\"https:\/\/literackieprzeszpiegi.pl\/\"},{\"@type\":\"ListItem\",\"position\":2,\"name\":\"\u201eTaka tragedia w Ta\u0142tach\u201d Marta Matyszczak\"}]},{\"@type\":\"WebSite\",\"@id\":\"https:\/\/literackieprzeszpiegi.pl\/#website\",\"url\":\"https:\/\/literackieprzeszpiegi.pl\/\",\"name\":\"Literackie przeszpiegi\",\"description\":\"blog o ksi\u0105\u017ckach\",\"publisher\":{\"@id\":\"https:\/\/literackieprzeszpiegi.pl\/#organization\"},\"potentialAction\":[{\"@type\":\"SearchAction\",\"target\":{\"@type\":\"EntryPoint\",\"urlTemplate\":\"https:\/\/literackieprzeszpiegi.pl\/?s={search_term_string}\"},\"query-input\":\"required name=search_term_string\"}],\"inLanguage\":\"pl-PL\"},{\"@type\":\"Organization\",\"@id\":\"https:\/\/literackieprzeszpiegi.pl\/#organization\",\"name\":\"Literackie przeszpiegi\",\"url\":\"https:\/\/literackieprzeszpiegi.pl\/\",\"logo\":{\"@type\":\"ImageObject\",\"inLanguage\":\"pl-PL\",\"@id\":\"https:\/\/literackieprzeszpiegi.pl\/#\/schema\/logo\/image\/\",\"url\":\"https:\/\/literackieprzeszpiegi.pl\/wp-content\/uploads\/2021\/01\/cropped-cropped-Literackie-przeszpiegi-1.png\",\"contentUrl\":\"https:\/\/literackieprzeszpiegi.pl\/wp-content\/uploads\/2021\/01\/cropped-cropped-Literackie-przeszpiegi-1.png\",\"width\":499,\"height\":142,\"caption\":\"Literackie przeszpiegi\"},\"image\":{\"@id\":\"https:\/\/literackieprzeszpiegi.pl\/#\/schema\/logo\/image\/\"}},{\"@type\":\"Person\",\"@id\":\"https:\/\/literackieprzeszpiegi.pl\/#\/schema\/person\/fd5c4f317aed549d4833e6402ffea017\",\"name\":\"Szpieg\",\"image\":{\"@type\":\"ImageObject\",\"inLanguage\":\"pl-PL\",\"@id\":\"https:\/\/literackieprzeszpiegi.pl\/#\/schema\/person\/image\/\",\"url\":\"https:\/\/secure.gravatar.com\/avatar\/45a17869257e08975d929f204ef78290?s=96&d=mm&r=g\",\"contentUrl\":\"https:\/\/secure.gravatar.com\/avatar\/45a17869257e08975d929f204ef78290?s=96&d=mm&r=g\",\"caption\":\"Szpieg\"},\"url\":\"https:\/\/literackieprzeszpiegi.pl\/index.php\/author\/admin\/\"}]}<\/script>\n<!-- \/ Yoast SEO plugin. -->","yoast_head_json":{"title":"\u201eTaka tragedia w Ta\u0142tach\u201d Marta Matyszczak - Literackie przeszpiegi","description":"\"Kiedy wi\u0119c mia\u0142a do wyboru dobro najbli\u017cszych i w\u0142asn\u0105 moralno\u015b\u0107, ta druga przegrywa\u0142a w przedbiegach tego nier\u00f3wnego wy\u015bcigu\u201d.","robots":{"index":"index","follow":"follow","max-snippet":"max-snippet:-1","max-image-preview":"max-image-preview:large","max-video-preview":"max-video-preview:-1"},"canonical":"https:\/\/literackieprzeszpiegi.pl\/index.php\/2022\/03\/22\/taka-tragedia-w-taltach-marta-matyszczak\/","og_locale":"pl_PL","og_type":"article","og_title":"Recenzja \"Taka tragedia w Ta\u0142tach\" - Marta Matyszczak","og_description":"\"Kiedy wi\u0119c mia\u0142a do wyboru dobro najbli\u017cszych i w\u0142asn\u0105 moralno\u015b\u0107, ta druga przegrywa\u0142a w przedbiegach tego nier\u00f3wnego wy\u015bcigu\u201d.","og_url":"https:\/\/literackieprzeszpiegi.pl\/index.php\/2022\/03\/22\/taka-tragedia-w-taltach-marta-matyszczak\/","og_site_name":"Literackie przeszpiegi","article_published_time":"2022-03-22T20:45:35+00:00","article_modified_time":"2022-03-22T20:45:37+00:00","og_image":[{"width":859,"height":630,"url":"https:\/\/literackieprzeszpiegi.pl\/wp-content\/uploads\/2022\/03\/Taka-tragedia-w-Taltach.jpg","type":"image\/jpeg"}],"author":"Szpieg","twitter_card":"summary_large_image","twitter_misc":{"Napisane przez":"Szpieg","Szacowany czas czytania":"5 minut"},"schema":{"@context":"https:\/\/schema.org","@graph":[{"@type":"Article","@id":"https:\/\/literackieprzeszpiegi.pl\/index.php\/2022\/03\/22\/taka-tragedia-w-taltach-marta-matyszczak\/#article","isPartOf":{"@id":"https:\/\/literackieprzeszpiegi.pl\/index.php\/2022\/03\/22\/taka-tragedia-w-taltach-marta-matyszczak\/"},"author":{"name":"Szpieg","@id":"https:\/\/literackieprzeszpiegi.pl\/#\/schema\/person\/fd5c4f317aed549d4833e6402ffea017"},"headline":"\u201eTaka tragedia w Ta\u0142tach\u201d Marta Matyszczak","datePublished":"2022-03-22T20:45:35+00:00","dateModified":"2022-03-22T20:45:37+00:00","mainEntityOfPage":{"@id":"https:\/\/literackieprzeszpiegi.pl\/index.php\/2022\/03\/22\/taka-tragedia-w-taltach-marta-matyszczak\/"},"wordCount":949,"commentCount":0,"publisher":{"@id":"https:\/\/literackieprzeszpiegi.pl\/#organization"},"image":{"@id":"https:\/\/literackieprzeszpiegi.pl\/index.php\/2022\/03\/22\/taka-tragedia-w-taltach-marta-matyszczak\/#primaryimage"},"thumbnailUrl":"https:\/\/literackieprzeszpiegi.pl\/wp-content\/uploads\/2022\/03\/Taka-tragedia-w-Taltach.jpg","keywords":["Krymina\u0142 z pazurem","Marta Matyszczak","Wydawnictwo Dolno\u015bl\u0105skie"],"articleSection":["Hit","P\u00f3\u0142 \u017cartem, p\u00f3\u0142 serio","Rasowy krymina\u0142","recenzje"],"inLanguage":"pl-PL","potentialAction":[{"@type":"CommentAction","name":"Comment","target":["https:\/\/literackieprzeszpiegi.pl\/index.php\/2022\/03\/22\/taka-tragedia-w-taltach-marta-matyszczak\/#respond"]}]},{"@type":"WebPage","@id":"https:\/\/literackieprzeszpiegi.pl\/index.php\/2022\/03\/22\/taka-tragedia-w-taltach-marta-matyszczak\/","url":"https:\/\/literackieprzeszpiegi.pl\/index.php\/2022\/03\/22\/taka-tragedia-w-taltach-marta-matyszczak\/","name":"\u201eTaka tragedia w Ta\u0142tach\u201d Marta Matyszczak - Literackie przeszpiegi","isPartOf":{"@id":"https:\/\/literackieprzeszpiegi.pl\/#website"},"primaryImageOfPage":{"@id":"https:\/\/literackieprzeszpiegi.pl\/index.php\/2022\/03\/22\/taka-tragedia-w-taltach-marta-matyszczak\/#primaryimage"},"image":{"@id":"https:\/\/literackieprzeszpiegi.pl\/index.php\/2022\/03\/22\/taka-tragedia-w-taltach-marta-matyszczak\/#primaryimage"},"thumbnailUrl":"https:\/\/literackieprzeszpiegi.pl\/wp-content\/uploads\/2022\/03\/Taka-tragedia-w-Taltach.jpg","datePublished":"2022-03-22T20:45:35+00:00","dateModified":"2022-03-22T20:45:37+00:00","description":"\"Kiedy wi\u0119c mia\u0142a do wyboru dobro najbli\u017cszych i w\u0142asn\u0105 moralno\u015b\u0107, ta druga przegrywa\u0142a w przedbiegach tego nier\u00f3wnego wy\u015bcigu\u201d.","breadcrumb":{"@id":"https:\/\/literackieprzeszpiegi.pl\/index.php\/2022\/03\/22\/taka-tragedia-w-taltach-marta-matyszczak\/#breadcrumb"},"inLanguage":"pl-PL","potentialAction":[{"@type":"ReadAction","target":["https:\/\/literackieprzeszpiegi.pl\/index.php\/2022\/03\/22\/taka-tragedia-w-taltach-marta-matyszczak\/"]}]},{"@type":"ImageObject","inLanguage":"pl-PL","@id":"https:\/\/literackieprzeszpiegi.pl\/index.php\/2022\/03\/22\/taka-tragedia-w-taltach-marta-matyszczak\/#primaryimage","url":"https:\/\/literackieprzeszpiegi.pl\/wp-content\/uploads\/2022\/03\/Taka-tragedia-w-Taltach.jpg","contentUrl":"https:\/\/literackieprzeszpiegi.pl\/wp-content\/uploads\/2022\/03\/Taka-tragedia-w-Taltach.jpg","width":859,"height":630},{"@type":"BreadcrumbList","@id":"https:\/\/literackieprzeszpiegi.pl\/index.php\/2022\/03\/22\/taka-tragedia-w-taltach-marta-matyszczak\/#breadcrumb","itemListElement":[{"@type":"ListItem","position":1,"name":"Home","item":"https:\/\/literackieprzeszpiegi.pl\/"},{"@type":"ListItem","position":2,"name":"\u201eTaka tragedia w Ta\u0142tach\u201d Marta Matyszczak"}]},{"@type":"WebSite","@id":"https:\/\/literackieprzeszpiegi.pl\/#website","url":"https:\/\/literackieprzeszpiegi.pl\/","name":"Literackie przeszpiegi","description":"blog o ksi\u0105\u017ckach","publisher":{"@id":"https:\/\/literackieprzeszpiegi.pl\/#organization"},"potentialAction":[{"@type":"SearchAction","target":{"@type":"EntryPoint","urlTemplate":"https:\/\/literackieprzeszpiegi.pl\/?s={search_term_string}"},"query-input":"required name=search_term_string"}],"inLanguage":"pl-PL"},{"@type":"Organization","@id":"https:\/\/literackieprzeszpiegi.pl\/#organization","name":"Literackie przeszpiegi","url":"https:\/\/literackieprzeszpiegi.pl\/","logo":{"@type":"ImageObject","inLanguage":"pl-PL","@id":"https:\/\/literackieprzeszpiegi.pl\/#\/schema\/logo\/image\/","url":"https:\/\/literackieprzeszpiegi.pl\/wp-content\/uploads\/2021\/01\/cropped-cropped-Literackie-przeszpiegi-1.png","contentUrl":"https:\/\/literackieprzeszpiegi.pl\/wp-content\/uploads\/2021\/01\/cropped-cropped-Literackie-przeszpiegi-1.png","width":499,"height":142,"caption":"Literackie przeszpiegi"},"image":{"@id":"https:\/\/literackieprzeszpiegi.pl\/#\/schema\/logo\/image\/"}},{"@type":"Person","@id":"https:\/\/literackieprzeszpiegi.pl\/#\/schema\/person\/fd5c4f317aed549d4833e6402ffea017","name":"Szpieg","image":{"@type":"ImageObject","inLanguage":"pl-PL","@id":"https:\/\/literackieprzeszpiegi.pl\/#\/schema\/person\/image\/","url":"https:\/\/secure.gravatar.com\/avatar\/45a17869257e08975d929f204ef78290?s=96&d=mm&r=g","contentUrl":"https:\/\/secure.gravatar.com\/avatar\/45a17869257e08975d929f204ef78290?s=96&d=mm&r=g","caption":"Szpieg"},"url":"https:\/\/literackieprzeszpiegi.pl\/index.php\/author\/admin\/"}]}},"_links":{"self":[{"href":"https:\/\/literackieprzeszpiegi.pl\/index.php\/wp-json\/wp\/v2\/posts\/3255"}],"collection":[{"href":"https:\/\/literackieprzeszpiegi.pl\/index.php\/wp-json\/wp\/v2\/posts"}],"about":[{"href":"https:\/\/literackieprzeszpiegi.pl\/index.php\/wp-json\/wp\/v2\/types\/post"}],"author":[{"embeddable":true,"href":"https:\/\/literackieprzeszpiegi.pl\/index.php\/wp-json\/wp\/v2\/users\/1"}],"replies":[{"embeddable":true,"href":"https:\/\/literackieprzeszpiegi.pl\/index.php\/wp-json\/wp\/v2\/comments?post=3255"}],"version-history":[{"count":3,"href":"https:\/\/literackieprzeszpiegi.pl\/index.php\/wp-json\/wp\/v2\/posts\/3255\/revisions"}],"predecessor-version":[{"id":3259,"href":"https:\/\/literackieprzeszpiegi.pl\/index.php\/wp-json\/wp\/v2\/posts\/3255\/revisions\/3259"}],"wp:featuredmedia":[{"embeddable":true,"href":"https:\/\/literackieprzeszpiegi.pl\/index.php\/wp-json\/wp\/v2\/media\/3258"}],"wp:attachment":[{"href":"https:\/\/literackieprzeszpiegi.pl\/index.php\/wp-json\/wp\/v2\/media?parent=3255"}],"wp:term":[{"taxonomy":"category","embeddable":true,"href":"https:\/\/literackieprzeszpiegi.pl\/index.php\/wp-json\/wp\/v2\/categories?post=3255"},{"taxonomy":"post_tag","embeddable":true,"href":"https:\/\/literackieprzeszpiegi.pl\/index.php\/wp-json\/wp\/v2\/tags?post=3255"}],"curies":[{"name":"wp","href":"https:\/\/api.w.org\/{rel}","templated":true}]}}