{"id":3287,"date":"2022-05-24T20:23:58","date_gmt":"2022-05-24T18:23:58","guid":{"rendered":"http:\/\/literackieprzeszpiegi.pl\/?p=3287"},"modified":"2022-05-24T20:24:01","modified_gmt":"2022-05-24T18:24:01","slug":"w-sercu-wroga-magdalena-wala","status":"publish","type":"post","link":"https:\/\/literackieprzeszpiegi.pl\/index.php\/2022\/05\/24\/w-sercu-wroga-magdalena-wala\/","title":{"rendered":"\u201eW sercu wroga\u201d Magdalena Wala"},"content":{"rendered":"\n<h2 class=\"wp-block-heading\"><strong>\u201ePrzyzwyczai\u0142a si\u0119 do \u017cycia w l\u0119ku. Strach by\u0142 dobry, wzmaga\u0142 ostro\u017cno\u015b\u0107 i dawa\u0142 szans\u0119 na prze\u017cycie kolejnego dnia. Cz\u0142owiek, kt\u00f3ry niczego si\u0119 nie ba\u0142, ko\u0144czy\u0142 szybko i w przykrych okoliczno\u015bciach\u201d.<\/strong><\/h2>\n\n\n\n<!--more-->\n\n\n\n<p>Lubi\u0119 zaskoczenia literackie i delektowanie si\u0119 historiami pozornie znanymi, ale pokazanymi z nowej perspektywy. Czy zastanawiali\u015bcie si\u0119 kiedy\u015b, jakie pi\u0119tno odcisn\u0119\u0142a II wojna \u015bwiatowa na mieszka\u0144cach Mazur? Z jakimi problemami i dylematami si\u0119 borykali? W takim razie koniecznie musicie si\u0119gn\u0105\u0107 po najnowsz\u0105 ksi\u0105\u017ck\u0119 Magdaleny Wali \u201eW sercu wroga\u201d, przybli\u017caj\u0105c\u0105 koniec II wojny \u015bwiatowej na Mazurach.<\/p>\n\n\n\n<p>W ma\u0142ej wsi Sch\u00f6nwalde Amalia Heyn pomaga te\u015bciom prowadzi\u0107 gospodarstwo. Po wyje\u017adzie jej m\u0119\u017ca Johanna na wojn\u0119, ka\u017cda para r\u0105k do pracy jest na wag\u0119 z\u0142ota, dlatego przyjmuj\u0105 do pracy Polaka, Piotra Liszkiewicza. Nie\u0142atwy okres niepewno\u015bci, bezpodstawne oskar\u017cenia, ludzie przesi\u0105kni\u0119ci do szpiku ko\u015bci nazistowsk\u0105 ideologi\u0105 i konflikty na tle narodowo\u015bciowym &#8211; to codzienno\u015b\u0107 mieszka\u0144c\u00f3w Mazur. Amalia z dziada pradziada jest Mazurk\u0105, chocia\u017c przez \u015blub z Niemcem jest jednoznacznie oceniana jako Niemka. Piotr Liszkiewicz jako robotnik przymusowy, wywieziony do pracy w Niemczech, pa\u0142a nienawi\u015bci\u0105 do wszystkiego, co niemieckie. Wachmistrz M\u00f6hl, kt\u00f3ry sprawuje piecz\u0119 nad robotnikami, nadu\u017cywa swojej w\u0142adzy i pod byle pretekstem stosuje rozwi\u0105zania si\u0142owe. Punkt\u00f3w zapalnych w tej historii nie brakuje i tylko kwesti\u0105 czasu jest to, kiedy iskierka zamieni si\u0119 w prawdziwy po\u017car.<\/p>\n\n\n\n<p>Zawsze tam, gdzie istnieje podzia\u0142 na tych, kt\u00f3rzy maj\u0105 pewne przywileje i tych, kt\u00f3rzy maj\u0105 wy\u0142\u0105cznie obowi\u0105zki, nie mo\u017ce dzia\u0107 si\u0119 dobrze. Amalia nigdy nie ocenia\u0142a ludzi poprzez pryzmat ich pochodzenia i stara si\u0119, lawiruj\u0105c pomi\u0119dzy dobroci\u0105 serca a bezlitosnymi zasadami, jak najmniej zaszkodzi\u0107 komukolwiek.<\/p>\n\n\n\n<blockquote class=\"wp-block-quote is-layout-flow wp-block-quote-is-layout-flow\"><p>\u201eNie liczy\u0142a, \u017ce wszyscy cudzoziemcy j\u0105 polubi\u0105. Wystarczy brak nienawi\u015bci. I mo\u017ce odrobina \u017cyczliwo\u015bci. Pozytywne do\u015bwiadczenia, kt\u00f3re pomog\u0105 im wszystkim rozpocz\u0105\u0107 nowy rozdzia\u0142\u201d.<\/p><\/blockquote>\n\n\n\n<p>D\u0142ugie rozmowy z pocz\u0105tku wrogo nastawionym Piotrem u\u015bwiadamiaj\u0105 jej, \u017ce godzi\u0142a si\u0119 na zbyt wiele ust\u0119pstw w imi\u0119 bezpiecze\u0144stwa swojego i rodziny. Nigdy nie mia\u0142a odwagi, by g\u0142o\u015bno zaprotestowa\u0107 przeciw absurdalnym zasadom i ograniczaniu swobody. Dysputy o niesprawiedliwo\u015bci, zniewoleniu, zatracaniu w\u0142asnych zasad i tym, co w \u017cyciu powinno by\u0107 wa\u017cne, krusz\u0105 z czasem mur mi\u0119dzy Mazurk\u0105 a Polakiem, co mo\u017ce przynie\u015b\u0107 im zgub\u0119\u2026<\/p>\n\n\n\n<blockquote class=\"wp-block-quote is-layout-flow wp-block-quote-is-layout-flow\"><p>\u201eMy, Polacy wiemy, jak\u0105 zap\u0142acili\u015bmy cen\u0119 za pr\u00f3b\u0119 obrony w\u0142asnej wolno\u015bci. A co wy zyskali\u015bcie za wyrzeczenie si\u0119 jej? Co utracili\u015bcie poza ni\u0105?\u201d<\/p><\/blockquote>\n\n\n\n<p>Cho\u0107 w\u0105tek Amalii i Piotra wysuwa si\u0119 na pierwszy plan, to warto przyjrze\u0107 si\u0119 te\u017c drugoplanowym historiom \u2013 rodzinie Schimanskich, polskiemu rodze\u0144stwu Czajka, Marcinowi, Dorze, ma\u0142ej Else\u2026 Ka\u017cdemu z nich wojna zabra\u0142a co\u015b cennego, nie daj\u0105c nawet nadziei na rekompensat\u0119. Nadchodz\u0105ca kapitulacja Niemiec i wizja wkroczenia Sowiet\u00f3w jeszcze pog\u0142\u0119bia niepewno\u015b\u0107 lokalnej spo\u0142eczno\u015bci. Kt\u00f3re wybory b\u0119d\u0105 s\u0142uszne? Czy jeszcze gdziekolwiek b\u0119dzie bezpiecznie?<\/p>\n\n\n\n<p>Czytelnikowi podczas lektury \u201eW sercu wroga\u201d towarzyszy niepok\u00f3j, pewien rodzaj podsk\u00f3rnego l\u0119ku, \u017ce wydarzy si\u0119 co\u015b z\u0142ego, co\u015b, co zburzy r\u00f3wnowag\u0119 spo\u0142eczn\u0105 i przyniesie niepotrzebne ofiary. W historii Amalii i Piotra nie spos\u00f3b przewidzie\u0107 wszystkich przeszk\u00f3d, a ju\u017c tym bardziej zako\u0144czenia. Czasy, w kt\u00f3rych przysz\u0142o im \u017cy\u0107, zmaga\u0107 si\u0119 z w\u0142asnymi marzeniami i uczuciami, stawiaj\u0105 ich pomi\u0119dzy m\u0142otem a kowad\u0142em. Nie wiadomo, co gorsze \u2013 Niemcy czy Sowieci. Ale przede wszystkim to historia o definiowaniu siebie w czasach, w kt\u00f3rych tak \u0142atwo si\u0119 pomyli\u0107 w ocenie drugiego cz\u0142owieka. Czy ka\u017cdy Niemiec musi by\u0107 z\u0142y a Polak hardy i m\u015bciwy? A Mazur okazuje si\u0119 by\u0107 tch\u00f3rzliwy, bo przyj\u0105\u0142 obywatelstwo Trzeciej Rzeszy, by zapewni\u0107 bezpiecze\u0144stwo rodzinie? Autorka stopniowo rozprawia si\u0119 ze stereotypami, pokazuj\u0105c, \u017ce to s\u0142owa i czyny a nie pochodzenie \u015bwiadcz\u0105 o cz\u0142owieku, tym bardziej, \u017ce \u015bwiat nie sprzyja odwa\u017cnym deklaracjom i okazywaniu serca.<\/p>\n\n\n\n<p>Magdalena Wala snuje histori\u0119 o mieszka\u0144cach ma\u0142ej mazurskiej wsi, kt\u00f3rzy staraj\u0105 si\u0119 prowadzi\u0107 w miar\u0119 normalne \u017cycie w cieniu wojny i irracjonalnej ideologii Trzeciej Rzeszy, kt\u00f3ra dzieli ludzi na lepszych i gorszych; na tych, kt\u00f3rym serce skamienia\u0142o i tych, kt\u00f3rzy wci\u0105\u017c go s\u0142uchaj\u0105.<\/p>\n\n\n\n<p>A\u017c \u017ca\u0142uj\u0119, \u017ce na kolejny tom z serii \u201eMi\u0119dzy jeziorami\u201d trzeba b\u0119dzie jeszcze poczeka\u0107 kilka chwil.<\/p>\n\n\n\n<p>____<\/p>\n\n\n\n<p>Magdalena Wala \u201e<a href=\"https:\/\/publicat.pl\/ksiaznica\/oferta\/literatura-wspolczesna\/w-sercu-wroga-miedzy-jeziorami-tom-1\">W sercu wroga<\/a>\u201d<br>Seria: Mi\u0119dzy Jeziorami<br>Wydawnictwo Ksi\u0105\u017cnica<\/p>\n","protected":false},"excerpt":{"rendered":"<p>\u201ePrzyzwyczai\u0142a si\u0119 do \u017cycia w l\u0119ku. Strach by\u0142 dobry, wzmaga\u0142 ostro\u017cno\u015b\u0107 i dawa\u0142 szans\u0119 na prze\u017cycie kolejnego dnia. Cz\u0142owiek, kt\u00f3ry niczego si\u0119 nie ba\u0142, ko\u0144czy\u0142 szybko i w przykrych okoliczno\u015bciach\u201d.<\/p>\n","protected":false},"author":1,"featured_media":3289,"comment_status":"open","ping_status":"open","sticky":false,"template":"","format":"standard","meta":{"om_disable_all_campaigns":false,"_exactmetrics_skip_tracking":false,"_exactmetrics_sitenote_active":false,"_exactmetrics_sitenote_note":"","_exactmetrics_sitenote_category":0,"_monsterinsights_skip_tracking":false,"_monsterinsights_sitenote_active":false,"_monsterinsights_sitenote_note":"","_monsterinsights_sitenote_category":0,"_uf_show_specific_survey":0,"_uf_disable_surveys":false,"footnotes":""},"categories":[7,5,8],"tags":[130,146],"yoast_head":"<!-- This site is optimized with the Yoast SEO plugin v22.9 - https:\/\/yoast.com\/wordpress\/plugins\/seo\/ -->\n<title>Recenzja \u201eW sercu wroga\u201d Magdalena Wala - Literackie przeszpiegi<\/title>\n<meta name=\"description\" content=\"\u201ePrzyzwyczai\u0142a si\u0119 do \u017cycia w l\u0119ku. Strach by\u0142 dobry, wzmaga\u0142 ostro\u017cno\u015b\u0107 i dawa\u0142 szans\u0119 na prze\u017cycie kolejnego dnia&quot;.\" \/>\n<meta name=\"robots\" content=\"index, follow, max-snippet:-1, max-image-preview:large, max-video-preview:-1\" \/>\n<link rel=\"canonical\" href=\"https:\/\/literackieprzeszpiegi.pl\/index.php\/2022\/05\/24\/w-sercu-wroga-magdalena-wala\/\" \/>\n<meta property=\"og:locale\" content=\"pl_PL\" \/>\n<meta property=\"og:type\" content=\"article\" \/>\n<meta property=\"og:title\" content=\"Recenzja &quot;W sercu wroga&quot; Magdalena Wala\" \/>\n<meta property=\"og:description\" content=\"\u201ePrzyzwyczai\u0142a si\u0119 do \u017cycia w l\u0119ku. Strach by\u0142 dobry, wzmaga\u0142 ostro\u017cno\u015b\u0107 i dawa\u0142 szans\u0119 na prze\u017cycie kolejnego dnia&quot;.\" \/>\n<meta property=\"og:url\" content=\"https:\/\/literackieprzeszpiegi.pl\/index.php\/2022\/05\/24\/w-sercu-wroga-magdalena-wala\/\" \/>\n<meta property=\"og:site_name\" content=\"Literackie przeszpiegi\" \/>\n<meta property=\"article:published_time\" content=\"2022-05-24T18:23:58+00:00\" \/>\n<meta property=\"article:modified_time\" content=\"2022-05-24T18:24:01+00:00\" \/>\n<meta property=\"og:image\" content=\"https:\/\/literackieprzeszpiegi.pl\/wp-content\/uploads\/2022\/05\/W-sercu-wroga_Magdalena-Wala-1.jpg\" \/>\n\t<meta property=\"og:image:width\" content=\"824\" \/>\n\t<meta property=\"og:image:height\" content=\"630\" \/>\n\t<meta property=\"og:image:type\" content=\"image\/jpeg\" \/>\n<meta name=\"author\" content=\"Szpieg\" \/>\n<meta name=\"twitter:card\" content=\"summary_large_image\" \/>\n<meta name=\"twitter:label1\" content=\"Napisane przez\" \/>\n\t<meta name=\"twitter:data1\" content=\"Szpieg\" \/>\n\t<meta name=\"twitter:label2\" content=\"Szacowany czas czytania\" \/>\n\t<meta name=\"twitter:data2\" content=\"4 minuty\" \/>\n<script type=\"application\/ld+json\" class=\"yoast-schema-graph\">{\"@context\":\"https:\/\/schema.org\",\"@graph\":[{\"@type\":\"Article\",\"@id\":\"https:\/\/literackieprzeszpiegi.pl\/index.php\/2022\/05\/24\/w-sercu-wroga-magdalena-wala\/#article\",\"isPartOf\":{\"@id\":\"https:\/\/literackieprzeszpiegi.pl\/index.php\/2022\/05\/24\/w-sercu-wroga-magdalena-wala\/\"},\"author\":{\"name\":\"Szpieg\",\"@id\":\"https:\/\/literackieprzeszpiegi.pl\/#\/schema\/person\/fd5c4f317aed549d4833e6402ffea017\"},\"headline\":\"\u201eW sercu wroga\u201d Magdalena Wala\",\"datePublished\":\"2022-05-24T18:23:58+00:00\",\"dateModified\":\"2022-05-24T18:24:01+00:00\",\"mainEntityOfPage\":{\"@id\":\"https:\/\/literackieprzeszpiegi.pl\/index.php\/2022\/05\/24\/w-sercu-wroga-magdalena-wala\/\"},\"wordCount\":770,\"commentCount\":0,\"publisher\":{\"@id\":\"https:\/\/literackieprzeszpiegi.pl\/#organization\"},\"image\":{\"@id\":\"https:\/\/literackieprzeszpiegi.pl\/index.php\/2022\/05\/24\/w-sercu-wroga-magdalena-wala\/#primaryimage\"},\"thumbnailUrl\":\"https:\/\/literackieprzeszpiegi.pl\/wp-content\/uploads\/2022\/05\/W-sercu-wroga_Magdalena-Wala-1.jpg\",\"keywords\":[\"Magdalena Wala\",\"Wydawnictwo Ksi\u0105\u017cnica\"],\"articleSection\":[\"Hit\",\"P\u00f3\u0142ka z przesz\u0142o\u015bci\",\"recenzje\"],\"inLanguage\":\"pl-PL\",\"potentialAction\":[{\"@type\":\"CommentAction\",\"name\":\"Comment\",\"target\":[\"https:\/\/literackieprzeszpiegi.pl\/index.php\/2022\/05\/24\/w-sercu-wroga-magdalena-wala\/#respond\"]}]},{\"@type\":\"WebPage\",\"@id\":\"https:\/\/literackieprzeszpiegi.pl\/index.php\/2022\/05\/24\/w-sercu-wroga-magdalena-wala\/\",\"url\":\"https:\/\/literackieprzeszpiegi.pl\/index.php\/2022\/05\/24\/w-sercu-wroga-magdalena-wala\/\",\"name\":\"Recenzja \u201eW sercu wroga\u201d Magdalena Wala - Literackie przeszpiegi\",\"isPartOf\":{\"@id\":\"https:\/\/literackieprzeszpiegi.pl\/#website\"},\"primaryImageOfPage\":{\"@id\":\"https:\/\/literackieprzeszpiegi.pl\/index.php\/2022\/05\/24\/w-sercu-wroga-magdalena-wala\/#primaryimage\"},\"image\":{\"@id\":\"https:\/\/literackieprzeszpiegi.pl\/index.php\/2022\/05\/24\/w-sercu-wroga-magdalena-wala\/#primaryimage\"},\"thumbnailUrl\":\"https:\/\/literackieprzeszpiegi.pl\/wp-content\/uploads\/2022\/05\/W-sercu-wroga_Magdalena-Wala-1.jpg\",\"datePublished\":\"2022-05-24T18:23:58+00:00\",\"dateModified\":\"2022-05-24T18:24:01+00:00\",\"description\":\"\u201ePrzyzwyczai\u0142a si\u0119 do \u017cycia w l\u0119ku. Strach by\u0142 dobry, wzmaga\u0142 ostro\u017cno\u015b\u0107 i dawa\u0142 szans\u0119 na prze\u017cycie kolejnego dnia\\\".\",\"breadcrumb\":{\"@id\":\"https:\/\/literackieprzeszpiegi.pl\/index.php\/2022\/05\/24\/w-sercu-wroga-magdalena-wala\/#breadcrumb\"},\"inLanguage\":\"pl-PL\",\"potentialAction\":[{\"@type\":\"ReadAction\",\"target\":[\"https:\/\/literackieprzeszpiegi.pl\/index.php\/2022\/05\/24\/w-sercu-wroga-magdalena-wala\/\"]}]},{\"@type\":\"ImageObject\",\"inLanguage\":\"pl-PL\",\"@id\":\"https:\/\/literackieprzeszpiegi.pl\/index.php\/2022\/05\/24\/w-sercu-wroga-magdalena-wala\/#primaryimage\",\"url\":\"https:\/\/literackieprzeszpiegi.pl\/wp-content\/uploads\/2022\/05\/W-sercu-wroga_Magdalena-Wala-1.jpg\",\"contentUrl\":\"https:\/\/literackieprzeszpiegi.pl\/wp-content\/uploads\/2022\/05\/W-sercu-wroga_Magdalena-Wala-1.jpg\",\"width\":824,\"height\":630},{\"@type\":\"BreadcrumbList\",\"@id\":\"https:\/\/literackieprzeszpiegi.pl\/index.php\/2022\/05\/24\/w-sercu-wroga-magdalena-wala\/#breadcrumb\",\"itemListElement\":[{\"@type\":\"ListItem\",\"position\":1,\"name\":\"Home\",\"item\":\"https:\/\/literackieprzeszpiegi.pl\/\"},{\"@type\":\"ListItem\",\"position\":2,\"name\":\"\u201eW sercu wroga\u201d Magdalena Wala\"}]},{\"@type\":\"WebSite\",\"@id\":\"https:\/\/literackieprzeszpiegi.pl\/#website\",\"url\":\"https:\/\/literackieprzeszpiegi.pl\/\",\"name\":\"Literackie przeszpiegi\",\"description\":\"blog o ksi\u0105\u017ckach\",\"publisher\":{\"@id\":\"https:\/\/literackieprzeszpiegi.pl\/#organization\"},\"potentialAction\":[{\"@type\":\"SearchAction\",\"target\":{\"@type\":\"EntryPoint\",\"urlTemplate\":\"https:\/\/literackieprzeszpiegi.pl\/?s={search_term_string}\"},\"query-input\":\"required name=search_term_string\"}],\"inLanguage\":\"pl-PL\"},{\"@type\":\"Organization\",\"@id\":\"https:\/\/literackieprzeszpiegi.pl\/#organization\",\"name\":\"Literackie przeszpiegi\",\"url\":\"https:\/\/literackieprzeszpiegi.pl\/\",\"logo\":{\"@type\":\"ImageObject\",\"inLanguage\":\"pl-PL\",\"@id\":\"https:\/\/literackieprzeszpiegi.pl\/#\/schema\/logo\/image\/\",\"url\":\"https:\/\/literackieprzeszpiegi.pl\/wp-content\/uploads\/2021\/01\/cropped-cropped-Literackie-przeszpiegi-1.png\",\"contentUrl\":\"https:\/\/literackieprzeszpiegi.pl\/wp-content\/uploads\/2021\/01\/cropped-cropped-Literackie-przeszpiegi-1.png\",\"width\":499,\"height\":142,\"caption\":\"Literackie przeszpiegi\"},\"image\":{\"@id\":\"https:\/\/literackieprzeszpiegi.pl\/#\/schema\/logo\/image\/\"}},{\"@type\":\"Person\",\"@id\":\"https:\/\/literackieprzeszpiegi.pl\/#\/schema\/person\/fd5c4f317aed549d4833e6402ffea017\",\"name\":\"Szpieg\",\"image\":{\"@type\":\"ImageObject\",\"inLanguage\":\"pl-PL\",\"@id\":\"https:\/\/literackieprzeszpiegi.pl\/#\/schema\/person\/image\/\",\"url\":\"https:\/\/secure.gravatar.com\/avatar\/45a17869257e08975d929f204ef78290?s=96&d=mm&r=g\",\"contentUrl\":\"https:\/\/secure.gravatar.com\/avatar\/45a17869257e08975d929f204ef78290?s=96&d=mm&r=g\",\"caption\":\"Szpieg\"},\"url\":\"https:\/\/literackieprzeszpiegi.pl\/index.php\/author\/admin\/\"}]}<\/script>\n<!-- \/ Yoast SEO plugin. -->","yoast_head_json":{"title":"Recenzja \u201eW sercu wroga\u201d Magdalena Wala - Literackie przeszpiegi","description":"\u201ePrzyzwyczai\u0142a si\u0119 do \u017cycia w l\u0119ku. Strach by\u0142 dobry, wzmaga\u0142 ostro\u017cno\u015b\u0107 i dawa\u0142 szans\u0119 na prze\u017cycie kolejnego dnia\".","robots":{"index":"index","follow":"follow","max-snippet":"max-snippet:-1","max-image-preview":"max-image-preview:large","max-video-preview":"max-video-preview:-1"},"canonical":"https:\/\/literackieprzeszpiegi.pl\/index.php\/2022\/05\/24\/w-sercu-wroga-magdalena-wala\/","og_locale":"pl_PL","og_type":"article","og_title":"Recenzja \"W sercu wroga\" Magdalena Wala","og_description":"\u201ePrzyzwyczai\u0142a si\u0119 do \u017cycia w l\u0119ku. Strach by\u0142 dobry, wzmaga\u0142 ostro\u017cno\u015b\u0107 i dawa\u0142 szans\u0119 na prze\u017cycie kolejnego dnia\".","og_url":"https:\/\/literackieprzeszpiegi.pl\/index.php\/2022\/05\/24\/w-sercu-wroga-magdalena-wala\/","og_site_name":"Literackie przeszpiegi","article_published_time":"2022-05-24T18:23:58+00:00","article_modified_time":"2022-05-24T18:24:01+00:00","og_image":[{"width":824,"height":630,"url":"https:\/\/literackieprzeszpiegi.pl\/wp-content\/uploads\/2022\/05\/W-sercu-wroga_Magdalena-Wala-1.jpg","type":"image\/jpeg"}],"author":"Szpieg","twitter_card":"summary_large_image","twitter_misc":{"Napisane przez":"Szpieg","Szacowany czas czytania":"4 minuty"},"schema":{"@context":"https:\/\/schema.org","@graph":[{"@type":"Article","@id":"https:\/\/literackieprzeszpiegi.pl\/index.php\/2022\/05\/24\/w-sercu-wroga-magdalena-wala\/#article","isPartOf":{"@id":"https:\/\/literackieprzeszpiegi.pl\/index.php\/2022\/05\/24\/w-sercu-wroga-magdalena-wala\/"},"author":{"name":"Szpieg","@id":"https:\/\/literackieprzeszpiegi.pl\/#\/schema\/person\/fd5c4f317aed549d4833e6402ffea017"},"headline":"\u201eW sercu wroga\u201d Magdalena Wala","datePublished":"2022-05-24T18:23:58+00:00","dateModified":"2022-05-24T18:24:01+00:00","mainEntityOfPage":{"@id":"https:\/\/literackieprzeszpiegi.pl\/index.php\/2022\/05\/24\/w-sercu-wroga-magdalena-wala\/"},"wordCount":770,"commentCount":0,"publisher":{"@id":"https:\/\/literackieprzeszpiegi.pl\/#organization"},"image":{"@id":"https:\/\/literackieprzeszpiegi.pl\/index.php\/2022\/05\/24\/w-sercu-wroga-magdalena-wala\/#primaryimage"},"thumbnailUrl":"https:\/\/literackieprzeszpiegi.pl\/wp-content\/uploads\/2022\/05\/W-sercu-wroga_Magdalena-Wala-1.jpg","keywords":["Magdalena Wala","Wydawnictwo Ksi\u0105\u017cnica"],"articleSection":["Hit","P\u00f3\u0142ka z przesz\u0142o\u015bci","recenzje"],"inLanguage":"pl-PL","potentialAction":[{"@type":"CommentAction","name":"Comment","target":["https:\/\/literackieprzeszpiegi.pl\/index.php\/2022\/05\/24\/w-sercu-wroga-magdalena-wala\/#respond"]}]},{"@type":"WebPage","@id":"https:\/\/literackieprzeszpiegi.pl\/index.php\/2022\/05\/24\/w-sercu-wroga-magdalena-wala\/","url":"https:\/\/literackieprzeszpiegi.pl\/index.php\/2022\/05\/24\/w-sercu-wroga-magdalena-wala\/","name":"Recenzja \u201eW sercu wroga\u201d Magdalena Wala - Literackie przeszpiegi","isPartOf":{"@id":"https:\/\/literackieprzeszpiegi.pl\/#website"},"primaryImageOfPage":{"@id":"https:\/\/literackieprzeszpiegi.pl\/index.php\/2022\/05\/24\/w-sercu-wroga-magdalena-wala\/#primaryimage"},"image":{"@id":"https:\/\/literackieprzeszpiegi.pl\/index.php\/2022\/05\/24\/w-sercu-wroga-magdalena-wala\/#primaryimage"},"thumbnailUrl":"https:\/\/literackieprzeszpiegi.pl\/wp-content\/uploads\/2022\/05\/W-sercu-wroga_Magdalena-Wala-1.jpg","datePublished":"2022-05-24T18:23:58+00:00","dateModified":"2022-05-24T18:24:01+00:00","description":"\u201ePrzyzwyczai\u0142a si\u0119 do \u017cycia w l\u0119ku. Strach by\u0142 dobry, wzmaga\u0142 ostro\u017cno\u015b\u0107 i dawa\u0142 szans\u0119 na prze\u017cycie kolejnego dnia\".","breadcrumb":{"@id":"https:\/\/literackieprzeszpiegi.pl\/index.php\/2022\/05\/24\/w-sercu-wroga-magdalena-wala\/#breadcrumb"},"inLanguage":"pl-PL","potentialAction":[{"@type":"ReadAction","target":["https:\/\/literackieprzeszpiegi.pl\/index.php\/2022\/05\/24\/w-sercu-wroga-magdalena-wala\/"]}]},{"@type":"ImageObject","inLanguage":"pl-PL","@id":"https:\/\/literackieprzeszpiegi.pl\/index.php\/2022\/05\/24\/w-sercu-wroga-magdalena-wala\/#primaryimage","url":"https:\/\/literackieprzeszpiegi.pl\/wp-content\/uploads\/2022\/05\/W-sercu-wroga_Magdalena-Wala-1.jpg","contentUrl":"https:\/\/literackieprzeszpiegi.pl\/wp-content\/uploads\/2022\/05\/W-sercu-wroga_Magdalena-Wala-1.jpg","width":824,"height":630},{"@type":"BreadcrumbList","@id":"https:\/\/literackieprzeszpiegi.pl\/index.php\/2022\/05\/24\/w-sercu-wroga-magdalena-wala\/#breadcrumb","itemListElement":[{"@type":"ListItem","position":1,"name":"Home","item":"https:\/\/literackieprzeszpiegi.pl\/"},{"@type":"ListItem","position":2,"name":"\u201eW sercu wroga\u201d Magdalena Wala"}]},{"@type":"WebSite","@id":"https:\/\/literackieprzeszpiegi.pl\/#website","url":"https:\/\/literackieprzeszpiegi.pl\/","name":"Literackie przeszpiegi","description":"blog o ksi\u0105\u017ckach","publisher":{"@id":"https:\/\/literackieprzeszpiegi.pl\/#organization"},"potentialAction":[{"@type":"SearchAction","target":{"@type":"EntryPoint","urlTemplate":"https:\/\/literackieprzeszpiegi.pl\/?s={search_term_string}"},"query-input":"required name=search_term_string"}],"inLanguage":"pl-PL"},{"@type":"Organization","@id":"https:\/\/literackieprzeszpiegi.pl\/#organization","name":"Literackie przeszpiegi","url":"https:\/\/literackieprzeszpiegi.pl\/","logo":{"@type":"ImageObject","inLanguage":"pl-PL","@id":"https:\/\/literackieprzeszpiegi.pl\/#\/schema\/logo\/image\/","url":"https:\/\/literackieprzeszpiegi.pl\/wp-content\/uploads\/2021\/01\/cropped-cropped-Literackie-przeszpiegi-1.png","contentUrl":"https:\/\/literackieprzeszpiegi.pl\/wp-content\/uploads\/2021\/01\/cropped-cropped-Literackie-przeszpiegi-1.png","width":499,"height":142,"caption":"Literackie przeszpiegi"},"image":{"@id":"https:\/\/literackieprzeszpiegi.pl\/#\/schema\/logo\/image\/"}},{"@type":"Person","@id":"https:\/\/literackieprzeszpiegi.pl\/#\/schema\/person\/fd5c4f317aed549d4833e6402ffea017","name":"Szpieg","image":{"@type":"ImageObject","inLanguage":"pl-PL","@id":"https:\/\/literackieprzeszpiegi.pl\/#\/schema\/person\/image\/","url":"https:\/\/secure.gravatar.com\/avatar\/45a17869257e08975d929f204ef78290?s=96&d=mm&r=g","contentUrl":"https:\/\/secure.gravatar.com\/avatar\/45a17869257e08975d929f204ef78290?s=96&d=mm&r=g","caption":"Szpieg"},"url":"https:\/\/literackieprzeszpiegi.pl\/index.php\/author\/admin\/"}]}},"_links":{"self":[{"href":"https:\/\/literackieprzeszpiegi.pl\/index.php\/wp-json\/wp\/v2\/posts\/3287"}],"collection":[{"href":"https:\/\/literackieprzeszpiegi.pl\/index.php\/wp-json\/wp\/v2\/posts"}],"about":[{"href":"https:\/\/literackieprzeszpiegi.pl\/index.php\/wp-json\/wp\/v2\/types\/post"}],"author":[{"embeddable":true,"href":"https:\/\/literackieprzeszpiegi.pl\/index.php\/wp-json\/wp\/v2\/users\/1"}],"replies":[{"embeddable":true,"href":"https:\/\/literackieprzeszpiegi.pl\/index.php\/wp-json\/wp\/v2\/comments?post=3287"}],"version-history":[{"count":1,"href":"https:\/\/literackieprzeszpiegi.pl\/index.php\/wp-json\/wp\/v2\/posts\/3287\/revisions"}],"predecessor-version":[{"id":3290,"href":"https:\/\/literackieprzeszpiegi.pl\/index.php\/wp-json\/wp\/v2\/posts\/3287\/revisions\/3290"}],"wp:featuredmedia":[{"embeddable":true,"href":"https:\/\/literackieprzeszpiegi.pl\/index.php\/wp-json\/wp\/v2\/media\/3289"}],"wp:attachment":[{"href":"https:\/\/literackieprzeszpiegi.pl\/index.php\/wp-json\/wp\/v2\/media?parent=3287"}],"wp:term":[{"taxonomy":"category","embeddable":true,"href":"https:\/\/literackieprzeszpiegi.pl\/index.php\/wp-json\/wp\/v2\/categories?post=3287"},{"taxonomy":"post_tag","embeddable":true,"href":"https:\/\/literackieprzeszpiegi.pl\/index.php\/wp-json\/wp\/v2\/tags?post=3287"}],"curies":[{"name":"wp","href":"https:\/\/api.w.org\/{rel}","templated":true}]}}