{"id":3429,"date":"2023-04-20T21:11:44","date_gmt":"2023-04-20T19:11:44","guid":{"rendered":"http:\/\/literackieprzeszpiegi.pl\/?p=3429"},"modified":"2023-04-21T23:49:57","modified_gmt":"2023-04-21T21:49:57","slug":"cieszyn-prowadzi-sledztwo-marta-matyszczak","status":"publish","type":"post","link":"https:\/\/literackieprzeszpiegi.pl\/index.php\/2023\/04\/20\/cieszyn-prowadzi-sledztwo-marta-matyszczak\/","title":{"rendered":"\u201eCieszyn prowadzi \u015bledztwo\u201d Marta Matyszczak [recenzja patronacka]"},"content":{"rendered":"\n<h2 class=\"wp-block-heading\">\u201eWprawdzie wiem, \u017ce jestem psem detektywa, ale je\u015bli jeszcze raz kto\u015b mi ka\u017ce kogo\u015b \u015bledzi\u0107 w tych przekl\u0119tych Cieszynach, to ostrzegam, \u017ce w ruch p\u00f3jd\u0105 moje nadszarpni\u0119te up\u0142ywem czasu i mroczn\u0105 przesz\u0142o\u015bci\u0105 z\u0119by\u201d.<\/h2>\n\n\n\n<!--more-->\n\n\n\n<p>Na ironi\u0119 losu zakrawa\u0142o podrzucenie nieboszczyka akurat na \u015brodek tego mostu, \u0142\u0105cz\u0105cego Cieszyn i Czeski Cieszyn, zwanego dumnie Mostem Przyja\u017ani. I tak sobie le\u017ca\u0142, idealnie p\u00f3\u0142 na p\u00f3\u0142. Jakby morderca nie potrafi\u0142 si\u0119 zdecydowa\u0107, komu przysporzy\u0107 wi\u0119cej pracy. A tak, to przedstawiciele czeskiej i polskiej policji b\u0119d\u0105 musieli wsp\u00f3\u0142pracowa\u0107. Szkopu\u0142 w tym, \u017ce komisarz Lidu\u0161ka \u017drankova i starszy aspirant Lucjan Kordel nie pa\u0142aj\u0105 do siebie sympati\u0105. <\/p>\n\n\n\n<p>A gdzie dw\u00f3ch policjant\u00f3w nie mo\u017ce si\u0119 dogada\u0107, tam los zsy\u0142a tr\u00f3jk\u0119 chorzowskich detektyw\u00f3w. Zapowiada si\u0119 do\u015b\u0107 medialne \u015bledztwo, bo nieszcz\u0119snym nieboszczykiem okazuje si\u0119 by\u0107 Gustaw Habsburg (z tych Habsburg\u00f3w). A do wytropienia mordercy a\u017c si\u0119 rw\u0105 R\u00f3\u017ca Sola\u0144ska (z tych Kwiatkowskich) i Szymon Sola\u0144ski (yyy\u2026 z tych Sola\u0144skich). I jedyny, niepowtarzalny kundelek Gucio. Lista podejrzanych do\u015b\u0107 szybko si\u0119 krystalizuje, aczkolwiek cieszy\u0144skie areszty nie zak\u0142ada\u0142y a\u017c takiego ob\u0142o\u017cenia.<\/p>\n\n\n\n<blockquote class=\"wp-block-quote is-layout-flow wp-block-quote-is-layout-flow\"><p>\u201ePrawie ka\u017cdy nasz wyjazd przynosi\u0142 kryminalne atrakcje. Morderstwo. \u015aledztwo. I obw\u0105chiwanie trupa zamiast spacerk\u00f3w, wylegiwania si\u0119 brzuchem do g\u00f3ry, podgryzania miejscowych york\u00f3w i podprowadzania szynki z talerza podczas \u015bniadania\u201d.<\/p><\/blockquote>\n\n\n\n<p>Du\u017co literackich dobroci przynosi jedenasty tom \u201eKrymina\u0142\u00f3w pod psem\u201d.<\/p>\n\n\n\n<p>Jest bardzo czesko! Co rusz spotykamy nawi\u0105zania do czeskiej literatury czy muzyki. Motta otwieraj\u0105ce ka\u017cdy rozdzia\u0142 s\u0105 cytatami z Bogumila Hrabala, Jaroslava Ha\u0161ka, Ev\u017eena Bo\u010dka, Petra \u0160abacha czy Ivy Proch\u00e1zkovej. A w tek\u015bcie nie brakuje s\u0142\u00f3w z piosenek Heleny Vondrackovej, Karela Gotta czy\u2026 Ivana Ml\u00e1dka, autora \u00a0Jo\u017eina z Ba\u017ein. Pewnikiem by\u0142o, \u017ce \u015bledztwo polsko &#8211; czeskie nie mo\u017ce oby\u0107 si\u0119 bez \u017cart\u00f3w j\u0119zykowych, w g\u0142\u00f3wnej mierze wynikaj\u0105cych z przekonania o do\u015b\u0107 du\u017cym podobie\u0144stwie tych j\u0119zyk\u00f3w. Na szcz\u0119\u015bcie s\u0105 to \u017carty na poziomie, wywo\u0142uj\u0105ce szeroki u\u015bmiech a nie za\u017cenowanie na twarzy czytelnika.<\/p>\n\n\n\n<p>Ca\u0142a ekipa \u015bledcza wzi\u0119\u0142a sobie do serca zasad\u0119, \u017ce o pustym \u017co\u0142\u0105dku nie ma co tropi\u0107 z\u0142oczy\u0144cy. Zatem jedz\u0105 (i pij\u0105) g\u0142\u00f3wnie w czeskich hospodach, zw\u0142aszcza panowie, kt\u00f3rzy wykazuj\u0105 w tym temacie do\u015b\u0107 spor\u0105 monotoni\u0119. Lucjan poch\u0142ania niebotyczne ilo\u015bci bu\u0142ek ze \u015bledziem a Sola\u0144ski preferuje serowe menu. Ku rozpaczy Gucia, kt\u00f3ry co rusz wypatruje kie\u0142basy \u015bl\u0105skiej. Na pr\u00f3\u017cno. A s\u0142odkie gusta koj\u0105 szarlotki\u2026 i szymonki. Ale ciii &#x1f609;<\/p>\n\n\n\n<p>Napisa\u0142am, \u017ce jest bardzo czesko, ale te\u017c i bardzo cieszy\u0144sko. Nowink\u0105 w tym tomie jest miasto, kt\u00f3re zabiera g\u0142os, podpatruj\u0105c i komentuj\u0105c to, co widzi, zar\u00f3wno po prawej, jak i lewej stronie Olzy. \u015aledzi wnikliwie poczynania swoich mieszka\u0144c\u00f3w (i agencji detektywistycznej Solan), czasami daje upust swojemu niezadowoleniu. Burzliwa historia miasta podzieli\u0142a je na cz\u0119\u015b\u0107 polsk\u0105 i czesk\u0105, wi\u0119c mamy dwa Cieszyny. Ale zdradz\u0119 Wam sekret \u2013 w tej ksi\u0105\u017cce te\u017c i inne rzeczy ulegaj\u0105 rozdwojeniu. Ot, cho\u0107by mamy dwie stare skody, dwie Gra\u017cyny i dw\u00f3ch Gustaw\u00f3w (!) a nawet\u2026 Szymon ulega podwojeniu (i zwielokrotnieniu przy jednoczesnym zdrobnieniu!). Takie rzeczy w tych Cieszynach! Na szcz\u0119\u015bcie, pod wzgl\u0119dem charakteru i gabaryt\u00f3w, jedna R\u00f3\u017ca absolutnie wystarczy.<\/p>\n\n\n\n<blockquote class=\"wp-block-quote is-layout-flow wp-block-quote-is-layout-flow\"><p>\u201eTen \u015bl\u0105ski detektyw, jego szurni\u0119ta \u017cona i trzy\u0142apy pies zdawali si\u0119 wp\u0142ywa\u0107 destrukcyjnie na poczynania, ale i inteligencj\u0119 oficjalnych czeskich urz\u0119dnik\u00f3w\u201d.<\/p><\/blockquote>\n\n\n\n<p>Jest czesko, jest cieszy\u0144sko, ale g\u0142\u00f3wni bohaterowie te\u017c maj\u0105 co\u015b do powiedzenia. U Sola\u0144skich jest jak w starym, dobrym ma\u0142\u017ce\u0144stwie. Szczypta romantyzmu, nieco wi\u0119cej zazdro\u015bci i uparto\u015bci. I oczywi\u015bcie dzia\u0142a\u0144 w konspiracji, bo Sola\u0144scy nieustannie pods\u0142uchuj\u0105 a Gucio niucha. \u017badne z nich nie chce rezygnowa\u0107 ze swoich przyzwyczaje\u0144 a kompromisu pilnuje niezawodny Gucio. Chocia\u017c im si\u0119 wydaje, \u017ce to oni go pilnuj\u0105. Ze skutkiem r\u00f3\u017cnym. Pomimo braku kie\u0142basy \u015bl\u0105skiej, Guciowe komentarze s\u0105 zawsze strza\u0142em w dziesi\u0105tk\u0119.<\/p>\n\n\n\n<blockquote class=\"wp-block-quote is-layout-flow wp-block-quote-is-layout-flow\"><p>\u201eLudzie to naprawd\u0119 stwarzaj\u0105 sobie problemy, kt\u00f3rych nie ma. Nie lepiej zje\u015b\u0107 kie\u0142bas\u0119 \u015bl\u0105sk\u0105, przytuli\u0107 si\u0119 do swojego cz\u0142owieka, zdrzemn\u0105\u0107, a potem p\u00f3j\u015b\u0107 na spacerek? No czy nie lepiej?\u201d<\/p><\/blockquote>\n\n\n\n<p>Jest te\u017c i kryminalnie, bo tam gdzie Sola\u0144scy, tam pr\u0119dzej czy p\u00f3\u017aniej pojawi si\u0119 trup. Przecie\u017c nie pod\u0105\u017camy za duetami policyjno \u2013 detektywistycznymi tak dla rozrywki, przekraczaj\u0105c co chwil\u0119 granic\u0119. Ich szpiegowanie, pods\u0142uchiwanie i konspiracyjne dzia\u0142ania maj\u0105 na celu ujawni\u0107, kto tak naprawd\u0119 \u017ale \u017cyczy\u0142 Habsburgowi. A w podejrzanych i motywach mo\u017cna jak zawsze przebiera\u0107. Marta Matyszczak tak sugestywnie podsuwa czytelnikom podejrzanych, \u017ce trudno wskaza\u0107 tego w\u0142a\u015bciwego. A na dodatek w Cieszynach mamy do czynienia z ma\u0142\u0105 kumulacj\u0105 oryginalnych postaci\u2026<\/p>\n\n\n\n<p>Z pewno\u015bci\u0105 \u201eCieszyn prowadzi \u015bledztwo\u201d b\u0119dzie jednym z moich ulubionych tom\u00f3w z ca\u0142ego cyklu. I najzabawniejszym! Niezmiernie si\u0119 ciesz\u0119, \u017ce Marta Matyszczak pr\u00f3buje nowych rozwi\u0105za\u0144, \u017ce wci\u0105\u017c chce zaskakiwa\u0107 czytelnika. I podejmuje ryzyko, bo w przypadku czeskiego t\u0142a akcji mo\u017cna by\u0142o bardzo \u0142atwo zachwia\u0107 r\u00f3wnowag\u0105 mi\u0119dzy komizmem a intryg\u0105 kryminaln\u0105. I oby Sola\u0144ski w tej starej skodzie z r\u00f3wnie star\u0105 noki\u0105, R\u00f3\u017ca ze swoj\u0105 zadziorno\u015bci\u0105 i uparto\u015bci\u0105 oraz Gucio \u2013 niezawodny pies tropi\u0105cy mieli jeszcze wiele miejsc do odwiedzenia. Bo takiej tr\u00f3jki detektyw\u00f3w to ze \u015bwiec\u0105 szuka\u0107. Mog\u0105 si\u0119 k\u0142\u00f3ci\u0107, konspirowa\u0107 i bezczelnie pods\u0142uchiwa\u0107, wpadaj\u0105c przy tym w liczne tarapaty, a i tak s\u0105 skuteczniejsi ni\u017c lokalna policja. I chyba za to ich kochamy &#x1f609;<\/p>\n\n\n\n<p>____<br>Marta Matyszczak \u201e<a href=\"https:\/\/publicat.pl\/wydawnictwo-dolnoslaskie\/oferta\/kryminaly\/cieszyn-prowadzi-sledztwo\">Cieszyn prowadzi \u015bledztwo<\/a>\u201d<br>Cykl: Krymina\u0142 pod psem, t.11<br>Wydawnictwo Dolno\u015bl\u0105skie<\/p>\n\n\n\n<p><br><\/p>\n","protected":false},"excerpt":{"rendered":"<p>\u201eWprawdzie wiem, \u017ce jestem psem detektywa, ale je\u015bli jeszcze raz kto\u015b mi ka\u017ce kogo\u015b \u015bledzi\u0107 w tych przekl\u0119tych Cieszynach, to ostrzegam, \u017ce w ruch p\u00f3jd\u0105 moje nadszarpni\u0119te up\u0142ywem czasu i&hellip;<\/p>\n","protected":false},"author":1,"featured_media":3433,"comment_status":"open","ping_status":"open","sticky":false,"template":"","format":"standard","meta":{"om_disable_all_campaigns":false,"_exactmetrics_skip_tracking":false,"_exactmetrics_sitenote_active":false,"_exactmetrics_sitenote_note":"","_exactmetrics_sitenote_category":0,"_monsterinsights_skip_tracking":false,"_monsterinsights_sitenote_active":false,"_monsterinsights_sitenote_note":"","_monsterinsights_sitenote_category":0,"_uf_show_specific_survey":0,"_uf_disable_surveys":false,"footnotes":""},"categories":[7,92,3,8],"tags":[150,97,37],"yoast_head":"<!-- This site is optimized with the Yoast SEO plugin v22.9 - https:\/\/yoast.com\/wordpress\/plugins\/seo\/ -->\n<title>Recenzja - \u201eCieszyn prowadzi \u015bledztwo\u201d Marta Matyszczak [recenzja patronacka] - Literackie przeszpiegi<\/title>\n<meta name=\"description\" content=\"Wprawdzie wiem, \u017ce jestem psem detektywa, ale je\u015bli jeszcze raz kto\u015b mi ka\u017ce kogo\u015b \u015bledzi\u0107 w tych przekl\u0119tych Cieszynach, to ostrzegam, \u017ce w ruch p\u00f3jd\u0105 moje nadszarpni\u0119te up\u0142ywem czasu i mroczn\u0105 przesz\u0142o\u015bci\u0105 z\u0119by\u201d.\" \/>\n<meta name=\"robots\" content=\"index, follow, max-snippet:-1, max-image-preview:large, max-video-preview:-1\" \/>\n<link rel=\"canonical\" href=\"https:\/\/literackieprzeszpiegi.pl\/index.php\/2023\/04\/20\/cieszyn-prowadzi-sledztwo-marta-matyszczak\/\" \/>\n<meta property=\"og:locale\" content=\"pl_PL\" \/>\n<meta property=\"og:type\" content=\"article\" \/>\n<meta property=\"og:title\" content=\"Recenzja - &quot;Cieszyn prowadzi \u015bledztwo&quot;\" \/>\n<meta property=\"og:description\" content=\"Wprawdzie wiem, \u017ce jestem psem detektywa, ale je\u015bli jeszcze raz kto\u015b mi ka\u017ce kogo\u015b \u015bledzi\u0107 w tych przekl\u0119tych Cieszynach, to ostrzegam, \u017ce w ruch p\u00f3jd\u0105 moje nadszarpni\u0119te up\u0142ywem czasu i mroczn\u0105 przesz\u0142o\u015bci\u0105 z\u0119by\u201d.\" \/>\n<meta property=\"og:url\" content=\"https:\/\/literackieprzeszpiegi.pl\/index.php\/2023\/04\/20\/cieszyn-prowadzi-sledztwo-marta-matyszczak\/\" \/>\n<meta property=\"og:site_name\" content=\"Literackie przeszpiegi\" \/>\n<meta property=\"article:published_time\" content=\"2023-04-20T19:11:44+00:00\" \/>\n<meta property=\"article:modified_time\" content=\"2023-04-21T21:49:57+00:00\" \/>\n<meta property=\"og:image\" content=\"https:\/\/literackieprzeszpiegi.pl\/wp-content\/uploads\/2023\/04\/cieszyn-prowadzi.jpg\" \/>\n\t<meta property=\"og:image:width\" content=\"697\" \/>\n\t<meta property=\"og:image:height\" content=\"688\" \/>\n\t<meta property=\"og:image:type\" content=\"image\/jpeg\" \/>\n<meta name=\"author\" content=\"Szpieg\" \/>\n<meta name=\"twitter:card\" content=\"summary_large_image\" \/>\n<meta name=\"twitter:label1\" content=\"Napisane przez\" \/>\n\t<meta name=\"twitter:data1\" content=\"Szpieg\" \/>\n\t<meta name=\"twitter:label2\" content=\"Szacowany czas czytania\" \/>\n\t<meta name=\"twitter:data2\" content=\"5 minut\" \/>\n<script type=\"application\/ld+json\" class=\"yoast-schema-graph\">{\"@context\":\"https:\/\/schema.org\",\"@graph\":[{\"@type\":\"Article\",\"@id\":\"https:\/\/literackieprzeszpiegi.pl\/index.php\/2023\/04\/20\/cieszyn-prowadzi-sledztwo-marta-matyszczak\/#article\",\"isPartOf\":{\"@id\":\"https:\/\/literackieprzeszpiegi.pl\/index.php\/2023\/04\/20\/cieszyn-prowadzi-sledztwo-marta-matyszczak\/\"},\"author\":{\"name\":\"Szpieg\",\"@id\":\"https:\/\/literackieprzeszpiegi.pl\/#\/schema\/person\/fd5c4f317aed549d4833e6402ffea017\"},\"headline\":\"\u201eCieszyn prowadzi \u015bledztwo\u201d Marta Matyszczak [recenzja patronacka]\",\"datePublished\":\"2023-04-20T19:11:44+00:00\",\"dateModified\":\"2023-04-21T21:49:57+00:00\",\"mainEntityOfPage\":{\"@id\":\"https:\/\/literackieprzeszpiegi.pl\/index.php\/2023\/04\/20\/cieszyn-prowadzi-sledztwo-marta-matyszczak\/\"},\"wordCount\":983,\"commentCount\":2,\"publisher\":{\"@id\":\"https:\/\/literackieprzeszpiegi.pl\/#organization\"},\"image\":{\"@id\":\"https:\/\/literackieprzeszpiegi.pl\/index.php\/2023\/04\/20\/cieszyn-prowadzi-sledztwo-marta-matyszczak\/#primaryimage\"},\"thumbnailUrl\":\"https:\/\/literackieprzeszpiegi.pl\/wp-content\/uploads\/2023\/04\/cieszyn-prowadzi.jpg\",\"keywords\":[\"Krymina\u0142 pod psem\",\"Marta Matyszczak\",\"Wydawnictwo Dolno\u015bl\u0105skie\"],\"articleSection\":[\"Hit\",\"P\u00f3\u0142 \u017cartem, p\u00f3\u0142 serio\",\"Rasowy krymina\u0142\",\"recenzje\"],\"inLanguage\":\"pl-PL\",\"potentialAction\":[{\"@type\":\"CommentAction\",\"name\":\"Comment\",\"target\":[\"https:\/\/literackieprzeszpiegi.pl\/index.php\/2023\/04\/20\/cieszyn-prowadzi-sledztwo-marta-matyszczak\/#respond\"]}]},{\"@type\":\"WebPage\",\"@id\":\"https:\/\/literackieprzeszpiegi.pl\/index.php\/2023\/04\/20\/cieszyn-prowadzi-sledztwo-marta-matyszczak\/\",\"url\":\"https:\/\/literackieprzeszpiegi.pl\/index.php\/2023\/04\/20\/cieszyn-prowadzi-sledztwo-marta-matyszczak\/\",\"name\":\"Recenzja - \u201eCieszyn prowadzi \u015bledztwo\u201d Marta Matyszczak [recenzja patronacka] - Literackie przeszpiegi\",\"isPartOf\":{\"@id\":\"https:\/\/literackieprzeszpiegi.pl\/#website\"},\"primaryImageOfPage\":{\"@id\":\"https:\/\/literackieprzeszpiegi.pl\/index.php\/2023\/04\/20\/cieszyn-prowadzi-sledztwo-marta-matyszczak\/#primaryimage\"},\"image\":{\"@id\":\"https:\/\/literackieprzeszpiegi.pl\/index.php\/2023\/04\/20\/cieszyn-prowadzi-sledztwo-marta-matyszczak\/#primaryimage\"},\"thumbnailUrl\":\"https:\/\/literackieprzeszpiegi.pl\/wp-content\/uploads\/2023\/04\/cieszyn-prowadzi.jpg\",\"datePublished\":\"2023-04-20T19:11:44+00:00\",\"dateModified\":\"2023-04-21T21:49:57+00:00\",\"description\":\"Wprawdzie wiem, \u017ce jestem psem detektywa, ale je\u015bli jeszcze raz kto\u015b mi ka\u017ce kogo\u015b \u015bledzi\u0107 w tych przekl\u0119tych Cieszynach, to ostrzegam, \u017ce w ruch p\u00f3jd\u0105 moje nadszarpni\u0119te up\u0142ywem czasu i mroczn\u0105 przesz\u0142o\u015bci\u0105 z\u0119by\u201d.\",\"breadcrumb\":{\"@id\":\"https:\/\/literackieprzeszpiegi.pl\/index.php\/2023\/04\/20\/cieszyn-prowadzi-sledztwo-marta-matyszczak\/#breadcrumb\"},\"inLanguage\":\"pl-PL\",\"potentialAction\":[{\"@type\":\"ReadAction\",\"target\":[\"https:\/\/literackieprzeszpiegi.pl\/index.php\/2023\/04\/20\/cieszyn-prowadzi-sledztwo-marta-matyszczak\/\"]}]},{\"@type\":\"ImageObject\",\"inLanguage\":\"pl-PL\",\"@id\":\"https:\/\/literackieprzeszpiegi.pl\/index.php\/2023\/04\/20\/cieszyn-prowadzi-sledztwo-marta-matyszczak\/#primaryimage\",\"url\":\"https:\/\/literackieprzeszpiegi.pl\/wp-content\/uploads\/2023\/04\/cieszyn-prowadzi.jpg\",\"contentUrl\":\"https:\/\/literackieprzeszpiegi.pl\/wp-content\/uploads\/2023\/04\/cieszyn-prowadzi.jpg\",\"width\":697,\"height\":688},{\"@type\":\"BreadcrumbList\",\"@id\":\"https:\/\/literackieprzeszpiegi.pl\/index.php\/2023\/04\/20\/cieszyn-prowadzi-sledztwo-marta-matyszczak\/#breadcrumb\",\"itemListElement\":[{\"@type\":\"ListItem\",\"position\":1,\"name\":\"Home\",\"item\":\"https:\/\/literackieprzeszpiegi.pl\/\"},{\"@type\":\"ListItem\",\"position\":2,\"name\":\"\u201eCieszyn prowadzi \u015bledztwo\u201d Marta Matyszczak [recenzja patronacka]\"}]},{\"@type\":\"WebSite\",\"@id\":\"https:\/\/literackieprzeszpiegi.pl\/#website\",\"url\":\"https:\/\/literackieprzeszpiegi.pl\/\",\"name\":\"Literackie przeszpiegi\",\"description\":\"blog o ksi\u0105\u017ckach\",\"publisher\":{\"@id\":\"https:\/\/literackieprzeszpiegi.pl\/#organization\"},\"potentialAction\":[{\"@type\":\"SearchAction\",\"target\":{\"@type\":\"EntryPoint\",\"urlTemplate\":\"https:\/\/literackieprzeszpiegi.pl\/?s={search_term_string}\"},\"query-input\":\"required name=search_term_string\"}],\"inLanguage\":\"pl-PL\"},{\"@type\":\"Organization\",\"@id\":\"https:\/\/literackieprzeszpiegi.pl\/#organization\",\"name\":\"Literackie przeszpiegi\",\"url\":\"https:\/\/literackieprzeszpiegi.pl\/\",\"logo\":{\"@type\":\"ImageObject\",\"inLanguage\":\"pl-PL\",\"@id\":\"https:\/\/literackieprzeszpiegi.pl\/#\/schema\/logo\/image\/\",\"url\":\"https:\/\/literackieprzeszpiegi.pl\/wp-content\/uploads\/2021\/01\/cropped-cropped-Literackie-przeszpiegi-1.png\",\"contentUrl\":\"https:\/\/literackieprzeszpiegi.pl\/wp-content\/uploads\/2021\/01\/cropped-cropped-Literackie-przeszpiegi-1.png\",\"width\":499,\"height\":142,\"caption\":\"Literackie przeszpiegi\"},\"image\":{\"@id\":\"https:\/\/literackieprzeszpiegi.pl\/#\/schema\/logo\/image\/\"}},{\"@type\":\"Person\",\"@id\":\"https:\/\/literackieprzeszpiegi.pl\/#\/schema\/person\/fd5c4f317aed549d4833e6402ffea017\",\"name\":\"Szpieg\",\"image\":{\"@type\":\"ImageObject\",\"inLanguage\":\"pl-PL\",\"@id\":\"https:\/\/literackieprzeszpiegi.pl\/#\/schema\/person\/image\/\",\"url\":\"https:\/\/secure.gravatar.com\/avatar\/45a17869257e08975d929f204ef78290?s=96&d=mm&r=g\",\"contentUrl\":\"https:\/\/secure.gravatar.com\/avatar\/45a17869257e08975d929f204ef78290?s=96&d=mm&r=g\",\"caption\":\"Szpieg\"},\"url\":\"https:\/\/literackieprzeszpiegi.pl\/index.php\/author\/admin\/\"}]}<\/script>\n<!-- \/ Yoast SEO plugin. -->","yoast_head_json":{"title":"Recenzja - \u201eCieszyn prowadzi \u015bledztwo\u201d Marta Matyszczak [recenzja patronacka] - Literackie przeszpiegi","description":"Wprawdzie wiem, \u017ce jestem psem detektywa, ale je\u015bli jeszcze raz kto\u015b mi ka\u017ce kogo\u015b \u015bledzi\u0107 w tych przekl\u0119tych Cieszynach, to ostrzegam, \u017ce w ruch p\u00f3jd\u0105 moje nadszarpni\u0119te up\u0142ywem czasu i mroczn\u0105 przesz\u0142o\u015bci\u0105 z\u0119by\u201d.","robots":{"index":"index","follow":"follow","max-snippet":"max-snippet:-1","max-image-preview":"max-image-preview:large","max-video-preview":"max-video-preview:-1"},"canonical":"https:\/\/literackieprzeszpiegi.pl\/index.php\/2023\/04\/20\/cieszyn-prowadzi-sledztwo-marta-matyszczak\/","og_locale":"pl_PL","og_type":"article","og_title":"Recenzja - \"Cieszyn prowadzi \u015bledztwo\"","og_description":"Wprawdzie wiem, \u017ce jestem psem detektywa, ale je\u015bli jeszcze raz kto\u015b mi ka\u017ce kogo\u015b \u015bledzi\u0107 w tych przekl\u0119tych Cieszynach, to ostrzegam, \u017ce w ruch p\u00f3jd\u0105 moje nadszarpni\u0119te up\u0142ywem czasu i mroczn\u0105 przesz\u0142o\u015bci\u0105 z\u0119by\u201d.","og_url":"https:\/\/literackieprzeszpiegi.pl\/index.php\/2023\/04\/20\/cieszyn-prowadzi-sledztwo-marta-matyszczak\/","og_site_name":"Literackie przeszpiegi","article_published_time":"2023-04-20T19:11:44+00:00","article_modified_time":"2023-04-21T21:49:57+00:00","og_image":[{"width":697,"height":688,"url":"https:\/\/literackieprzeszpiegi.pl\/wp-content\/uploads\/2023\/04\/cieszyn-prowadzi.jpg","type":"image\/jpeg"}],"author":"Szpieg","twitter_card":"summary_large_image","twitter_misc":{"Napisane przez":"Szpieg","Szacowany czas czytania":"5 minut"},"schema":{"@context":"https:\/\/schema.org","@graph":[{"@type":"Article","@id":"https:\/\/literackieprzeszpiegi.pl\/index.php\/2023\/04\/20\/cieszyn-prowadzi-sledztwo-marta-matyszczak\/#article","isPartOf":{"@id":"https:\/\/literackieprzeszpiegi.pl\/index.php\/2023\/04\/20\/cieszyn-prowadzi-sledztwo-marta-matyszczak\/"},"author":{"name":"Szpieg","@id":"https:\/\/literackieprzeszpiegi.pl\/#\/schema\/person\/fd5c4f317aed549d4833e6402ffea017"},"headline":"\u201eCieszyn prowadzi \u015bledztwo\u201d Marta Matyszczak [recenzja patronacka]","datePublished":"2023-04-20T19:11:44+00:00","dateModified":"2023-04-21T21:49:57+00:00","mainEntityOfPage":{"@id":"https:\/\/literackieprzeszpiegi.pl\/index.php\/2023\/04\/20\/cieszyn-prowadzi-sledztwo-marta-matyszczak\/"},"wordCount":983,"commentCount":2,"publisher":{"@id":"https:\/\/literackieprzeszpiegi.pl\/#organization"},"image":{"@id":"https:\/\/literackieprzeszpiegi.pl\/index.php\/2023\/04\/20\/cieszyn-prowadzi-sledztwo-marta-matyszczak\/#primaryimage"},"thumbnailUrl":"https:\/\/literackieprzeszpiegi.pl\/wp-content\/uploads\/2023\/04\/cieszyn-prowadzi.jpg","keywords":["Krymina\u0142 pod psem","Marta Matyszczak","Wydawnictwo Dolno\u015bl\u0105skie"],"articleSection":["Hit","P\u00f3\u0142 \u017cartem, p\u00f3\u0142 serio","Rasowy krymina\u0142","recenzje"],"inLanguage":"pl-PL","potentialAction":[{"@type":"CommentAction","name":"Comment","target":["https:\/\/literackieprzeszpiegi.pl\/index.php\/2023\/04\/20\/cieszyn-prowadzi-sledztwo-marta-matyszczak\/#respond"]}]},{"@type":"WebPage","@id":"https:\/\/literackieprzeszpiegi.pl\/index.php\/2023\/04\/20\/cieszyn-prowadzi-sledztwo-marta-matyszczak\/","url":"https:\/\/literackieprzeszpiegi.pl\/index.php\/2023\/04\/20\/cieszyn-prowadzi-sledztwo-marta-matyszczak\/","name":"Recenzja - \u201eCieszyn prowadzi \u015bledztwo\u201d Marta Matyszczak [recenzja patronacka] - Literackie przeszpiegi","isPartOf":{"@id":"https:\/\/literackieprzeszpiegi.pl\/#website"},"primaryImageOfPage":{"@id":"https:\/\/literackieprzeszpiegi.pl\/index.php\/2023\/04\/20\/cieszyn-prowadzi-sledztwo-marta-matyszczak\/#primaryimage"},"image":{"@id":"https:\/\/literackieprzeszpiegi.pl\/index.php\/2023\/04\/20\/cieszyn-prowadzi-sledztwo-marta-matyszczak\/#primaryimage"},"thumbnailUrl":"https:\/\/literackieprzeszpiegi.pl\/wp-content\/uploads\/2023\/04\/cieszyn-prowadzi.jpg","datePublished":"2023-04-20T19:11:44+00:00","dateModified":"2023-04-21T21:49:57+00:00","description":"Wprawdzie wiem, \u017ce jestem psem detektywa, ale je\u015bli jeszcze raz kto\u015b mi ka\u017ce kogo\u015b \u015bledzi\u0107 w tych przekl\u0119tych Cieszynach, to ostrzegam, \u017ce w ruch p\u00f3jd\u0105 moje nadszarpni\u0119te up\u0142ywem czasu i mroczn\u0105 przesz\u0142o\u015bci\u0105 z\u0119by\u201d.","breadcrumb":{"@id":"https:\/\/literackieprzeszpiegi.pl\/index.php\/2023\/04\/20\/cieszyn-prowadzi-sledztwo-marta-matyszczak\/#breadcrumb"},"inLanguage":"pl-PL","potentialAction":[{"@type":"ReadAction","target":["https:\/\/literackieprzeszpiegi.pl\/index.php\/2023\/04\/20\/cieszyn-prowadzi-sledztwo-marta-matyszczak\/"]}]},{"@type":"ImageObject","inLanguage":"pl-PL","@id":"https:\/\/literackieprzeszpiegi.pl\/index.php\/2023\/04\/20\/cieszyn-prowadzi-sledztwo-marta-matyszczak\/#primaryimage","url":"https:\/\/literackieprzeszpiegi.pl\/wp-content\/uploads\/2023\/04\/cieszyn-prowadzi.jpg","contentUrl":"https:\/\/literackieprzeszpiegi.pl\/wp-content\/uploads\/2023\/04\/cieszyn-prowadzi.jpg","width":697,"height":688},{"@type":"BreadcrumbList","@id":"https:\/\/literackieprzeszpiegi.pl\/index.php\/2023\/04\/20\/cieszyn-prowadzi-sledztwo-marta-matyszczak\/#breadcrumb","itemListElement":[{"@type":"ListItem","position":1,"name":"Home","item":"https:\/\/literackieprzeszpiegi.pl\/"},{"@type":"ListItem","position":2,"name":"\u201eCieszyn prowadzi \u015bledztwo\u201d Marta Matyszczak [recenzja patronacka]"}]},{"@type":"WebSite","@id":"https:\/\/literackieprzeszpiegi.pl\/#website","url":"https:\/\/literackieprzeszpiegi.pl\/","name":"Literackie przeszpiegi","description":"blog o ksi\u0105\u017ckach","publisher":{"@id":"https:\/\/literackieprzeszpiegi.pl\/#organization"},"potentialAction":[{"@type":"SearchAction","target":{"@type":"EntryPoint","urlTemplate":"https:\/\/literackieprzeszpiegi.pl\/?s={search_term_string}"},"query-input":"required name=search_term_string"}],"inLanguage":"pl-PL"},{"@type":"Organization","@id":"https:\/\/literackieprzeszpiegi.pl\/#organization","name":"Literackie przeszpiegi","url":"https:\/\/literackieprzeszpiegi.pl\/","logo":{"@type":"ImageObject","inLanguage":"pl-PL","@id":"https:\/\/literackieprzeszpiegi.pl\/#\/schema\/logo\/image\/","url":"https:\/\/literackieprzeszpiegi.pl\/wp-content\/uploads\/2021\/01\/cropped-cropped-Literackie-przeszpiegi-1.png","contentUrl":"https:\/\/literackieprzeszpiegi.pl\/wp-content\/uploads\/2021\/01\/cropped-cropped-Literackie-przeszpiegi-1.png","width":499,"height":142,"caption":"Literackie przeszpiegi"},"image":{"@id":"https:\/\/literackieprzeszpiegi.pl\/#\/schema\/logo\/image\/"}},{"@type":"Person","@id":"https:\/\/literackieprzeszpiegi.pl\/#\/schema\/person\/fd5c4f317aed549d4833e6402ffea017","name":"Szpieg","image":{"@type":"ImageObject","inLanguage":"pl-PL","@id":"https:\/\/literackieprzeszpiegi.pl\/#\/schema\/person\/image\/","url":"https:\/\/secure.gravatar.com\/avatar\/45a17869257e08975d929f204ef78290?s=96&d=mm&r=g","contentUrl":"https:\/\/secure.gravatar.com\/avatar\/45a17869257e08975d929f204ef78290?s=96&d=mm&r=g","caption":"Szpieg"},"url":"https:\/\/literackieprzeszpiegi.pl\/index.php\/author\/admin\/"}]}},"_links":{"self":[{"href":"https:\/\/literackieprzeszpiegi.pl\/index.php\/wp-json\/wp\/v2\/posts\/3429"}],"collection":[{"href":"https:\/\/literackieprzeszpiegi.pl\/index.php\/wp-json\/wp\/v2\/posts"}],"about":[{"href":"https:\/\/literackieprzeszpiegi.pl\/index.php\/wp-json\/wp\/v2\/types\/post"}],"author":[{"embeddable":true,"href":"https:\/\/literackieprzeszpiegi.pl\/index.php\/wp-json\/wp\/v2\/users\/1"}],"replies":[{"embeddable":true,"href":"https:\/\/literackieprzeszpiegi.pl\/index.php\/wp-json\/wp\/v2\/comments?post=3429"}],"version-history":[{"count":6,"href":"https:\/\/literackieprzeszpiegi.pl\/index.php\/wp-json\/wp\/v2\/posts\/3429\/revisions"}],"predecessor-version":[{"id":3436,"href":"https:\/\/literackieprzeszpiegi.pl\/index.php\/wp-json\/wp\/v2\/posts\/3429\/revisions\/3436"}],"wp:featuredmedia":[{"embeddable":true,"href":"https:\/\/literackieprzeszpiegi.pl\/index.php\/wp-json\/wp\/v2\/media\/3433"}],"wp:attachment":[{"href":"https:\/\/literackieprzeszpiegi.pl\/index.php\/wp-json\/wp\/v2\/media?parent=3429"}],"wp:term":[{"taxonomy":"category","embeddable":true,"href":"https:\/\/literackieprzeszpiegi.pl\/index.php\/wp-json\/wp\/v2\/categories?post=3429"},{"taxonomy":"post_tag","embeddable":true,"href":"https:\/\/literackieprzeszpiegi.pl\/index.php\/wp-json\/wp\/v2\/tags?post=3429"}],"curies":[{"name":"wp","href":"https:\/\/api.w.org\/{rel}","templated":true}]}}