{"id":3450,"date":"2023-05-26T21:25:14","date_gmt":"2023-05-26T19:25:14","guid":{"rendered":"http:\/\/literackieprzeszpiegi.pl\/?p=3450"},"modified":"2023-05-28T23:34:47","modified_gmt":"2023-05-28T21:34:47","slug":"w-korzeniach-wierzb-agnieszka-kuchmister","status":"publish","type":"post","link":"https:\/\/literackieprzeszpiegi.pl\/index.php\/2023\/05\/26\/w-korzeniach-wierzb-agnieszka-kuchmister\/","title":{"rendered":"\u201eW korzeniach wierzb\u201d Agnieszka Kuchmister"},"content":{"rendered":"\n<h2 class=\"wp-block-heading\">\u201eKiedy\u015b w innym \u015bwiecie (\u2026). Nad t\u0105 wsi\u0105 wisia\u0142o zupe\u0142nie inne niebo, z innym ksi\u0119\u017cycem i innymi gwiazdami. Inne s\u0142o\u0144ce \u015bwieci\u0142o ludziom. Potem \u015bwiat zacz\u0105\u0142 si\u0119 starze\u0107\u2026\u201d.<\/h2>\n\n\n\n<!--more-->\n\n\n\n<p>Magia zadzia\u0142a si\u0119 w tej historii. Ale w sumie nie powinno mnie to dziwi\u0107, bo poprzednie ksi\u0105\u017cki Agnieszki Kuchmister ju\u017c mnie do tego przyzwyczai\u0142y. Dosta\u0142am niespieszn\u0105 opowie\u015b\u0107 o rodzinie Kruk\u00f3w, o spo\u0142eczno\u015bci Z\u0142ej Wsi, z wyrazistymi elementami s\u0142owia\u0144sko\u015bci i fantastyki, kt\u00f3re zabieraj\u0105 czytelnika do \u015bwiata r\u00f3wnie pi\u0119knego, co i tajemniczego.<\/p>\n\n\n\n<blockquote class=\"wp-block-quote is-layout-flow wp-block-quote-is-layout-flow\"><p>\u201eM\u00f3wi\u0142a\u015b, \u017ce je\u015bli tylko dobrze si\u0119 patrzy, to mo\u017cna dostrzec magi\u0119 we wszystkim, nawet w przezroczystym powietrzu, \u017ce je\u017celi si\u0119 dobrze s\u0142ucha, to mo\u017cna us\u0142ysze\u0107 rzeczy, kt\u00f3re nie s\u0105 dane zwyk\u0142ym ludziom albo tym, co si\u0119 boj\u0105 tak, jak matka\u201d.<\/p><\/blockquote>\n\n\n\n<p>Po II wojnie rodzina Kruk\u00f3w osiedla si\u0119 w Z\u0142ej Wsi, otoczonej lasami Dolnego \u015al\u0105ska. Pr\u00f3buj\u0105 odnale\u017a\u0107 si\u0119 w nowym miejscu, lecz nazwa wsi nie wzi\u0119\u0142a si\u0119 znik\u0105d\u2026 Opowie\u015b\u0107 o ich \u017cyciu snuje nastoletnia Lala, kt\u00f3rej doskwiera samotno\u015b\u0107. Matka pogr\u0105\u017ca si\u0119 w szale\u0144stwie, podsk\u00f3rnie czuj\u0105c z\u0142o tej ziemi; ziemi, kt\u00f3ra pami\u0119ta rozpacz i krew niewinnych. Wypatruj\u0105c z\u0142a pod r\u00f3\u017cnymi postaciami, coraz wi\u0119cej czasu sp\u0119dza w swoim \u015bwiecie. Ojciec zatraca si\u0119 w alkoholowym na\u0142ogu, bo bimber skutecznie otumania, pozwala nie s\u0142ysze\u0107 i nie widzie\u0107. Gienia, najstarsza c\u00f3rka, by unikn\u0105\u0107 szale\u0144czego losu, ucieka do pobliskiego miasta. A dziadek milcz\u0105co obrasta powojem, nawet wtedy, gdy ju\u017c zostanie pochowany na pobliskim cmentarzu.<\/p>\n\n\n\n<blockquote class=\"wp-block-quote is-layout-flow wp-block-quote-is-layout-flow\"><p>\u201eMo\u017ce po prostu ba\u0142 si\u0119 tej ciemno\u015bci w jej oczach, mo\u017ce przypomina\u0142a mu o tej ciemno\u015bci, kt\u00f3r\u0105 nosi\u0142 w sobie. Bo wtedy wszyscy mieli w sobie jak\u0105\u015b ciemno\u015b\u0107. Gdyby rozsup\u0142a\u0107 ich serca, wyla\u0142aby si\u0119 z nich jak smo\u0142a\u201d.<\/p><\/blockquote>\n\n\n\n<p>Historia to niezwyk\u0142a, gro\u017ana i tajemnicza, bo w Z\u0142ej Wsi i okolicach dziej\u0105 si\u0119 rzeczy trudne do wyt\u0142umaczenia. Bo jak wyja\u015bni\u0107, sk\u0105d bior\u0105 si\u0119 cia\u0142a m\u0142odych kobiet w Bukowym Lesie?<br>I historia to te\u017c przera\u017aliwie smutna, ze wzgl\u0119du na Lal\u0119, kt\u00f3ra zosta\u0142a z tym wszystkim sama. Rodzice s\u0105, ale jakby ich nie by\u0142o. Najbli\u017csza sercu siostra bywa w domu zbyt rzadko, poch\u0142oni\u0119ta w\u0142asnymi sprawami. Jak nastolatka ma zrozumie\u0107 to, co wydaje si\u0119 by\u0107 tylko z\u0142ym snem, majakami a jednak dzieje si\u0119 naprawd\u0119? Gdzie ma szuka\u0107 towarzyszy rozm\u00f3w, powiernik\u00f3w swoich sekret\u00f3w, skoro ka\u017cdy boi si\u0119 le\u015bnej g\u0119stwiny, \u0142\u0105k, bagien i tego, co skrywaj\u0105? Dziewczyna coraz bardziej zanurza si\u0119 w histori\u0119 tych ziem. Szumi\u0105ce korony drzew, bagna pami\u0119taj\u0105, kto b\u0142\u0105dzi\u0142 le\u015bnymi \u015bcie\u017ckami, kto ucieka\u0142 w g\u0142\u0105b przed ostrza\u0142em a kto ju\u017c nigdy nie wr\u00f3ci\u0142\u2026 I czy pobliskie jaskinie naprawd\u0119 prowadz\u0105 do piek\u0142a bram?<\/p>\n\n\n\n<blockquote class=\"wp-block-quote is-layout-flow wp-block-quote-is-layout-flow\"><p>\u201eTamtej nocy, z krwi\u0105 rozrzedzon\u0105 alkoholem, z my\u015blami rozproszonymi palet\u0105 zupe\u0142nie nowych dla nas dozna\u0144, zobaczy\u0142y\u015bmy Z\u0142\u0105 Wie\u015b tak\u0105, jaka by\u0142a naprawd\u0119, bo naprawd\u0119 by\u0142o to miejsce pi\u0119kne i gniewne. Jakby tu co\u015b pod ziemi\u0105 ci\u0105gle buzowa\u0142o wzburzone, jakby by\u0142o tu bli\u017cej piek\u0142a\u201d.<\/p><\/blockquote>\n\n\n\n<p>\u201eW korzeniach wierzb\u201d to te\u017c historia o pami\u0119ci, zakl\u0119tej nie tylko w lesie, ale te\u017c i w budynkach i starych murach. One pami\u0119taj\u0105 swoich lokator\u00f3w, w po\u015bpiechu opuszczaj\u0105cych swoje domy, porzucaj\u0105cych drobiazgi i pami\u0105tki rodzinne. Zosta\u0142 po nich py\u0142, kryj\u0105cy si\u0119 w spr\u00f3chnia\u0142ych deskach; zosta\u0142o powietrze, kt\u00f3rym oddychali; zosta\u0142y szepty w obcym j\u0119zyku, kt\u00f3re wybrzmiewaj\u0105 najg\u0142o\u015bniej w nocnej ciszy; zosta\u0142y i stare fotografie, kt\u00f3re mia\u0142y zapewni\u0107 nie\u015bmiertelno\u015b\u0107\u2026<\/p>\n\n\n\n<p>Agnieszka Kuchmister ma niebywa\u0142y styl pisania. Niespotykana wra\u017cliwo\u015b\u0107 i poetycko\u015b\u0107 opis\u00f3w, nawet tych z pozoru najzwyklejszych rzeczy czy wydarze\u0144, naprawd\u0119 robi wra\u017cenie, ale te\u017c i powoduje g\u0119si\u0105 sk\u00f3rk\u0119. Kre\u015bli \u015bwiat, w kt\u00f3rym \u017cycie mieszka\u0144c\u00f3w ma\u0142ej wsi przeplata si\u0119 ze s\u0142owia\u0144skimi wierzeniami i magi\u0105. Wszystko jest mo\u017cliwe, gdy stary \u015bwiat przeplata si\u0119 z tera\u017aniejszo\u015bci\u0105. Mieszka\u0144cy Z\u0142ej Wsi wiedz\u0105, \u017ce w pobliskich lasach czekaj\u0105 na nich duchy wiatr\u00f3w, pere\u0142esnyki, \u0142e\u0142eki czy rusa\u0142ki. S\u0105 na wyci\u0105gniecie r\u0119ki, tak samo jak i z\u0142o, kt\u00f3re przychodzi nieproszone i sieje postrach, nawet po\u015br\u00f3d tych, kt\u00f3rzy hardo trzymaj\u0105 g\u0142owy. Lala widzi i czuje wi\u0119cej, jakby jej dusza by\u0142a zdecydowanie bardziej dojrza\u0142a ani\u017celi nastoletnie cia\u0142o. Bo jak tu ogarn\u0105\u0107 umys\u0142em szale\u0144stwo matki, alkoholizm ojca, t\u0119sknot\u0119 za siostr\u0105 i to co\u015b, co przyzywa j\u0105 do Bukowego Lasu?<br>Chocia\u017c ci\u0119\u017cko oderwa\u0107 si\u0119 od tej historii, czytajcie j\u0105 niespiesznie. Dajcie si\u0119 ponie\u015b\u0107 magii, melancholii i refleksyjnemu nastrojowi tej ksi\u0105\u017cki. Tak ma\u0142o takich historii si\u0119 pisze\u2026<\/p>\n\n\n\n<p>___<br>Agnieszka Kuchmister \u201eW korzeniach wierzb\u201d<br>Wydawnictwo Ksi\u0105\u017cnica<\/p>\n","protected":false},"excerpt":{"rendered":"<p>\u201eKiedy\u015b w innym \u015bwiecie (\u2026). Nad t\u0105 wsi\u0105 wisia\u0142o zupe\u0142nie inne niebo, z innym ksi\u0119\u017cycem i innymi gwiazdami. Inne s\u0142o\u0144ce \u015bwieci\u0142o ludziom. Potem \u015bwiat zacz\u0105\u0142 si\u0119 starze\u0107\u2026\u201d.<\/p>\n","protected":false},"author":1,"featured_media":3452,"comment_status":"open","ping_status":"open","sticky":false,"template":"","format":"standard","meta":{"om_disable_all_campaigns":false,"_exactmetrics_skip_tracking":false,"_exactmetrics_sitenote_active":false,"_exactmetrics_sitenote_note":"","_exactmetrics_sitenote_category":0,"_monsterinsights_skip_tracking":false,"_monsterinsights_sitenote_active":false,"_monsterinsights_sitenote_note":"","_monsterinsights_sitenote_category":0,"_uf_show_specific_survey":0,"_uf_disable_surveys":false,"footnotes":""},"categories":[7,109,8],"tags":[149,163,146],"yoast_head":"<!-- This site is optimized with the Yoast SEO plugin v22.9 - https:\/\/yoast.com\/wordpress\/plugins\/seo\/ -->\n<title>Recenzja - \u201eW korzeniach wierzb\u201d Agnieszka Kuchmister - Literackie przeszpiegi<\/title>\n<meta name=\"description\" content=\"Dosta\u0142am niespieszn\u0105 opowie\u015b\u0107 o rodzinie Kruk\u00f3w, o spo\u0142eczno\u015bci Z\u0142ej Wsi, z wyrazistymi elementami s\u0142owia\u0144sko\u015bci i fantastyki, kt\u00f3re zabieraj\u0105 czytelnika do \u015bwiata r\u00f3wnie pi\u0119knego, co i tajemniczego.\" \/>\n<meta name=\"robots\" content=\"index, follow, max-snippet:-1, max-image-preview:large, max-video-preview:-1\" \/>\n<link rel=\"canonical\" href=\"https:\/\/literackieprzeszpiegi.pl\/index.php\/2023\/05\/26\/w-korzeniach-wierzb-agnieszka-kuchmister\/\" \/>\n<meta property=\"og:locale\" content=\"pl_PL\" \/>\n<meta property=\"og:type\" content=\"article\" \/>\n<meta property=\"og:title\" content=\"Recenzja &quot;W korzeniach wierzb&quot; Agnieszka Kuchmister\" \/>\n<meta property=\"og:description\" content=\"\u201eKiedy\u015b w innym \u015bwiecie (\u2026). Nad t\u0105 wsi\u0105 wisia\u0142o zupe\u0142nie inne niebo, z innym ksi\u0119\u017cycem i innymi gwiazdami. Inne s\u0142o\u0144ce \u015bwieci\u0142o ludziom. Potem \u015bwiat zacz\u0105\u0142 si\u0119 starze\u0107\u2026\u201d.\" \/>\n<meta property=\"og:url\" content=\"https:\/\/literackieprzeszpiegi.pl\/index.php\/2023\/05\/26\/w-korzeniach-wierzb-agnieszka-kuchmister\/\" \/>\n<meta property=\"og:site_name\" content=\"Literackie przeszpiegi\" \/>\n<meta property=\"article:published_time\" content=\"2023-05-26T19:25:14+00:00\" \/>\n<meta property=\"article:modified_time\" content=\"2023-05-28T21:34:47+00:00\" \/>\n<meta property=\"og:image\" content=\"https:\/\/literackieprzeszpiegi.pl\/wp-content\/uploads\/2023\/05\/W-korzeniach-wierzb_Kuchmister.jpg\" \/>\n\t<meta property=\"og:image:width\" content=\"853\" \/>\n\t<meta property=\"og:image:height\" content=\"690\" \/>\n\t<meta property=\"og:image:type\" content=\"image\/jpeg\" \/>\n<meta name=\"author\" content=\"Szpieg\" \/>\n<meta name=\"twitter:card\" content=\"summary_large_image\" \/>\n<meta name=\"twitter:label1\" content=\"Napisane przez\" \/>\n\t<meta name=\"twitter:data1\" content=\"Szpieg\" \/>\n\t<meta name=\"twitter:label2\" content=\"Szacowany czas czytania\" \/>\n\t<meta name=\"twitter:data2\" content=\"4 minuty\" \/>\n<script type=\"application\/ld+json\" class=\"yoast-schema-graph\">{\"@context\":\"https:\/\/schema.org\",\"@graph\":[{\"@type\":\"Article\",\"@id\":\"https:\/\/literackieprzeszpiegi.pl\/index.php\/2023\/05\/26\/w-korzeniach-wierzb-agnieszka-kuchmister\/#article\",\"isPartOf\":{\"@id\":\"https:\/\/literackieprzeszpiegi.pl\/index.php\/2023\/05\/26\/w-korzeniach-wierzb-agnieszka-kuchmister\/\"},\"author\":{\"name\":\"Szpieg\",\"@id\":\"https:\/\/literackieprzeszpiegi.pl\/#\/schema\/person\/fd5c4f317aed549d4833e6402ffea017\"},\"headline\":\"\u201eW korzeniach wierzb\u201d Agnieszka Kuchmister\",\"datePublished\":\"2023-05-26T19:25:14+00:00\",\"dateModified\":\"2023-05-28T21:34:47+00:00\",\"mainEntityOfPage\":{\"@id\":\"https:\/\/literackieprzeszpiegi.pl\/index.php\/2023\/05\/26\/w-korzeniach-wierzb-agnieszka-kuchmister\/\"},\"wordCount\":850,\"commentCount\":0,\"publisher\":{\"@id\":\"https:\/\/literackieprzeszpiegi.pl\/#organization\"},\"image\":{\"@id\":\"https:\/\/literackieprzeszpiegi.pl\/index.php\/2023\/05\/26\/w-korzeniach-wierzb-agnieszka-kuchmister\/#primaryimage\"},\"thumbnailUrl\":\"https:\/\/literackieprzeszpiegi.pl\/wp-content\/uploads\/2023\/05\/W-korzeniach-wierzb_Kuchmister.jpg\",\"keywords\":[\"Agnieszka Kuchmister\",\"Realizm magiczny\",\"Wydawnictwo Ksi\u0105\u017cnica\"],\"articleSection\":[\"Hit\",\"Odrobina magii\",\"recenzje\"],\"inLanguage\":\"pl-PL\",\"potentialAction\":[{\"@type\":\"CommentAction\",\"name\":\"Comment\",\"target\":[\"https:\/\/literackieprzeszpiegi.pl\/index.php\/2023\/05\/26\/w-korzeniach-wierzb-agnieszka-kuchmister\/#respond\"]}]},{\"@type\":\"WebPage\",\"@id\":\"https:\/\/literackieprzeszpiegi.pl\/index.php\/2023\/05\/26\/w-korzeniach-wierzb-agnieszka-kuchmister\/\",\"url\":\"https:\/\/literackieprzeszpiegi.pl\/index.php\/2023\/05\/26\/w-korzeniach-wierzb-agnieszka-kuchmister\/\",\"name\":\"Recenzja - \u201eW korzeniach wierzb\u201d Agnieszka Kuchmister - Literackie przeszpiegi\",\"isPartOf\":{\"@id\":\"https:\/\/literackieprzeszpiegi.pl\/#website\"},\"primaryImageOfPage\":{\"@id\":\"https:\/\/literackieprzeszpiegi.pl\/index.php\/2023\/05\/26\/w-korzeniach-wierzb-agnieszka-kuchmister\/#primaryimage\"},\"image\":{\"@id\":\"https:\/\/literackieprzeszpiegi.pl\/index.php\/2023\/05\/26\/w-korzeniach-wierzb-agnieszka-kuchmister\/#primaryimage\"},\"thumbnailUrl\":\"https:\/\/literackieprzeszpiegi.pl\/wp-content\/uploads\/2023\/05\/W-korzeniach-wierzb_Kuchmister.jpg\",\"datePublished\":\"2023-05-26T19:25:14+00:00\",\"dateModified\":\"2023-05-28T21:34:47+00:00\",\"description\":\"Dosta\u0142am niespieszn\u0105 opowie\u015b\u0107 o rodzinie Kruk\u00f3w, o spo\u0142eczno\u015bci Z\u0142ej Wsi, z wyrazistymi elementami s\u0142owia\u0144sko\u015bci i fantastyki, kt\u00f3re zabieraj\u0105 czytelnika do \u015bwiata r\u00f3wnie pi\u0119knego, co i tajemniczego.\",\"breadcrumb\":{\"@id\":\"https:\/\/literackieprzeszpiegi.pl\/index.php\/2023\/05\/26\/w-korzeniach-wierzb-agnieszka-kuchmister\/#breadcrumb\"},\"inLanguage\":\"pl-PL\",\"potentialAction\":[{\"@type\":\"ReadAction\",\"target\":[\"https:\/\/literackieprzeszpiegi.pl\/index.php\/2023\/05\/26\/w-korzeniach-wierzb-agnieszka-kuchmister\/\"]}]},{\"@type\":\"ImageObject\",\"inLanguage\":\"pl-PL\",\"@id\":\"https:\/\/literackieprzeszpiegi.pl\/index.php\/2023\/05\/26\/w-korzeniach-wierzb-agnieszka-kuchmister\/#primaryimage\",\"url\":\"https:\/\/literackieprzeszpiegi.pl\/wp-content\/uploads\/2023\/05\/W-korzeniach-wierzb_Kuchmister.jpg\",\"contentUrl\":\"https:\/\/literackieprzeszpiegi.pl\/wp-content\/uploads\/2023\/05\/W-korzeniach-wierzb_Kuchmister.jpg\",\"width\":853,\"height\":690},{\"@type\":\"BreadcrumbList\",\"@id\":\"https:\/\/literackieprzeszpiegi.pl\/index.php\/2023\/05\/26\/w-korzeniach-wierzb-agnieszka-kuchmister\/#breadcrumb\",\"itemListElement\":[{\"@type\":\"ListItem\",\"position\":1,\"name\":\"Home\",\"item\":\"https:\/\/literackieprzeszpiegi.pl\/\"},{\"@type\":\"ListItem\",\"position\":2,\"name\":\"\u201eW korzeniach wierzb\u201d Agnieszka Kuchmister\"}]},{\"@type\":\"WebSite\",\"@id\":\"https:\/\/literackieprzeszpiegi.pl\/#website\",\"url\":\"https:\/\/literackieprzeszpiegi.pl\/\",\"name\":\"Literackie przeszpiegi\",\"description\":\"blog o ksi\u0105\u017ckach\",\"publisher\":{\"@id\":\"https:\/\/literackieprzeszpiegi.pl\/#organization\"},\"potentialAction\":[{\"@type\":\"SearchAction\",\"target\":{\"@type\":\"EntryPoint\",\"urlTemplate\":\"https:\/\/literackieprzeszpiegi.pl\/?s={search_term_string}\"},\"query-input\":\"required name=search_term_string\"}],\"inLanguage\":\"pl-PL\"},{\"@type\":\"Organization\",\"@id\":\"https:\/\/literackieprzeszpiegi.pl\/#organization\",\"name\":\"Literackie przeszpiegi\",\"url\":\"https:\/\/literackieprzeszpiegi.pl\/\",\"logo\":{\"@type\":\"ImageObject\",\"inLanguage\":\"pl-PL\",\"@id\":\"https:\/\/literackieprzeszpiegi.pl\/#\/schema\/logo\/image\/\",\"url\":\"https:\/\/literackieprzeszpiegi.pl\/wp-content\/uploads\/2021\/01\/cropped-cropped-Literackie-przeszpiegi-1.png\",\"contentUrl\":\"https:\/\/literackieprzeszpiegi.pl\/wp-content\/uploads\/2021\/01\/cropped-cropped-Literackie-przeszpiegi-1.png\",\"width\":499,\"height\":142,\"caption\":\"Literackie przeszpiegi\"},\"image\":{\"@id\":\"https:\/\/literackieprzeszpiegi.pl\/#\/schema\/logo\/image\/\"}},{\"@type\":\"Person\",\"@id\":\"https:\/\/literackieprzeszpiegi.pl\/#\/schema\/person\/fd5c4f317aed549d4833e6402ffea017\",\"name\":\"Szpieg\",\"image\":{\"@type\":\"ImageObject\",\"inLanguage\":\"pl-PL\",\"@id\":\"https:\/\/literackieprzeszpiegi.pl\/#\/schema\/person\/image\/\",\"url\":\"https:\/\/secure.gravatar.com\/avatar\/45a17869257e08975d929f204ef78290?s=96&d=mm&r=g\",\"contentUrl\":\"https:\/\/secure.gravatar.com\/avatar\/45a17869257e08975d929f204ef78290?s=96&d=mm&r=g\",\"caption\":\"Szpieg\"},\"url\":\"https:\/\/literackieprzeszpiegi.pl\/index.php\/author\/admin\/\"}]}<\/script>\n<!-- \/ Yoast SEO plugin. -->","yoast_head_json":{"title":"Recenzja - \u201eW korzeniach wierzb\u201d Agnieszka Kuchmister - Literackie przeszpiegi","description":"Dosta\u0142am niespieszn\u0105 opowie\u015b\u0107 o rodzinie Kruk\u00f3w, o spo\u0142eczno\u015bci Z\u0142ej Wsi, z wyrazistymi elementami s\u0142owia\u0144sko\u015bci i fantastyki, kt\u00f3re zabieraj\u0105 czytelnika do \u015bwiata r\u00f3wnie pi\u0119knego, co i tajemniczego.","robots":{"index":"index","follow":"follow","max-snippet":"max-snippet:-1","max-image-preview":"max-image-preview:large","max-video-preview":"max-video-preview:-1"},"canonical":"https:\/\/literackieprzeszpiegi.pl\/index.php\/2023\/05\/26\/w-korzeniach-wierzb-agnieszka-kuchmister\/","og_locale":"pl_PL","og_type":"article","og_title":"Recenzja \"W korzeniach wierzb\" Agnieszka Kuchmister","og_description":"\u201eKiedy\u015b w innym \u015bwiecie (\u2026). Nad t\u0105 wsi\u0105 wisia\u0142o zupe\u0142nie inne niebo, z innym ksi\u0119\u017cycem i innymi gwiazdami. Inne s\u0142o\u0144ce \u015bwieci\u0142o ludziom. Potem \u015bwiat zacz\u0105\u0142 si\u0119 starze\u0107\u2026\u201d.","og_url":"https:\/\/literackieprzeszpiegi.pl\/index.php\/2023\/05\/26\/w-korzeniach-wierzb-agnieszka-kuchmister\/","og_site_name":"Literackie przeszpiegi","article_published_time":"2023-05-26T19:25:14+00:00","article_modified_time":"2023-05-28T21:34:47+00:00","og_image":[{"width":853,"height":690,"url":"https:\/\/literackieprzeszpiegi.pl\/wp-content\/uploads\/2023\/05\/W-korzeniach-wierzb_Kuchmister.jpg","type":"image\/jpeg"}],"author":"Szpieg","twitter_card":"summary_large_image","twitter_misc":{"Napisane przez":"Szpieg","Szacowany czas czytania":"4 minuty"},"schema":{"@context":"https:\/\/schema.org","@graph":[{"@type":"Article","@id":"https:\/\/literackieprzeszpiegi.pl\/index.php\/2023\/05\/26\/w-korzeniach-wierzb-agnieszka-kuchmister\/#article","isPartOf":{"@id":"https:\/\/literackieprzeszpiegi.pl\/index.php\/2023\/05\/26\/w-korzeniach-wierzb-agnieszka-kuchmister\/"},"author":{"name":"Szpieg","@id":"https:\/\/literackieprzeszpiegi.pl\/#\/schema\/person\/fd5c4f317aed549d4833e6402ffea017"},"headline":"\u201eW korzeniach wierzb\u201d Agnieszka Kuchmister","datePublished":"2023-05-26T19:25:14+00:00","dateModified":"2023-05-28T21:34:47+00:00","mainEntityOfPage":{"@id":"https:\/\/literackieprzeszpiegi.pl\/index.php\/2023\/05\/26\/w-korzeniach-wierzb-agnieszka-kuchmister\/"},"wordCount":850,"commentCount":0,"publisher":{"@id":"https:\/\/literackieprzeszpiegi.pl\/#organization"},"image":{"@id":"https:\/\/literackieprzeszpiegi.pl\/index.php\/2023\/05\/26\/w-korzeniach-wierzb-agnieszka-kuchmister\/#primaryimage"},"thumbnailUrl":"https:\/\/literackieprzeszpiegi.pl\/wp-content\/uploads\/2023\/05\/W-korzeniach-wierzb_Kuchmister.jpg","keywords":["Agnieszka Kuchmister","Realizm magiczny","Wydawnictwo Ksi\u0105\u017cnica"],"articleSection":["Hit","Odrobina magii","recenzje"],"inLanguage":"pl-PL","potentialAction":[{"@type":"CommentAction","name":"Comment","target":["https:\/\/literackieprzeszpiegi.pl\/index.php\/2023\/05\/26\/w-korzeniach-wierzb-agnieszka-kuchmister\/#respond"]}]},{"@type":"WebPage","@id":"https:\/\/literackieprzeszpiegi.pl\/index.php\/2023\/05\/26\/w-korzeniach-wierzb-agnieszka-kuchmister\/","url":"https:\/\/literackieprzeszpiegi.pl\/index.php\/2023\/05\/26\/w-korzeniach-wierzb-agnieszka-kuchmister\/","name":"Recenzja - \u201eW korzeniach wierzb\u201d Agnieszka Kuchmister - Literackie przeszpiegi","isPartOf":{"@id":"https:\/\/literackieprzeszpiegi.pl\/#website"},"primaryImageOfPage":{"@id":"https:\/\/literackieprzeszpiegi.pl\/index.php\/2023\/05\/26\/w-korzeniach-wierzb-agnieszka-kuchmister\/#primaryimage"},"image":{"@id":"https:\/\/literackieprzeszpiegi.pl\/index.php\/2023\/05\/26\/w-korzeniach-wierzb-agnieszka-kuchmister\/#primaryimage"},"thumbnailUrl":"https:\/\/literackieprzeszpiegi.pl\/wp-content\/uploads\/2023\/05\/W-korzeniach-wierzb_Kuchmister.jpg","datePublished":"2023-05-26T19:25:14+00:00","dateModified":"2023-05-28T21:34:47+00:00","description":"Dosta\u0142am niespieszn\u0105 opowie\u015b\u0107 o rodzinie Kruk\u00f3w, o spo\u0142eczno\u015bci Z\u0142ej Wsi, z wyrazistymi elementami s\u0142owia\u0144sko\u015bci i fantastyki, kt\u00f3re zabieraj\u0105 czytelnika do \u015bwiata r\u00f3wnie pi\u0119knego, co i tajemniczego.","breadcrumb":{"@id":"https:\/\/literackieprzeszpiegi.pl\/index.php\/2023\/05\/26\/w-korzeniach-wierzb-agnieszka-kuchmister\/#breadcrumb"},"inLanguage":"pl-PL","potentialAction":[{"@type":"ReadAction","target":["https:\/\/literackieprzeszpiegi.pl\/index.php\/2023\/05\/26\/w-korzeniach-wierzb-agnieszka-kuchmister\/"]}]},{"@type":"ImageObject","inLanguage":"pl-PL","@id":"https:\/\/literackieprzeszpiegi.pl\/index.php\/2023\/05\/26\/w-korzeniach-wierzb-agnieszka-kuchmister\/#primaryimage","url":"https:\/\/literackieprzeszpiegi.pl\/wp-content\/uploads\/2023\/05\/W-korzeniach-wierzb_Kuchmister.jpg","contentUrl":"https:\/\/literackieprzeszpiegi.pl\/wp-content\/uploads\/2023\/05\/W-korzeniach-wierzb_Kuchmister.jpg","width":853,"height":690},{"@type":"BreadcrumbList","@id":"https:\/\/literackieprzeszpiegi.pl\/index.php\/2023\/05\/26\/w-korzeniach-wierzb-agnieszka-kuchmister\/#breadcrumb","itemListElement":[{"@type":"ListItem","position":1,"name":"Home","item":"https:\/\/literackieprzeszpiegi.pl\/"},{"@type":"ListItem","position":2,"name":"\u201eW korzeniach wierzb\u201d Agnieszka Kuchmister"}]},{"@type":"WebSite","@id":"https:\/\/literackieprzeszpiegi.pl\/#website","url":"https:\/\/literackieprzeszpiegi.pl\/","name":"Literackie przeszpiegi","description":"blog o ksi\u0105\u017ckach","publisher":{"@id":"https:\/\/literackieprzeszpiegi.pl\/#organization"},"potentialAction":[{"@type":"SearchAction","target":{"@type":"EntryPoint","urlTemplate":"https:\/\/literackieprzeszpiegi.pl\/?s={search_term_string}"},"query-input":"required name=search_term_string"}],"inLanguage":"pl-PL"},{"@type":"Organization","@id":"https:\/\/literackieprzeszpiegi.pl\/#organization","name":"Literackie przeszpiegi","url":"https:\/\/literackieprzeszpiegi.pl\/","logo":{"@type":"ImageObject","inLanguage":"pl-PL","@id":"https:\/\/literackieprzeszpiegi.pl\/#\/schema\/logo\/image\/","url":"https:\/\/literackieprzeszpiegi.pl\/wp-content\/uploads\/2021\/01\/cropped-cropped-Literackie-przeszpiegi-1.png","contentUrl":"https:\/\/literackieprzeszpiegi.pl\/wp-content\/uploads\/2021\/01\/cropped-cropped-Literackie-przeszpiegi-1.png","width":499,"height":142,"caption":"Literackie przeszpiegi"},"image":{"@id":"https:\/\/literackieprzeszpiegi.pl\/#\/schema\/logo\/image\/"}},{"@type":"Person","@id":"https:\/\/literackieprzeszpiegi.pl\/#\/schema\/person\/fd5c4f317aed549d4833e6402ffea017","name":"Szpieg","image":{"@type":"ImageObject","inLanguage":"pl-PL","@id":"https:\/\/literackieprzeszpiegi.pl\/#\/schema\/person\/image\/","url":"https:\/\/secure.gravatar.com\/avatar\/45a17869257e08975d929f204ef78290?s=96&d=mm&r=g","contentUrl":"https:\/\/secure.gravatar.com\/avatar\/45a17869257e08975d929f204ef78290?s=96&d=mm&r=g","caption":"Szpieg"},"url":"https:\/\/literackieprzeszpiegi.pl\/index.php\/author\/admin\/"}]}},"_links":{"self":[{"href":"https:\/\/literackieprzeszpiegi.pl\/index.php\/wp-json\/wp\/v2\/posts\/3450"}],"collection":[{"href":"https:\/\/literackieprzeszpiegi.pl\/index.php\/wp-json\/wp\/v2\/posts"}],"about":[{"href":"https:\/\/literackieprzeszpiegi.pl\/index.php\/wp-json\/wp\/v2\/types\/post"}],"author":[{"embeddable":true,"href":"https:\/\/literackieprzeszpiegi.pl\/index.php\/wp-json\/wp\/v2\/users\/1"}],"replies":[{"embeddable":true,"href":"https:\/\/literackieprzeszpiegi.pl\/index.php\/wp-json\/wp\/v2\/comments?post=3450"}],"version-history":[{"count":1,"href":"https:\/\/literackieprzeszpiegi.pl\/index.php\/wp-json\/wp\/v2\/posts\/3450\/revisions"}],"predecessor-version":[{"id":3451,"href":"https:\/\/literackieprzeszpiegi.pl\/index.php\/wp-json\/wp\/v2\/posts\/3450\/revisions\/3451"}],"wp:featuredmedia":[{"embeddable":true,"href":"https:\/\/literackieprzeszpiegi.pl\/index.php\/wp-json\/wp\/v2\/media\/3452"}],"wp:attachment":[{"href":"https:\/\/literackieprzeszpiegi.pl\/index.php\/wp-json\/wp\/v2\/media?parent=3450"}],"wp:term":[{"taxonomy":"category","embeddable":true,"href":"https:\/\/literackieprzeszpiegi.pl\/index.php\/wp-json\/wp\/v2\/categories?post=3450"},{"taxonomy":"post_tag","embeddable":true,"href":"https:\/\/literackieprzeszpiegi.pl\/index.php\/wp-json\/wp\/v2\/tags?post=3450"}],"curies":[{"name":"wp","href":"https:\/\/api.w.org\/{rel}","templated":true}]}}