{"id":3523,"date":"2023-11-17T15:27:12","date_gmt":"2023-11-17T14:27:12","guid":{"rendered":"http:\/\/literackieprzeszpiegi.pl\/?p=3523"},"modified":"2023-11-17T23:26:06","modified_gmt":"2023-11-17T22:26:06","slug":"grzezawisko-przemyslaw-zarski","status":"publish","type":"post","link":"https:\/\/literackieprzeszpiegi.pl\/index.php\/2023\/11\/17\/grzezawisko-przemyslaw-zarski\/","title":{"rendered":"\u201eGrz\u0119zawisko\u201d Przemys\u0142aw \u017barski"},"content":{"rendered":"\n<h2 class=\"wp-block-heading\">\u201eKa\u017cdy z nas ma dwa oblicza: to, w kt\u00f3rym wychodzimy do ludzi, przylegaj\u0105ce do sk\u00f3ry ciasno niczym frak, i drugie, kt\u00f3re staramy si\u0119 przed \u015bwiatem ukry\u0107\u201d.<\/h2>\n\n\n\n<!--more-->\n\n\n\n<p>Dwie p\u0142aszczyzny czasowe, kt\u00f3re dziel\u0105 23 lata a \u0142\u0105czy posta\u0107 Szymona Sulimy. M\u0142ody ch\u0142opak, kt\u00f3ry przed laty wybra\u0142 si\u0119 ze znajomymi na biwak w \u015brodku lasu. Po\u0142owa lat 90-tych, ciep\u0142e letnie wieczory, r\u00f3wie\u015bnicy, gry i wyzwania, alkohol. Tylko \u017ce Szymon jako jedyny nie wraca do domu. Za to po latach o jego istnieniu przypominaj\u0105 ko\u015bci odnalezione na mokrad\u0142ach. Wracaj\u0105 pytania a rodzice Szymona \u201eSiwego\u201d w ko\u0144cu maj\u0105 szans\u0119 na poznanie prawdy.<\/p>\n\n\n\n<p>Dla podkomisarz Aleksandry Lazar to \u015bledztwo ma wymiar prywatny, st\u0105d jest bardziej zdeterminowana, by odtworzy\u0107 wydarzenia sprzed ponad dw\u00f3ch dekad. I nie ukrywajmy \u2013 \u015bledztwo jest form\u0105 ucieczki od \u017cycia rodzinnego a raczej iluzji, \u017ce takowe jeszcze istnieje. Bo jak pogodzi\u0107 prac\u0119 w policji i rodzin\u0119, w kt\u00f3rej c\u00f3reczka jest jedynym ogniwem, kt\u00f3re \u0142\u0105czy j\u0105 z m\u0119\u017cem?<\/p>\n\n\n\n<blockquote class=\"wp-block-quote is-layout-flow wp-block-quote-is-layout-flow\"><p>\u201eOdk\u0105d tu jestem, mam wra\u017cenie, \u017ce brodz\u0119 w jakim\u015b cholernym grz\u0119zawisku. Wszyscy s\u0105 umoczeni po \u0142okcie. Jeden fa\u0142szywy krok i ju\u017c ci\u0119 nie ma. Idziesz pod wod\u0119\u201d.<\/p><\/blockquote>\n\n\n\n<p>W \u201eGrz\u0119zawisku\u201d bardziej uwag\u0119 przykuwaj\u0105 wydarzenia z 1996 r. To historia ze \u015bwiata nastolatk\u00f3w, historia o niekochaniu i przera\u017aliwej samotno\u015bci, chocia\u017c z pozoru wszystko wygl\u0105da normalnie. Autor opowiada o dzieciakach, kt\u00f3re nie potrafi\u0105 sobie poradzi\u0107 z brakiem rodzicielskiej mi\u0142o\u015bci. Pr\u00f3buj\u0105 zyska\u0107 odrobin\u0119 atencji, zwyk\u0142e s\u0142owa wsparcia, poczu\u0107 blisko\u015b\u0107 a gdy ich starania, krzyki i inne pr\u00f3by zwr\u00f3cenia na siebie uwagi nie przynosz\u0105 skutk\u00f3w, staj\u0105 si\u0119 prze\u017aroczy\u015bci. Bo tak b\u0119dzie lepiej ni\u017c \u017cebra\u0107 o uczucia\u2026<\/p>\n\n\n\n<blockquote class=\"wp-block-quote is-layout-flow wp-block-quote-is-layout-flow\"><p>\u201eZacz\u0105\u0142em traci\u0107 nadziej\u0119, \u017ce odziedzicz\u0119 po nim t\u0119 cech\u0119; znoszony p\u0142aszcz, kt\u00f3ry pozwoli mi unikn\u0105\u0107 nienawistnych spojrze\u0144 i sprawi, by s\u0142owa, kt\u00f3re dzi\u015b rani\u0105, sp\u0142ywa\u0142y po jego powierzchni jak deszcz\u201d.<\/p><\/blockquote>\n\n\n\n<p>O takich historiach nikt by nie pami\u0119ta\u0142, gdyby nie fakt, \u017ce z regu\u0142y nie ko\u0144cz\u0105 si\u0119 dobrze. Nastolatkom, cho\u0107by bardzo si\u0119 starali, jest ci\u0119\u017cko zrozumie\u0107 \u015bwiat doros\u0142ych, kt\u00f3rzy im niczego nie u\u0142atwiaj\u0105.<\/p>\n\n\n\n<p>\u201eGrz\u0119zawisko\u201d mocno wci\u0105ga w swoj\u0105 opowie\u015b\u0107, cho\u0107 niespieszn\u0105, to jednak g\u0119stniej\u0105c\u0105 z ka\u017cdym wydarzeniem. Zamkni\u0119ta spo\u0142eczno\u015b\u0107, nieskora do rozm\u00f3w i wspominek, do rozdrapywania starych ran nie pomaga w og\u00f3le, jakby zagini\u0119cie Szymona by\u0142o tematem tabu. Up\u0142yw lat te\u017c robi swoje, bo \u017caden trop nie spada z nieba, nie ma nic za darmo. Mozolne przedzieranie si\u0119 przez rodzinne krzywdy, emocjonalny \u015bwiat nastolatk\u00f3w, ich nadzieje i iluzje ma jeden cel. <\/p>\n\n\n\n<p>Dotrze\u0107 do prawdy, jakakolwiek by nie by\u0142a i jakkolwiek by nie bola\u0142a.<\/p>\n\n\n\n<p>___<br>Przemys\u0142aw \u017barski \u201eGrz\u0119zawisko\u201d<br>Wydawnictwo Czwarta Strona<\/p>\n","protected":false},"excerpt":{"rendered":"<p>\u201eKa\u017cdy z nas ma dwa oblicza: to, w kt\u00f3rym wychodzimy do ludzi, przylegaj\u0105ce do sk\u00f3ry ciasno niczym frak, i drugie, kt\u00f3re staramy si\u0119 przed \u015bwiatem ukry\u0107\u201d.<\/p>\n","protected":false},"author":1,"featured_media":3524,"comment_status":"open","ping_status":"open","sticky":false,"template":"","format":"standard","meta":{"om_disable_all_campaigns":false,"_exactmetrics_skip_tracking":false,"_exactmetrics_sitenote_active":false,"_exactmetrics_sitenote_note":"","_exactmetrics_sitenote_category":0,"_monsterinsights_skip_tracking":false,"_monsterinsights_sitenote_active":false,"_monsterinsights_sitenote_note":"","_monsterinsights_sitenote_category":0,"_uf_show_specific_survey":0,"_uf_disable_surveys":false,"footnotes":""},"categories":[8,102],"tags":[125,168],"yoast_head":"<!-- This site is optimized with the Yoast SEO plugin v22.9 - https:\/\/yoast.com\/wordpress\/plugins\/seo\/ -->\n<title>Recenzja | \u201eGrz\u0119zawisko\u201d Przemys\u0142aw \u017barski |Literackie przeszpiegi<\/title>\n<meta name=\"description\" content=\"Dwie p\u0142aszczyzny czasowe, kt\u00f3re dziel\u0105 23 lata a \u0142\u0105czy posta\u0107 Szymona Sulimy. M\u0142ody ch\u0142opak, kt\u00f3ry przed laty wybra\u0142 si\u0119 ze znajomymi na biwak w \u015brodku lasu.\" \/>\n<meta name=\"robots\" content=\"index, follow, max-snippet:-1, max-image-preview:large, max-video-preview:-1\" \/>\n<link rel=\"canonical\" href=\"https:\/\/literackieprzeszpiegi.pl\/index.php\/2023\/11\/17\/grzezawisko-przemyslaw-zarski\/\" \/>\n<meta property=\"og:locale\" content=\"pl_PL\" \/>\n<meta property=\"og:type\" content=\"article\" \/>\n<meta property=\"og:title\" content=\"Recenzja | &quot;Grz\u0119zawisko&quot; Przemys\u0142aw \u017barski | Literackie przeszpiegi\" \/>\n<meta property=\"og:description\" content=\"Dwie p\u0142aszczyzny czasowe, kt\u00f3re dziel\u0105 23 lata a \u0142\u0105czy posta\u0107 Szymona Sulimy. M\u0142ody ch\u0142opak, kt\u00f3ry przed laty wybra\u0142 si\u0119 ze znajomymi na biwak w \u015brodku lasu. Po\u0142owa lat 90-tych, ciep\u0142e letnie wieczory, r\u00f3wie\u015bnicy, gry i wyzwania, alkohol. s\" \/>\n<meta property=\"og:url\" content=\"https:\/\/literackieprzeszpiegi.pl\/index.php\/2023\/11\/17\/grzezawisko-przemyslaw-zarski\/\" \/>\n<meta property=\"og:site_name\" content=\"Literackie przeszpiegi\" \/>\n<meta property=\"article:published_time\" content=\"2023-11-17T14:27:12+00:00\" \/>\n<meta property=\"article:modified_time\" content=\"2023-11-17T22:26:06+00:00\" \/>\n<meta property=\"og:image\" content=\"https:\/\/literackieprzeszpiegi.pl\/wp-content\/uploads\/2023\/11\/Grzezawisko_Zarski.jpg\" \/>\n\t<meta property=\"og:image:width\" content=\"868\" \/>\n\t<meta property=\"og:image:height\" content=\"688\" \/>\n\t<meta property=\"og:image:type\" content=\"image\/jpeg\" \/>\n<meta name=\"author\" content=\"Szpieg\" \/>\n<meta name=\"twitter:card\" content=\"summary_large_image\" \/>\n<meta name=\"twitter:label1\" content=\"Napisane przez\" \/>\n\t<meta name=\"twitter:data1\" content=\"Szpieg\" \/>\n\t<meta name=\"twitter:label2\" content=\"Szacowany czas czytania\" \/>\n\t<meta name=\"twitter:data2\" content=\"2 minuty\" \/>\n<script type=\"application\/ld+json\" class=\"yoast-schema-graph\">{\"@context\":\"https:\/\/schema.org\",\"@graph\":[{\"@type\":\"Article\",\"@id\":\"https:\/\/literackieprzeszpiegi.pl\/index.php\/2023\/11\/17\/grzezawisko-przemyslaw-zarski\/#article\",\"isPartOf\":{\"@id\":\"https:\/\/literackieprzeszpiegi.pl\/index.php\/2023\/11\/17\/grzezawisko-przemyslaw-zarski\/\"},\"author\":{\"name\":\"Szpieg\",\"@id\":\"https:\/\/literackieprzeszpiegi.pl\/#\/schema\/person\/fd5c4f317aed549d4833e6402ffea017\"},\"headline\":\"\u201eGrz\u0119zawisko\u201d Przemys\u0142aw \u017barski\",\"datePublished\":\"2023-11-17T14:27:12+00:00\",\"dateModified\":\"2023-11-17T22:26:06+00:00\",\"mainEntityOfPage\":{\"@id\":\"https:\/\/literackieprzeszpiegi.pl\/index.php\/2023\/11\/17\/grzezawisko-przemyslaw-zarski\/\"},\"wordCount\":481,\"commentCount\":0,\"publisher\":{\"@id\":\"https:\/\/literackieprzeszpiegi.pl\/#organization\"},\"image\":{\"@id\":\"https:\/\/literackieprzeszpiegi.pl\/index.php\/2023\/11\/17\/grzezawisko-przemyslaw-zarski\/#primaryimage\"},\"thumbnailUrl\":\"https:\/\/literackieprzeszpiegi.pl\/wp-content\/uploads\/2023\/11\/Grzezawisko_Zarski.jpg\",\"keywords\":[\"Czwarta Strona Krymina\u0142u\",\"Przemys\u0142aw \u017barski\"],\"articleSection\":[\"recenzje\",\"z dreszczykiem\"],\"inLanguage\":\"pl-PL\",\"potentialAction\":[{\"@type\":\"CommentAction\",\"name\":\"Comment\",\"target\":[\"https:\/\/literackieprzeszpiegi.pl\/index.php\/2023\/11\/17\/grzezawisko-przemyslaw-zarski\/#respond\"]}]},{\"@type\":\"WebPage\",\"@id\":\"https:\/\/literackieprzeszpiegi.pl\/index.php\/2023\/11\/17\/grzezawisko-przemyslaw-zarski\/\",\"url\":\"https:\/\/literackieprzeszpiegi.pl\/index.php\/2023\/11\/17\/grzezawisko-przemyslaw-zarski\/\",\"name\":\"Recenzja | \u201eGrz\u0119zawisko\u201d Przemys\u0142aw \u017barski |Literackie przeszpiegi\",\"isPartOf\":{\"@id\":\"https:\/\/literackieprzeszpiegi.pl\/#website\"},\"primaryImageOfPage\":{\"@id\":\"https:\/\/literackieprzeszpiegi.pl\/index.php\/2023\/11\/17\/grzezawisko-przemyslaw-zarski\/#primaryimage\"},\"image\":{\"@id\":\"https:\/\/literackieprzeszpiegi.pl\/index.php\/2023\/11\/17\/grzezawisko-przemyslaw-zarski\/#primaryimage\"},\"thumbnailUrl\":\"https:\/\/literackieprzeszpiegi.pl\/wp-content\/uploads\/2023\/11\/Grzezawisko_Zarski.jpg\",\"datePublished\":\"2023-11-17T14:27:12+00:00\",\"dateModified\":\"2023-11-17T22:26:06+00:00\",\"description\":\"Dwie p\u0142aszczyzny czasowe, kt\u00f3re dziel\u0105 23 lata a \u0142\u0105czy posta\u0107 Szymona Sulimy. M\u0142ody ch\u0142opak, kt\u00f3ry przed laty wybra\u0142 si\u0119 ze znajomymi na biwak w \u015brodku lasu.\",\"breadcrumb\":{\"@id\":\"https:\/\/literackieprzeszpiegi.pl\/index.php\/2023\/11\/17\/grzezawisko-przemyslaw-zarski\/#breadcrumb\"},\"inLanguage\":\"pl-PL\",\"potentialAction\":[{\"@type\":\"ReadAction\",\"target\":[\"https:\/\/literackieprzeszpiegi.pl\/index.php\/2023\/11\/17\/grzezawisko-przemyslaw-zarski\/\"]}]},{\"@type\":\"ImageObject\",\"inLanguage\":\"pl-PL\",\"@id\":\"https:\/\/literackieprzeszpiegi.pl\/index.php\/2023\/11\/17\/grzezawisko-przemyslaw-zarski\/#primaryimage\",\"url\":\"https:\/\/literackieprzeszpiegi.pl\/wp-content\/uploads\/2023\/11\/Grzezawisko_Zarski.jpg\",\"contentUrl\":\"https:\/\/literackieprzeszpiegi.pl\/wp-content\/uploads\/2023\/11\/Grzezawisko_Zarski.jpg\",\"width\":868,\"height\":688},{\"@type\":\"BreadcrumbList\",\"@id\":\"https:\/\/literackieprzeszpiegi.pl\/index.php\/2023\/11\/17\/grzezawisko-przemyslaw-zarski\/#breadcrumb\",\"itemListElement\":[{\"@type\":\"ListItem\",\"position\":1,\"name\":\"Home\",\"item\":\"https:\/\/literackieprzeszpiegi.pl\/\"},{\"@type\":\"ListItem\",\"position\":2,\"name\":\"\u201eGrz\u0119zawisko\u201d Przemys\u0142aw \u017barski\"}]},{\"@type\":\"WebSite\",\"@id\":\"https:\/\/literackieprzeszpiegi.pl\/#website\",\"url\":\"https:\/\/literackieprzeszpiegi.pl\/\",\"name\":\"Literackie przeszpiegi\",\"description\":\"blog o ksi\u0105\u017ckach\",\"publisher\":{\"@id\":\"https:\/\/literackieprzeszpiegi.pl\/#organization\"},\"potentialAction\":[{\"@type\":\"SearchAction\",\"target\":{\"@type\":\"EntryPoint\",\"urlTemplate\":\"https:\/\/literackieprzeszpiegi.pl\/?s={search_term_string}\"},\"query-input\":\"required name=search_term_string\"}],\"inLanguage\":\"pl-PL\"},{\"@type\":\"Organization\",\"@id\":\"https:\/\/literackieprzeszpiegi.pl\/#organization\",\"name\":\"Literackie przeszpiegi\",\"url\":\"https:\/\/literackieprzeszpiegi.pl\/\",\"logo\":{\"@type\":\"ImageObject\",\"inLanguage\":\"pl-PL\",\"@id\":\"https:\/\/literackieprzeszpiegi.pl\/#\/schema\/logo\/image\/\",\"url\":\"https:\/\/literackieprzeszpiegi.pl\/wp-content\/uploads\/2021\/01\/cropped-cropped-Literackie-przeszpiegi-1.png\",\"contentUrl\":\"https:\/\/literackieprzeszpiegi.pl\/wp-content\/uploads\/2021\/01\/cropped-cropped-Literackie-przeszpiegi-1.png\",\"width\":499,\"height\":142,\"caption\":\"Literackie przeszpiegi\"},\"image\":{\"@id\":\"https:\/\/literackieprzeszpiegi.pl\/#\/schema\/logo\/image\/\"}},{\"@type\":\"Person\",\"@id\":\"https:\/\/literackieprzeszpiegi.pl\/#\/schema\/person\/fd5c4f317aed549d4833e6402ffea017\",\"name\":\"Szpieg\",\"image\":{\"@type\":\"ImageObject\",\"inLanguage\":\"pl-PL\",\"@id\":\"https:\/\/literackieprzeszpiegi.pl\/#\/schema\/person\/image\/\",\"url\":\"https:\/\/secure.gravatar.com\/avatar\/45a17869257e08975d929f204ef78290?s=96&d=mm&r=g\",\"contentUrl\":\"https:\/\/secure.gravatar.com\/avatar\/45a17869257e08975d929f204ef78290?s=96&d=mm&r=g\",\"caption\":\"Szpieg\"},\"url\":\"https:\/\/literackieprzeszpiegi.pl\/index.php\/author\/admin\/\"}]}<\/script>\n<!-- \/ Yoast SEO plugin. -->","yoast_head_json":{"title":"Recenzja | \u201eGrz\u0119zawisko\u201d Przemys\u0142aw \u017barski |Literackie przeszpiegi","description":"Dwie p\u0142aszczyzny czasowe, kt\u00f3re dziel\u0105 23 lata a \u0142\u0105czy posta\u0107 Szymona Sulimy. M\u0142ody ch\u0142opak, kt\u00f3ry przed laty wybra\u0142 si\u0119 ze znajomymi na biwak w \u015brodku lasu.","robots":{"index":"index","follow":"follow","max-snippet":"max-snippet:-1","max-image-preview":"max-image-preview:large","max-video-preview":"max-video-preview:-1"},"canonical":"https:\/\/literackieprzeszpiegi.pl\/index.php\/2023\/11\/17\/grzezawisko-przemyslaw-zarski\/","og_locale":"pl_PL","og_type":"article","og_title":"Recenzja | \"Grz\u0119zawisko\" Przemys\u0142aw \u017barski | Literackie przeszpiegi","og_description":"Dwie p\u0142aszczyzny czasowe, kt\u00f3re dziel\u0105 23 lata a \u0142\u0105czy posta\u0107 Szymona Sulimy. M\u0142ody ch\u0142opak, kt\u00f3ry przed laty wybra\u0142 si\u0119 ze znajomymi na biwak w \u015brodku lasu. Po\u0142owa lat 90-tych, ciep\u0142e letnie wieczory, r\u00f3wie\u015bnicy, gry i wyzwania, alkohol. s","og_url":"https:\/\/literackieprzeszpiegi.pl\/index.php\/2023\/11\/17\/grzezawisko-przemyslaw-zarski\/","og_site_name":"Literackie przeszpiegi","article_published_time":"2023-11-17T14:27:12+00:00","article_modified_time":"2023-11-17T22:26:06+00:00","og_image":[{"width":868,"height":688,"url":"https:\/\/literackieprzeszpiegi.pl\/wp-content\/uploads\/2023\/11\/Grzezawisko_Zarski.jpg","type":"image\/jpeg"}],"author":"Szpieg","twitter_card":"summary_large_image","twitter_misc":{"Napisane przez":"Szpieg","Szacowany czas czytania":"2 minuty"},"schema":{"@context":"https:\/\/schema.org","@graph":[{"@type":"Article","@id":"https:\/\/literackieprzeszpiegi.pl\/index.php\/2023\/11\/17\/grzezawisko-przemyslaw-zarski\/#article","isPartOf":{"@id":"https:\/\/literackieprzeszpiegi.pl\/index.php\/2023\/11\/17\/grzezawisko-przemyslaw-zarski\/"},"author":{"name":"Szpieg","@id":"https:\/\/literackieprzeszpiegi.pl\/#\/schema\/person\/fd5c4f317aed549d4833e6402ffea017"},"headline":"\u201eGrz\u0119zawisko\u201d Przemys\u0142aw \u017barski","datePublished":"2023-11-17T14:27:12+00:00","dateModified":"2023-11-17T22:26:06+00:00","mainEntityOfPage":{"@id":"https:\/\/literackieprzeszpiegi.pl\/index.php\/2023\/11\/17\/grzezawisko-przemyslaw-zarski\/"},"wordCount":481,"commentCount":0,"publisher":{"@id":"https:\/\/literackieprzeszpiegi.pl\/#organization"},"image":{"@id":"https:\/\/literackieprzeszpiegi.pl\/index.php\/2023\/11\/17\/grzezawisko-przemyslaw-zarski\/#primaryimage"},"thumbnailUrl":"https:\/\/literackieprzeszpiegi.pl\/wp-content\/uploads\/2023\/11\/Grzezawisko_Zarski.jpg","keywords":["Czwarta Strona Krymina\u0142u","Przemys\u0142aw \u017barski"],"articleSection":["recenzje","z dreszczykiem"],"inLanguage":"pl-PL","potentialAction":[{"@type":"CommentAction","name":"Comment","target":["https:\/\/literackieprzeszpiegi.pl\/index.php\/2023\/11\/17\/grzezawisko-przemyslaw-zarski\/#respond"]}]},{"@type":"WebPage","@id":"https:\/\/literackieprzeszpiegi.pl\/index.php\/2023\/11\/17\/grzezawisko-przemyslaw-zarski\/","url":"https:\/\/literackieprzeszpiegi.pl\/index.php\/2023\/11\/17\/grzezawisko-przemyslaw-zarski\/","name":"Recenzja | \u201eGrz\u0119zawisko\u201d Przemys\u0142aw \u017barski |Literackie przeszpiegi","isPartOf":{"@id":"https:\/\/literackieprzeszpiegi.pl\/#website"},"primaryImageOfPage":{"@id":"https:\/\/literackieprzeszpiegi.pl\/index.php\/2023\/11\/17\/grzezawisko-przemyslaw-zarski\/#primaryimage"},"image":{"@id":"https:\/\/literackieprzeszpiegi.pl\/index.php\/2023\/11\/17\/grzezawisko-przemyslaw-zarski\/#primaryimage"},"thumbnailUrl":"https:\/\/literackieprzeszpiegi.pl\/wp-content\/uploads\/2023\/11\/Grzezawisko_Zarski.jpg","datePublished":"2023-11-17T14:27:12+00:00","dateModified":"2023-11-17T22:26:06+00:00","description":"Dwie p\u0142aszczyzny czasowe, kt\u00f3re dziel\u0105 23 lata a \u0142\u0105czy posta\u0107 Szymona Sulimy. M\u0142ody ch\u0142opak, kt\u00f3ry przed laty wybra\u0142 si\u0119 ze znajomymi na biwak w \u015brodku lasu.","breadcrumb":{"@id":"https:\/\/literackieprzeszpiegi.pl\/index.php\/2023\/11\/17\/grzezawisko-przemyslaw-zarski\/#breadcrumb"},"inLanguage":"pl-PL","potentialAction":[{"@type":"ReadAction","target":["https:\/\/literackieprzeszpiegi.pl\/index.php\/2023\/11\/17\/grzezawisko-przemyslaw-zarski\/"]}]},{"@type":"ImageObject","inLanguage":"pl-PL","@id":"https:\/\/literackieprzeszpiegi.pl\/index.php\/2023\/11\/17\/grzezawisko-przemyslaw-zarski\/#primaryimage","url":"https:\/\/literackieprzeszpiegi.pl\/wp-content\/uploads\/2023\/11\/Grzezawisko_Zarski.jpg","contentUrl":"https:\/\/literackieprzeszpiegi.pl\/wp-content\/uploads\/2023\/11\/Grzezawisko_Zarski.jpg","width":868,"height":688},{"@type":"BreadcrumbList","@id":"https:\/\/literackieprzeszpiegi.pl\/index.php\/2023\/11\/17\/grzezawisko-przemyslaw-zarski\/#breadcrumb","itemListElement":[{"@type":"ListItem","position":1,"name":"Home","item":"https:\/\/literackieprzeszpiegi.pl\/"},{"@type":"ListItem","position":2,"name":"\u201eGrz\u0119zawisko\u201d Przemys\u0142aw \u017barski"}]},{"@type":"WebSite","@id":"https:\/\/literackieprzeszpiegi.pl\/#website","url":"https:\/\/literackieprzeszpiegi.pl\/","name":"Literackie przeszpiegi","description":"blog o ksi\u0105\u017ckach","publisher":{"@id":"https:\/\/literackieprzeszpiegi.pl\/#organization"},"potentialAction":[{"@type":"SearchAction","target":{"@type":"EntryPoint","urlTemplate":"https:\/\/literackieprzeszpiegi.pl\/?s={search_term_string}"},"query-input":"required name=search_term_string"}],"inLanguage":"pl-PL"},{"@type":"Organization","@id":"https:\/\/literackieprzeszpiegi.pl\/#organization","name":"Literackie przeszpiegi","url":"https:\/\/literackieprzeszpiegi.pl\/","logo":{"@type":"ImageObject","inLanguage":"pl-PL","@id":"https:\/\/literackieprzeszpiegi.pl\/#\/schema\/logo\/image\/","url":"https:\/\/literackieprzeszpiegi.pl\/wp-content\/uploads\/2021\/01\/cropped-cropped-Literackie-przeszpiegi-1.png","contentUrl":"https:\/\/literackieprzeszpiegi.pl\/wp-content\/uploads\/2021\/01\/cropped-cropped-Literackie-przeszpiegi-1.png","width":499,"height":142,"caption":"Literackie przeszpiegi"},"image":{"@id":"https:\/\/literackieprzeszpiegi.pl\/#\/schema\/logo\/image\/"}},{"@type":"Person","@id":"https:\/\/literackieprzeszpiegi.pl\/#\/schema\/person\/fd5c4f317aed549d4833e6402ffea017","name":"Szpieg","image":{"@type":"ImageObject","inLanguage":"pl-PL","@id":"https:\/\/literackieprzeszpiegi.pl\/#\/schema\/person\/image\/","url":"https:\/\/secure.gravatar.com\/avatar\/45a17869257e08975d929f204ef78290?s=96&d=mm&r=g","contentUrl":"https:\/\/secure.gravatar.com\/avatar\/45a17869257e08975d929f204ef78290?s=96&d=mm&r=g","caption":"Szpieg"},"url":"https:\/\/literackieprzeszpiegi.pl\/index.php\/author\/admin\/"}]}},"_links":{"self":[{"href":"https:\/\/literackieprzeszpiegi.pl\/index.php\/wp-json\/wp\/v2\/posts\/3523"}],"collection":[{"href":"https:\/\/literackieprzeszpiegi.pl\/index.php\/wp-json\/wp\/v2\/posts"}],"about":[{"href":"https:\/\/literackieprzeszpiegi.pl\/index.php\/wp-json\/wp\/v2\/types\/post"}],"author":[{"embeddable":true,"href":"https:\/\/literackieprzeszpiegi.pl\/index.php\/wp-json\/wp\/v2\/users\/1"}],"replies":[{"embeddable":true,"href":"https:\/\/literackieprzeszpiegi.pl\/index.php\/wp-json\/wp\/v2\/comments?post=3523"}],"version-history":[{"count":3,"href":"https:\/\/literackieprzeszpiegi.pl\/index.php\/wp-json\/wp\/v2\/posts\/3523\/revisions"}],"predecessor-version":[{"id":3527,"href":"https:\/\/literackieprzeszpiegi.pl\/index.php\/wp-json\/wp\/v2\/posts\/3523\/revisions\/3527"}],"wp:featuredmedia":[{"embeddable":true,"href":"https:\/\/literackieprzeszpiegi.pl\/index.php\/wp-json\/wp\/v2\/media\/3524"}],"wp:attachment":[{"href":"https:\/\/literackieprzeszpiegi.pl\/index.php\/wp-json\/wp\/v2\/media?parent=3523"}],"wp:term":[{"taxonomy":"category","embeddable":true,"href":"https:\/\/literackieprzeszpiegi.pl\/index.php\/wp-json\/wp\/v2\/categories?post=3523"},{"taxonomy":"post_tag","embeddable":true,"href":"https:\/\/literackieprzeszpiegi.pl\/index.php\/wp-json\/wp\/v2\/tags?post=3523"}],"curies":[{"name":"wp","href":"https:\/\/api.w.org\/{rel}","templated":true}]}}