{"id":3535,"date":"2024-01-04T13:01:54","date_gmt":"2024-01-04T12:01:54","guid":{"rendered":"http:\/\/literackieprzeszpiegi.pl\/?p=3535"},"modified":"2024-01-04T14:12:01","modified_gmt":"2024-01-04T13:12:01","slug":"zwiady-styczniowe-2024","status":"publish","type":"post","link":"https:\/\/literackieprzeszpiegi.pl\/index.php\/2024\/01\/04\/zwiady-styczniowe-2024\/","title":{"rendered":"Zwiady styczniowe #2024"},"content":{"rendered":"\n<h2 class=\"wp-block-heading\">Ksi\u0105\u017ckowy stycze\u0144 przyniesie duuu\u017co dobrego i&#8230; polskiego!<br> Zerknijcie! <\/h2>\n\n\n\n<!--more-->\n\n\n\n<div class=\"wp-block-columns is-layout-flex wp-container-core-columns-is-layout-2 wp-block-columns-is-layout-flex\">\n<div class=\"wp-block-column is-layout-flow wp-block-column-is-layout-flow\" style=\"flex-basis:100%\">\n<div class=\"wp-block-columns is-layout-flex wp-container-core-columns-is-layout-1 wp-block-columns-is-layout-flex\">\n<div class=\"wp-block-column is-layout-flow wp-block-column-is-layout-flow\" style=\"flex-basis:66.66%\">\n<p>Soko\u0142\u00f3w wci\u0105\u017c nie jest sielskim miejscem. W tajemniczych okoliczno\u015bciach znika c\u00f3rka so\u0142tysa, do pa\u0142acu wprowadzaj\u0105 si\u0119 dziwni lokatorzy. W okolicy a\u017c kipi od domys\u0142\u00f3w i pyta\u0144. Odpowiedzi na nie pojawiaj\u0105 si\u0119 w m\u0119cz\u0105cych snach Ja\u015bminy, kobieta gubi si\u0119 mi\u0119dzy majakami a jaw\u0105. Czy traci zmys\u0142y, czy to kto\u015b z przesz\u0142o\u015bci pr\u00f3buje wedrze\u0107 si\u0119 w jej sny? Co przyjdzie wraz z wielk\u0105 wod\u0105, kt\u00f3ra nawiedzi kraj w 1997 roku? Czego boj\u0105 si\u0119 nowi mieszka\u0144cy pa\u0142acu? Jaki mrok widzi w ludziach babka Grzebielucha odczyniaj\u0105ca uroki w domku na skraju lasu?<br>W gaw\u0119dzie osadzonej w realiach polskiej wsi wszechobecna tajemnica splata si\u0119 z mrocznymi w\u0105tkami, tworz\u0105c oniryczn\u0105 opowie\u015b\u0107 o przemijaniu i magii, kt\u00f3ra istnieje tu\u017c pod powierzchni\u0105 rzeczywisto\u015bci.<\/p>\n<\/div>\n\n\n\n<div class=\"wp-block-column is-layout-flow wp-block-column-is-layout-flow\" style=\"flex-basis:33.33%\">\n<figure class=\"wp-block-image size-large\"><img loading=\"lazy\" decoding=\"async\" width=\"352\" height=\"500\" src=\"http:\/\/literackieprzeszpiegi.pl\/wp-content\/uploads\/2024\/01\/Jasmina-od-snow_Kuchmister.jpg\" alt=\"\" class=\"wp-image-3538\" srcset=\"https:\/\/literackieprzeszpiegi.pl\/wp-content\/uploads\/2024\/01\/Jasmina-od-snow_Kuchmister.jpg 352w, https:\/\/literackieprzeszpiegi.pl\/wp-content\/uploads\/2024\/01\/Jasmina-od-snow_Kuchmister-211x300.jpg 211w\" sizes=\"(max-width: 352px) 100vw, 352px\" \/><figcaption><strong>Agnieszka Kuchmister <br>&#8220;Ja\u015bmina od sn\u00f3w&#8221;<br>Wydawnictwo Ksi\u0105\u017cnica,<br>24.01.2024 r. <\/strong><\/figcaption><\/figure>\n\n\n\n<p><\/p>\n<\/div>\n<\/div>\n<\/div>\n<\/div>\n\n\n\n<p>___________________________________<\/p>\n\n\n\n<div class=\"wp-block-columns is-layout-flex wp-container-core-columns-is-layout-4 wp-block-columns-is-layout-flex\">\n<div class=\"wp-block-column is-layout-flow wp-block-column-is-layout-flow\" style=\"flex-basis:100%\">\n<div class=\"wp-block-columns is-layout-flex wp-container-core-columns-is-layout-3 wp-block-columns-is-layout-flex\">\n<div class=\"wp-block-column is-layout-flow wp-block-column-is-layout-flow\" style=\"flex-basis:66.66%\">\n<p>Zima roku 1980. Ba\u015bka i Marylka s\u0105 piel\u0119gniarkami, pracuj\u0105 w szpitalu w Katowicach. Barbara ma m\u0119\u017ca milicjanta, eleganckie M-3. Ch\u0119tnie chodzi do kina, spotyka si\u0119 z kole\u017cankami. Uwa\u017ca si\u0119 za nowoczesn\u0105 kobiet\u0119. Marylka ma typow\u0105, du\u017c\u0105 i z\u017cyt\u0105 ze sob\u0105 \u015bl\u0105sk\u0105 rodzin\u0119. Jej m\u0105\u017c pracuje w kopalni Wujek i dzia\u0142a w Solidarno\u015bci. Gdy wybuchaj\u0105 strajki, te dwie zwyk\u0142e, a jednocze\u015bnie silne i niezale\u017cne kobiety staj\u0105 przed \u017cyciowymi dylematami. Jak ochroni\u0107 bliskich? Jak znale\u017a\u0107 w tym wirze historii i codzienno\u015bci miejsce na mi\u0142o\u015b\u0107 i blisko\u015b\u0107?<br><br>&#8220;Sztuczny mi\u00f3d\u201d to \u015bwietnie napisana i poruszaj\u0105ca opowie\u015b\u0107 o tym, jak \u017cy\u0142o si\u0119 u schy\u0142ku PRL-u, gdy czasy by\u0142y niepewne i czu\u0142o si\u0119 wisz\u0105ce w powietrzu napi\u0119cie, ale ludzie nie sk\u0105pili sobie \u017cyczliwo\u015bci. <\/p>\n\n\n\n<hr class=\"wp-block-separator\"\/>\n\n\n\n<p>_________________________________<\/p>\n<\/div>\n\n\n\n<div class=\"wp-block-column is-layout-flow wp-block-column-is-layout-flow\" style=\"flex-basis:33.33%\">\n<figure class=\"wp-block-image size-large\"><img loading=\"lazy\" decoding=\"async\" width=\"352\" height=\"500\" src=\"http:\/\/literackieprzeszpiegi.pl\/wp-content\/uploads\/2024\/01\/Sztuczny-miod_Waszut.jpg\" alt=\"\" class=\"wp-image-3548\" srcset=\"https:\/\/literackieprzeszpiegi.pl\/wp-content\/uploads\/2024\/01\/Sztuczny-miod_Waszut.jpg 352w, https:\/\/literackieprzeszpiegi.pl\/wp-content\/uploads\/2024\/01\/Sztuczny-miod_Waszut-211x300.jpg 211w\" sizes=\"(max-width: 352px) 100vw, 352px\" \/><figcaption><strong>Sabina Waszut <br>&#8220;Sztuczny mi\u00f3d&#8221;<br>Wyd. W.A.B.<br>24.01.2024 r. <\/strong><\/figcaption><\/figure>\n<\/div>\n<\/div>\n<\/div>\n<\/div>\n\n\n\n<div class=\"wp-block-columns is-layout-flex wp-container-core-columns-is-layout-5 wp-block-columns-is-layout-flex\">\n<div class=\"wp-block-column is-layout-flow wp-block-column-is-layout-flow\" style=\"flex-basis:66.66%\">\n<p>Tosia zostaje zatrudniona jako ogrodniczka i poskramiaczka niesfornego i wyj\u0105tkowo paskudnego \u201ezwierza\u201d, a potem zaczyna si\u0119 seria tajemniczych zamach\u00f3w, w\u0142ama\u0144, pomy\u0142ek oraz nieszcz\u0119\u015bliwych wypadk\u00f3w \u2013 jak \u0142atwo si\u0119 domy\u015bli\u0107, to g\u0142\u00f3wna bohaterka jest ich wsp\u00f3lnym mianownikiem, co automatycznie czyni z niej osob\u0119 podejrzan\u0105. Obr\u00f3t zdarze\u0144 wcale si\u0119 Tosi nie podoba. Dziwi j\u0105 r\u00f3wnie\u017c i to, \u017ce nagle staje si\u0119 obiektem m\u0119skiej rywalizacji i zastanawia si\u0119, co jest wa\u017cniejsze: satysfakcja czy ekscytacja? Na czym polega chmuring? I czy mo\u017cna schudn\u0105\u0107, jedz\u0105c ortodoksyjn\u0105 owsiank\u0119 i my\u015bl\u0105c przy tym o swojskiej kie\u0142basie? \u017bycie Tosi zupe\u0142nie si\u0119 zmienia, zmienia si\u0119 i ona sama, dochodz\u0105c przy tym do wniosku, \u017ce nie trzeba si\u0119 zmienia\u0107, \u017ceby zas\u0142u\u017cy\u0107 na mi\u0142o\u015b\u0107. Zas\u0142ugiwa\u0107 na zbrodni\u0119 natomiast nie trzeba wcale \u2013 kto\u015b czai si\u0119 w mroku i zupe\u0142nie nie wiadomo, o co mu chodzi\u2026<\/p>\n<\/div>\n\n\n\n<div class=\"wp-block-column is-layout-flow wp-block-column-is-layout-flow\" style=\"flex-basis:33.33%\">\n<figure class=\"wp-block-image size-large\"><img loading=\"lazy\" decoding=\"async\" width=\"352\" height=\"500\" src=\"http:\/\/literackieprzeszpiegi.pl\/wp-content\/uploads\/2024\/01\/Ja-tu-tylko-zabijam_Obuch-1.jpg\" alt=\"\" class=\"wp-image-3556\" srcset=\"https:\/\/literackieprzeszpiegi.pl\/wp-content\/uploads\/2024\/01\/Ja-tu-tylko-zabijam_Obuch-1.jpg 352w, https:\/\/literackieprzeszpiegi.pl\/wp-content\/uploads\/2024\/01\/Ja-tu-tylko-zabijam_Obuch-1-211x300.jpg 211w\" sizes=\"(max-width: 352px) 100vw, 352px\" \/><figcaption><strong>Marta Obuch <br>&#8220;Ja tu tylko zabijam&#8221;<br>Wydawnictwo Filia<br> 17.01.2024 r. <\/strong><\/figcaption><\/figure>\n<\/div>\n<\/div>\n\n\n\n<p>____________________________________________<\/p>\n\n\n\n<div class=\"wp-block-columns is-layout-flex wp-container-core-columns-is-layout-6 wp-block-columns-is-layout-flex\">\n<div class=\"wp-block-column is-layout-flow wp-block-column-is-layout-flow\" style=\"flex-basis:66.66%\">\n<p>Mada w swoim kr\u00f3tkim \u017cyciu widzia\u0142a ju\u017c wiele z\u0142a, zazna\u0142a g\u0142odu i n\u0119dzy. Pomiatano ni\u0105, kiedy pracowa\u0142a jako s\u0142u\u017c\u0105ca, a p\u00f3\u017aniej psu\u0142a wzrok w podrz\u0119dnym zak\u0142adzie krawieckim. Wybawieniem dla niej zdaje si\u0119 by\u0107 propozycja zamo\u017cnego Andreasa Schwietza.<br>Dziewczyna rozpoczyna s\u0142u\u017cb\u0119 w jego domu, zbudowanym na jednej z wysp Jeziora S\u0142awskiego. Odci\u0119ta od \u015bwiata ca\u0142ymi dniami sprz\u0105ta, gotuje i znosi dokuczliwe zainteresowanie pracodawcy. U\u015bwiadamia sobie, \u017ce zosta\u0142a sam na sam z cz\u0142owiekiem, kt\u00f3ry nie ma wobec niej dobrych zamiar\u00f3w.<br>Pewnego dnia na wysp\u0119 przybywa nowy ogrodnik, Johann. Andreas jest zazdrosny i jego obsesja na tle Mady zaczyna si\u0119 pog\u0142\u0119bia\u0107. Tragedia wisi w powietrzu. Czy da si\u0119 jej unikn\u0105\u0107? Czy Madzie uda si\u0119 uciec z ponurej wyspy? Czy Johann b\u0119dzie jej oparciem w walce z przeciwno\u015bciami losu? Czy w trudnym \u017cyciu dziewczyny jest w og\u00f3le miejsce na mi\u0142o\u015b\u0107?<\/p>\n\n\n\n<p><\/p>\n<\/div>\n\n\n\n<div class=\"wp-block-column is-layout-flow wp-block-column-is-layout-flow\" style=\"flex-basis:33.33%\">\n<figure class=\"wp-block-image size-large\"><img loading=\"lazy\" decoding=\"async\" width=\"352\" height=\"500\" src=\"https:\/\/literackieprzeszpiegi.pl\/wp-content\/uploads\/2024\/01\/Medea-z-Wyspy-Wisielcow_Knedler.jpg\" alt=\"\" class=\"wp-image-3559\" srcset=\"https:\/\/literackieprzeszpiegi.pl\/wp-content\/uploads\/2024\/01\/Medea-z-Wyspy-Wisielcow_Knedler.jpg 352w, https:\/\/literackieprzeszpiegi.pl\/wp-content\/uploads\/2024\/01\/Medea-z-Wyspy-Wisielcow_Knedler-211x300.jpg 211w\" sizes=\"(max-width: 352px) 100vw, 352px\" \/><figcaption><strong>Magda Knedler <br>&#8220;Medea z Wyspy Wisielc\u00f3w&#8221;<br>Wyd. Zwierciad\u0142o,<br>24.01.2024 r.<\/strong><\/figcaption><\/figure>\n\n\n\n<p><\/p>\n<\/div>\n<\/div>\n","protected":false},"excerpt":{"rendered":"<p>Ksi\u0105\u017ckowy stycze\u0144 przyniesie duuu\u017co dobrego i&#8230; polskiego! Zerknijcie!<\/p>\n","protected":false},"author":1,"featured_media":3536,"comment_status":"open","ping_status":"open","sticky":false,"template":"","format":"standard","meta":{"om_disable_all_campaigns":false,"_exactmetrics_skip_tracking":false,"_exactmetrics_sitenote_active":false,"_exactmetrics_sitenote_note":"","_exactmetrics_sitenote_category":0,"_monsterinsights_skip_tracking":false,"_monsterinsights_sitenote_active":false,"_monsterinsights_sitenote_note":"","_monsterinsights_sitenote_category":0,"_uf_show_specific_survey":0,"_uf_disable_surveys":false,"footnotes":""},"categories":[4],"tags":[149,67,44,28,25,146,74,169],"yoast_head":"<!-- This site is optimized with the Yoast SEO plugin v22.9 - https:\/\/yoast.com\/wordpress\/plugins\/seo\/ -->\n<title>Zwiady styczniowe #2024 - | Literackie przeszpiegi<\/title>\n<meta name=\"description\" content=\"Dobrze si\u0119 rozpoczyna ten rok! Na mojej subiektywnej li\u015bcie premier a\u017c cztery polskie pisarki. Kogo wybra\u0142am? Sprawd\u017acie!\" \/>\n<meta name=\"robots\" content=\"index, follow, max-snippet:-1, max-image-preview:large, max-video-preview:-1\" \/>\n<link rel=\"canonical\" href=\"https:\/\/literackieprzeszpiegi.pl\/index.php\/2024\/01\/04\/zwiady-styczniowe-2024\/\" \/>\n<meta property=\"og:locale\" content=\"pl_PL\" \/>\n<meta property=\"og:type\" content=\"article\" \/>\n<meta property=\"og:title\" content=\"Zwiady styczniowe #2024 - | Literackie przeszpiegi\" \/>\n<meta property=\"og:description\" content=\"Dobrze si\u0119 rozpoczyna ten rok! Na mojej subiektywnej li\u015bcie premier a\u017c cztery polskie pisarki. Kogo wybra\u0142am? Sprawd\u017acie!\" \/>\n<meta property=\"og:url\" content=\"https:\/\/literackieprzeszpiegi.pl\/index.php\/2024\/01\/04\/zwiady-styczniowe-2024\/\" \/>\n<meta property=\"og:site_name\" content=\"Literackie przeszpiegi\" \/>\n<meta property=\"article:published_time\" content=\"2024-01-04T12:01:54+00:00\" \/>\n<meta property=\"article:modified_time\" content=\"2024-01-04T13:12:01+00:00\" \/>\n<meta property=\"og:image\" content=\"https:\/\/literackieprzeszpiegi.pl\/wp-content\/uploads\/2024\/01\/Zwiady-ksiazkowe-1.png\" \/>\n\t<meta property=\"og:image:width\" content=\"940\" \/>\n\t<meta property=\"og:image:height\" content=\"788\" \/>\n\t<meta property=\"og:image:type\" content=\"image\/png\" \/>\n<meta name=\"author\" content=\"Szpieg\" \/>\n<meta name=\"twitter:card\" content=\"summary_large_image\" \/>\n<meta name=\"twitter:label1\" content=\"Napisane przez\" \/>\n\t<meta name=\"twitter:data1\" content=\"Szpieg\" \/>\n\t<meta name=\"twitter:label2\" content=\"Szacowany czas czytania\" \/>\n\t<meta name=\"twitter:data2\" content=\"3 minuty\" \/>\n<script type=\"application\/ld+json\" class=\"yoast-schema-graph\">{\"@context\":\"https:\/\/schema.org\",\"@graph\":[{\"@type\":\"Article\",\"@id\":\"https:\/\/literackieprzeszpiegi.pl\/index.php\/2024\/01\/04\/zwiady-styczniowe-2024\/#article\",\"isPartOf\":{\"@id\":\"https:\/\/literackieprzeszpiegi.pl\/index.php\/2024\/01\/04\/zwiady-styczniowe-2024\/\"},\"author\":{\"name\":\"Szpieg\",\"@id\":\"https:\/\/literackieprzeszpiegi.pl\/#\/schema\/person\/fd5c4f317aed549d4833e6402ffea017\"},\"headline\":\"Zwiady styczniowe #2024\",\"datePublished\":\"2024-01-04T12:01:54+00:00\",\"dateModified\":\"2024-01-04T13:12:01+00:00\",\"mainEntityOfPage\":{\"@id\":\"https:\/\/literackieprzeszpiegi.pl\/index.php\/2024\/01\/04\/zwiady-styczniowe-2024\/\"},\"wordCount\":654,\"commentCount\":0,\"publisher\":{\"@id\":\"https:\/\/literackieprzeszpiegi.pl\/#organization\"},\"image\":{\"@id\":\"https:\/\/literackieprzeszpiegi.pl\/index.php\/2024\/01\/04\/zwiady-styczniowe-2024\/#primaryimage\"},\"thumbnailUrl\":\"https:\/\/literackieprzeszpiegi.pl\/wp-content\/uploads\/2024\/01\/Zwiady-ksiazkowe-1.png\",\"keywords\":[\"Agnieszka Kuchmister\",\"Magdalena Knedler\",\"Marta Obuch\",\"Sabina Waszut\",\"Wydawnictwo Filia\",\"Wydawnictwo Ksi\u0105\u017cnica\",\"Wydawnictwo W.A.B\",\"Wydawnictwo Zwierciad\u0142o\"],\"articleSection\":[\"Na zwiadach w ksi\u0119garniach\"],\"inLanguage\":\"pl-PL\",\"potentialAction\":[{\"@type\":\"CommentAction\",\"name\":\"Comment\",\"target\":[\"https:\/\/literackieprzeszpiegi.pl\/index.php\/2024\/01\/04\/zwiady-styczniowe-2024\/#respond\"]}]},{\"@type\":\"WebPage\",\"@id\":\"https:\/\/literackieprzeszpiegi.pl\/index.php\/2024\/01\/04\/zwiady-styczniowe-2024\/\",\"url\":\"https:\/\/literackieprzeszpiegi.pl\/index.php\/2024\/01\/04\/zwiady-styczniowe-2024\/\",\"name\":\"Zwiady styczniowe #2024 - | Literackie przeszpiegi\",\"isPartOf\":{\"@id\":\"https:\/\/literackieprzeszpiegi.pl\/#website\"},\"primaryImageOfPage\":{\"@id\":\"https:\/\/literackieprzeszpiegi.pl\/index.php\/2024\/01\/04\/zwiady-styczniowe-2024\/#primaryimage\"},\"image\":{\"@id\":\"https:\/\/literackieprzeszpiegi.pl\/index.php\/2024\/01\/04\/zwiady-styczniowe-2024\/#primaryimage\"},\"thumbnailUrl\":\"https:\/\/literackieprzeszpiegi.pl\/wp-content\/uploads\/2024\/01\/Zwiady-ksiazkowe-1.png\",\"datePublished\":\"2024-01-04T12:01:54+00:00\",\"dateModified\":\"2024-01-04T13:12:01+00:00\",\"description\":\"Dobrze si\u0119 rozpoczyna ten rok! Na mojej subiektywnej li\u015bcie premier a\u017c cztery polskie pisarki. Kogo wybra\u0142am? Sprawd\u017acie!\",\"breadcrumb\":{\"@id\":\"https:\/\/literackieprzeszpiegi.pl\/index.php\/2024\/01\/04\/zwiady-styczniowe-2024\/#breadcrumb\"},\"inLanguage\":\"pl-PL\",\"potentialAction\":[{\"@type\":\"ReadAction\",\"target\":[\"https:\/\/literackieprzeszpiegi.pl\/index.php\/2024\/01\/04\/zwiady-styczniowe-2024\/\"]}]},{\"@type\":\"ImageObject\",\"inLanguage\":\"pl-PL\",\"@id\":\"https:\/\/literackieprzeszpiegi.pl\/index.php\/2024\/01\/04\/zwiady-styczniowe-2024\/#primaryimage\",\"url\":\"https:\/\/literackieprzeszpiegi.pl\/wp-content\/uploads\/2024\/01\/Zwiady-ksiazkowe-1.png\",\"contentUrl\":\"https:\/\/literackieprzeszpiegi.pl\/wp-content\/uploads\/2024\/01\/Zwiady-ksiazkowe-1.png\",\"width\":940,\"height\":788},{\"@type\":\"BreadcrumbList\",\"@id\":\"https:\/\/literackieprzeszpiegi.pl\/index.php\/2024\/01\/04\/zwiady-styczniowe-2024\/#breadcrumb\",\"itemListElement\":[{\"@type\":\"ListItem\",\"position\":1,\"name\":\"Home\",\"item\":\"https:\/\/literackieprzeszpiegi.pl\/\"},{\"@type\":\"ListItem\",\"position\":2,\"name\":\"Zwiady styczniowe #2024\"}]},{\"@type\":\"WebSite\",\"@id\":\"https:\/\/literackieprzeszpiegi.pl\/#website\",\"url\":\"https:\/\/literackieprzeszpiegi.pl\/\",\"name\":\"Literackie przeszpiegi\",\"description\":\"blog o ksi\u0105\u017ckach\",\"publisher\":{\"@id\":\"https:\/\/literackieprzeszpiegi.pl\/#organization\"},\"potentialAction\":[{\"@type\":\"SearchAction\",\"target\":{\"@type\":\"EntryPoint\",\"urlTemplate\":\"https:\/\/literackieprzeszpiegi.pl\/?s={search_term_string}\"},\"query-input\":\"required name=search_term_string\"}],\"inLanguage\":\"pl-PL\"},{\"@type\":\"Organization\",\"@id\":\"https:\/\/literackieprzeszpiegi.pl\/#organization\",\"name\":\"Literackie przeszpiegi\",\"url\":\"https:\/\/literackieprzeszpiegi.pl\/\",\"logo\":{\"@type\":\"ImageObject\",\"inLanguage\":\"pl-PL\",\"@id\":\"https:\/\/literackieprzeszpiegi.pl\/#\/schema\/logo\/image\/\",\"url\":\"https:\/\/literackieprzeszpiegi.pl\/wp-content\/uploads\/2021\/01\/cropped-cropped-Literackie-przeszpiegi-1.png\",\"contentUrl\":\"https:\/\/literackieprzeszpiegi.pl\/wp-content\/uploads\/2021\/01\/cropped-cropped-Literackie-przeszpiegi-1.png\",\"width\":499,\"height\":142,\"caption\":\"Literackie przeszpiegi\"},\"image\":{\"@id\":\"https:\/\/literackieprzeszpiegi.pl\/#\/schema\/logo\/image\/\"}},{\"@type\":\"Person\",\"@id\":\"https:\/\/literackieprzeszpiegi.pl\/#\/schema\/person\/fd5c4f317aed549d4833e6402ffea017\",\"name\":\"Szpieg\",\"image\":{\"@type\":\"ImageObject\",\"inLanguage\":\"pl-PL\",\"@id\":\"https:\/\/literackieprzeszpiegi.pl\/#\/schema\/person\/image\/\",\"url\":\"https:\/\/secure.gravatar.com\/avatar\/45a17869257e08975d929f204ef78290?s=96&d=mm&r=g\",\"contentUrl\":\"https:\/\/secure.gravatar.com\/avatar\/45a17869257e08975d929f204ef78290?s=96&d=mm&r=g\",\"caption\":\"Szpieg\"},\"url\":\"https:\/\/literackieprzeszpiegi.pl\/index.php\/author\/admin\/\"}]}<\/script>\n<!-- \/ Yoast SEO plugin. -->","yoast_head_json":{"title":"Zwiady styczniowe #2024 - | Literackie przeszpiegi","description":"Dobrze si\u0119 rozpoczyna ten rok! Na mojej subiektywnej li\u015bcie premier a\u017c cztery polskie pisarki. Kogo wybra\u0142am? Sprawd\u017acie!","robots":{"index":"index","follow":"follow","max-snippet":"max-snippet:-1","max-image-preview":"max-image-preview:large","max-video-preview":"max-video-preview:-1"},"canonical":"https:\/\/literackieprzeszpiegi.pl\/index.php\/2024\/01\/04\/zwiady-styczniowe-2024\/","og_locale":"pl_PL","og_type":"article","og_title":"Zwiady styczniowe #2024 - | Literackie przeszpiegi","og_description":"Dobrze si\u0119 rozpoczyna ten rok! Na mojej subiektywnej li\u015bcie premier a\u017c cztery polskie pisarki. Kogo wybra\u0142am? Sprawd\u017acie!","og_url":"https:\/\/literackieprzeszpiegi.pl\/index.php\/2024\/01\/04\/zwiady-styczniowe-2024\/","og_site_name":"Literackie przeszpiegi","article_published_time":"2024-01-04T12:01:54+00:00","article_modified_time":"2024-01-04T13:12:01+00:00","og_image":[{"width":940,"height":788,"url":"https:\/\/literackieprzeszpiegi.pl\/wp-content\/uploads\/2024\/01\/Zwiady-ksiazkowe-1.png","type":"image\/png"}],"author":"Szpieg","twitter_card":"summary_large_image","twitter_misc":{"Napisane przez":"Szpieg","Szacowany czas czytania":"3 minuty"},"schema":{"@context":"https:\/\/schema.org","@graph":[{"@type":"Article","@id":"https:\/\/literackieprzeszpiegi.pl\/index.php\/2024\/01\/04\/zwiady-styczniowe-2024\/#article","isPartOf":{"@id":"https:\/\/literackieprzeszpiegi.pl\/index.php\/2024\/01\/04\/zwiady-styczniowe-2024\/"},"author":{"name":"Szpieg","@id":"https:\/\/literackieprzeszpiegi.pl\/#\/schema\/person\/fd5c4f317aed549d4833e6402ffea017"},"headline":"Zwiady styczniowe #2024","datePublished":"2024-01-04T12:01:54+00:00","dateModified":"2024-01-04T13:12:01+00:00","mainEntityOfPage":{"@id":"https:\/\/literackieprzeszpiegi.pl\/index.php\/2024\/01\/04\/zwiady-styczniowe-2024\/"},"wordCount":654,"commentCount":0,"publisher":{"@id":"https:\/\/literackieprzeszpiegi.pl\/#organization"},"image":{"@id":"https:\/\/literackieprzeszpiegi.pl\/index.php\/2024\/01\/04\/zwiady-styczniowe-2024\/#primaryimage"},"thumbnailUrl":"https:\/\/literackieprzeszpiegi.pl\/wp-content\/uploads\/2024\/01\/Zwiady-ksiazkowe-1.png","keywords":["Agnieszka Kuchmister","Magdalena Knedler","Marta Obuch","Sabina Waszut","Wydawnictwo Filia","Wydawnictwo Ksi\u0105\u017cnica","Wydawnictwo W.A.B","Wydawnictwo Zwierciad\u0142o"],"articleSection":["Na zwiadach w ksi\u0119garniach"],"inLanguage":"pl-PL","potentialAction":[{"@type":"CommentAction","name":"Comment","target":["https:\/\/literackieprzeszpiegi.pl\/index.php\/2024\/01\/04\/zwiady-styczniowe-2024\/#respond"]}]},{"@type":"WebPage","@id":"https:\/\/literackieprzeszpiegi.pl\/index.php\/2024\/01\/04\/zwiady-styczniowe-2024\/","url":"https:\/\/literackieprzeszpiegi.pl\/index.php\/2024\/01\/04\/zwiady-styczniowe-2024\/","name":"Zwiady styczniowe #2024 - | Literackie przeszpiegi","isPartOf":{"@id":"https:\/\/literackieprzeszpiegi.pl\/#website"},"primaryImageOfPage":{"@id":"https:\/\/literackieprzeszpiegi.pl\/index.php\/2024\/01\/04\/zwiady-styczniowe-2024\/#primaryimage"},"image":{"@id":"https:\/\/literackieprzeszpiegi.pl\/index.php\/2024\/01\/04\/zwiady-styczniowe-2024\/#primaryimage"},"thumbnailUrl":"https:\/\/literackieprzeszpiegi.pl\/wp-content\/uploads\/2024\/01\/Zwiady-ksiazkowe-1.png","datePublished":"2024-01-04T12:01:54+00:00","dateModified":"2024-01-04T13:12:01+00:00","description":"Dobrze si\u0119 rozpoczyna ten rok! Na mojej subiektywnej li\u015bcie premier a\u017c cztery polskie pisarki. Kogo wybra\u0142am? Sprawd\u017acie!","breadcrumb":{"@id":"https:\/\/literackieprzeszpiegi.pl\/index.php\/2024\/01\/04\/zwiady-styczniowe-2024\/#breadcrumb"},"inLanguage":"pl-PL","potentialAction":[{"@type":"ReadAction","target":["https:\/\/literackieprzeszpiegi.pl\/index.php\/2024\/01\/04\/zwiady-styczniowe-2024\/"]}]},{"@type":"ImageObject","inLanguage":"pl-PL","@id":"https:\/\/literackieprzeszpiegi.pl\/index.php\/2024\/01\/04\/zwiady-styczniowe-2024\/#primaryimage","url":"https:\/\/literackieprzeszpiegi.pl\/wp-content\/uploads\/2024\/01\/Zwiady-ksiazkowe-1.png","contentUrl":"https:\/\/literackieprzeszpiegi.pl\/wp-content\/uploads\/2024\/01\/Zwiady-ksiazkowe-1.png","width":940,"height":788},{"@type":"BreadcrumbList","@id":"https:\/\/literackieprzeszpiegi.pl\/index.php\/2024\/01\/04\/zwiady-styczniowe-2024\/#breadcrumb","itemListElement":[{"@type":"ListItem","position":1,"name":"Home","item":"https:\/\/literackieprzeszpiegi.pl\/"},{"@type":"ListItem","position":2,"name":"Zwiady styczniowe #2024"}]},{"@type":"WebSite","@id":"https:\/\/literackieprzeszpiegi.pl\/#website","url":"https:\/\/literackieprzeszpiegi.pl\/","name":"Literackie przeszpiegi","description":"blog o ksi\u0105\u017ckach","publisher":{"@id":"https:\/\/literackieprzeszpiegi.pl\/#organization"},"potentialAction":[{"@type":"SearchAction","target":{"@type":"EntryPoint","urlTemplate":"https:\/\/literackieprzeszpiegi.pl\/?s={search_term_string}"},"query-input":"required name=search_term_string"}],"inLanguage":"pl-PL"},{"@type":"Organization","@id":"https:\/\/literackieprzeszpiegi.pl\/#organization","name":"Literackie przeszpiegi","url":"https:\/\/literackieprzeszpiegi.pl\/","logo":{"@type":"ImageObject","inLanguage":"pl-PL","@id":"https:\/\/literackieprzeszpiegi.pl\/#\/schema\/logo\/image\/","url":"https:\/\/literackieprzeszpiegi.pl\/wp-content\/uploads\/2021\/01\/cropped-cropped-Literackie-przeszpiegi-1.png","contentUrl":"https:\/\/literackieprzeszpiegi.pl\/wp-content\/uploads\/2021\/01\/cropped-cropped-Literackie-przeszpiegi-1.png","width":499,"height":142,"caption":"Literackie przeszpiegi"},"image":{"@id":"https:\/\/literackieprzeszpiegi.pl\/#\/schema\/logo\/image\/"}},{"@type":"Person","@id":"https:\/\/literackieprzeszpiegi.pl\/#\/schema\/person\/fd5c4f317aed549d4833e6402ffea017","name":"Szpieg","image":{"@type":"ImageObject","inLanguage":"pl-PL","@id":"https:\/\/literackieprzeszpiegi.pl\/#\/schema\/person\/image\/","url":"https:\/\/secure.gravatar.com\/avatar\/45a17869257e08975d929f204ef78290?s=96&d=mm&r=g","contentUrl":"https:\/\/secure.gravatar.com\/avatar\/45a17869257e08975d929f204ef78290?s=96&d=mm&r=g","caption":"Szpieg"},"url":"https:\/\/literackieprzeszpiegi.pl\/index.php\/author\/admin\/"}]}},"_links":{"self":[{"href":"https:\/\/literackieprzeszpiegi.pl\/index.php\/wp-json\/wp\/v2\/posts\/3535"}],"collection":[{"href":"https:\/\/literackieprzeszpiegi.pl\/index.php\/wp-json\/wp\/v2\/posts"}],"about":[{"href":"https:\/\/literackieprzeszpiegi.pl\/index.php\/wp-json\/wp\/v2\/types\/post"}],"author":[{"embeddable":true,"href":"https:\/\/literackieprzeszpiegi.pl\/index.php\/wp-json\/wp\/v2\/users\/1"}],"replies":[{"embeddable":true,"href":"https:\/\/literackieprzeszpiegi.pl\/index.php\/wp-json\/wp\/v2\/comments?post=3535"}],"version-history":[{"count":24,"href":"https:\/\/literackieprzeszpiegi.pl\/index.php\/wp-json\/wp\/v2\/posts\/3535\/revisions"}],"predecessor-version":[{"id":3565,"href":"https:\/\/literackieprzeszpiegi.pl\/index.php\/wp-json\/wp\/v2\/posts\/3535\/revisions\/3565"}],"wp:featuredmedia":[{"embeddable":true,"href":"https:\/\/literackieprzeszpiegi.pl\/index.php\/wp-json\/wp\/v2\/media\/3536"}],"wp:attachment":[{"href":"https:\/\/literackieprzeszpiegi.pl\/index.php\/wp-json\/wp\/v2\/media?parent=3535"}],"wp:term":[{"taxonomy":"category","embeddable":true,"href":"https:\/\/literackieprzeszpiegi.pl\/index.php\/wp-json\/wp\/v2\/categories?post=3535"},{"taxonomy":"post_tag","embeddable":true,"href":"https:\/\/literackieprzeszpiegi.pl\/index.php\/wp-json\/wp\/v2\/tags?post=3535"}],"curies":[{"name":"wp","href":"https:\/\/api.w.org\/{rel}","templated":true}]}}