{"id":3755,"date":"2024-10-08T13:13:51","date_gmt":"2024-10-08T11:13:51","guid":{"rendered":"https:\/\/literackieprzeszpiegi.pl\/?p=3755"},"modified":"2024-10-09T21:26:27","modified_gmt":"2024-10-09T19:26:27","slug":"uslyszec-spiew-jeleni-frantisek-smehlik","status":"publish","type":"post","link":"https:\/\/literackieprzeszpiegi.pl\/index.php\/2024\/10\/08\/uslyszec-spiew-jeleni-frantisek-smehlik\/","title":{"rendered":"\u201eUs\u0142ysze\u0107 \u015bpiew jeleni\u201d Franti\u0161ek \u0160mehl\u00edk"},"content":{"rendered":"\n<h2 class=\"wp-block-heading\">&#8220;Ja tylko chcia\u0142em us\u0142ysze\u0107, jak \u015bpiewaj\u0105 jelenie. I \u017ceby \u015bpiewa\u0142y zawsze, jak b\u0119dziesz chcia\u0142a. A teraz przyroda si\u0119 na mnie gniewa! Dlatego ta pani umar\u0142a&#8221;.<\/h2>\n\n\n\n<!--more-->\n\n\n\n<p>To, co si\u0119 sta\u0142o w Hela\u0161nej, zdecydowanie nie dzieje si\u0119 w wielu podobnych miejscach czy nawet wi\u0119kszych miasteczkach. Okaleczone zw\u0142oki m\u0142odej dziewczyny znalezione w le\u015bnej otulinie ma\u0142ej osady, odbieraj\u0105 wszystkim spok\u00f3j i poczucie bezpiecze\u0144stwa. Dwudziestu sta\u0142ych mieszka\u0144c\u00f3w Hela\u0161nej ogarnia mieszanka do\u015b\u0107 niespodziewanych emocji &#8211; strachu, podszytego s\u0105siedzkimi podejrzeniami, niepewno\u015bci i podsk\u00f3rnego wra\u017cenia, \u017ce morderca mo\u017ce jeszcze powr\u00f3ci\u0107. Domys\u0142y si\u0119 mno\u017c\u0105, dziennikarskie hieny za moment zwietrz\u0105 temat, wi\u0119c \u015bledztwo przejmuje Komenda Wojew\u00f3dzka Policji w Ostrawie.<\/p>\n\n\n\n<blockquote class=\"wp-block-quote is-layout-flow wp-block-quote-is-layout-flow\">\n<p>&nbsp;&#8220;Panie w\u0142adzo, a kto tu mo\u017ce mie\u0107 alibi? Tu jest jeden zbir obok drugiego! Ka\u017cdy siedzi sam we w\u0142asnej cha\u0142upie i pod dywan zamiata, co si\u0119 tylko da. Alibi, dobre sobie!&#8221;. <\/p>\n<\/blockquote>\n\n\n\n<p>O ksi\u0105\u017cce \u201eUs\u0142ysze\u0107 \u015bpiew jeleni\u201d mo\u017cna \u015bmia\u0142o napisa\u0107 &#8211; debiut, w kt\u00f3rym wszystko gra! Chocia\u017c tytu\u0142 sugeruje, \u017ce czytelnik powinien skierowa\u0107 swoj\u0105 uwag\u0119 na unikalny \u015bpiew\u2026 W debiutach, zw\u0142aszcza kryminalnych, sporo rzeczy mo\u017ce p\u00f3j\u015b\u0107 nie tak i to na wielu p\u0142aszczyznach. Ale nie u Franti\u0161ka \u0160mehl\u00edka. Co to, to nie. Jest ciekawie zaaran\u017cowana zagadka zamkni\u0119tego pokoju, malownicze miejsce zbrodni, kt\u00f3re przesi\u0105ka krwi\u0105, osobliwi mieszka\u0144cy Hela\u0161nej, \u017cyj\u0105cy w g\u0119stwinie k\u0142amstw i elitarna jednostka policji z Ostrawy, kt\u00f3rej to \u015bledztwo da mocno w ko\u015b\u0107.<\/p>\n\n\n\n<p>Powszechna teza, \u017ce z\u0142e rzeczy nie spotykaj\u0105 dobrych ludzi ani nie dziej\u0105 si\u0119 w tak malowniczych miejscach, szybko zostaje obalona. Nic przecie\u017c nie zwiastowa\u0142o, \u017ce Hela\u0161na ze wsi spokojnej stanie si\u0119 miejscem zbrodni, kt\u00f3rej pi\u0119tno jeszcze na d\u0142ugo z ni\u0105 pozostanie. Tym bardziej, \u017ce garstka mieszka\u0144c\u00f3w to raczej frapuj\u0105cy zbi\u00f3r indywidualno\u015bci, o r\u00f3\u017cnym stopniu za\u017cy\u0142o\u015bci s\u0105siedzkiej. Przyja\u017ani\u0105 bym tego nie okre\u015bli\u0142a, mo\u017ce bardziej relacjami biznesowymi. I poza ma\u0142ym wyj\u0105tkiem, nie jest to te\u017c niech\u0119\u0107, ale raczej potrzeba w\u0142asnej przestrzeni \u017cyciowej, do kt\u00f3rej nikt nie b\u0119dzie wrzuca\u0142 przys\u0142owiowych kamyczk\u00f3w. Niezbyt bliskie po\u0142o\u017cenie domostw pozwala m\u00f3wi\u0107 o pewnej prywatno\u015bci, ale s\u0105siedzi wiedz\u0105 o sobie wi\u0119cej, ani\u017celi chc\u0105 przyzna\u0107 oficjalnie. Bo wiedza to w\u0142adza, o mocy kt\u00f3rej trzeba przypomnie\u0107 w odpowiednim momencie, a nie na \u017c\u0105danie policji. A gdy w gr\u0119 wchodz\u0105 lokalne tajemnice, to robi si\u0119 coraz wi\u0119ksza przestrze\u0144 na k\u0142amstwo. I teoretycznie najwi\u0119cej do ukrycia ma morderca, wi\u0119c powinien zosta\u0107 najwi\u0119kszym k\u0142amczuchem. W praktyce &#8211; k\u0142amc\u00f3w jest wi\u0119cej a mijanie si\u0119 z prawd\u0105 czasem jest niewinne, czasem bardziej \u015bwiadome a\u017c w ko\u0144cu osi\u0105gnie poziom jawnej premedytacji. Mamy s\u0142owo przeciwko s\u0142owu, mamy niepami\u0119\u0107 podszyt\u0105 alkoholem, mamy wybi\u00f3rcze wspomnienia i niech\u0119\u0107 podszyt\u0105 ksenofobi\u0105.<\/p>\n\n\n\n<blockquote class=\"wp-block-quote is-layout-flow wp-block-quote-is-layout-flow\">\n<p>&#8220;Ja ok\u0142ama\u0142em? W \u017cyciu! Nigdy nie k\u0142ami\u0119! Czasem mog\u0119 si\u0119 pomyli\u0107, ale to jak ka\u017cdy, prawda, panie w\u0142adzo? (\u2026) Tylko m\u0105dry potrafi si\u0119 przyzna\u0107, \u017ce si\u0119 pomyli\u0142. Ja nigdy nie k\u0142ami\u0119, bo i po co?&#8221;.<\/p>\n<\/blockquote>\n\n\n\n<p>Tak skomplikowan\u0105 sytuacj\u0119 zastaj\u0105 na miejscu ostrawscy policjanci, kt\u00f3rzy przecie\u017c nie takie \u015bledztwa prowadzili i nie takich morderc\u00f3w \u0142apali. Sz\u00f3stka policjant\u00f3w, o r\u00f3\u017cnych charakterach i stylach pracy stara si\u0119 sprawdzi\u0107 ka\u017cdy trop, ka\u017cde alibi i ka\u017cd\u0105 s\u0105siedzk\u0105 opowie\u015b\u0107, cho\u0107by dotyczy\u0142a koziego pasterza o w\u0105tpliwej muzykalno\u015bci. Tutaj nic nie jest proste. Mi\u0119dzy policjantami iskrzy i zgrzyta, bo ka\u017cdy jest przekonany o nieomylno\u015bci swoich metod, ka\u017cdy chce zab\u0142ysn\u0105\u0107. Mo\u017ce i policja z Ostrawy budzi respekt w Hela\u0161nej, ale na pewno nie wzbudza zaufania. A morderca wci\u0105\u017c pozostaje nieuchwytny. Czy zawierzenie lokalnym plotkom b\u0119dzie postrzegane jako akt desperacji ze strony \u015bledczych, kt\u00f3rym powoli \u015bledztwo wymyka si\u0119 spod kontroli?<\/p>\n\n\n\n<blockquote class=\"wp-block-quote is-layout-flow wp-block-quote-is-layout-flow\">\n<p>&#8220;Gdyby przeprowadzono ankiet\u0119 na temat najwy\u017cszej liczby przest\u0119pstw w przeliczeniu na osob\u0119, Hela\u0161na by\u0142aby bezkonkurencyjna w ca\u0142ej Europie \u015arodkowej&#8221;.<\/p>\n<\/blockquote>\n\n\n\n<p>\u201eUs\u0142ysze\u0107 \u015bpiew jeleni\u201d to kawa\u0142 dobrej historii kryminalnej. Zwroty akcji, ciekawe w\u0105tki muzyczne i sportowe, nieoczywiste tropy, w\u0105skie grono podejrzanych i grupa \u015bledczych, kt\u00f3ra potrafi pokona\u0107 wewn\u0119trzne animozje, by z\u0142apa\u0107 winnego. I to wszystko w bardzo klimatycznej otoczce. A\u017c chcia\u0142oby si\u0119 rzec &#8211; wi\u0119cej takich debiut\u00f3w, wi\u0119cej!<\/p>\n\n\n\n<p>___<br>\u201e<a href=\"https:\/\/www.wydawnictwoafera.pl\/uslyszec-spiew-jeleni,id121.html\">Us\u0142ysze\u0107 \u015bpiew jeleni<\/a>\u201d Franti\u0161ek \u0160mehl\u00edk<br>Wydawnictwo Afera<\/p>\n","protected":false},"excerpt":{"rendered":"<p>&#8220;Ja tylko chcia\u0142em us\u0142ysze\u0107, jak \u015bpiewaj\u0105 jelenie. I \u017ceby \u015bpiewa\u0142y zawsze, jak b\u0119dziesz chcia\u0142a. A teraz przyroda si\u0119 na mnie gniewa! Dlatego ta pani umar\u0142a&#8221;.<\/p>\n","protected":false},"author":1,"featured_media":3759,"comment_status":"open","ping_status":"open","sticky":false,"template":"","format":"standard","meta":{"om_disable_all_campaigns":false,"_exactmetrics_skip_tracking":false,"_exactmetrics_sitenote_active":false,"_exactmetrics_sitenote_note":"","_exactmetrics_sitenote_category":0,"_monsterinsights_skip_tracking":false,"_monsterinsights_sitenote_active":false,"_monsterinsights_sitenote_note":"","_monsterinsights_sitenote_category":0,"_uf_show_specific_survey":0,"_uf_disable_surveys":false,"footnotes":""},"categories":[7,3,8],"tags":[176,175],"yoast_head":"<!-- This site is optimized with the Yoast SEO plugin v22.9 - https:\/\/yoast.com\/wordpress\/plugins\/seo\/ -->\n<title>Recenzja | \u201eUs\u0142ysze\u0107 \u015bpiew jeleni\u201d Franti\u0161ek \u0160mehl\u00edk | Literackie przeszpiegi<\/title>\n<meta name=\"description\" content=\"&quot;Ja tylko chcia\u0142em us\u0142ysze\u0107, jak \u015bpiewaj\u0105 jelenie. I \u017ceby \u015bpiewa\u0142y zawsze, jak b\u0119dziesz chcia\u0142a. A teraz przyroda si\u0119 na mnie gniewa! Dlatego ta pani umar\u0142a&quot;.\" \/>\n<meta name=\"robots\" content=\"index, follow, max-snippet:-1, max-image-preview:large, max-video-preview:-1\" \/>\n<link rel=\"canonical\" href=\"https:\/\/literackieprzeszpiegi.pl\/index.php\/2024\/10\/08\/uslyszec-spiew-jeleni-frantisek-smehlik\/\" \/>\n<meta property=\"og:locale\" content=\"pl_PL\" \/>\n<meta property=\"og:type\" content=\"article\" \/>\n<meta property=\"og:title\" content=\"Recenzja | &quot;Us\u0142ysze\u0107 \u015bpiew jeleni&quot; Franti\u0161ek \u0160mehl\u00edk | Literackie przeszpiegi\" \/>\n<meta property=\"og:description\" content=\"&quot;Ja tylko chcia\u0142em us\u0142ysze\u0107, jak \u015bpiewaj\u0105 jelenie. I \u017ceby \u015bpiewa\u0142y zawsze, jak b\u0119dziesz chcia\u0142a. A teraz przyroda si\u0119 na mnie gniewa! Dlatego ta pani umar\u0142a&quot;.\" \/>\n<meta property=\"og:url\" content=\"https:\/\/literackieprzeszpiegi.pl\/index.php\/2024\/10\/08\/uslyszec-spiew-jeleni-frantisek-smehlik\/\" \/>\n<meta property=\"og:site_name\" content=\"Literackie przeszpiegi\" \/>\n<meta property=\"article:published_time\" content=\"2024-10-08T11:13:51+00:00\" \/>\n<meta property=\"article:modified_time\" content=\"2024-10-09T19:26:27+00:00\" \/>\n<meta property=\"og:image\" content=\"https:\/\/literackieprzeszpiegi.pl\/wp-content\/uploads\/2024\/10\/Uslyszec-spiew-jeleni.jpg\" \/>\n\t<meta property=\"og:image:width\" content=\"908\" \/>\n\t<meta property=\"og:image:height\" content=\"710\" \/>\n\t<meta property=\"og:image:type\" content=\"image\/jpeg\" \/>\n<meta name=\"author\" content=\"Szpieg\" \/>\n<meta name=\"twitter:card\" content=\"summary_large_image\" \/>\n<meta name=\"twitter:label1\" content=\"Napisane przez\" \/>\n\t<meta name=\"twitter:data1\" content=\"Szpieg\" \/>\n\t<meta name=\"twitter:label2\" content=\"Szacowany czas czytania\" \/>\n\t<meta name=\"twitter:data2\" content=\"4 minuty\" \/>\n<script type=\"application\/ld+json\" class=\"yoast-schema-graph\">{\"@context\":\"https:\/\/schema.org\",\"@graph\":[{\"@type\":\"Article\",\"@id\":\"https:\/\/literackieprzeszpiegi.pl\/index.php\/2024\/10\/08\/uslyszec-spiew-jeleni-frantisek-smehlik\/#article\",\"isPartOf\":{\"@id\":\"https:\/\/literackieprzeszpiegi.pl\/index.php\/2024\/10\/08\/uslyszec-spiew-jeleni-frantisek-smehlik\/\"},\"author\":{\"name\":\"Szpieg\",\"@id\":\"https:\/\/literackieprzeszpiegi.pl\/#\/schema\/person\/fd5c4f317aed549d4833e6402ffea017\"},\"headline\":\"\u201eUs\u0142ysze\u0107 \u015bpiew jeleni\u201d Franti\u0161ek \u0160mehl\u00edk\",\"datePublished\":\"2024-10-08T11:13:51+00:00\",\"dateModified\":\"2024-10-09T19:26:27+00:00\",\"mainEntityOfPage\":{\"@id\":\"https:\/\/literackieprzeszpiegi.pl\/index.php\/2024\/10\/08\/uslyszec-spiew-jeleni-frantisek-smehlik\/\"},\"wordCount\":773,\"commentCount\":0,\"publisher\":{\"@id\":\"https:\/\/literackieprzeszpiegi.pl\/#organization\"},\"image\":{\"@id\":\"https:\/\/literackieprzeszpiegi.pl\/index.php\/2024\/10\/08\/uslyszec-spiew-jeleni-frantisek-smehlik\/#primaryimage\"},\"thumbnailUrl\":\"https:\/\/literackieprzeszpiegi.pl\/wp-content\/uploads\/2024\/10\/Uslyszec-spiew-jeleni.jpg\",\"keywords\":[\"Czeskie krimi\",\"Wydawnictwo Afera\"],\"articleSection\":[\"Hit\",\"Rasowy krymina\u0142\",\"recenzje\"],\"inLanguage\":\"pl-PL\",\"potentialAction\":[{\"@type\":\"CommentAction\",\"name\":\"Comment\",\"target\":[\"https:\/\/literackieprzeszpiegi.pl\/index.php\/2024\/10\/08\/uslyszec-spiew-jeleni-frantisek-smehlik\/#respond\"]}]},{\"@type\":\"WebPage\",\"@id\":\"https:\/\/literackieprzeszpiegi.pl\/index.php\/2024\/10\/08\/uslyszec-spiew-jeleni-frantisek-smehlik\/\",\"url\":\"https:\/\/literackieprzeszpiegi.pl\/index.php\/2024\/10\/08\/uslyszec-spiew-jeleni-frantisek-smehlik\/\",\"name\":\"Recenzja | \u201eUs\u0142ysze\u0107 \u015bpiew jeleni\u201d Franti\u0161ek \u0160mehl\u00edk | Literackie przeszpiegi\",\"isPartOf\":{\"@id\":\"https:\/\/literackieprzeszpiegi.pl\/#website\"},\"primaryImageOfPage\":{\"@id\":\"https:\/\/literackieprzeszpiegi.pl\/index.php\/2024\/10\/08\/uslyszec-spiew-jeleni-frantisek-smehlik\/#primaryimage\"},\"image\":{\"@id\":\"https:\/\/literackieprzeszpiegi.pl\/index.php\/2024\/10\/08\/uslyszec-spiew-jeleni-frantisek-smehlik\/#primaryimage\"},\"thumbnailUrl\":\"https:\/\/literackieprzeszpiegi.pl\/wp-content\/uploads\/2024\/10\/Uslyszec-spiew-jeleni.jpg\",\"datePublished\":\"2024-10-08T11:13:51+00:00\",\"dateModified\":\"2024-10-09T19:26:27+00:00\",\"description\":\"\\\"Ja tylko chcia\u0142em us\u0142ysze\u0107, jak \u015bpiewaj\u0105 jelenie. I \u017ceby \u015bpiewa\u0142y zawsze, jak b\u0119dziesz chcia\u0142a. A teraz przyroda si\u0119 na mnie gniewa! Dlatego ta pani umar\u0142a\\\".\",\"breadcrumb\":{\"@id\":\"https:\/\/literackieprzeszpiegi.pl\/index.php\/2024\/10\/08\/uslyszec-spiew-jeleni-frantisek-smehlik\/#breadcrumb\"},\"inLanguage\":\"pl-PL\",\"potentialAction\":[{\"@type\":\"ReadAction\",\"target\":[\"https:\/\/literackieprzeszpiegi.pl\/index.php\/2024\/10\/08\/uslyszec-spiew-jeleni-frantisek-smehlik\/\"]}]},{\"@type\":\"ImageObject\",\"inLanguage\":\"pl-PL\",\"@id\":\"https:\/\/literackieprzeszpiegi.pl\/index.php\/2024\/10\/08\/uslyszec-spiew-jeleni-frantisek-smehlik\/#primaryimage\",\"url\":\"https:\/\/literackieprzeszpiegi.pl\/wp-content\/uploads\/2024\/10\/Uslyszec-spiew-jeleni.jpg\",\"contentUrl\":\"https:\/\/literackieprzeszpiegi.pl\/wp-content\/uploads\/2024\/10\/Uslyszec-spiew-jeleni.jpg\",\"width\":908,\"height\":710},{\"@type\":\"BreadcrumbList\",\"@id\":\"https:\/\/literackieprzeszpiegi.pl\/index.php\/2024\/10\/08\/uslyszec-spiew-jeleni-frantisek-smehlik\/#breadcrumb\",\"itemListElement\":[{\"@type\":\"ListItem\",\"position\":1,\"name\":\"Home\",\"item\":\"https:\/\/literackieprzeszpiegi.pl\/\"},{\"@type\":\"ListItem\",\"position\":2,\"name\":\"\u201eUs\u0142ysze\u0107 \u015bpiew jeleni\u201d Franti\u0161ek \u0160mehl\u00edk\"}]},{\"@type\":\"WebSite\",\"@id\":\"https:\/\/literackieprzeszpiegi.pl\/#website\",\"url\":\"https:\/\/literackieprzeszpiegi.pl\/\",\"name\":\"Literackie przeszpiegi\",\"description\":\"blog o ksi\u0105\u017ckach\",\"publisher\":{\"@id\":\"https:\/\/literackieprzeszpiegi.pl\/#organization\"},\"potentialAction\":[{\"@type\":\"SearchAction\",\"target\":{\"@type\":\"EntryPoint\",\"urlTemplate\":\"https:\/\/literackieprzeszpiegi.pl\/?s={search_term_string}\"},\"query-input\":\"required name=search_term_string\"}],\"inLanguage\":\"pl-PL\"},{\"@type\":\"Organization\",\"@id\":\"https:\/\/literackieprzeszpiegi.pl\/#organization\",\"name\":\"Literackie przeszpiegi\",\"url\":\"https:\/\/literackieprzeszpiegi.pl\/\",\"logo\":{\"@type\":\"ImageObject\",\"inLanguage\":\"pl-PL\",\"@id\":\"https:\/\/literackieprzeszpiegi.pl\/#\/schema\/logo\/image\/\",\"url\":\"https:\/\/literackieprzeszpiegi.pl\/wp-content\/uploads\/2021\/01\/cropped-cropped-Literackie-przeszpiegi-1.png\",\"contentUrl\":\"https:\/\/literackieprzeszpiegi.pl\/wp-content\/uploads\/2021\/01\/cropped-cropped-Literackie-przeszpiegi-1.png\",\"width\":499,\"height\":142,\"caption\":\"Literackie przeszpiegi\"},\"image\":{\"@id\":\"https:\/\/literackieprzeszpiegi.pl\/#\/schema\/logo\/image\/\"}},{\"@type\":\"Person\",\"@id\":\"https:\/\/literackieprzeszpiegi.pl\/#\/schema\/person\/fd5c4f317aed549d4833e6402ffea017\",\"name\":\"Szpieg\",\"image\":{\"@type\":\"ImageObject\",\"inLanguage\":\"pl-PL\",\"@id\":\"https:\/\/literackieprzeszpiegi.pl\/#\/schema\/person\/image\/\",\"url\":\"https:\/\/secure.gravatar.com\/avatar\/45a17869257e08975d929f204ef78290?s=96&d=mm&r=g\",\"contentUrl\":\"https:\/\/secure.gravatar.com\/avatar\/45a17869257e08975d929f204ef78290?s=96&d=mm&r=g\",\"caption\":\"Szpieg\"},\"url\":\"https:\/\/literackieprzeszpiegi.pl\/index.php\/author\/admin\/\"}]}<\/script>\n<!-- \/ Yoast SEO plugin. -->","yoast_head_json":{"title":"Recenzja | \u201eUs\u0142ysze\u0107 \u015bpiew jeleni\u201d Franti\u0161ek \u0160mehl\u00edk | Literackie przeszpiegi","description":"\"Ja tylko chcia\u0142em us\u0142ysze\u0107, jak \u015bpiewaj\u0105 jelenie. I \u017ceby \u015bpiewa\u0142y zawsze, jak b\u0119dziesz chcia\u0142a. A teraz przyroda si\u0119 na mnie gniewa! Dlatego ta pani umar\u0142a\".","robots":{"index":"index","follow":"follow","max-snippet":"max-snippet:-1","max-image-preview":"max-image-preview:large","max-video-preview":"max-video-preview:-1"},"canonical":"https:\/\/literackieprzeszpiegi.pl\/index.php\/2024\/10\/08\/uslyszec-spiew-jeleni-frantisek-smehlik\/","og_locale":"pl_PL","og_type":"article","og_title":"Recenzja | \"Us\u0142ysze\u0107 \u015bpiew jeleni\" Franti\u0161ek \u0160mehl\u00edk | Literackie przeszpiegi","og_description":"\"Ja tylko chcia\u0142em us\u0142ysze\u0107, jak \u015bpiewaj\u0105 jelenie. I \u017ceby \u015bpiewa\u0142y zawsze, jak b\u0119dziesz chcia\u0142a. A teraz przyroda si\u0119 na mnie gniewa! Dlatego ta pani umar\u0142a\".","og_url":"https:\/\/literackieprzeszpiegi.pl\/index.php\/2024\/10\/08\/uslyszec-spiew-jeleni-frantisek-smehlik\/","og_site_name":"Literackie przeszpiegi","article_published_time":"2024-10-08T11:13:51+00:00","article_modified_time":"2024-10-09T19:26:27+00:00","og_image":[{"width":908,"height":710,"url":"https:\/\/literackieprzeszpiegi.pl\/wp-content\/uploads\/2024\/10\/Uslyszec-spiew-jeleni.jpg","type":"image\/jpeg"}],"author":"Szpieg","twitter_card":"summary_large_image","twitter_misc":{"Napisane przez":"Szpieg","Szacowany czas czytania":"4 minuty"},"schema":{"@context":"https:\/\/schema.org","@graph":[{"@type":"Article","@id":"https:\/\/literackieprzeszpiegi.pl\/index.php\/2024\/10\/08\/uslyszec-spiew-jeleni-frantisek-smehlik\/#article","isPartOf":{"@id":"https:\/\/literackieprzeszpiegi.pl\/index.php\/2024\/10\/08\/uslyszec-spiew-jeleni-frantisek-smehlik\/"},"author":{"name":"Szpieg","@id":"https:\/\/literackieprzeszpiegi.pl\/#\/schema\/person\/fd5c4f317aed549d4833e6402ffea017"},"headline":"\u201eUs\u0142ysze\u0107 \u015bpiew jeleni\u201d Franti\u0161ek \u0160mehl\u00edk","datePublished":"2024-10-08T11:13:51+00:00","dateModified":"2024-10-09T19:26:27+00:00","mainEntityOfPage":{"@id":"https:\/\/literackieprzeszpiegi.pl\/index.php\/2024\/10\/08\/uslyszec-spiew-jeleni-frantisek-smehlik\/"},"wordCount":773,"commentCount":0,"publisher":{"@id":"https:\/\/literackieprzeszpiegi.pl\/#organization"},"image":{"@id":"https:\/\/literackieprzeszpiegi.pl\/index.php\/2024\/10\/08\/uslyszec-spiew-jeleni-frantisek-smehlik\/#primaryimage"},"thumbnailUrl":"https:\/\/literackieprzeszpiegi.pl\/wp-content\/uploads\/2024\/10\/Uslyszec-spiew-jeleni.jpg","keywords":["Czeskie krimi","Wydawnictwo Afera"],"articleSection":["Hit","Rasowy krymina\u0142","recenzje"],"inLanguage":"pl-PL","potentialAction":[{"@type":"CommentAction","name":"Comment","target":["https:\/\/literackieprzeszpiegi.pl\/index.php\/2024\/10\/08\/uslyszec-spiew-jeleni-frantisek-smehlik\/#respond"]}]},{"@type":"WebPage","@id":"https:\/\/literackieprzeszpiegi.pl\/index.php\/2024\/10\/08\/uslyszec-spiew-jeleni-frantisek-smehlik\/","url":"https:\/\/literackieprzeszpiegi.pl\/index.php\/2024\/10\/08\/uslyszec-spiew-jeleni-frantisek-smehlik\/","name":"Recenzja | \u201eUs\u0142ysze\u0107 \u015bpiew jeleni\u201d Franti\u0161ek \u0160mehl\u00edk | Literackie przeszpiegi","isPartOf":{"@id":"https:\/\/literackieprzeszpiegi.pl\/#website"},"primaryImageOfPage":{"@id":"https:\/\/literackieprzeszpiegi.pl\/index.php\/2024\/10\/08\/uslyszec-spiew-jeleni-frantisek-smehlik\/#primaryimage"},"image":{"@id":"https:\/\/literackieprzeszpiegi.pl\/index.php\/2024\/10\/08\/uslyszec-spiew-jeleni-frantisek-smehlik\/#primaryimage"},"thumbnailUrl":"https:\/\/literackieprzeszpiegi.pl\/wp-content\/uploads\/2024\/10\/Uslyszec-spiew-jeleni.jpg","datePublished":"2024-10-08T11:13:51+00:00","dateModified":"2024-10-09T19:26:27+00:00","description":"\"Ja tylko chcia\u0142em us\u0142ysze\u0107, jak \u015bpiewaj\u0105 jelenie. I \u017ceby \u015bpiewa\u0142y zawsze, jak b\u0119dziesz chcia\u0142a. A teraz przyroda si\u0119 na mnie gniewa! Dlatego ta pani umar\u0142a\".","breadcrumb":{"@id":"https:\/\/literackieprzeszpiegi.pl\/index.php\/2024\/10\/08\/uslyszec-spiew-jeleni-frantisek-smehlik\/#breadcrumb"},"inLanguage":"pl-PL","potentialAction":[{"@type":"ReadAction","target":["https:\/\/literackieprzeszpiegi.pl\/index.php\/2024\/10\/08\/uslyszec-spiew-jeleni-frantisek-smehlik\/"]}]},{"@type":"ImageObject","inLanguage":"pl-PL","@id":"https:\/\/literackieprzeszpiegi.pl\/index.php\/2024\/10\/08\/uslyszec-spiew-jeleni-frantisek-smehlik\/#primaryimage","url":"https:\/\/literackieprzeszpiegi.pl\/wp-content\/uploads\/2024\/10\/Uslyszec-spiew-jeleni.jpg","contentUrl":"https:\/\/literackieprzeszpiegi.pl\/wp-content\/uploads\/2024\/10\/Uslyszec-spiew-jeleni.jpg","width":908,"height":710},{"@type":"BreadcrumbList","@id":"https:\/\/literackieprzeszpiegi.pl\/index.php\/2024\/10\/08\/uslyszec-spiew-jeleni-frantisek-smehlik\/#breadcrumb","itemListElement":[{"@type":"ListItem","position":1,"name":"Home","item":"https:\/\/literackieprzeszpiegi.pl\/"},{"@type":"ListItem","position":2,"name":"\u201eUs\u0142ysze\u0107 \u015bpiew jeleni\u201d Franti\u0161ek \u0160mehl\u00edk"}]},{"@type":"WebSite","@id":"https:\/\/literackieprzeszpiegi.pl\/#website","url":"https:\/\/literackieprzeszpiegi.pl\/","name":"Literackie przeszpiegi","description":"blog o ksi\u0105\u017ckach","publisher":{"@id":"https:\/\/literackieprzeszpiegi.pl\/#organization"},"potentialAction":[{"@type":"SearchAction","target":{"@type":"EntryPoint","urlTemplate":"https:\/\/literackieprzeszpiegi.pl\/?s={search_term_string}"},"query-input":"required name=search_term_string"}],"inLanguage":"pl-PL"},{"@type":"Organization","@id":"https:\/\/literackieprzeszpiegi.pl\/#organization","name":"Literackie przeszpiegi","url":"https:\/\/literackieprzeszpiegi.pl\/","logo":{"@type":"ImageObject","inLanguage":"pl-PL","@id":"https:\/\/literackieprzeszpiegi.pl\/#\/schema\/logo\/image\/","url":"https:\/\/literackieprzeszpiegi.pl\/wp-content\/uploads\/2021\/01\/cropped-cropped-Literackie-przeszpiegi-1.png","contentUrl":"https:\/\/literackieprzeszpiegi.pl\/wp-content\/uploads\/2021\/01\/cropped-cropped-Literackie-przeszpiegi-1.png","width":499,"height":142,"caption":"Literackie przeszpiegi"},"image":{"@id":"https:\/\/literackieprzeszpiegi.pl\/#\/schema\/logo\/image\/"}},{"@type":"Person","@id":"https:\/\/literackieprzeszpiegi.pl\/#\/schema\/person\/fd5c4f317aed549d4833e6402ffea017","name":"Szpieg","image":{"@type":"ImageObject","inLanguage":"pl-PL","@id":"https:\/\/literackieprzeszpiegi.pl\/#\/schema\/person\/image\/","url":"https:\/\/secure.gravatar.com\/avatar\/45a17869257e08975d929f204ef78290?s=96&d=mm&r=g","contentUrl":"https:\/\/secure.gravatar.com\/avatar\/45a17869257e08975d929f204ef78290?s=96&d=mm&r=g","caption":"Szpieg"},"url":"https:\/\/literackieprzeszpiegi.pl\/index.php\/author\/admin\/"}]}},"_links":{"self":[{"href":"https:\/\/literackieprzeszpiegi.pl\/index.php\/wp-json\/wp\/v2\/posts\/3755"}],"collection":[{"href":"https:\/\/literackieprzeszpiegi.pl\/index.php\/wp-json\/wp\/v2\/posts"}],"about":[{"href":"https:\/\/literackieprzeszpiegi.pl\/index.php\/wp-json\/wp\/v2\/types\/post"}],"author":[{"embeddable":true,"href":"https:\/\/literackieprzeszpiegi.pl\/index.php\/wp-json\/wp\/v2\/users\/1"}],"replies":[{"embeddable":true,"href":"https:\/\/literackieprzeszpiegi.pl\/index.php\/wp-json\/wp\/v2\/comments?post=3755"}],"version-history":[{"count":8,"href":"https:\/\/literackieprzeszpiegi.pl\/index.php\/wp-json\/wp\/v2\/posts\/3755\/revisions"}],"predecessor-version":[{"id":3765,"href":"https:\/\/literackieprzeszpiegi.pl\/index.php\/wp-json\/wp\/v2\/posts\/3755\/revisions\/3765"}],"wp:featuredmedia":[{"embeddable":true,"href":"https:\/\/literackieprzeszpiegi.pl\/index.php\/wp-json\/wp\/v2\/media\/3759"}],"wp:attachment":[{"href":"https:\/\/literackieprzeszpiegi.pl\/index.php\/wp-json\/wp\/v2\/media?parent=3755"}],"wp:term":[{"taxonomy":"category","embeddable":true,"href":"https:\/\/literackieprzeszpiegi.pl\/index.php\/wp-json\/wp\/v2\/categories?post=3755"},{"taxonomy":"post_tag","embeddable":true,"href":"https:\/\/literackieprzeszpiegi.pl\/index.php\/wp-json\/wp\/v2\/tags?post=3755"}],"curies":[{"name":"wp","href":"https:\/\/api.w.org\/{rel}","templated":true}]}}