{"id":3868,"date":"2025-07-31T15:18:40","date_gmt":"2025-07-31T13:18:40","guid":{"rendered":"https:\/\/literackieprzeszpiegi.pl\/?p=3868"},"modified":"2025-07-31T15:18:41","modified_gmt":"2025-07-31T13:18:41","slug":"wiatr-od-morza-sztorm-magdalena-witkiewicz","status":"publish","type":"post","link":"https:\/\/literackieprzeszpiegi.pl\/index.php\/2025\/07\/31\/wiatr-od-morza-sztorm-magdalena-witkiewicz\/","title":{"rendered":"\u201eWiatr od morza. Sztorm\u201d Magdalena Witkiewicz"},"content":{"rendered":"\n<h2 class=\"wp-block-heading\">\u201eMo\u017ce na tym polega doros\u0142e \u017cycie, \u017ce niekt\u00f3re rzeczy chowa si\u0119 gdzie\u015b na dnie swoich my\u015bli i wcale o nich nie rozmawia?\u201d.<\/h2>\n\n\n\n<!--more-->\n\n\n\n<p>Z pewno\u015bci\u0105 ka\u017cdy z nas ma w domu takie, nieco ju\u017c przykurzone, pude\u0142ko z pami\u0105tkami z przesz\u0142o\u015bci. Otwierane co jaki\u015b czas, z nutk\u0105 melancholii, z \u0142ezk\u0105 w oku, ale te\u017c i z obawami, czy przypadkiem nie si\u0119gamy do przys\u0142owiowej puszki Pandory. Igie\u0142ki wspomnie\u0144 potrafi\u0105 k\u0142u\u0107 z niespotykan\u0105 moc\u0105, zawsze nad wyraz celnie.<\/p>\n\n\n\n<p>Zaproszenie na spotkanie absolwent\u00f3w jest dla Ani takim katalizatorem, kt\u00f3ry uruchamia ci\u0105g wspomnie\u0144 sprzed 40 lat. Wydawa\u0107 by si\u0119 mog\u0142o, \u017ce taki up\u0142yw czasu mo\u017ce zatrze\u0107 niekt\u00f3re wydarzenia, rozmaza\u0107 kontury i detale. Nic z tego. Czasy licealne Ani i grupy jej przyjaci\u00f3\u0142 nie straci\u0142y nic ze swojej ostro\u015bci. Ani ze swoich tajemnic. Rozdmuchany wiatr wspomnie\u0144 b\u0119dzie trudno uciszy\u0107.<\/p>\n\n\n\n<blockquote class=\"wp-block-quote is-layout-flow wp-block-quote-is-layout-flow\">\n<p>\u201eMo\u017ce gwa\u0142towny podmuch wiatru musia\u0142 zdmuchn\u0105\u0107 wszystkie nasze \u017cyciowe przeszkody, bym wreszcie zrozumia\u0142a, o co w tym wszystkim chodzi?\u201d.<\/p>\n<\/blockquote>\n\n\n\n<p>\u201eWiatr od morza. Sztorm\u201d to nostalgiczna wyprawa do lat 80., do Gda\u0144ska, widziana oczami Ani, W\u0142adka i ich przyjaci\u00f3\u0142. Wydawa\u0107 by si\u0119 mog\u0142o, \u017ce lepszego czasu i miejsca na sw\u0105 m\u0142odo\u015b\u0107 nie mogli wybra\u0107 &#8211; kolorowe lata 80., nadmorskie klimaty i przekonanie o swojej niezniszczalno\u015bci. Tylko \u017ce wprowadzenie stanu wojennego przykry\u0142o wszystko mg\u0142\u0105, pe\u0142n\u0105 szaro\u015bci, bezradno\u015bci i strachu. Polityka bole\u015bnie wciska\u0142a si\u0119 w \u017cycie m\u0142odych ludzi, kt\u00f3rzy dopiero zaczynaj\u0105 my\u015ble\u0107 nad przysz\u0142ym kszta\u0142tem swojej doros\u0142o\u015bci. Pogl\u0105dy polityczne \u0142\u0105cz\u0105 i dziel\u0105, motywuj\u0105 i rozczarowuj\u0105, zmieniaj\u0105 priorytety. M\u0142odzi radz\u0105 sobie z tym na r\u00f3\u017cne sposoby, o niekt\u00f3rych m\u00f3wi\u0105c wprost, inne \u2013 zawzi\u0119cie skrywaj\u0105c.<\/p>\n\n\n\n<blockquote class=\"wp-block-quote is-layout-flow wp-block-quote-is-layout-flow\">\n<p>\u201eNie mieli\u015bmy wtedy pa\u0142ek ani mundur\u00f3w, nie nosili\u015bmy solidnych but\u00f3w, ale mieli\u015bmy cisz\u0119, muzyk\u0119 i wiar\u0119\u201d.<\/p>\n<\/blockquote>\n\n\n\n<p>Do tej pory w \u017cadnej ksi\u0105\u017cce Magdaleny Witkiewicz nie wybrzmiewa tak mocno temat wybor\u00f3w \u017cyciowych i ich konsekwencji. Szale\u0144czy miks m\u0142odzie\u0144czych idei, pierwszych mi\u0142o\u015bci, zdrad i ponurej polityki, kt\u00f3ra t\u0142amsi wszystko, co inne, pot\u0119guje chaos. Czy w takiej sytuacji mo\u017cna wybacza\u0107 b\u0142\u0119dy, stara\u0107 si\u0119 zrozumie\u0107 ryzyko i dostrzec granice mi\u0119dzy dobrem a z\u0142em? Mo\u017cna pr\u00f3bowa\u0107 i b\u0142\u0119dy zamie\u015b\u0107 pod dywan, schowa\u0107 w szufladce z napisem <em>niepami\u0119\u0107<\/em>\u2026 Czy wypada si\u0119 przyznawa\u0107 do tego, co by\u0142o 40 lat temu, chocia\u017c uwiera tak samo, jak by to by\u0142o wczoraj?<\/p>\n\n\n\n<blockquote class=\"wp-block-quote is-layout-flow wp-block-quote-is-layout-flow\">\n<p>\u201eNo, ale \u017cycie sk\u0142ada si\u0119 z pierd\u00f3\u0142. Z miliona pierd\u00f3\u0142, pozornie nic nie znacz\u0105cych, a jednak, gdy si\u0119 wszystkie znajd\u0105 w jednym worku, mog\u0105 cz\u0142owieka nie\u017ale przyt\u0142oczy\u0107\u201d.<\/p>\n<\/blockquote>\n\n\n\n<p>Doros\u0142o\u015b\u0107 przecie\u017c polega na akceptowaniu tego, co min\u0119\u0142o, bo nie mamy w sobie takiej mocy sprawczej, by to zmieni\u0107. Nikt nie poprowadzi ci\u0119 za r\u0119k\u0119, nikt nie wska\u017ce bezb\u0142\u0119dnej drogi. Trzeba j\u0105 samemu znale\u017a\u0107, nabawiaj\u0105c si\u0119 przy tym odcisk\u00f3w, skalecze\u0144, ale nagroda b\u0119dzie tego warta.<\/p>\n\n\n\n<p>Czytajcie niespiesznie \u201eWiatr od morza. Sztorm\u201d i dajcie sobie czas na przemy\u015blenia. Kto przetrwa sztorm, wychodzi z niego silniejszy.<\/p>\n\n\n\n<p>___<br>Magdalena Witkiewicz \u201eWiatr od morza. Sztorm\u201d<br>Pracownia dobrych my\u015bli<\/p>\n","protected":false},"excerpt":{"rendered":"<p>\u201eMo\u017ce na tym polega doros\u0142e \u017cycie, \u017ce niekt\u00f3re rzeczy chowa si\u0119 gdzie\u015b na dnie swoich my\u015bli i wcale o nich nie rozmawia?\u201d.<\/p>\n","protected":false},"author":1,"featured_media":3870,"comment_status":"open","ping_status":"open","sticky":false,"template":"","format":"standard","meta":{"om_disable_all_campaigns":false,"_exactmetrics_skip_tracking":false,"_exactmetrics_sitenote_active":false,"_exactmetrics_sitenote_note":"","_exactmetrics_sitenote_category":0,"_monsterinsights_skip_tracking":false,"_monsterinsights_sitenote_active":false,"_monsterinsights_sitenote_note":"","_monsterinsights_sitenote_category":0,"_uf_show_specific_survey":0,"_uf_disable_surveys":false,"footnotes":""},"categories":[7,1,8],"tags":[183,184],"yoast_head":"<!-- This site is optimized with the Yoast SEO plugin v22.9 - https:\/\/yoast.com\/wordpress\/plugins\/seo\/ -->\n<title>Recenzja | \u201eWiatr od morza. Sztorm\u201d Magdalena Witkiewicz | Literackie przeszpiegi<\/title>\n<meta name=\"description\" content=\"\u201eMo\u017ce na tym polega doros\u0142e \u017cycie, \u017ce niekt\u00f3re rzeczy chowa si\u0119 gdzie\u015b na dnie swoich my\u015bli i wcale o nich nie rozmawia?\u201d.\" \/>\n<meta name=\"robots\" content=\"index, follow, max-snippet:-1, max-image-preview:large, max-video-preview:-1\" \/>\n<link rel=\"canonical\" href=\"https:\/\/literackieprzeszpiegi.pl\/index.php\/2025\/07\/31\/wiatr-od-morza-sztorm-magdalena-witkiewicz\/\" \/>\n<meta property=\"og:locale\" content=\"pl_PL\" \/>\n<meta property=\"og:type\" content=\"article\" \/>\n<meta property=\"og:title\" content=\"Recenzja | &quot;Wiatr od morza&quot; Magdalena Witkiewicz | Literackie przeszpiegi\" \/>\n<meta property=\"og:description\" content=\"\u201eMo\u017ce na tym polega doros\u0142e \u017cycie, \u017ce niekt\u00f3re rzeczy chowa si\u0119 gdzie\u015b na dnie swoich my\u015bli i wcale o nich nie rozmawia?\u201d.\" \/>\n<meta property=\"og:url\" content=\"https:\/\/literackieprzeszpiegi.pl\/index.php\/2025\/07\/31\/wiatr-od-morza-sztorm-magdalena-witkiewicz\/\" \/>\n<meta property=\"og:site_name\" content=\"Literackie przeszpiegi\" \/>\n<meta property=\"article:published_time\" content=\"2025-07-31T13:18:40+00:00\" \/>\n<meta property=\"article:modified_time\" content=\"2025-07-31T13:18:41+00:00\" \/>\n<meta property=\"og:image\" content=\"https:\/\/literackieprzeszpiegi.pl\/wp-content\/uploads\/2025\/07\/Wiatr-od-morza.-Sztorm.jpg\" \/>\n\t<meta property=\"og:image:width\" content=\"928\" \/>\n\t<meta property=\"og:image:height\" content=\"690\" \/>\n\t<meta property=\"og:image:type\" content=\"image\/jpeg\" \/>\n<meta name=\"author\" content=\"Szpieg\" \/>\n<meta name=\"twitter:card\" content=\"summary_large_image\" \/>\n<meta name=\"twitter:label1\" content=\"Napisane przez\" \/>\n\t<meta name=\"twitter:data1\" content=\"Szpieg\" \/>\n\t<meta name=\"twitter:label2\" content=\"Szacowany czas czytania\" \/>\n\t<meta name=\"twitter:data2\" content=\"3 minuty\" \/>\n<script type=\"application\/ld+json\" class=\"yoast-schema-graph\">{\"@context\":\"https:\/\/schema.org\",\"@graph\":[{\"@type\":\"Article\",\"@id\":\"https:\/\/literackieprzeszpiegi.pl\/index.php\/2025\/07\/31\/wiatr-od-morza-sztorm-magdalena-witkiewicz\/#article\",\"isPartOf\":{\"@id\":\"https:\/\/literackieprzeszpiegi.pl\/index.php\/2025\/07\/31\/wiatr-od-morza-sztorm-magdalena-witkiewicz\/\"},\"author\":{\"name\":\"Szpieg\",\"@id\":\"https:\/\/literackieprzeszpiegi.pl\/#\/schema\/person\/fd5c4f317aed549d4833e6402ffea017\"},\"headline\":\"\u201eWiatr od morza. Sztorm\u201d Magdalena Witkiewicz\",\"datePublished\":\"2025-07-31T13:18:40+00:00\",\"dateModified\":\"2025-07-31T13:18:41+00:00\",\"mainEntityOfPage\":{\"@id\":\"https:\/\/literackieprzeszpiegi.pl\/index.php\/2025\/07\/31\/wiatr-od-morza-sztorm-magdalena-witkiewicz\/\"},\"wordCount\":548,\"commentCount\":1,\"publisher\":{\"@id\":\"https:\/\/literackieprzeszpiegi.pl\/#organization\"},\"image\":{\"@id\":\"https:\/\/literackieprzeszpiegi.pl\/index.php\/2025\/07\/31\/wiatr-od-morza-sztorm-magdalena-witkiewicz\/#primaryimage\"},\"thumbnailUrl\":\"https:\/\/literackieprzeszpiegi.pl\/wp-content\/uploads\/2025\/07\/Wiatr-od-morza.-Sztorm.jpg\",\"keywords\":[\"Magdalena Witkiewicz\",\"Pracownia Dobrych My\u015bli\"],\"articleSection\":[\"Hit\",\"Inne\",\"recenzje\"],\"inLanguage\":\"pl-PL\",\"potentialAction\":[{\"@type\":\"CommentAction\",\"name\":\"Comment\",\"target\":[\"https:\/\/literackieprzeszpiegi.pl\/index.php\/2025\/07\/31\/wiatr-od-morza-sztorm-magdalena-witkiewicz\/#respond\"]}]},{\"@type\":\"WebPage\",\"@id\":\"https:\/\/literackieprzeszpiegi.pl\/index.php\/2025\/07\/31\/wiatr-od-morza-sztorm-magdalena-witkiewicz\/\",\"url\":\"https:\/\/literackieprzeszpiegi.pl\/index.php\/2025\/07\/31\/wiatr-od-morza-sztorm-magdalena-witkiewicz\/\",\"name\":\"Recenzja | \u201eWiatr od morza. Sztorm\u201d Magdalena Witkiewicz | Literackie przeszpiegi\",\"isPartOf\":{\"@id\":\"https:\/\/literackieprzeszpiegi.pl\/#website\"},\"primaryImageOfPage\":{\"@id\":\"https:\/\/literackieprzeszpiegi.pl\/index.php\/2025\/07\/31\/wiatr-od-morza-sztorm-magdalena-witkiewicz\/#primaryimage\"},\"image\":{\"@id\":\"https:\/\/literackieprzeszpiegi.pl\/index.php\/2025\/07\/31\/wiatr-od-morza-sztorm-magdalena-witkiewicz\/#primaryimage\"},\"thumbnailUrl\":\"https:\/\/literackieprzeszpiegi.pl\/wp-content\/uploads\/2025\/07\/Wiatr-od-morza.-Sztorm.jpg\",\"datePublished\":\"2025-07-31T13:18:40+00:00\",\"dateModified\":\"2025-07-31T13:18:41+00:00\",\"description\":\"\u201eMo\u017ce na tym polega doros\u0142e \u017cycie, \u017ce niekt\u00f3re rzeczy chowa si\u0119 gdzie\u015b na dnie swoich my\u015bli i wcale o nich nie rozmawia?\u201d.\",\"breadcrumb\":{\"@id\":\"https:\/\/literackieprzeszpiegi.pl\/index.php\/2025\/07\/31\/wiatr-od-morza-sztorm-magdalena-witkiewicz\/#breadcrumb\"},\"inLanguage\":\"pl-PL\",\"potentialAction\":[{\"@type\":\"ReadAction\",\"target\":[\"https:\/\/literackieprzeszpiegi.pl\/index.php\/2025\/07\/31\/wiatr-od-morza-sztorm-magdalena-witkiewicz\/\"]}]},{\"@type\":\"ImageObject\",\"inLanguage\":\"pl-PL\",\"@id\":\"https:\/\/literackieprzeszpiegi.pl\/index.php\/2025\/07\/31\/wiatr-od-morza-sztorm-magdalena-witkiewicz\/#primaryimage\",\"url\":\"https:\/\/literackieprzeszpiegi.pl\/wp-content\/uploads\/2025\/07\/Wiatr-od-morza.-Sztorm.jpg\",\"contentUrl\":\"https:\/\/literackieprzeszpiegi.pl\/wp-content\/uploads\/2025\/07\/Wiatr-od-morza.-Sztorm.jpg\",\"width\":928,\"height\":690},{\"@type\":\"BreadcrumbList\",\"@id\":\"https:\/\/literackieprzeszpiegi.pl\/index.php\/2025\/07\/31\/wiatr-od-morza-sztorm-magdalena-witkiewicz\/#breadcrumb\",\"itemListElement\":[{\"@type\":\"ListItem\",\"position\":1,\"name\":\"Home\",\"item\":\"https:\/\/literackieprzeszpiegi.pl\/\"},{\"@type\":\"ListItem\",\"position\":2,\"name\":\"\u201eWiatr od morza. Sztorm\u201d Magdalena Witkiewicz\"}]},{\"@type\":\"WebSite\",\"@id\":\"https:\/\/literackieprzeszpiegi.pl\/#website\",\"url\":\"https:\/\/literackieprzeszpiegi.pl\/\",\"name\":\"Literackie przeszpiegi\",\"description\":\"blog o ksi\u0105\u017ckach\",\"publisher\":{\"@id\":\"https:\/\/literackieprzeszpiegi.pl\/#organization\"},\"potentialAction\":[{\"@type\":\"SearchAction\",\"target\":{\"@type\":\"EntryPoint\",\"urlTemplate\":\"https:\/\/literackieprzeszpiegi.pl\/?s={search_term_string}\"},\"query-input\":\"required name=search_term_string\"}],\"inLanguage\":\"pl-PL\"},{\"@type\":\"Organization\",\"@id\":\"https:\/\/literackieprzeszpiegi.pl\/#organization\",\"name\":\"Literackie przeszpiegi\",\"url\":\"https:\/\/literackieprzeszpiegi.pl\/\",\"logo\":{\"@type\":\"ImageObject\",\"inLanguage\":\"pl-PL\",\"@id\":\"https:\/\/literackieprzeszpiegi.pl\/#\/schema\/logo\/image\/\",\"url\":\"https:\/\/literackieprzeszpiegi.pl\/wp-content\/uploads\/2021\/01\/cropped-cropped-Literackie-przeszpiegi-1.png\",\"contentUrl\":\"https:\/\/literackieprzeszpiegi.pl\/wp-content\/uploads\/2021\/01\/cropped-cropped-Literackie-przeszpiegi-1.png\",\"width\":499,\"height\":142,\"caption\":\"Literackie przeszpiegi\"},\"image\":{\"@id\":\"https:\/\/literackieprzeszpiegi.pl\/#\/schema\/logo\/image\/\"}},{\"@type\":\"Person\",\"@id\":\"https:\/\/literackieprzeszpiegi.pl\/#\/schema\/person\/fd5c4f317aed549d4833e6402ffea017\",\"name\":\"Szpieg\",\"image\":{\"@type\":\"ImageObject\",\"inLanguage\":\"pl-PL\",\"@id\":\"https:\/\/literackieprzeszpiegi.pl\/#\/schema\/person\/image\/\",\"url\":\"https:\/\/secure.gravatar.com\/avatar\/45a17869257e08975d929f204ef78290?s=96&d=mm&r=g\",\"contentUrl\":\"https:\/\/secure.gravatar.com\/avatar\/45a17869257e08975d929f204ef78290?s=96&d=mm&r=g\",\"caption\":\"Szpieg\"},\"url\":\"https:\/\/literackieprzeszpiegi.pl\/index.php\/author\/admin\/\"}]}<\/script>\n<!-- \/ Yoast SEO plugin. -->","yoast_head_json":{"title":"Recenzja | \u201eWiatr od morza. Sztorm\u201d Magdalena Witkiewicz | Literackie przeszpiegi","description":"\u201eMo\u017ce na tym polega doros\u0142e \u017cycie, \u017ce niekt\u00f3re rzeczy chowa si\u0119 gdzie\u015b na dnie swoich my\u015bli i wcale o nich nie rozmawia?\u201d.","robots":{"index":"index","follow":"follow","max-snippet":"max-snippet:-1","max-image-preview":"max-image-preview:large","max-video-preview":"max-video-preview:-1"},"canonical":"https:\/\/literackieprzeszpiegi.pl\/index.php\/2025\/07\/31\/wiatr-od-morza-sztorm-magdalena-witkiewicz\/","og_locale":"pl_PL","og_type":"article","og_title":"Recenzja | \"Wiatr od morza\" Magdalena Witkiewicz | Literackie przeszpiegi","og_description":"\u201eMo\u017ce na tym polega doros\u0142e \u017cycie, \u017ce niekt\u00f3re rzeczy chowa si\u0119 gdzie\u015b na dnie swoich my\u015bli i wcale o nich nie rozmawia?\u201d.","og_url":"https:\/\/literackieprzeszpiegi.pl\/index.php\/2025\/07\/31\/wiatr-od-morza-sztorm-magdalena-witkiewicz\/","og_site_name":"Literackie przeszpiegi","article_published_time":"2025-07-31T13:18:40+00:00","article_modified_time":"2025-07-31T13:18:41+00:00","og_image":[{"width":928,"height":690,"url":"https:\/\/literackieprzeszpiegi.pl\/wp-content\/uploads\/2025\/07\/Wiatr-od-morza.-Sztorm.jpg","type":"image\/jpeg"}],"author":"Szpieg","twitter_card":"summary_large_image","twitter_misc":{"Napisane przez":"Szpieg","Szacowany czas czytania":"3 minuty"},"schema":{"@context":"https:\/\/schema.org","@graph":[{"@type":"Article","@id":"https:\/\/literackieprzeszpiegi.pl\/index.php\/2025\/07\/31\/wiatr-od-morza-sztorm-magdalena-witkiewicz\/#article","isPartOf":{"@id":"https:\/\/literackieprzeszpiegi.pl\/index.php\/2025\/07\/31\/wiatr-od-morza-sztorm-magdalena-witkiewicz\/"},"author":{"name":"Szpieg","@id":"https:\/\/literackieprzeszpiegi.pl\/#\/schema\/person\/fd5c4f317aed549d4833e6402ffea017"},"headline":"\u201eWiatr od morza. Sztorm\u201d Magdalena Witkiewicz","datePublished":"2025-07-31T13:18:40+00:00","dateModified":"2025-07-31T13:18:41+00:00","mainEntityOfPage":{"@id":"https:\/\/literackieprzeszpiegi.pl\/index.php\/2025\/07\/31\/wiatr-od-morza-sztorm-magdalena-witkiewicz\/"},"wordCount":548,"commentCount":1,"publisher":{"@id":"https:\/\/literackieprzeszpiegi.pl\/#organization"},"image":{"@id":"https:\/\/literackieprzeszpiegi.pl\/index.php\/2025\/07\/31\/wiatr-od-morza-sztorm-magdalena-witkiewicz\/#primaryimage"},"thumbnailUrl":"https:\/\/literackieprzeszpiegi.pl\/wp-content\/uploads\/2025\/07\/Wiatr-od-morza.-Sztorm.jpg","keywords":["Magdalena Witkiewicz","Pracownia Dobrych My\u015bli"],"articleSection":["Hit","Inne","recenzje"],"inLanguage":"pl-PL","potentialAction":[{"@type":"CommentAction","name":"Comment","target":["https:\/\/literackieprzeszpiegi.pl\/index.php\/2025\/07\/31\/wiatr-od-morza-sztorm-magdalena-witkiewicz\/#respond"]}]},{"@type":"WebPage","@id":"https:\/\/literackieprzeszpiegi.pl\/index.php\/2025\/07\/31\/wiatr-od-morza-sztorm-magdalena-witkiewicz\/","url":"https:\/\/literackieprzeszpiegi.pl\/index.php\/2025\/07\/31\/wiatr-od-morza-sztorm-magdalena-witkiewicz\/","name":"Recenzja | \u201eWiatr od morza. Sztorm\u201d Magdalena Witkiewicz | Literackie przeszpiegi","isPartOf":{"@id":"https:\/\/literackieprzeszpiegi.pl\/#website"},"primaryImageOfPage":{"@id":"https:\/\/literackieprzeszpiegi.pl\/index.php\/2025\/07\/31\/wiatr-od-morza-sztorm-magdalena-witkiewicz\/#primaryimage"},"image":{"@id":"https:\/\/literackieprzeszpiegi.pl\/index.php\/2025\/07\/31\/wiatr-od-morza-sztorm-magdalena-witkiewicz\/#primaryimage"},"thumbnailUrl":"https:\/\/literackieprzeszpiegi.pl\/wp-content\/uploads\/2025\/07\/Wiatr-od-morza.-Sztorm.jpg","datePublished":"2025-07-31T13:18:40+00:00","dateModified":"2025-07-31T13:18:41+00:00","description":"\u201eMo\u017ce na tym polega doros\u0142e \u017cycie, \u017ce niekt\u00f3re rzeczy chowa si\u0119 gdzie\u015b na dnie swoich my\u015bli i wcale o nich nie rozmawia?\u201d.","breadcrumb":{"@id":"https:\/\/literackieprzeszpiegi.pl\/index.php\/2025\/07\/31\/wiatr-od-morza-sztorm-magdalena-witkiewicz\/#breadcrumb"},"inLanguage":"pl-PL","potentialAction":[{"@type":"ReadAction","target":["https:\/\/literackieprzeszpiegi.pl\/index.php\/2025\/07\/31\/wiatr-od-morza-sztorm-magdalena-witkiewicz\/"]}]},{"@type":"ImageObject","inLanguage":"pl-PL","@id":"https:\/\/literackieprzeszpiegi.pl\/index.php\/2025\/07\/31\/wiatr-od-morza-sztorm-magdalena-witkiewicz\/#primaryimage","url":"https:\/\/literackieprzeszpiegi.pl\/wp-content\/uploads\/2025\/07\/Wiatr-od-morza.-Sztorm.jpg","contentUrl":"https:\/\/literackieprzeszpiegi.pl\/wp-content\/uploads\/2025\/07\/Wiatr-od-morza.-Sztorm.jpg","width":928,"height":690},{"@type":"BreadcrumbList","@id":"https:\/\/literackieprzeszpiegi.pl\/index.php\/2025\/07\/31\/wiatr-od-morza-sztorm-magdalena-witkiewicz\/#breadcrumb","itemListElement":[{"@type":"ListItem","position":1,"name":"Home","item":"https:\/\/literackieprzeszpiegi.pl\/"},{"@type":"ListItem","position":2,"name":"\u201eWiatr od morza. Sztorm\u201d Magdalena Witkiewicz"}]},{"@type":"WebSite","@id":"https:\/\/literackieprzeszpiegi.pl\/#website","url":"https:\/\/literackieprzeszpiegi.pl\/","name":"Literackie przeszpiegi","description":"blog o ksi\u0105\u017ckach","publisher":{"@id":"https:\/\/literackieprzeszpiegi.pl\/#organization"},"potentialAction":[{"@type":"SearchAction","target":{"@type":"EntryPoint","urlTemplate":"https:\/\/literackieprzeszpiegi.pl\/?s={search_term_string}"},"query-input":"required name=search_term_string"}],"inLanguage":"pl-PL"},{"@type":"Organization","@id":"https:\/\/literackieprzeszpiegi.pl\/#organization","name":"Literackie przeszpiegi","url":"https:\/\/literackieprzeszpiegi.pl\/","logo":{"@type":"ImageObject","inLanguage":"pl-PL","@id":"https:\/\/literackieprzeszpiegi.pl\/#\/schema\/logo\/image\/","url":"https:\/\/literackieprzeszpiegi.pl\/wp-content\/uploads\/2021\/01\/cropped-cropped-Literackie-przeszpiegi-1.png","contentUrl":"https:\/\/literackieprzeszpiegi.pl\/wp-content\/uploads\/2021\/01\/cropped-cropped-Literackie-przeszpiegi-1.png","width":499,"height":142,"caption":"Literackie przeszpiegi"},"image":{"@id":"https:\/\/literackieprzeszpiegi.pl\/#\/schema\/logo\/image\/"}},{"@type":"Person","@id":"https:\/\/literackieprzeszpiegi.pl\/#\/schema\/person\/fd5c4f317aed549d4833e6402ffea017","name":"Szpieg","image":{"@type":"ImageObject","inLanguage":"pl-PL","@id":"https:\/\/literackieprzeszpiegi.pl\/#\/schema\/person\/image\/","url":"https:\/\/secure.gravatar.com\/avatar\/45a17869257e08975d929f204ef78290?s=96&d=mm&r=g","contentUrl":"https:\/\/secure.gravatar.com\/avatar\/45a17869257e08975d929f204ef78290?s=96&d=mm&r=g","caption":"Szpieg"},"url":"https:\/\/literackieprzeszpiegi.pl\/index.php\/author\/admin\/"}]}},"_links":{"self":[{"href":"https:\/\/literackieprzeszpiegi.pl\/index.php\/wp-json\/wp\/v2\/posts\/3868"}],"collection":[{"href":"https:\/\/literackieprzeszpiegi.pl\/index.php\/wp-json\/wp\/v2\/posts"}],"about":[{"href":"https:\/\/literackieprzeszpiegi.pl\/index.php\/wp-json\/wp\/v2\/types\/post"}],"author":[{"embeddable":true,"href":"https:\/\/literackieprzeszpiegi.pl\/index.php\/wp-json\/wp\/v2\/users\/1"}],"replies":[{"embeddable":true,"href":"https:\/\/literackieprzeszpiegi.pl\/index.php\/wp-json\/wp\/v2\/comments?post=3868"}],"version-history":[{"count":3,"href":"https:\/\/literackieprzeszpiegi.pl\/index.php\/wp-json\/wp\/v2\/posts\/3868\/revisions"}],"predecessor-version":[{"id":3872,"href":"https:\/\/literackieprzeszpiegi.pl\/index.php\/wp-json\/wp\/v2\/posts\/3868\/revisions\/3872"}],"wp:featuredmedia":[{"embeddable":true,"href":"https:\/\/literackieprzeszpiegi.pl\/index.php\/wp-json\/wp\/v2\/media\/3870"}],"wp:attachment":[{"href":"https:\/\/literackieprzeszpiegi.pl\/index.php\/wp-json\/wp\/v2\/media?parent=3868"}],"wp:term":[{"taxonomy":"category","embeddable":true,"href":"https:\/\/literackieprzeszpiegi.pl\/index.php\/wp-json\/wp\/v2\/categories?post=3868"},{"taxonomy":"post_tag","embeddable":true,"href":"https:\/\/literackieprzeszpiegi.pl\/index.php\/wp-json\/wp\/v2\/tags?post=3868"}],"curies":[{"name":"wp","href":"https:\/\/api.w.org\/{rel}","templated":true}]}}