{"id":3874,"date":"2025-08-21T13:47:09","date_gmt":"2025-08-21T11:47:09","guid":{"rendered":"https:\/\/literackieprzeszpiegi.pl\/?p=3874"},"modified":"2025-08-25T23:04:21","modified_gmt":"2025-08-25T21:04:21","slug":"potrojny-blef-karolina-morawiecka","status":"publish","type":"post","link":"https:\/\/literackieprzeszpiegi.pl\/index.php\/2025\/08\/21\/potrojny-blef-karolina-morawiecka\/","title":{"rendered":"\u201ePotr\u00f3jny blef\u201d Karolina Morawiecka"},"content":{"rendered":"\n<h2 class=\"wp-block-heading\">\u201eAle teraz jest trzydziesty drugi rok, a ja mam prowadzi\u0107 \u015bledztwo, nie rozpytuj\u0105c, tylko trzymaj\u0105c r\u0119k\u0119 na pulsie\u201d.<\/h2>\n\n\n\n<!--more-->\n\n\n\n<p class=\"has-text-align-left\">Doprawdy, nie powinni\u015bmy si\u0119 dziwi\u0107 rozgoryczeniu Ewarysta Grzebinogi, kt\u00f3remu nadchodz\u0105ce \u015bledztwo przysporzy wielu trosk i przyniesie awans lub spektakularn\u0105 degradacj\u0119. A dyskrecja b\u0119dzie nad wyraz wskazana, gdy\u017c \u017bubryn\u00f3wka &#8211; dworek szanownego profesora \u017bubrzy\u0144skiego \u2013 zosta\u0142a skalana nieboszczk\u0105, w postaci s\u0142u\u017c\u0105cej. Nikt nie chce skandalu nieopodal Pieskowej Ska\u0142y, w dodatku pe\u0142nej znamienitych go\u015bci przyby\u0142ych na ojcowski rajd g\u00f3rski. \u015aledztwo komplikuje si\u0119 jeszcze bardziej, gdy okazuje si\u0119, \u017ce s\u0142u\u017c\u0105ca nie pochodzi z \u017bubryn\u00f3wki a osobliwy ubi\u00f3r zdecydowanie jej nie przystoi\u2026 Co jeszcze mo\u017ce si\u0119 nie zgadza\u0107?<\/p>\n\n\n\n<blockquote class=\"wp-block-quote is-layout-flow wp-block-quote-is-layout-flow\">\n<p class=\"has-text-align-center\">\u201e\u015amier\u0107 zmienia nawet najszlachetniejsze rysy\u201d.<\/p>\n<\/blockquote>\n\n\n\n<p>Ewaryst Grzebinoga musi gra\u0107 takimi kartami, na kt\u00f3re mu pozwolono, ale to nie oznacza, \u017ce jest osamotniony w swojej dzia\u0142alno\u015bci dedukcyjnej. Do\u015b\u0107 nieoczekiwanym wsparciem okazuj\u0105 si\u0119 m\u0142ody medyk, Dionizy Porckolanko i panna Konstancja Tatarewicz\u00f3wna, przebywaj\u0105ca na go\u015bcinnym pobycie w \u017bubryn\u00f3wce. A morderca tylko czeka, by uderzy\u0107 ponownie, wiod\u0105c na manowce, raz po raz, nasze nietypowe \u015bledcze trio\u2026 Gdzie tu logika, gdzie szuka\u0107 motywu dzia\u0142ania mordercy? I dlaczego znajomo\u015b\u0107 tajnik\u00f3w damskiego ubioru mo\u017ce tak bardzo skomplikowa\u0107 \u015bledztwo?<\/p>\n\n\n\n<p>\u201ePotr\u00f3jny blef\u201d to przednia uczta literacka, w kt\u00f3rej kryminalna zabawa w kotka i myszk\u0119 z czytelnikiem trwa w najlepsze. \u015aledczym nieustannie przybywa trosk, gdy\u017c niepasuj\u0105ce do siebie elementy odci\u0105gaj\u0105 uwag\u0119 od meritum sprawy. S\u0142owne bitwy na argumenty, tezy i \u015bmia\u0142e wnioski co rusz ko\u0144cz\u0105 si\u0119 tak samo, czyli na podawaniu wszystkiego w w\u0105tpliwo\u015b\u0107. A czasem wystarczy tylko w odpowiedniej chwili wytrzepa\u0107 z buta uwieraj\u0105cy kamyk\u2026 Ale o tym ciiii!<\/p>\n\n\n\n<blockquote class=\"wp-block-quote is-layout-flow wp-block-quote-is-layout-flow\">\n<p class=\"has-text-align-center\">\u201eDlatego w chaosie staramy si\u0119 dopatrywa\u0107 sens\u00f3w, kt\u00f3rych, <br>jestem o tym przekonany, w gruncie rzeczy tam nie ma\u201d.<\/p>\n<\/blockquote>\n\n\n\n<p>W tej historii kryminalnej uwag\u0119 przyci\u0105gaj\u0105 te\u017c barwne postacie, o r\u00f3wnie barwnych personaliach. Chocia\u017c, nie powiem, nieco dr\u017ca\u0142am, bo im dalej w las, tym mia\u0142am wra\u017cenie, \u017ce Ewaryst, Dionizy i Konstancja coraz bardziej podupadaj\u0105 na zdrowiu i wierze we w\u0142asne si\u0142y i przekonania. Konstancja jest charaktern\u0105 pann\u0105, kt\u00f3r\u0105 do\u015b\u0107 mocno uwieraj\u0105 \u00f3wczesne normy spo\u0142eczne. Przys\u0142owiowe tuptanie n\u00f3\u017ck\u0105 wobec tego, co si\u0119 powinno (a czego zdecydowanie si\u0119 nie powinno!) prowadzi do mniejszych lub wi\u0119kszych niezr\u0119czno\u015bci, kt\u00f3re rodzina stara si\u0119 kamuflowa\u0107. Ale b\u0142ysku dedukcji nie mo\u017cna jej odm\u00f3wi\u0107, co zreszt\u0105 znajduje spore uznanie w oczach \u015bledczych. I naprawd\u0119 wyr\u00f3\u017cnia si\u0119 na tle innych kobiet, kt\u00f3re zwyczajowo tylko plotkuj\u0105, mdlej\u0105 na pot\u0119g\u0119 lub przewiduj\u0105 ha\u0144b\u0119 w postaci staropanie\u0144stwa m\u0142odego pokolenia (tu prym wiedzie hrabinowa zo\u0142zowato\u015b\u0107, w osobie Marii J\u00f3zefy <em>de domo<\/em> M\u0105czy\u0144skiej, <em>primo voto<\/em> Hawryniewicz, <em>secundo voto<\/em> Kulwiec). Zreszt\u0105, na tle dystyngowanych pan\u00f3w, dla kt\u00f3rych dyskrecja, reputacja i brak skandali s\u0105 priorytetami \u2013 r\u00f3wnie\u017c. I wobec takich m\u0119skich postaw, cho\u0107by Ewaryst i Dionizy stawali na g\u0142owie i chcieli z\u0142apa\u0107 morderc\u0119 i zapobiec kolejnym ofiarom, to mog\u0105 li i jedynie trzyma\u0107 r\u0119k\u0119 na pulsie i by\u0107 dyskretnym. Na szcz\u0119\u015bcie pokoj\u00f3wki i s\u0142u\u017c\u0105ce s\u0105 zdecydowanie mniej dyskretne, chocia\u017c o zmar\u0142ych \u017ale si\u0119 nie m\u00f3wi\u2026<\/p>\n\n\n\n<p>W \u201ePotr\u00f3jnym blefie\u201d zagadka kryminalna b\u0119dzie Was frapowa\u0107 do samego ko\u0144ca, bo niby wszystko wiadomo ju\u017c wcze\u015bniej, ale nie dajcie si\u0119 zwie\u015b\u0107\u2026 A to wszystko w urokliwej scenerii Pieskowej Ska\u0142y i okolic, w zacnym towarzystwie z wy\u017cszych sfer i z r\u00f3wnie zacnymi automobilistami, gdzie prym wiod\u0105 ploteczki, skandale, awanse, flirciki, zdrady i\u2026 \u017carciki niejakiego Witkacego. I do tego dedukcja! Dedukcja ponad wszystkie konwenanse i kwestie polityczne, bo przecie\u017c to tak nie uchodzi, by mordercy wszystko usz\u0142o p\u0142azem\u2026<br>___<br>Karolina Morawiecka \u201ePotr\u00f3jny blef\u201d<br>Wydawnictwo Harde<\/p>\n","protected":false},"excerpt":{"rendered":"<p>\u201eAle teraz jest trzydziesty drugi rok, a ja mam prowadzi\u0107 \u015bledztwo, nie rozpytuj\u0105c, tylko trzymaj\u0105c r\u0119k\u0119 na pulsie\u201d.<\/p>\n","protected":false},"author":1,"featured_media":3875,"comment_status":"open","ping_status":"open","sticky":false,"template":"","format":"standard","meta":{"om_disable_all_campaigns":false,"_exactmetrics_skip_tracking":false,"_exactmetrics_sitenote_active":false,"_exactmetrics_sitenote_note":"","_exactmetrics_sitenote_category":0,"_monsterinsights_skip_tracking":false,"_monsterinsights_sitenote_active":false,"_monsterinsights_sitenote_note":"","_monsterinsights_sitenote_category":0,"_uf_show_specific_survey":0,"_uf_disable_surveys":false,"footnotes":""},"categories":[7,3,8,112],"tags":[189,144],"yoast_head":"<!-- This site is optimized with the Yoast SEO plugin v22.9 - https:\/\/yoast.com\/wordpress\/plugins\/seo\/ -->\n<title>Recenzja | \u201ePotr\u00f3jny blef\u201d Karolina Morawiecka | Literackie przeszpiegi<\/title>\n<meta name=\"description\" content=\"&quot;Ale teraz jest trzydziesty drugi rok, a ja mam prowadzi\u0107 \u015bledztwo, nie rozpytuj\u0105c, tylko trzymaj\u0105c r\u0119k\u0119 na pulsie&quot;.\" \/>\n<meta name=\"robots\" content=\"index, follow, max-snippet:-1, max-image-preview:large, max-video-preview:-1\" \/>\n<link rel=\"canonical\" href=\"https:\/\/literackieprzeszpiegi.pl\/index.php\/2025\/08\/21\/potrojny-blef-karolina-morawiecka\/\" \/>\n<meta property=\"og:locale\" content=\"pl_PL\" \/>\n<meta property=\"og:type\" content=\"article\" \/>\n<meta property=\"og:title\" content=\"Recenzja | &quot;Potr\u00f3jny blef&quot; Karolina Morawiecka | Literackie przeszpiegi\" \/>\n<meta property=\"og:description\" content=\"&quot;Ale teraz jest trzydziesty drugi rok, a ja mam prowadzi\u0107 \u015bledztwo, nie rozpytuj\u0105c, tylko trzymaj\u0105c r\u0119k\u0119 na pulsie&quot;.\" \/>\n<meta property=\"og:url\" content=\"https:\/\/literackieprzeszpiegi.pl\/index.php\/2025\/08\/21\/potrojny-blef-karolina-morawiecka\/\" \/>\n<meta property=\"og:site_name\" content=\"Literackie przeszpiegi\" \/>\n<meta property=\"article:published_time\" content=\"2025-08-21T11:47:09+00:00\" \/>\n<meta property=\"article:modified_time\" content=\"2025-08-25T21:04:21+00:00\" \/>\n<meta property=\"og:image\" content=\"https:\/\/literackieprzeszpiegi.pl\/wp-content\/uploads\/2025\/08\/Potrojny-blef_Karolina-Morawiecka.jpg\" \/>\n\t<meta property=\"og:image:width\" content=\"990\" \/>\n\t<meta property=\"og:image:height\" content=\"690\" \/>\n\t<meta property=\"og:image:type\" content=\"image\/jpeg\" \/>\n<meta name=\"author\" content=\"Szpieg\" \/>\n<meta name=\"twitter:card\" content=\"summary_large_image\" \/>\n<meta name=\"twitter:label1\" content=\"Napisane przez\" \/>\n\t<meta name=\"twitter:data1\" content=\"Szpieg\" \/>\n\t<meta name=\"twitter:label2\" content=\"Szacowany czas czytania\" \/>\n\t<meta name=\"twitter:data2\" content=\"4 minuty\" \/>\n<script type=\"application\/ld+json\" class=\"yoast-schema-graph\">{\"@context\":\"https:\/\/schema.org\",\"@graph\":[{\"@type\":\"Article\",\"@id\":\"https:\/\/literackieprzeszpiegi.pl\/index.php\/2025\/08\/21\/potrojny-blef-karolina-morawiecka\/#article\",\"isPartOf\":{\"@id\":\"https:\/\/literackieprzeszpiegi.pl\/index.php\/2025\/08\/21\/potrojny-blef-karolina-morawiecka\/\"},\"author\":{\"name\":\"Szpieg\",\"@id\":\"https:\/\/literackieprzeszpiegi.pl\/#\/schema\/person\/fd5c4f317aed549d4833e6402ffea017\"},\"headline\":\"\u201ePotr\u00f3jny blef\u201d Karolina Morawiecka\",\"datePublished\":\"2025-08-21T11:47:09+00:00\",\"dateModified\":\"2025-08-25T21:04:21+00:00\",\"mainEntityOfPage\":{\"@id\":\"https:\/\/literackieprzeszpiegi.pl\/index.php\/2025\/08\/21\/potrojny-blef-karolina-morawiecka\/\"},\"wordCount\":653,\"commentCount\":0,\"publisher\":{\"@id\":\"https:\/\/literackieprzeszpiegi.pl\/#organization\"},\"image\":{\"@id\":\"https:\/\/literackieprzeszpiegi.pl\/index.php\/2025\/08\/21\/potrojny-blef-karolina-morawiecka\/#primaryimage\"},\"thumbnailUrl\":\"https:\/\/literackieprzeszpiegi.pl\/wp-content\/uploads\/2025\/08\/Potrojny-blef_Karolina-Morawiecka.jpg\",\"keywords\":[\"Karolina Morawiecka\",\"Wydawnictwo Harde\"],\"articleSection\":[\"Hit\",\"Rasowy krymina\u0142\",\"recenzje\",\"Retro\"],\"inLanguage\":\"pl-PL\",\"potentialAction\":[{\"@type\":\"CommentAction\",\"name\":\"Comment\",\"target\":[\"https:\/\/literackieprzeszpiegi.pl\/index.php\/2025\/08\/21\/potrojny-blef-karolina-morawiecka\/#respond\"]}]},{\"@type\":\"WebPage\",\"@id\":\"https:\/\/literackieprzeszpiegi.pl\/index.php\/2025\/08\/21\/potrojny-blef-karolina-morawiecka\/\",\"url\":\"https:\/\/literackieprzeszpiegi.pl\/index.php\/2025\/08\/21\/potrojny-blef-karolina-morawiecka\/\",\"name\":\"Recenzja | \u201ePotr\u00f3jny blef\u201d Karolina Morawiecka | Literackie przeszpiegi\",\"isPartOf\":{\"@id\":\"https:\/\/literackieprzeszpiegi.pl\/#website\"},\"primaryImageOfPage\":{\"@id\":\"https:\/\/literackieprzeszpiegi.pl\/index.php\/2025\/08\/21\/potrojny-blef-karolina-morawiecka\/#primaryimage\"},\"image\":{\"@id\":\"https:\/\/literackieprzeszpiegi.pl\/index.php\/2025\/08\/21\/potrojny-blef-karolina-morawiecka\/#primaryimage\"},\"thumbnailUrl\":\"https:\/\/literackieprzeszpiegi.pl\/wp-content\/uploads\/2025\/08\/Potrojny-blef_Karolina-Morawiecka.jpg\",\"datePublished\":\"2025-08-21T11:47:09+00:00\",\"dateModified\":\"2025-08-25T21:04:21+00:00\",\"description\":\"\\\"Ale teraz jest trzydziesty drugi rok, a ja mam prowadzi\u0107 \u015bledztwo, nie rozpytuj\u0105c, tylko trzymaj\u0105c r\u0119k\u0119 na pulsie\\\".\",\"breadcrumb\":{\"@id\":\"https:\/\/literackieprzeszpiegi.pl\/index.php\/2025\/08\/21\/potrojny-blef-karolina-morawiecka\/#breadcrumb\"},\"inLanguage\":\"pl-PL\",\"potentialAction\":[{\"@type\":\"ReadAction\",\"target\":[\"https:\/\/literackieprzeszpiegi.pl\/index.php\/2025\/08\/21\/potrojny-blef-karolina-morawiecka\/\"]}]},{\"@type\":\"ImageObject\",\"inLanguage\":\"pl-PL\",\"@id\":\"https:\/\/literackieprzeszpiegi.pl\/index.php\/2025\/08\/21\/potrojny-blef-karolina-morawiecka\/#primaryimage\",\"url\":\"https:\/\/literackieprzeszpiegi.pl\/wp-content\/uploads\/2025\/08\/Potrojny-blef_Karolina-Morawiecka.jpg\",\"contentUrl\":\"https:\/\/literackieprzeszpiegi.pl\/wp-content\/uploads\/2025\/08\/Potrojny-blef_Karolina-Morawiecka.jpg\",\"width\":990,\"height\":690},{\"@type\":\"BreadcrumbList\",\"@id\":\"https:\/\/literackieprzeszpiegi.pl\/index.php\/2025\/08\/21\/potrojny-blef-karolina-morawiecka\/#breadcrumb\",\"itemListElement\":[{\"@type\":\"ListItem\",\"position\":1,\"name\":\"Home\",\"item\":\"https:\/\/literackieprzeszpiegi.pl\/\"},{\"@type\":\"ListItem\",\"position\":2,\"name\":\"\u201ePotr\u00f3jny blef\u201d Karolina Morawiecka\"}]},{\"@type\":\"WebSite\",\"@id\":\"https:\/\/literackieprzeszpiegi.pl\/#website\",\"url\":\"https:\/\/literackieprzeszpiegi.pl\/\",\"name\":\"Literackie przeszpiegi\",\"description\":\"blog o ksi\u0105\u017ckach\",\"publisher\":{\"@id\":\"https:\/\/literackieprzeszpiegi.pl\/#organization\"},\"potentialAction\":[{\"@type\":\"SearchAction\",\"target\":{\"@type\":\"EntryPoint\",\"urlTemplate\":\"https:\/\/literackieprzeszpiegi.pl\/?s={search_term_string}\"},\"query-input\":\"required name=search_term_string\"}],\"inLanguage\":\"pl-PL\"},{\"@type\":\"Organization\",\"@id\":\"https:\/\/literackieprzeszpiegi.pl\/#organization\",\"name\":\"Literackie przeszpiegi\",\"url\":\"https:\/\/literackieprzeszpiegi.pl\/\",\"logo\":{\"@type\":\"ImageObject\",\"inLanguage\":\"pl-PL\",\"@id\":\"https:\/\/literackieprzeszpiegi.pl\/#\/schema\/logo\/image\/\",\"url\":\"https:\/\/literackieprzeszpiegi.pl\/wp-content\/uploads\/2021\/01\/cropped-cropped-Literackie-przeszpiegi-1.png\",\"contentUrl\":\"https:\/\/literackieprzeszpiegi.pl\/wp-content\/uploads\/2021\/01\/cropped-cropped-Literackie-przeszpiegi-1.png\",\"width\":499,\"height\":142,\"caption\":\"Literackie przeszpiegi\"},\"image\":{\"@id\":\"https:\/\/literackieprzeszpiegi.pl\/#\/schema\/logo\/image\/\"}},{\"@type\":\"Person\",\"@id\":\"https:\/\/literackieprzeszpiegi.pl\/#\/schema\/person\/fd5c4f317aed549d4833e6402ffea017\",\"name\":\"Szpieg\",\"image\":{\"@type\":\"ImageObject\",\"inLanguage\":\"pl-PL\",\"@id\":\"https:\/\/literackieprzeszpiegi.pl\/#\/schema\/person\/image\/\",\"url\":\"https:\/\/secure.gravatar.com\/avatar\/45a17869257e08975d929f204ef78290?s=96&d=mm&r=g\",\"contentUrl\":\"https:\/\/secure.gravatar.com\/avatar\/45a17869257e08975d929f204ef78290?s=96&d=mm&r=g\",\"caption\":\"Szpieg\"},\"url\":\"https:\/\/literackieprzeszpiegi.pl\/index.php\/author\/admin\/\"}]}<\/script>\n<!-- \/ Yoast SEO plugin. -->","yoast_head_json":{"title":"Recenzja | \u201ePotr\u00f3jny blef\u201d Karolina Morawiecka | Literackie przeszpiegi","description":"\"Ale teraz jest trzydziesty drugi rok, a ja mam prowadzi\u0107 \u015bledztwo, nie rozpytuj\u0105c, tylko trzymaj\u0105c r\u0119k\u0119 na pulsie\".","robots":{"index":"index","follow":"follow","max-snippet":"max-snippet:-1","max-image-preview":"max-image-preview:large","max-video-preview":"max-video-preview:-1"},"canonical":"https:\/\/literackieprzeszpiegi.pl\/index.php\/2025\/08\/21\/potrojny-blef-karolina-morawiecka\/","og_locale":"pl_PL","og_type":"article","og_title":"Recenzja | \"Potr\u00f3jny blef\" Karolina Morawiecka | Literackie przeszpiegi","og_description":"\"Ale teraz jest trzydziesty drugi rok, a ja mam prowadzi\u0107 \u015bledztwo, nie rozpytuj\u0105c, tylko trzymaj\u0105c r\u0119k\u0119 na pulsie\".","og_url":"https:\/\/literackieprzeszpiegi.pl\/index.php\/2025\/08\/21\/potrojny-blef-karolina-morawiecka\/","og_site_name":"Literackie przeszpiegi","article_published_time":"2025-08-21T11:47:09+00:00","article_modified_time":"2025-08-25T21:04:21+00:00","og_image":[{"width":990,"height":690,"url":"https:\/\/literackieprzeszpiegi.pl\/wp-content\/uploads\/2025\/08\/Potrojny-blef_Karolina-Morawiecka.jpg","type":"image\/jpeg"}],"author":"Szpieg","twitter_card":"summary_large_image","twitter_misc":{"Napisane przez":"Szpieg","Szacowany czas czytania":"4 minuty"},"schema":{"@context":"https:\/\/schema.org","@graph":[{"@type":"Article","@id":"https:\/\/literackieprzeszpiegi.pl\/index.php\/2025\/08\/21\/potrojny-blef-karolina-morawiecka\/#article","isPartOf":{"@id":"https:\/\/literackieprzeszpiegi.pl\/index.php\/2025\/08\/21\/potrojny-blef-karolina-morawiecka\/"},"author":{"name":"Szpieg","@id":"https:\/\/literackieprzeszpiegi.pl\/#\/schema\/person\/fd5c4f317aed549d4833e6402ffea017"},"headline":"\u201ePotr\u00f3jny blef\u201d Karolina Morawiecka","datePublished":"2025-08-21T11:47:09+00:00","dateModified":"2025-08-25T21:04:21+00:00","mainEntityOfPage":{"@id":"https:\/\/literackieprzeszpiegi.pl\/index.php\/2025\/08\/21\/potrojny-blef-karolina-morawiecka\/"},"wordCount":653,"commentCount":0,"publisher":{"@id":"https:\/\/literackieprzeszpiegi.pl\/#organization"},"image":{"@id":"https:\/\/literackieprzeszpiegi.pl\/index.php\/2025\/08\/21\/potrojny-blef-karolina-morawiecka\/#primaryimage"},"thumbnailUrl":"https:\/\/literackieprzeszpiegi.pl\/wp-content\/uploads\/2025\/08\/Potrojny-blef_Karolina-Morawiecka.jpg","keywords":["Karolina Morawiecka","Wydawnictwo Harde"],"articleSection":["Hit","Rasowy krymina\u0142","recenzje","Retro"],"inLanguage":"pl-PL","potentialAction":[{"@type":"CommentAction","name":"Comment","target":["https:\/\/literackieprzeszpiegi.pl\/index.php\/2025\/08\/21\/potrojny-blef-karolina-morawiecka\/#respond"]}]},{"@type":"WebPage","@id":"https:\/\/literackieprzeszpiegi.pl\/index.php\/2025\/08\/21\/potrojny-blef-karolina-morawiecka\/","url":"https:\/\/literackieprzeszpiegi.pl\/index.php\/2025\/08\/21\/potrojny-blef-karolina-morawiecka\/","name":"Recenzja | \u201ePotr\u00f3jny blef\u201d Karolina Morawiecka | Literackie przeszpiegi","isPartOf":{"@id":"https:\/\/literackieprzeszpiegi.pl\/#website"},"primaryImageOfPage":{"@id":"https:\/\/literackieprzeszpiegi.pl\/index.php\/2025\/08\/21\/potrojny-blef-karolina-morawiecka\/#primaryimage"},"image":{"@id":"https:\/\/literackieprzeszpiegi.pl\/index.php\/2025\/08\/21\/potrojny-blef-karolina-morawiecka\/#primaryimage"},"thumbnailUrl":"https:\/\/literackieprzeszpiegi.pl\/wp-content\/uploads\/2025\/08\/Potrojny-blef_Karolina-Morawiecka.jpg","datePublished":"2025-08-21T11:47:09+00:00","dateModified":"2025-08-25T21:04:21+00:00","description":"\"Ale teraz jest trzydziesty drugi rok, a ja mam prowadzi\u0107 \u015bledztwo, nie rozpytuj\u0105c, tylko trzymaj\u0105c r\u0119k\u0119 na pulsie\".","breadcrumb":{"@id":"https:\/\/literackieprzeszpiegi.pl\/index.php\/2025\/08\/21\/potrojny-blef-karolina-morawiecka\/#breadcrumb"},"inLanguage":"pl-PL","potentialAction":[{"@type":"ReadAction","target":["https:\/\/literackieprzeszpiegi.pl\/index.php\/2025\/08\/21\/potrojny-blef-karolina-morawiecka\/"]}]},{"@type":"ImageObject","inLanguage":"pl-PL","@id":"https:\/\/literackieprzeszpiegi.pl\/index.php\/2025\/08\/21\/potrojny-blef-karolina-morawiecka\/#primaryimage","url":"https:\/\/literackieprzeszpiegi.pl\/wp-content\/uploads\/2025\/08\/Potrojny-blef_Karolina-Morawiecka.jpg","contentUrl":"https:\/\/literackieprzeszpiegi.pl\/wp-content\/uploads\/2025\/08\/Potrojny-blef_Karolina-Morawiecka.jpg","width":990,"height":690},{"@type":"BreadcrumbList","@id":"https:\/\/literackieprzeszpiegi.pl\/index.php\/2025\/08\/21\/potrojny-blef-karolina-morawiecka\/#breadcrumb","itemListElement":[{"@type":"ListItem","position":1,"name":"Home","item":"https:\/\/literackieprzeszpiegi.pl\/"},{"@type":"ListItem","position":2,"name":"\u201ePotr\u00f3jny blef\u201d Karolina Morawiecka"}]},{"@type":"WebSite","@id":"https:\/\/literackieprzeszpiegi.pl\/#website","url":"https:\/\/literackieprzeszpiegi.pl\/","name":"Literackie przeszpiegi","description":"blog o ksi\u0105\u017ckach","publisher":{"@id":"https:\/\/literackieprzeszpiegi.pl\/#organization"},"potentialAction":[{"@type":"SearchAction","target":{"@type":"EntryPoint","urlTemplate":"https:\/\/literackieprzeszpiegi.pl\/?s={search_term_string}"},"query-input":"required name=search_term_string"}],"inLanguage":"pl-PL"},{"@type":"Organization","@id":"https:\/\/literackieprzeszpiegi.pl\/#organization","name":"Literackie przeszpiegi","url":"https:\/\/literackieprzeszpiegi.pl\/","logo":{"@type":"ImageObject","inLanguage":"pl-PL","@id":"https:\/\/literackieprzeszpiegi.pl\/#\/schema\/logo\/image\/","url":"https:\/\/literackieprzeszpiegi.pl\/wp-content\/uploads\/2021\/01\/cropped-cropped-Literackie-przeszpiegi-1.png","contentUrl":"https:\/\/literackieprzeszpiegi.pl\/wp-content\/uploads\/2021\/01\/cropped-cropped-Literackie-przeszpiegi-1.png","width":499,"height":142,"caption":"Literackie przeszpiegi"},"image":{"@id":"https:\/\/literackieprzeszpiegi.pl\/#\/schema\/logo\/image\/"}},{"@type":"Person","@id":"https:\/\/literackieprzeszpiegi.pl\/#\/schema\/person\/fd5c4f317aed549d4833e6402ffea017","name":"Szpieg","image":{"@type":"ImageObject","inLanguage":"pl-PL","@id":"https:\/\/literackieprzeszpiegi.pl\/#\/schema\/person\/image\/","url":"https:\/\/secure.gravatar.com\/avatar\/45a17869257e08975d929f204ef78290?s=96&d=mm&r=g","contentUrl":"https:\/\/secure.gravatar.com\/avatar\/45a17869257e08975d929f204ef78290?s=96&d=mm&r=g","caption":"Szpieg"},"url":"https:\/\/literackieprzeszpiegi.pl\/index.php\/author\/admin\/"}]}},"_links":{"self":[{"href":"https:\/\/literackieprzeszpiegi.pl\/index.php\/wp-json\/wp\/v2\/posts\/3874"}],"collection":[{"href":"https:\/\/literackieprzeszpiegi.pl\/index.php\/wp-json\/wp\/v2\/posts"}],"about":[{"href":"https:\/\/literackieprzeszpiegi.pl\/index.php\/wp-json\/wp\/v2\/types\/post"}],"author":[{"embeddable":true,"href":"https:\/\/literackieprzeszpiegi.pl\/index.php\/wp-json\/wp\/v2\/users\/1"}],"replies":[{"embeddable":true,"href":"https:\/\/literackieprzeszpiegi.pl\/index.php\/wp-json\/wp\/v2\/comments?post=3874"}],"version-history":[{"count":3,"href":"https:\/\/literackieprzeszpiegi.pl\/index.php\/wp-json\/wp\/v2\/posts\/3874\/revisions"}],"predecessor-version":[{"id":3883,"href":"https:\/\/literackieprzeszpiegi.pl\/index.php\/wp-json\/wp\/v2\/posts\/3874\/revisions\/3883"}],"wp:featuredmedia":[{"embeddable":true,"href":"https:\/\/literackieprzeszpiegi.pl\/index.php\/wp-json\/wp\/v2\/media\/3875"}],"wp:attachment":[{"href":"https:\/\/literackieprzeszpiegi.pl\/index.php\/wp-json\/wp\/v2\/media?parent=3874"}],"wp:term":[{"taxonomy":"category","embeddable":true,"href":"https:\/\/literackieprzeszpiegi.pl\/index.php\/wp-json\/wp\/v2\/categories?post=3874"},{"taxonomy":"post_tag","embeddable":true,"href":"https:\/\/literackieprzeszpiegi.pl\/index.php\/wp-json\/wp\/v2\/tags?post=3874"}],"curies":[{"name":"wp","href":"https:\/\/api.w.org\/{rel}","templated":true}]}}