{"id":3926,"date":"2026-01-27T12:36:44","date_gmt":"2026-01-27T11:36:44","guid":{"rendered":"https:\/\/literackieprzeszpiegi.pl\/?p=3926"},"modified":"2026-01-27T12:36:45","modified_gmt":"2026-01-27T11:36:45","slug":"frela-magdalena-majcher","status":"publish","type":"post","link":"https:\/\/literackieprzeszpiegi.pl\/index.php\/2026\/01\/27\/frela-magdalena-majcher\/","title":{"rendered":"\u201eFrela\u201d Magdalena Majcher"},"content":{"rendered":"\n<h2 class=\"wp-block-heading\">\u201eNie wyobra\u017ca\u0142a sobie, \u017ce to wszystko \u2013 ta scena, ta widownia, te \u015bwiat\u0142a \u2013 mog\u0142yby si\u0119 sko\u0144czy\u0107. Nic wi\u0119cej nie mia\u0142a, nic innego jej nie okre\u015bla\u0142o\u201d.<\/h2>\n\n\n\n<!--more-->\n\n\n\n<p>Czy \u0107wier\u0107wiecze to du\u017co czy ma\u0142o? Kto z Was pami\u0119ta Katowice przed dwudziestu pi\u0119ciu laty? Podziemia pod Rondem im. Zi\u0119tka, brutalistyczny gmach dworca PKP, sfatygowany ju\u017c nieco Spodek, muzyczny sza\u0142 Paktofoniki, czy kwiaciarki na Rynku, strzeg\u0105ce go przed totaln\u0105 betonoz\u0105? Ja to wszystko wspominam z nostalgi\u0105, dlatego tak ciekawa by\u0142am \u201eFreli\u201d, kt\u00f3rej t\u0142em s\u0105 w\u0142a\u015bnie Katowice z tego okresu.<\/p>\n\n\n\n<p>Czterdzieste urodziny by\u0142y tymi ostatnimi dla Natalii Kuchcik. \u017by\u0142a barwnie, brylowa\u0142a na teatralnych deskach a kres jej \u017cycia nadszed\u0142 w mroku grudniowej nocy 2000 roku. Tytu\u0142owa \u201eFrela\u201d z powie\u015bci Magdaleny Majcher pod koniec \u017cycia nie przypomina\u0142a siebie z dawnych lat. Choroba zdominowa\u0142a jej \u017cycie \u2013 zatrzasn\u0119\u0142a drzwi teatru, zamkn\u0119\u0142a w czterech \u015bcianach, odbiera\u0142a dzie\u0144 po dniu w\u0142adz\u0119 nad cia\u0142em. Jedyne, co da\u0142a w zamian, to nauk\u0119, \u017ce trzeba \u017cy\u0107 tu i teraz. Kto \u017cyczy\u0142 jej \u015bmierci? I dlaczego tak cz\u0119sto w\u015br\u00f3d motyw\u00f3w zbrodni pojawiaj\u0105 si\u0119 zemsta, pieni\u0105dze i wielka mi\u0142o\u015b\u0107?<\/p>\n\n\n\n<p>Borysa Dyrd\u0119, dziennikarza Dziennika Zachodniego, zagadka \u015bmierci Natalii Kuchcik przyci\u0105ga jak magnes. I nie zamierza odpu\u015bci\u0107, tak samo jak nie zrobi\u0142 tego przy g\u0142o\u015bnej <a href=\"https:\/\/literackieprzeszpiegi.pl\/index.php\/2025\/04\/24\/bajtel-magdalena-majcher\/\">sprawie zagini\u0119\u0107 dziewczynek<\/a> w patologicznych dzielnicach \u015al\u0105ska. Cho\u0107 to nie jest najlepszy moment w \u017cyciu Borysa, bo coraz bardziej gubi r\u00f3wnowag\u0119 miedzy prac\u0105 a \u017cyciem prywatnym. Bycie dziennikarzem \u015bledczym wychodzi mu zdecydowanie lepiej ani\u017celi bycie ojcem\/ojczymem\/partnerem. <\/p>\n\n\n\n<p>Jasne, \u017ce pogmatwane relacje rodzinne uwieraj\u0105 go mocno, ale zawsze eskaluj\u0105 wtedy, kiedy praca wzywa najmocniej. A on nie potrafi odm\u00f3wi\u0107. Wida\u0107 coraz wi\u0119cej zniecierpliwienia i rozdra\u017cnienia w jego poczynaniach. A poczucie, \u017ce rodzinne relacje ograniczaj\u0105 go w pracy \u2013 ca\u0142y czas niepokoj\u0105co narasta.<\/p>\n\n\n\n<blockquote class=\"wp-block-quote is-layout-flow wp-block-quote-is-layout-flow\">\n<p>\u201eTak, praca by\u0142a dla niego wa\u017cna. Czy to \u017ale? Traktowa\u0142 j\u0105 jako swego rodzaju misj\u0119, warto\u015b\u0107 dodan\u0105 do rzeczywisto\u015bci\u201d.<\/p>\n<\/blockquote>\n\n\n\n<p>Ale Borys Dyrda nie jest jedynym narratorem \u201eFreli\u201d. Magdalena Majcher odda\u0142a g\u0142os Natalii Kuchcik, kt\u00f3ra opowiada o swoim \u017cyciu bez \u017cadnych filtr\u00f3w, bez nak\u0142adanych masek i udawania. Bez tego wszystkiego, co by\u0142o jej codzienno\u015bci\u0105 teatraln\u0105. To nie jest \u0142atwa opowie\u015b\u0107 o wzlotach i upadkach, o sukcesach i pora\u017ckach zmaga\u0144 ze stwardnieniem rozsianym. Prywatnie Natalia by\u0142a bardzo kruch\u0105 kobiet\u0105, kt\u00f3rej choroba zabra\u0142a kontrol\u0119 nad cia\u0142em. Tak, tym cia\u0142em, z kt\u00f3rego ca\u0142e \u017cycie by\u0142a dumna i kt\u00f3re odegra\u0142o tyle wspania\u0142ych r\u00f3l.<\/p>\n\n\n\n<blockquote class=\"wp-block-quote is-layout-flow wp-block-quote-is-layout-flow\">\n<p>\u201eNatalia Kuchcik uwielbia\u0142a oszukiwa\u0107 i udawa\u0107. By\u0142a zach\u0142anna, wi\u0119c to jedno, zwyczajne \u017cycie jej nie wystarczy\u0142o (\u2026)\u201d.<\/p>\n<\/blockquote>\n\n\n\n<p>Je\u015bli spodoba\u0142a Wam si\u0119 historia opowiedziana w \u201e<a href=\"https:\/\/literackieprzeszpiegi.pl\/index.php\/2025\/04\/24\/bajtel-magdalena-majcher\/\">Bajtlu<\/a>\u201d, to \u201eFrela\u201d zdecydowanie trzyma ten poziom. Historia kryminalna, zbudowana wok\u00f3\u0142 morderstwa znanej aktorki ujmuje mnogo\u015bci\u0105 motyw\u00f3w i portretem kobiety schorowanej, nakre\u015blonym z du\u017c\u0105 wra\u017cliwo\u015bci\u0105. By\u015bmy si\u0119 nie pogubili w \u015bwiecie dedukcji pilnuje Borys Dyrda, kt\u00f3rego te\u017c \u017cycie niemile zaskakuje\u2026 A opr\u00f3cz tego \u2013 mo\u017cna powspomina\u0107 Katowice sprzed lat.<\/p>\n\n\n\n<p>__<br>Magdalena Majcher \u201eFrela\u201d<br>Cykl: Kryminalny \u015al\u0105sk, t. II<br>Wydawnictwo W.A.B.<\/p>\n","protected":false},"excerpt":{"rendered":"<p>\u201eNie wyobra\u017ca\u0142a sobie, \u017ce to wszystko \u2013 ta scena, ta widownia, te \u015bwiat\u0142a \u2013 mog\u0142yby si\u0119 sko\u0144czy\u0107. Nic wi\u0119cej nie mia\u0142a, nic innego jej nie okre\u015bla\u0142o\u201d.<\/p>\n","protected":false},"author":1,"featured_media":3927,"comment_status":"open","ping_status":"open","sticky":false,"template":"","format":"standard","meta":{"om_disable_all_campaigns":false,"_exactmetrics_skip_tracking":false,"_exactmetrics_sitenote_active":false,"_exactmetrics_sitenote_note":"","_exactmetrics_sitenote_category":0,"_monsterinsights_skip_tracking":false,"_monsterinsights_sitenote_active":false,"_monsterinsights_sitenote_note":"","_monsterinsights_sitenote_category":0,"_uf_show_specific_survey":0,"_uf_disable_surveys":false,"footnotes":""},"categories":[7,3,8],"tags":[196,100,74],"yoast_head":"<!-- This site is optimized with the Yoast SEO plugin v22.9 - https:\/\/yoast.com\/wordpress\/plugins\/seo\/ -->\n<title>Recenzja | \u201eFrela\u201d Magdalena Majcher | Literackie przeszpiegi<\/title>\n<meta name=\"description\" content=\"\u201eNie wyobra\u017ca\u0142a sobie, \u017ce to wszystko \u2013 ta scena, ta widownia, te \u015bwiat\u0142a \u2013 mog\u0142yby si\u0119 sko\u0144czy\u0107. Nic wi\u0119cej nie mia\u0142a, nic innego jej nie okre\u015bla\u0142o\u201d.\" \/>\n<meta name=\"robots\" content=\"index, follow, max-snippet:-1, max-image-preview:large, max-video-preview:-1\" \/>\n<link rel=\"canonical\" href=\"https:\/\/literackieprzeszpiegi.pl\/index.php\/2026\/01\/27\/frela-magdalena-majcher\/\" \/>\n<meta property=\"og:locale\" content=\"pl_PL\" \/>\n<meta property=\"og:type\" content=\"article\" \/>\n<meta property=\"og:title\" content=\"Recenzja | &quot;Frela&quot; Magdalena Majcher | Literackie przeszpiegi\" \/>\n<meta property=\"og:description\" content=\"\u201eNie wyobra\u017ca\u0142a sobie, \u017ce to wszystko \u2013 ta scena, ta widownia, te \u015bwiat\u0142a \u2013 mog\u0142yby si\u0119 sko\u0144czy\u0107. Nic wi\u0119cej nie mia\u0142a, nic innego jej nie okre\u015bla\u0142o\u201d.\" \/>\n<meta property=\"og:url\" content=\"https:\/\/literackieprzeszpiegi.pl\/index.php\/2026\/01\/27\/frela-magdalena-majcher\/\" \/>\n<meta property=\"og:site_name\" content=\"Literackie przeszpiegi\" \/>\n<meta property=\"article:published_time\" content=\"2026-01-27T11:36:44+00:00\" \/>\n<meta property=\"article:modified_time\" content=\"2026-01-27T11:36:45+00:00\" \/>\n<meta property=\"og:image\" content=\"http:\/\/literackieprzeszpiegi.pl\/wp-content\/uploads\/2026\/01\/Frela_Majcher_fb.jpg\" \/>\n\t<meta property=\"og:image:width\" content=\"1010\" \/>\n\t<meta property=\"og:image:height\" content=\"801\" \/>\n\t<meta property=\"og:image:type\" content=\"image\/jpeg\" \/>\n<meta name=\"author\" content=\"Szpieg\" \/>\n<meta name=\"twitter:card\" content=\"summary_large_image\" \/>\n<meta name=\"twitter:label1\" content=\"Napisane przez\" \/>\n\t<meta name=\"twitter:data1\" content=\"Szpieg\" \/>\n\t<meta name=\"twitter:label2\" content=\"Szacowany czas czytania\" \/>\n\t<meta name=\"twitter:data2\" content=\"3 minuty\" \/>\n<script type=\"application\/ld+json\" class=\"yoast-schema-graph\">{\"@context\":\"https:\/\/schema.org\",\"@graph\":[{\"@type\":\"Article\",\"@id\":\"https:\/\/literackieprzeszpiegi.pl\/index.php\/2026\/01\/27\/frela-magdalena-majcher\/#article\",\"isPartOf\":{\"@id\":\"https:\/\/literackieprzeszpiegi.pl\/index.php\/2026\/01\/27\/frela-magdalena-majcher\/\"},\"author\":{\"name\":\"Szpieg\",\"@id\":\"https:\/\/literackieprzeszpiegi.pl\/#\/schema\/person\/fd5c4f317aed549d4833e6402ffea017\"},\"headline\":\"\u201eFrela\u201d Magdalena Majcher\",\"datePublished\":\"2026-01-27T11:36:44+00:00\",\"dateModified\":\"2026-01-27T11:36:45+00:00\",\"mainEntityOfPage\":{\"@id\":\"https:\/\/literackieprzeszpiegi.pl\/index.php\/2026\/01\/27\/frela-magdalena-majcher\/\"},\"wordCount\":551,\"commentCount\":0,\"publisher\":{\"@id\":\"https:\/\/literackieprzeszpiegi.pl\/#organization\"},\"image\":{\"@id\":\"https:\/\/literackieprzeszpiegi.pl\/index.php\/2026\/01\/27\/frela-magdalena-majcher\/#primaryimage\"},\"thumbnailUrl\":\"https:\/\/literackieprzeszpiegi.pl\/wp-content\/uploads\/2026\/01\/Frela_Majcher_fb.jpg\",\"keywords\":[\"Kryminalny \u015al\u0105sk\",\"Magdalena Majcher\",\"Wydawnictwo W.A.B\"],\"articleSection\":[\"Hit\",\"Rasowy krymina\u0142\",\"recenzje\"],\"inLanguage\":\"pl-PL\",\"potentialAction\":[{\"@type\":\"CommentAction\",\"name\":\"Comment\",\"target\":[\"https:\/\/literackieprzeszpiegi.pl\/index.php\/2026\/01\/27\/frela-magdalena-majcher\/#respond\"]}]},{\"@type\":\"WebPage\",\"@id\":\"https:\/\/literackieprzeszpiegi.pl\/index.php\/2026\/01\/27\/frela-magdalena-majcher\/\",\"url\":\"https:\/\/literackieprzeszpiegi.pl\/index.php\/2026\/01\/27\/frela-magdalena-majcher\/\",\"name\":\"Recenzja | \u201eFrela\u201d Magdalena Majcher | Literackie przeszpiegi\",\"isPartOf\":{\"@id\":\"https:\/\/literackieprzeszpiegi.pl\/#website\"},\"primaryImageOfPage\":{\"@id\":\"https:\/\/literackieprzeszpiegi.pl\/index.php\/2026\/01\/27\/frela-magdalena-majcher\/#primaryimage\"},\"image\":{\"@id\":\"https:\/\/literackieprzeszpiegi.pl\/index.php\/2026\/01\/27\/frela-magdalena-majcher\/#primaryimage\"},\"thumbnailUrl\":\"https:\/\/literackieprzeszpiegi.pl\/wp-content\/uploads\/2026\/01\/Frela_Majcher_fb.jpg\",\"datePublished\":\"2026-01-27T11:36:44+00:00\",\"dateModified\":\"2026-01-27T11:36:45+00:00\",\"description\":\"\u201eNie wyobra\u017ca\u0142a sobie, \u017ce to wszystko \u2013 ta scena, ta widownia, te \u015bwiat\u0142a \u2013 mog\u0142yby si\u0119 sko\u0144czy\u0107. Nic wi\u0119cej nie mia\u0142a, nic innego jej nie okre\u015bla\u0142o\u201d.\",\"breadcrumb\":{\"@id\":\"https:\/\/literackieprzeszpiegi.pl\/index.php\/2026\/01\/27\/frela-magdalena-majcher\/#breadcrumb\"},\"inLanguage\":\"pl-PL\",\"potentialAction\":[{\"@type\":\"ReadAction\",\"target\":[\"https:\/\/literackieprzeszpiegi.pl\/index.php\/2026\/01\/27\/frela-magdalena-majcher\/\"]}]},{\"@type\":\"ImageObject\",\"inLanguage\":\"pl-PL\",\"@id\":\"https:\/\/literackieprzeszpiegi.pl\/index.php\/2026\/01\/27\/frela-magdalena-majcher\/#primaryimage\",\"url\":\"https:\/\/literackieprzeszpiegi.pl\/wp-content\/uploads\/2026\/01\/Frela_Majcher_fb.jpg\",\"contentUrl\":\"https:\/\/literackieprzeszpiegi.pl\/wp-content\/uploads\/2026\/01\/Frela_Majcher_fb.jpg\",\"width\":1010,\"height\":801},{\"@type\":\"BreadcrumbList\",\"@id\":\"https:\/\/literackieprzeszpiegi.pl\/index.php\/2026\/01\/27\/frela-magdalena-majcher\/#breadcrumb\",\"itemListElement\":[{\"@type\":\"ListItem\",\"position\":1,\"name\":\"Home\",\"item\":\"https:\/\/literackieprzeszpiegi.pl\/\"},{\"@type\":\"ListItem\",\"position\":2,\"name\":\"\u201eFrela\u201d Magdalena Majcher\"}]},{\"@type\":\"WebSite\",\"@id\":\"https:\/\/literackieprzeszpiegi.pl\/#website\",\"url\":\"https:\/\/literackieprzeszpiegi.pl\/\",\"name\":\"Literackie przeszpiegi\",\"description\":\"blog o ksi\u0105\u017ckach\",\"publisher\":{\"@id\":\"https:\/\/literackieprzeszpiegi.pl\/#organization\"},\"potentialAction\":[{\"@type\":\"SearchAction\",\"target\":{\"@type\":\"EntryPoint\",\"urlTemplate\":\"https:\/\/literackieprzeszpiegi.pl\/?s={search_term_string}\"},\"query-input\":\"required name=search_term_string\"}],\"inLanguage\":\"pl-PL\"},{\"@type\":\"Organization\",\"@id\":\"https:\/\/literackieprzeszpiegi.pl\/#organization\",\"name\":\"Literackie przeszpiegi\",\"url\":\"https:\/\/literackieprzeszpiegi.pl\/\",\"logo\":{\"@type\":\"ImageObject\",\"inLanguage\":\"pl-PL\",\"@id\":\"https:\/\/literackieprzeszpiegi.pl\/#\/schema\/logo\/image\/\",\"url\":\"https:\/\/literackieprzeszpiegi.pl\/wp-content\/uploads\/2021\/01\/cropped-cropped-Literackie-przeszpiegi-1.png\",\"contentUrl\":\"https:\/\/literackieprzeszpiegi.pl\/wp-content\/uploads\/2021\/01\/cropped-cropped-Literackie-przeszpiegi-1.png\",\"width\":499,\"height\":142,\"caption\":\"Literackie przeszpiegi\"},\"image\":{\"@id\":\"https:\/\/literackieprzeszpiegi.pl\/#\/schema\/logo\/image\/\"}},{\"@type\":\"Person\",\"@id\":\"https:\/\/literackieprzeszpiegi.pl\/#\/schema\/person\/fd5c4f317aed549d4833e6402ffea017\",\"name\":\"Szpieg\",\"image\":{\"@type\":\"ImageObject\",\"inLanguage\":\"pl-PL\",\"@id\":\"https:\/\/literackieprzeszpiegi.pl\/#\/schema\/person\/image\/\",\"url\":\"https:\/\/secure.gravatar.com\/avatar\/45a17869257e08975d929f204ef78290?s=96&d=mm&r=g\",\"contentUrl\":\"https:\/\/secure.gravatar.com\/avatar\/45a17869257e08975d929f204ef78290?s=96&d=mm&r=g\",\"caption\":\"Szpieg\"},\"url\":\"https:\/\/literackieprzeszpiegi.pl\/index.php\/author\/admin\/\"}]}<\/script>\n<!-- \/ Yoast SEO plugin. -->","yoast_head_json":{"title":"Recenzja | \u201eFrela\u201d Magdalena Majcher | Literackie przeszpiegi","description":"\u201eNie wyobra\u017ca\u0142a sobie, \u017ce to wszystko \u2013 ta scena, ta widownia, te \u015bwiat\u0142a \u2013 mog\u0142yby si\u0119 sko\u0144czy\u0107. Nic wi\u0119cej nie mia\u0142a, nic innego jej nie okre\u015bla\u0142o\u201d.","robots":{"index":"index","follow":"follow","max-snippet":"max-snippet:-1","max-image-preview":"max-image-preview:large","max-video-preview":"max-video-preview:-1"},"canonical":"https:\/\/literackieprzeszpiegi.pl\/index.php\/2026\/01\/27\/frela-magdalena-majcher\/","og_locale":"pl_PL","og_type":"article","og_title":"Recenzja | \"Frela\" Magdalena Majcher | Literackie przeszpiegi","og_description":"\u201eNie wyobra\u017ca\u0142a sobie, \u017ce to wszystko \u2013 ta scena, ta widownia, te \u015bwiat\u0142a \u2013 mog\u0142yby si\u0119 sko\u0144czy\u0107. Nic wi\u0119cej nie mia\u0142a, nic innego jej nie okre\u015bla\u0142o\u201d.","og_url":"https:\/\/literackieprzeszpiegi.pl\/index.php\/2026\/01\/27\/frela-magdalena-majcher\/","og_site_name":"Literackie przeszpiegi","article_published_time":"2026-01-27T11:36:44+00:00","article_modified_time":"2026-01-27T11:36:45+00:00","og_image":[{"width":1010,"height":801,"url":"http:\/\/literackieprzeszpiegi.pl\/wp-content\/uploads\/2026\/01\/Frela_Majcher_fb.jpg","type":"image\/jpeg"}],"author":"Szpieg","twitter_card":"summary_large_image","twitter_misc":{"Napisane przez":"Szpieg","Szacowany czas czytania":"3 minuty"},"schema":{"@context":"https:\/\/schema.org","@graph":[{"@type":"Article","@id":"https:\/\/literackieprzeszpiegi.pl\/index.php\/2026\/01\/27\/frela-magdalena-majcher\/#article","isPartOf":{"@id":"https:\/\/literackieprzeszpiegi.pl\/index.php\/2026\/01\/27\/frela-magdalena-majcher\/"},"author":{"name":"Szpieg","@id":"https:\/\/literackieprzeszpiegi.pl\/#\/schema\/person\/fd5c4f317aed549d4833e6402ffea017"},"headline":"\u201eFrela\u201d Magdalena Majcher","datePublished":"2026-01-27T11:36:44+00:00","dateModified":"2026-01-27T11:36:45+00:00","mainEntityOfPage":{"@id":"https:\/\/literackieprzeszpiegi.pl\/index.php\/2026\/01\/27\/frela-magdalena-majcher\/"},"wordCount":551,"commentCount":0,"publisher":{"@id":"https:\/\/literackieprzeszpiegi.pl\/#organization"},"image":{"@id":"https:\/\/literackieprzeszpiegi.pl\/index.php\/2026\/01\/27\/frela-magdalena-majcher\/#primaryimage"},"thumbnailUrl":"https:\/\/literackieprzeszpiegi.pl\/wp-content\/uploads\/2026\/01\/Frela_Majcher_fb.jpg","keywords":["Kryminalny \u015al\u0105sk","Magdalena Majcher","Wydawnictwo W.A.B"],"articleSection":["Hit","Rasowy krymina\u0142","recenzje"],"inLanguage":"pl-PL","potentialAction":[{"@type":"CommentAction","name":"Comment","target":["https:\/\/literackieprzeszpiegi.pl\/index.php\/2026\/01\/27\/frela-magdalena-majcher\/#respond"]}]},{"@type":"WebPage","@id":"https:\/\/literackieprzeszpiegi.pl\/index.php\/2026\/01\/27\/frela-magdalena-majcher\/","url":"https:\/\/literackieprzeszpiegi.pl\/index.php\/2026\/01\/27\/frela-magdalena-majcher\/","name":"Recenzja | \u201eFrela\u201d Magdalena Majcher | Literackie przeszpiegi","isPartOf":{"@id":"https:\/\/literackieprzeszpiegi.pl\/#website"},"primaryImageOfPage":{"@id":"https:\/\/literackieprzeszpiegi.pl\/index.php\/2026\/01\/27\/frela-magdalena-majcher\/#primaryimage"},"image":{"@id":"https:\/\/literackieprzeszpiegi.pl\/index.php\/2026\/01\/27\/frela-magdalena-majcher\/#primaryimage"},"thumbnailUrl":"https:\/\/literackieprzeszpiegi.pl\/wp-content\/uploads\/2026\/01\/Frela_Majcher_fb.jpg","datePublished":"2026-01-27T11:36:44+00:00","dateModified":"2026-01-27T11:36:45+00:00","description":"\u201eNie wyobra\u017ca\u0142a sobie, \u017ce to wszystko \u2013 ta scena, ta widownia, te \u015bwiat\u0142a \u2013 mog\u0142yby si\u0119 sko\u0144czy\u0107. Nic wi\u0119cej nie mia\u0142a, nic innego jej nie okre\u015bla\u0142o\u201d.","breadcrumb":{"@id":"https:\/\/literackieprzeszpiegi.pl\/index.php\/2026\/01\/27\/frela-magdalena-majcher\/#breadcrumb"},"inLanguage":"pl-PL","potentialAction":[{"@type":"ReadAction","target":["https:\/\/literackieprzeszpiegi.pl\/index.php\/2026\/01\/27\/frela-magdalena-majcher\/"]}]},{"@type":"ImageObject","inLanguage":"pl-PL","@id":"https:\/\/literackieprzeszpiegi.pl\/index.php\/2026\/01\/27\/frela-magdalena-majcher\/#primaryimage","url":"https:\/\/literackieprzeszpiegi.pl\/wp-content\/uploads\/2026\/01\/Frela_Majcher_fb.jpg","contentUrl":"https:\/\/literackieprzeszpiegi.pl\/wp-content\/uploads\/2026\/01\/Frela_Majcher_fb.jpg","width":1010,"height":801},{"@type":"BreadcrumbList","@id":"https:\/\/literackieprzeszpiegi.pl\/index.php\/2026\/01\/27\/frela-magdalena-majcher\/#breadcrumb","itemListElement":[{"@type":"ListItem","position":1,"name":"Home","item":"https:\/\/literackieprzeszpiegi.pl\/"},{"@type":"ListItem","position":2,"name":"\u201eFrela\u201d Magdalena Majcher"}]},{"@type":"WebSite","@id":"https:\/\/literackieprzeszpiegi.pl\/#website","url":"https:\/\/literackieprzeszpiegi.pl\/","name":"Literackie przeszpiegi","description":"blog o ksi\u0105\u017ckach","publisher":{"@id":"https:\/\/literackieprzeszpiegi.pl\/#organization"},"potentialAction":[{"@type":"SearchAction","target":{"@type":"EntryPoint","urlTemplate":"https:\/\/literackieprzeszpiegi.pl\/?s={search_term_string}"},"query-input":"required name=search_term_string"}],"inLanguage":"pl-PL"},{"@type":"Organization","@id":"https:\/\/literackieprzeszpiegi.pl\/#organization","name":"Literackie przeszpiegi","url":"https:\/\/literackieprzeszpiegi.pl\/","logo":{"@type":"ImageObject","inLanguage":"pl-PL","@id":"https:\/\/literackieprzeszpiegi.pl\/#\/schema\/logo\/image\/","url":"https:\/\/literackieprzeszpiegi.pl\/wp-content\/uploads\/2021\/01\/cropped-cropped-Literackie-przeszpiegi-1.png","contentUrl":"https:\/\/literackieprzeszpiegi.pl\/wp-content\/uploads\/2021\/01\/cropped-cropped-Literackie-przeszpiegi-1.png","width":499,"height":142,"caption":"Literackie przeszpiegi"},"image":{"@id":"https:\/\/literackieprzeszpiegi.pl\/#\/schema\/logo\/image\/"}},{"@type":"Person","@id":"https:\/\/literackieprzeszpiegi.pl\/#\/schema\/person\/fd5c4f317aed549d4833e6402ffea017","name":"Szpieg","image":{"@type":"ImageObject","inLanguage":"pl-PL","@id":"https:\/\/literackieprzeszpiegi.pl\/#\/schema\/person\/image\/","url":"https:\/\/secure.gravatar.com\/avatar\/45a17869257e08975d929f204ef78290?s=96&d=mm&r=g","contentUrl":"https:\/\/secure.gravatar.com\/avatar\/45a17869257e08975d929f204ef78290?s=96&d=mm&r=g","caption":"Szpieg"},"url":"https:\/\/literackieprzeszpiegi.pl\/index.php\/author\/admin\/"}]}},"_links":{"self":[{"href":"https:\/\/literackieprzeszpiegi.pl\/index.php\/wp-json\/wp\/v2\/posts\/3926"}],"collection":[{"href":"https:\/\/literackieprzeszpiegi.pl\/index.php\/wp-json\/wp\/v2\/posts"}],"about":[{"href":"https:\/\/literackieprzeszpiegi.pl\/index.php\/wp-json\/wp\/v2\/types\/post"}],"author":[{"embeddable":true,"href":"https:\/\/literackieprzeszpiegi.pl\/index.php\/wp-json\/wp\/v2\/users\/1"}],"replies":[{"embeddable":true,"href":"https:\/\/literackieprzeszpiegi.pl\/index.php\/wp-json\/wp\/v2\/comments?post=3926"}],"version-history":[{"count":1,"href":"https:\/\/literackieprzeszpiegi.pl\/index.php\/wp-json\/wp\/v2\/posts\/3926\/revisions"}],"predecessor-version":[{"id":3928,"href":"https:\/\/literackieprzeszpiegi.pl\/index.php\/wp-json\/wp\/v2\/posts\/3926\/revisions\/3928"}],"wp:featuredmedia":[{"embeddable":true,"href":"https:\/\/literackieprzeszpiegi.pl\/index.php\/wp-json\/wp\/v2\/media\/3927"}],"wp:attachment":[{"href":"https:\/\/literackieprzeszpiegi.pl\/index.php\/wp-json\/wp\/v2\/media?parent=3926"}],"wp:term":[{"taxonomy":"category","embeddable":true,"href":"https:\/\/literackieprzeszpiegi.pl\/index.php\/wp-json\/wp\/v2\/categories?post=3926"},{"taxonomy":"post_tag","embeddable":true,"href":"https:\/\/literackieprzeszpiegi.pl\/index.php\/wp-json\/wp\/v2\/tags?post=3926"}],"curies":[{"name":"wp","href":"https:\/\/api.w.org\/{rel}","templated":true}]}}