{"id":505,"date":"2017-04-02T18:40:30","date_gmt":"2017-04-02T16:40:30","guid":{"rendered":"http:\/\/literackieprzeszpiegi.pl\/?p=505"},"modified":"2017-09-03T13:12:51","modified_gmt":"2017-09-03T11:12:51","slug":"kwietniowe-zwiady","status":"publish","type":"post","link":"https:\/\/literackieprzeszpiegi.pl\/index.php\/2017\/04\/02\/kwietniowe-zwiady\/","title":{"rendered":"Kwietniowe zwiady, cz. I"},"content":{"rendered":"<p>Szpieg chodzi\u0142, podpatrywa\u0142, co te\u017c ten kwiecie\u0144 przyniesie ciekawego w ksi\u0119garniach. Wyb\u00f3r przeogromny, ale z przewag\u0105 l\u017cejszych klimat\u00f3w.<\/p>\n<p><!--more-->A krymina\u0142y? Wypatrzy\u0142am dwa! Tylko dwa! Ale takie, \u017ce czapki z g\u0142\u00f3w. W rolach g\u0142\u00f3wnych Magdalena Knedler i Lars Kepler (czyli\u00a0 Alexander Ahndoril i Alexandra Coelho Ahndoril).<br \/>\nJutro dawka l\u017cejszych lektur!<br \/>\n====================================================================================================<img loading=\"lazy\" decoding=\"async\" class=\"size-medium wp-image-506 alignright\" src=\"http:\/\/literackieprzeszpiegi.pl\/wp-content\/uploads\/2017\/04\/nic-opr\u00f3cz-211x300.jpg\" alt=\"\" width=\"211\" height=\"300\" srcset=\"https:\/\/literackieprzeszpiegi.pl\/wp-content\/uploads\/2017\/04\/nic-opr\u00f3cz-211x300.jpg 211w, https:\/\/literackieprzeszpiegi.pl\/wp-content\/uploads\/2017\/04\/nic-opr\u00f3cz.jpg 352w\" sizes=\"(max-width: 211px) 100vw, 211px\" \/><\/p>\n<p><strong>Magdalena Knedler &#8220;Nic opr\u00f3cz \u015bmierci&#8221;<\/strong><br \/>\n<strong>Wydawnictwo Czwarta Strona,<br \/>\n<\/strong><strong>data premiery: 11.04.2017 r. \u00a0<\/strong><\/p>\n<p>Wiede\u0144 &#8211; miasto artyst\u00f3w i intelektualist\u00f3w, o kt\u00f3rym miejscowi powiadaj\u0105 &#8220;Je\u017celi mi\u0142o\u015b\u0107 jest Francuzk\u0105, to \u015bmier\u0107 musi by\u0107 wiede\u0144czykiem&#8221;.<\/p>\n<p>W\u0142a\u015bnie w tym mie\u015bcie komisarz Anna Lindholm poprowadzi swoje trzecie, ostatnie \u015bledztwo. W pracowni rze\u017abiarskiej znaleziono cia\u0142o zamordowanej modelki, kt\u00f3re na tle plamy krwi przypomina prawdziwe dzie\u0142o sztuki. Kto u\u015bmierci\u0142 swoj\u0105 muz\u0119? A mo\u017ce to tylko marny trop? Anna Lindholm b\u0119dzie musia\u0142a pokona\u0107 wiele trudno\u015bci zanim odnajdzie morderc\u0119&#8230;<\/p>\n<p>Szkoda, \u017ce to ostatnia cz\u0119\u015b\u0107 trylogii. Kto nie czyta\u0142 poprzednich cz\u0119\u015bci &#8220;Nic opr\u00f3cz milczenia&#8221; i &#8220;Nic opr\u00f3cz strachu&#8221; powinien szybko nadrobi\u0107! (mo\u017cna czyta\u0107 w dowolnej kolejno\u015bci!).<\/p>\n<p>===========================================================================================<\/p>\n<p><strong>Lars Kepler &#8220;Plac Zabaw&#8221;<\/strong><br \/>\n<strong>Cykl &#8220;Plac zabaw&#8221; (tom 1)<img loading=\"lazy\" decoding=\"async\" class=\" wp-image-510 alignright\" src=\"http:\/\/literackieprzeszpiegi.pl\/wp-content\/uploads\/2017\/04\/plac-zabaw2-183x300.jpg\" alt=\"\" width=\"213\" height=\"348\" srcset=\"https:\/\/literackieprzeszpiegi.pl\/wp-content\/uploads\/2017\/04\/plac-zabaw2-183x300.jpg 183w, https:\/\/literackieprzeszpiegi.pl\/wp-content\/uploads\/2017\/04\/plac-zabaw2-768x1260.jpg 768w, https:\/\/literackieprzeszpiegi.pl\/wp-content\/uploads\/2017\/04\/plac-zabaw2.jpg 1476w\" sizes=\"(max-width: 213px) 100vw, 213px\" \/><\/strong><br \/>\n<strong>Wydawnictwo Czarne,\u00a0<\/strong><br \/>\n<strong>data premiery: 26.04.2017 r.<\/strong><\/p>\n<p>Nie dajcie si\u0119 zwie\u015b\u0107 tytu\u0142owi.<br \/>\nLars Kepler t\u0105 ksi\u0105\u017ck\u0105 otwiera nowy cykl &#8220;Plac zabaw&#8221;.<\/p>\n<p>Porucznik Jasmin Pascal-Anderson podczas misji NATO w Kosowie zostaje ranna. 40 sekund &#8211; na tyle \u00a0zatrzymuje si\u0119 jej serce, a ona w stanie \u015bmierci klinicznej przenosi si\u0119 do portowego miasta, kt\u00f3rego najmroczniejsza cz\u0119\u015b\u0107 zwana jest placem zabaw. Na szcz\u0119\u015bcie udaje jej si\u0119 stamt\u0105d wydosta\u0107 i powr\u00f3ci\u0107 do normalnego \u017cycia.<\/p>\n<p>Kilka lat p\u00f3\u017aniej dochodzi do podobnej sytuacji &#8211; jej syn wymaga natychmiastowej operacji, podczas kt\u00f3rej lekarze musz\u0105 zatrzyma\u0107 akcj\u0119 serca ch\u0142opca. Matka boi si\u0119, \u017ce jej syn trafi w to samo miejsce co ona, ale nie b\u0119dzie wystarczaj\u0105co silny, by stamt\u0105d powr\u00f3ci\u0107. Czy uda si\u0119 ocali\u0107 syna?<\/p>\n<p>Zapowiada si\u0119 mroczny thriller, na pograniczu rzeczywisto\u015bci i snu.<\/p>\n<p>Ps. Larsa Keplera powinni\u015bcie kojarzy\u0107 z ksi\u0105\u017cek z komisarzem Joon\u0105 Linn\u0105. \u015awietne!<\/p>\n","protected":false},"excerpt":{"rendered":"<p>Szpieg chodzi\u0142, podpatrywa\u0142, co te\u017c ten kwiecie\u0144 przyniesie ciekawego w ksi\u0119garniach. Wyb\u00f3r przeogromny, ale z przewag\u0105 l\u017cejszych klimat\u00f3w.<\/p>\n","protected":false},"author":1,"featured_media":512,"comment_status":"open","ping_status":"open","sticky":false,"template":"","format":"standard","meta":{"om_disable_all_campaigns":false,"_exactmetrics_skip_tracking":false,"_exactmetrics_sitenote_active":false,"_exactmetrics_sitenote_note":"","_exactmetrics_sitenote_category":0,"_monsterinsights_skip_tracking":false,"_monsterinsights_sitenote_active":false,"_monsterinsights_sitenote_note":"","_monsterinsights_sitenote_category":0,"_uf_show_specific_survey":0,"_uf_disable_surveys":false,"footnotes":""},"categories":[4],"tags":[10,9,68,67,22],"yoast_head":"<!-- This site is optimized with the Yoast SEO plugin v22.9 - https:\/\/yoast.com\/wordpress\/plugins\/seo\/ -->\n<title>Kwietniowe zwiady, cz. I - Literackie przeszpiegi<\/title>\n<meta name=\"robots\" content=\"index, follow, max-snippet:-1, max-image-preview:large, max-video-preview:-1\" \/>\n<link rel=\"canonical\" href=\"https:\/\/literackieprzeszpiegi.pl\/index.php\/2017\/04\/02\/kwietniowe-zwiady\/\" \/>\n<meta property=\"og:locale\" content=\"pl_PL\" \/>\n<meta property=\"og:type\" content=\"article\" \/>\n<meta property=\"og:title\" content=\"Kwietniowe zwiady, cz. I - Literackie przeszpiegi\" \/>\n<meta property=\"og:description\" content=\"Szpieg chodzi\u0142, podpatrywa\u0142, co te\u017c ten kwiecie\u0144 przyniesie ciekawego w ksi\u0119garniach. Wyb\u00f3r przeogromny, ale z przewag\u0105 l\u017cejszych klimat\u00f3w.\" \/>\n<meta property=\"og:url\" content=\"https:\/\/literackieprzeszpiegi.pl\/index.php\/2017\/04\/02\/kwietniowe-zwiady\/\" \/>\n<meta property=\"og:site_name\" content=\"Literackie przeszpiegi\" \/>\n<meta property=\"article:published_time\" content=\"2017-04-02T16:40:30+00:00\" \/>\n<meta property=\"article:modified_time\" content=\"2017-09-03T11:12:51+00:00\" \/>\n<meta property=\"og:image\" content=\"https:\/\/literackieprzeszpiegi.pl\/wp-content\/uploads\/2017\/04\/kwiecie\u0144-1.jpg\" \/>\n\t<meta property=\"og:image:width\" content=\"755\" \/>\n\t<meta property=\"og:image:height\" content=\"546\" \/>\n\t<meta property=\"og:image:type\" content=\"image\/jpeg\" \/>\n<meta name=\"author\" content=\"Szpieg\" \/>\n<meta name=\"twitter:card\" content=\"summary_large_image\" \/>\n<meta name=\"twitter:label1\" content=\"Napisane przez\" \/>\n\t<meta name=\"twitter:data1\" content=\"Szpieg\" \/>\n\t<meta name=\"twitter:label2\" content=\"Szacowany czas czytania\" \/>\n\t<meta name=\"twitter:data2\" content=\"2 minuty\" \/>\n<script type=\"application\/ld+json\" class=\"yoast-schema-graph\">{\"@context\":\"https:\/\/schema.org\",\"@graph\":[{\"@type\":\"Article\",\"@id\":\"https:\/\/literackieprzeszpiegi.pl\/index.php\/2017\/04\/02\/kwietniowe-zwiady\/#article\",\"isPartOf\":{\"@id\":\"https:\/\/literackieprzeszpiegi.pl\/index.php\/2017\/04\/02\/kwietniowe-zwiady\/\"},\"author\":{\"name\":\"Szpieg\",\"@id\":\"https:\/\/literackieprzeszpiegi.pl\/#\/schema\/person\/fd5c4f317aed549d4833e6402ffea017\"},\"headline\":\"Kwietniowe zwiady, cz. I\",\"datePublished\":\"2017-04-02T16:40:30+00:00\",\"dateModified\":\"2017-09-03T11:12:51+00:00\",\"mainEntityOfPage\":{\"@id\":\"https:\/\/literackieprzeszpiegi.pl\/index.php\/2017\/04\/02\/kwietniowe-zwiady\/\"},\"wordCount\":349,\"commentCount\":0,\"publisher\":{\"@id\":\"https:\/\/literackieprzeszpiegi.pl\/#organization\"},\"image\":{\"@id\":\"https:\/\/literackieprzeszpiegi.pl\/index.php\/2017\/04\/02\/kwietniowe-zwiady\/#primaryimage\"},\"thumbnailUrl\":\"https:\/\/literackieprzeszpiegi.pl\/wp-content\/uploads\/2017\/04\/kwiecie\u0144-1.jpg\",\"keywords\":[\"czwarta strona\",\"krymina\u0142\",\"Lars Kepler\",\"Magdalena Knedler\",\"Wydawnictwo Czarne\"],\"articleSection\":[\"Na zwiadach w ksi\u0119garniach\"],\"inLanguage\":\"pl-PL\",\"potentialAction\":[{\"@type\":\"CommentAction\",\"name\":\"Comment\",\"target\":[\"https:\/\/literackieprzeszpiegi.pl\/index.php\/2017\/04\/02\/kwietniowe-zwiady\/#respond\"]}]},{\"@type\":\"WebPage\",\"@id\":\"https:\/\/literackieprzeszpiegi.pl\/index.php\/2017\/04\/02\/kwietniowe-zwiady\/\",\"url\":\"https:\/\/literackieprzeszpiegi.pl\/index.php\/2017\/04\/02\/kwietniowe-zwiady\/\",\"name\":\"Kwietniowe zwiady, cz. I - Literackie przeszpiegi\",\"isPartOf\":{\"@id\":\"https:\/\/literackieprzeszpiegi.pl\/#website\"},\"primaryImageOfPage\":{\"@id\":\"https:\/\/literackieprzeszpiegi.pl\/index.php\/2017\/04\/02\/kwietniowe-zwiady\/#primaryimage\"},\"image\":{\"@id\":\"https:\/\/literackieprzeszpiegi.pl\/index.php\/2017\/04\/02\/kwietniowe-zwiady\/#primaryimage\"},\"thumbnailUrl\":\"https:\/\/literackieprzeszpiegi.pl\/wp-content\/uploads\/2017\/04\/kwiecie\u0144-1.jpg\",\"datePublished\":\"2017-04-02T16:40:30+00:00\",\"dateModified\":\"2017-09-03T11:12:51+00:00\",\"breadcrumb\":{\"@id\":\"https:\/\/literackieprzeszpiegi.pl\/index.php\/2017\/04\/02\/kwietniowe-zwiady\/#breadcrumb\"},\"inLanguage\":\"pl-PL\",\"potentialAction\":[{\"@type\":\"ReadAction\",\"target\":[\"https:\/\/literackieprzeszpiegi.pl\/index.php\/2017\/04\/02\/kwietniowe-zwiady\/\"]}]},{\"@type\":\"ImageObject\",\"inLanguage\":\"pl-PL\",\"@id\":\"https:\/\/literackieprzeszpiegi.pl\/index.php\/2017\/04\/02\/kwietniowe-zwiady\/#primaryimage\",\"url\":\"https:\/\/literackieprzeszpiegi.pl\/wp-content\/uploads\/2017\/04\/kwiecie\u0144-1.jpg\",\"contentUrl\":\"https:\/\/literackieprzeszpiegi.pl\/wp-content\/uploads\/2017\/04\/kwiecie\u0144-1.jpg\",\"width\":755,\"height\":546},{\"@type\":\"BreadcrumbList\",\"@id\":\"https:\/\/literackieprzeszpiegi.pl\/index.php\/2017\/04\/02\/kwietniowe-zwiady\/#breadcrumb\",\"itemListElement\":[{\"@type\":\"ListItem\",\"position\":1,\"name\":\"Home\",\"item\":\"https:\/\/literackieprzeszpiegi.pl\/\"},{\"@type\":\"ListItem\",\"position\":2,\"name\":\"Kwietniowe zwiady, cz. I\"}]},{\"@type\":\"WebSite\",\"@id\":\"https:\/\/literackieprzeszpiegi.pl\/#website\",\"url\":\"https:\/\/literackieprzeszpiegi.pl\/\",\"name\":\"Literackie przeszpiegi\",\"description\":\"blog o ksi\u0105\u017ckach\",\"publisher\":{\"@id\":\"https:\/\/literackieprzeszpiegi.pl\/#organization\"},\"potentialAction\":[{\"@type\":\"SearchAction\",\"target\":{\"@type\":\"EntryPoint\",\"urlTemplate\":\"https:\/\/literackieprzeszpiegi.pl\/?s={search_term_string}\"},\"query-input\":\"required name=search_term_string\"}],\"inLanguage\":\"pl-PL\"},{\"@type\":\"Organization\",\"@id\":\"https:\/\/literackieprzeszpiegi.pl\/#organization\",\"name\":\"Literackie przeszpiegi\",\"url\":\"https:\/\/literackieprzeszpiegi.pl\/\",\"logo\":{\"@type\":\"ImageObject\",\"inLanguage\":\"pl-PL\",\"@id\":\"https:\/\/literackieprzeszpiegi.pl\/#\/schema\/logo\/image\/\",\"url\":\"https:\/\/literackieprzeszpiegi.pl\/wp-content\/uploads\/2021\/01\/cropped-cropped-Literackie-przeszpiegi-1.png\",\"contentUrl\":\"https:\/\/literackieprzeszpiegi.pl\/wp-content\/uploads\/2021\/01\/cropped-cropped-Literackie-przeszpiegi-1.png\",\"width\":499,\"height\":142,\"caption\":\"Literackie przeszpiegi\"},\"image\":{\"@id\":\"https:\/\/literackieprzeszpiegi.pl\/#\/schema\/logo\/image\/\"}},{\"@type\":\"Person\",\"@id\":\"https:\/\/literackieprzeszpiegi.pl\/#\/schema\/person\/fd5c4f317aed549d4833e6402ffea017\",\"name\":\"Szpieg\",\"image\":{\"@type\":\"ImageObject\",\"inLanguage\":\"pl-PL\",\"@id\":\"https:\/\/literackieprzeszpiegi.pl\/#\/schema\/person\/image\/\",\"url\":\"https:\/\/secure.gravatar.com\/avatar\/45a17869257e08975d929f204ef78290?s=96&d=mm&r=g\",\"contentUrl\":\"https:\/\/secure.gravatar.com\/avatar\/45a17869257e08975d929f204ef78290?s=96&d=mm&r=g\",\"caption\":\"Szpieg\"},\"url\":\"https:\/\/literackieprzeszpiegi.pl\/index.php\/author\/admin\/\"}]}<\/script>\n<!-- \/ Yoast SEO plugin. -->","yoast_head_json":{"title":"Kwietniowe zwiady, cz. I - Literackie przeszpiegi","robots":{"index":"index","follow":"follow","max-snippet":"max-snippet:-1","max-image-preview":"max-image-preview:large","max-video-preview":"max-video-preview:-1"},"canonical":"https:\/\/literackieprzeszpiegi.pl\/index.php\/2017\/04\/02\/kwietniowe-zwiady\/","og_locale":"pl_PL","og_type":"article","og_title":"Kwietniowe zwiady, cz. I - Literackie przeszpiegi","og_description":"Szpieg chodzi\u0142, podpatrywa\u0142, co te\u017c ten kwiecie\u0144 przyniesie ciekawego w ksi\u0119garniach. Wyb\u00f3r przeogromny, ale z przewag\u0105 l\u017cejszych klimat\u00f3w.","og_url":"https:\/\/literackieprzeszpiegi.pl\/index.php\/2017\/04\/02\/kwietniowe-zwiady\/","og_site_name":"Literackie przeszpiegi","article_published_time":"2017-04-02T16:40:30+00:00","article_modified_time":"2017-09-03T11:12:51+00:00","og_image":[{"width":755,"height":546,"url":"https:\/\/literackieprzeszpiegi.pl\/wp-content\/uploads\/2017\/04\/kwiecie\u0144-1.jpg","type":"image\/jpeg"}],"author":"Szpieg","twitter_card":"summary_large_image","twitter_misc":{"Napisane przez":"Szpieg","Szacowany czas czytania":"2 minuty"},"schema":{"@context":"https:\/\/schema.org","@graph":[{"@type":"Article","@id":"https:\/\/literackieprzeszpiegi.pl\/index.php\/2017\/04\/02\/kwietniowe-zwiady\/#article","isPartOf":{"@id":"https:\/\/literackieprzeszpiegi.pl\/index.php\/2017\/04\/02\/kwietniowe-zwiady\/"},"author":{"name":"Szpieg","@id":"https:\/\/literackieprzeszpiegi.pl\/#\/schema\/person\/fd5c4f317aed549d4833e6402ffea017"},"headline":"Kwietniowe zwiady, cz. I","datePublished":"2017-04-02T16:40:30+00:00","dateModified":"2017-09-03T11:12:51+00:00","mainEntityOfPage":{"@id":"https:\/\/literackieprzeszpiegi.pl\/index.php\/2017\/04\/02\/kwietniowe-zwiady\/"},"wordCount":349,"commentCount":0,"publisher":{"@id":"https:\/\/literackieprzeszpiegi.pl\/#organization"},"image":{"@id":"https:\/\/literackieprzeszpiegi.pl\/index.php\/2017\/04\/02\/kwietniowe-zwiady\/#primaryimage"},"thumbnailUrl":"https:\/\/literackieprzeszpiegi.pl\/wp-content\/uploads\/2017\/04\/kwiecie\u0144-1.jpg","keywords":["czwarta strona","krymina\u0142","Lars Kepler","Magdalena Knedler","Wydawnictwo Czarne"],"articleSection":["Na zwiadach w ksi\u0119garniach"],"inLanguage":"pl-PL","potentialAction":[{"@type":"CommentAction","name":"Comment","target":["https:\/\/literackieprzeszpiegi.pl\/index.php\/2017\/04\/02\/kwietniowe-zwiady\/#respond"]}]},{"@type":"WebPage","@id":"https:\/\/literackieprzeszpiegi.pl\/index.php\/2017\/04\/02\/kwietniowe-zwiady\/","url":"https:\/\/literackieprzeszpiegi.pl\/index.php\/2017\/04\/02\/kwietniowe-zwiady\/","name":"Kwietniowe zwiady, cz. I - Literackie przeszpiegi","isPartOf":{"@id":"https:\/\/literackieprzeszpiegi.pl\/#website"},"primaryImageOfPage":{"@id":"https:\/\/literackieprzeszpiegi.pl\/index.php\/2017\/04\/02\/kwietniowe-zwiady\/#primaryimage"},"image":{"@id":"https:\/\/literackieprzeszpiegi.pl\/index.php\/2017\/04\/02\/kwietniowe-zwiady\/#primaryimage"},"thumbnailUrl":"https:\/\/literackieprzeszpiegi.pl\/wp-content\/uploads\/2017\/04\/kwiecie\u0144-1.jpg","datePublished":"2017-04-02T16:40:30+00:00","dateModified":"2017-09-03T11:12:51+00:00","breadcrumb":{"@id":"https:\/\/literackieprzeszpiegi.pl\/index.php\/2017\/04\/02\/kwietniowe-zwiady\/#breadcrumb"},"inLanguage":"pl-PL","potentialAction":[{"@type":"ReadAction","target":["https:\/\/literackieprzeszpiegi.pl\/index.php\/2017\/04\/02\/kwietniowe-zwiady\/"]}]},{"@type":"ImageObject","inLanguage":"pl-PL","@id":"https:\/\/literackieprzeszpiegi.pl\/index.php\/2017\/04\/02\/kwietniowe-zwiady\/#primaryimage","url":"https:\/\/literackieprzeszpiegi.pl\/wp-content\/uploads\/2017\/04\/kwiecie\u0144-1.jpg","contentUrl":"https:\/\/literackieprzeszpiegi.pl\/wp-content\/uploads\/2017\/04\/kwiecie\u0144-1.jpg","width":755,"height":546},{"@type":"BreadcrumbList","@id":"https:\/\/literackieprzeszpiegi.pl\/index.php\/2017\/04\/02\/kwietniowe-zwiady\/#breadcrumb","itemListElement":[{"@type":"ListItem","position":1,"name":"Home","item":"https:\/\/literackieprzeszpiegi.pl\/"},{"@type":"ListItem","position":2,"name":"Kwietniowe zwiady, cz. I"}]},{"@type":"WebSite","@id":"https:\/\/literackieprzeszpiegi.pl\/#website","url":"https:\/\/literackieprzeszpiegi.pl\/","name":"Literackie przeszpiegi","description":"blog o ksi\u0105\u017ckach","publisher":{"@id":"https:\/\/literackieprzeszpiegi.pl\/#organization"},"potentialAction":[{"@type":"SearchAction","target":{"@type":"EntryPoint","urlTemplate":"https:\/\/literackieprzeszpiegi.pl\/?s={search_term_string}"},"query-input":"required name=search_term_string"}],"inLanguage":"pl-PL"},{"@type":"Organization","@id":"https:\/\/literackieprzeszpiegi.pl\/#organization","name":"Literackie przeszpiegi","url":"https:\/\/literackieprzeszpiegi.pl\/","logo":{"@type":"ImageObject","inLanguage":"pl-PL","@id":"https:\/\/literackieprzeszpiegi.pl\/#\/schema\/logo\/image\/","url":"https:\/\/literackieprzeszpiegi.pl\/wp-content\/uploads\/2021\/01\/cropped-cropped-Literackie-przeszpiegi-1.png","contentUrl":"https:\/\/literackieprzeszpiegi.pl\/wp-content\/uploads\/2021\/01\/cropped-cropped-Literackie-przeszpiegi-1.png","width":499,"height":142,"caption":"Literackie przeszpiegi"},"image":{"@id":"https:\/\/literackieprzeszpiegi.pl\/#\/schema\/logo\/image\/"}},{"@type":"Person","@id":"https:\/\/literackieprzeszpiegi.pl\/#\/schema\/person\/fd5c4f317aed549d4833e6402ffea017","name":"Szpieg","image":{"@type":"ImageObject","inLanguage":"pl-PL","@id":"https:\/\/literackieprzeszpiegi.pl\/#\/schema\/person\/image\/","url":"https:\/\/secure.gravatar.com\/avatar\/45a17869257e08975d929f204ef78290?s=96&d=mm&r=g","contentUrl":"https:\/\/secure.gravatar.com\/avatar\/45a17869257e08975d929f204ef78290?s=96&d=mm&r=g","caption":"Szpieg"},"url":"https:\/\/literackieprzeszpiegi.pl\/index.php\/author\/admin\/"}]}},"_links":{"self":[{"href":"https:\/\/literackieprzeszpiegi.pl\/index.php\/wp-json\/wp\/v2\/posts\/505"}],"collection":[{"href":"https:\/\/literackieprzeszpiegi.pl\/index.php\/wp-json\/wp\/v2\/posts"}],"about":[{"href":"https:\/\/literackieprzeszpiegi.pl\/index.php\/wp-json\/wp\/v2\/types\/post"}],"author":[{"embeddable":true,"href":"https:\/\/literackieprzeszpiegi.pl\/index.php\/wp-json\/wp\/v2\/users\/1"}],"replies":[{"embeddable":true,"href":"https:\/\/literackieprzeszpiegi.pl\/index.php\/wp-json\/wp\/v2\/comments?post=505"}],"version-history":[{"count":9,"href":"https:\/\/literackieprzeszpiegi.pl\/index.php\/wp-json\/wp\/v2\/posts\/505\/revisions"}],"predecessor-version":[{"id":528,"href":"https:\/\/literackieprzeszpiegi.pl\/index.php\/wp-json\/wp\/v2\/posts\/505\/revisions\/528"}],"wp:featuredmedia":[{"embeddable":true,"href":"https:\/\/literackieprzeszpiegi.pl\/index.php\/wp-json\/wp\/v2\/media\/512"}],"wp:attachment":[{"href":"https:\/\/literackieprzeszpiegi.pl\/index.php\/wp-json\/wp\/v2\/media?parent=505"}],"wp:term":[{"taxonomy":"category","embeddable":true,"href":"https:\/\/literackieprzeszpiegi.pl\/index.php\/wp-json\/wp\/v2\/categories?post=505"},{"taxonomy":"post_tag","embeddable":true,"href":"https:\/\/literackieprzeszpiegi.pl\/index.php\/wp-json\/wp\/v2\/tags?post=505"}],"curies":[{"name":"wp","href":"https:\/\/api.w.org\/{rel}","templated":true}]}}