{"id":629,"date":"2017-06-22T09:00:57","date_gmt":"2017-06-22T07:00:57","guid":{"rendered":"http:\/\/literackieprzeszpiegi.pl\/?p=629"},"modified":"2017-11-13T22:17:34","modified_gmt":"2017-11-13T21:17:34","slug":"spotkanie-z-magdalena-kordel","status":"publish","type":"post","link":"https:\/\/literackieprzeszpiegi.pl\/index.php\/2017\/06\/22\/spotkanie-z-magdalena-kordel\/","title":{"rendered":"Spotkanie z Magdalen\u0105 Kordel"},"content":{"rendered":"<p><img loading=\"lazy\" decoding=\"async\" class=\"size-medium wp-image-630 alignright\" src=\"http:\/\/literackieprzeszpiegi.pl\/wp-content\/uploads\/2017\/06\/ok2-1-300x239.jpg\" alt=\"\" width=\"300\" height=\"239\" \/><\/p>\n<p><strong>Co si\u0119 dzieje, gdy na spotkaniu autorka jest rozbrajaj\u0105co szczera?<\/strong><\/p>\n<p><!--more--><\/p>\n<p style=\"text-align: justify;\">Mog\u0142am to zobaczy\u0107 na w\u0142asne oczy &#8211; publiczno\u015b\u0107 dos\u0142ownie ch\u0142on\u0119\u0142a ka\u017cde s\u0142owo i gest. Ale wielka w tym zas\u0142uga samej autorki, kt\u00f3ra z tak\u0105 lekko\u015bci\u0105 odpowiada\u0142a na ka\u017cde pytanie, jakby ca\u0142e \u017cycie zajmowa\u0142a si\u0119 udzielaniem wywiad\u00f3w a nie pisaniem ksi\u0105\u017cek.<\/p>\n<p style=\"text-align: justify;\">Chyba najprzyjemniej s\u0142ucha\u0142o si\u0119 opowie\u015bci o tym, jak to ksi\u0105\u017cki mog\u0105 by lekarstwem na z\u0142y dzie\u0144, a zarazem takim &#8220;mobilizatorem&#8221;, by na drugi dzie\u0144 wzi\u0105\u0107 si\u0119 w gar\u015b\u0107. Spotkaniu towarzyszy\u0142o mn\u00f3stwo anegdot &#8211; m.in. o tym, jak si\u0119 pisze serie ksi\u0105\u017cek, kt\u00f3re wcale nie mia\u0142y nimi by\u0107; o zami\u0142owaniu do przedmiot\u00f3w retro, kt\u00f3re nader cz\u0119sto &#8216;przemawiaj\u0105&#8217; do autorki. C\u00f3\u017c, do tej pory m\u00f3wi\u0142y ju\u017c sztu\u0107ce, stare zdj\u0119cia, kufer. Ale je\u015bli dzi\u0119ki temu powstaj\u0105 tak dobre ksi\u0105\u017cki, to nie mam absolutnie nic przeciwko \ud83d\ude42<\/p>\n<p style=\"text-align: justify;\">Pami\u0119tajmy, \u017ce pisarze to tak\u017ce ludzie, kt\u00f3rym te\u017c zdarzaj\u0105 si\u0119 b\u0142\u0119dy &#8211; jak cho\u0107by w tym wypadku &#8211; zapominanie imion swoich bohater\u00f3w. To taki ma\u0142y skutek uboczny pisania serii ksi\u0105\u017cek, w kt\u00f3rych po pewnym czasie zar\u00f3wno postacie, jak i miejsca zaczynaj\u0105 \u017cy\u0107 w\u0142asnym \u017cyciem. Do powy\u017cszej sklerozy literackiej mo\u017cna jeszcze do\u0142o\u017cy\u0107 przyznanie si\u0119, \u017ce nie wszystko, co si\u0119 pisze jest doskona\u0142e, bo autorce te\u017c zdarzy\u0142o si\u0119 (i to dwukrotnie!), \u017ce jej powie\u015b\u0107 zosta\u0142a odrzucona. Ale to wszystko czego\u015b uczy.<\/p>\n<p style=\"text-align: justify;\">Po spotkaniu z Magdalen\u0105 Kordel wiem, \u017ce to typ cz\u0142owieka, kt\u00f3ry umie sobie zjednywa\u0107 ludzi, opowiadaj\u0105c proste \u017cyciowe historie. I zapewne mog\u0142aby godzinami rozmawia\u0107 z czytelnikami, zara\u017caj\u0105c ich swoim optymizmem.<\/p>\n<p style=\"text-align: justify;\">PS. Wypatrujcie w ksi\u0119garniach najnowszej ksi\u0105\u017cki autorki &#8220;C\u00f3rka wiatr\u00f3w&#8221;, otwieraj\u0105cej cykl &#8220;Wilczy dw\u00f3r&#8221;.<br \/>\nBo chyba serii &#8220;Malownicze&#8221; nie musz\u0119 Wam przestawia\u0107? :- )<\/p>\n<div id='gallery-1' class='gallery galleryid-629 gallery-columns-3 gallery-size-thumbnail'><figure class='gallery-item'>\n\t\t\t<div class='gallery-icon landscape'>\n\t\t\t\t<a href='https:\/\/literackieprzeszpiegi.pl\/index.php\/2017\/06\/22\/spotkanie-z-magdalena-kordel\/ok1-3\/#main'><img loading=\"lazy\" decoding=\"async\" width=\"150\" height=\"150\" src=\"https:\/\/literackieprzeszpiegi.pl\/wp-content\/uploads\/2017\/06\/ok1-1-150x150.jpg\" class=\"attachment-thumbnail size-thumbnail\" alt=\"\" \/><\/a>\n\t\t\t<\/div><\/figure><figure class='gallery-item'>\n\t\t\t<div class='gallery-icon landscape'>\n\t\t\t\t<a href='https:\/\/literackieprzeszpiegi.pl\/index.php\/2017\/06\/22\/spotkanie-z-magdalena-kordel\/ok3\/#main'><img loading=\"lazy\" decoding=\"async\" width=\"150\" height=\"150\" src=\"https:\/\/literackieprzeszpiegi.pl\/wp-content\/uploads\/2017\/06\/ok3-150x150.jpg\" class=\"attachment-thumbnail size-thumbnail\" alt=\"\" \/><\/a>\n\t\t\t<\/div><\/figure>\n\t\t<\/div>\n\n","protected":false},"excerpt":{"rendered":"<p>Co si\u0119 dzieje, gdy na spotkaniu autorka jest rozbrajaj\u0105co szczera?<\/p>\n","protected":false},"author":1,"featured_media":630,"comment_status":"open","ping_status":"open","sticky":false,"template":"","format":"standard","meta":{"om_disable_all_campaigns":false,"_exactmetrics_skip_tracking":false,"_exactmetrics_sitenote_active":false,"_exactmetrics_sitenote_note":"","_exactmetrics_sitenote_category":0,"_monsterinsights_skip_tracking":false,"_monsterinsights_sitenote_active":false,"_monsterinsights_sitenote_note":"","_monsterinsights_sitenote_category":0,"_uf_show_specific_survey":0,"_uf_disable_surveys":false,"footnotes":""},"categories":[62],"tags":[82,34],"yoast_head":"<!-- This site is optimized with the Yoast SEO plugin v22.9 - https:\/\/yoast.com\/wordpress\/plugins\/seo\/ -->\n<title>Spotkanie z Magdalen\u0105 Kordel - Literackie przeszpiegi<\/title>\n<meta name=\"robots\" content=\"index, follow, max-snippet:-1, max-image-preview:large, max-video-preview:-1\" \/>\n<link rel=\"canonical\" href=\"https:\/\/literackieprzeszpiegi.pl\/index.php\/2017\/06\/22\/spotkanie-z-magdalena-kordel\/\" \/>\n<meta property=\"og:locale\" content=\"pl_PL\" \/>\n<meta property=\"og:type\" content=\"article\" \/>\n<meta property=\"og:title\" content=\"Spotkanie z Magdalen\u0105 Kordel - Literackie przeszpiegi\" \/>\n<meta property=\"og:description\" content=\"Co si\u0119 dzieje, gdy na spotkaniu autorka jest rozbrajaj\u0105co szczera?\" \/>\n<meta property=\"og:url\" content=\"https:\/\/literackieprzeszpiegi.pl\/index.php\/2017\/06\/22\/spotkanie-z-magdalena-kordel\/\" \/>\n<meta property=\"og:site_name\" content=\"Literackie przeszpiegi\" \/>\n<meta property=\"article:published_time\" content=\"2017-06-22T07:00:57+00:00\" \/>\n<meta property=\"article:modified_time\" content=\"2017-11-13T21:17:34+00:00\" \/>\n<meta property=\"og:image\" content=\"https:\/\/literackieprzeszpiegi.pl\/wp-content\/uploads\/2017\/06\/ok2-1-e1510607678650.jpg\" \/>\n\t<meta property=\"og:image:width\" content=\"100\" \/>\n\t<meta property=\"og:image:height\" content=\"80\" \/>\n\t<meta property=\"og:image:type\" content=\"image\/jpeg\" \/>\n<meta name=\"author\" content=\"Szpieg\" \/>\n<meta name=\"twitter:card\" content=\"summary_large_image\" \/>\n<meta name=\"twitter:label1\" content=\"Napisane przez\" \/>\n\t<meta name=\"twitter:data1\" content=\"Szpieg\" \/>\n\t<meta name=\"twitter:label2\" content=\"Szacowany czas czytania\" \/>\n\t<meta name=\"twitter:data2\" content=\"2 minuty\" \/>\n<script type=\"application\/ld+json\" class=\"yoast-schema-graph\">{\"@context\":\"https:\/\/schema.org\",\"@graph\":[{\"@type\":\"Article\",\"@id\":\"https:\/\/literackieprzeszpiegi.pl\/index.php\/2017\/06\/22\/spotkanie-z-magdalena-kordel\/#article\",\"isPartOf\":{\"@id\":\"https:\/\/literackieprzeszpiegi.pl\/index.php\/2017\/06\/22\/spotkanie-z-magdalena-kordel\/\"},\"author\":{\"name\":\"Szpieg\",\"@id\":\"https:\/\/literackieprzeszpiegi.pl\/#\/schema\/person\/fd5c4f317aed549d4833e6402ffea017\"},\"headline\":\"Spotkanie z Magdalen\u0105 Kordel\",\"datePublished\":\"2017-06-22T07:00:57+00:00\",\"dateModified\":\"2017-11-13T21:17:34+00:00\",\"mainEntityOfPage\":{\"@id\":\"https:\/\/literackieprzeszpiegi.pl\/index.php\/2017\/06\/22\/spotkanie-z-magdalena-kordel\/\"},\"wordCount\":339,\"commentCount\":0,\"publisher\":{\"@id\":\"https:\/\/literackieprzeszpiegi.pl\/#organization\"},\"image\":{\"@id\":\"https:\/\/literackieprzeszpiegi.pl\/index.php\/2017\/06\/22\/spotkanie-z-magdalena-kordel\/#primaryimage\"},\"thumbnailUrl\":\"https:\/\/literackieprzeszpiegi.pl\/wp-content\/uploads\/2017\/06\/ok2-1-e1510607678650.jpg\",\"keywords\":[\"Magdalena Kordel\",\"Wydawnictwo Znak\"],\"articleSection\":[\"Przychodzi Szpieg na spotkanie...\"],\"inLanguage\":\"pl-PL\",\"potentialAction\":[{\"@type\":\"CommentAction\",\"name\":\"Comment\",\"target\":[\"https:\/\/literackieprzeszpiegi.pl\/index.php\/2017\/06\/22\/spotkanie-z-magdalena-kordel\/#respond\"]}]},{\"@type\":\"WebPage\",\"@id\":\"https:\/\/literackieprzeszpiegi.pl\/index.php\/2017\/06\/22\/spotkanie-z-magdalena-kordel\/\",\"url\":\"https:\/\/literackieprzeszpiegi.pl\/index.php\/2017\/06\/22\/spotkanie-z-magdalena-kordel\/\",\"name\":\"Spotkanie z Magdalen\u0105 Kordel - Literackie przeszpiegi\",\"isPartOf\":{\"@id\":\"https:\/\/literackieprzeszpiegi.pl\/#website\"},\"primaryImageOfPage\":{\"@id\":\"https:\/\/literackieprzeszpiegi.pl\/index.php\/2017\/06\/22\/spotkanie-z-magdalena-kordel\/#primaryimage\"},\"image\":{\"@id\":\"https:\/\/literackieprzeszpiegi.pl\/index.php\/2017\/06\/22\/spotkanie-z-magdalena-kordel\/#primaryimage\"},\"thumbnailUrl\":\"https:\/\/literackieprzeszpiegi.pl\/wp-content\/uploads\/2017\/06\/ok2-1-e1510607678650.jpg\",\"datePublished\":\"2017-06-22T07:00:57+00:00\",\"dateModified\":\"2017-11-13T21:17:34+00:00\",\"breadcrumb\":{\"@id\":\"https:\/\/literackieprzeszpiegi.pl\/index.php\/2017\/06\/22\/spotkanie-z-magdalena-kordel\/#breadcrumb\"},\"inLanguage\":\"pl-PL\",\"potentialAction\":[{\"@type\":\"ReadAction\",\"target\":[\"https:\/\/literackieprzeszpiegi.pl\/index.php\/2017\/06\/22\/spotkanie-z-magdalena-kordel\/\"]}]},{\"@type\":\"ImageObject\",\"inLanguage\":\"pl-PL\",\"@id\":\"https:\/\/literackieprzeszpiegi.pl\/index.php\/2017\/06\/22\/spotkanie-z-magdalena-kordel\/#primaryimage\",\"url\":\"https:\/\/literackieprzeszpiegi.pl\/wp-content\/uploads\/2017\/06\/ok2-1-e1510607678650.jpg\",\"contentUrl\":\"https:\/\/literackieprzeszpiegi.pl\/wp-content\/uploads\/2017\/06\/ok2-1-e1510607678650.jpg\",\"width\":100,\"height\":80},{\"@type\":\"BreadcrumbList\",\"@id\":\"https:\/\/literackieprzeszpiegi.pl\/index.php\/2017\/06\/22\/spotkanie-z-magdalena-kordel\/#breadcrumb\",\"itemListElement\":[{\"@type\":\"ListItem\",\"position\":1,\"name\":\"Home\",\"item\":\"https:\/\/literackieprzeszpiegi.pl\/\"},{\"@type\":\"ListItem\",\"position\":2,\"name\":\"Spotkanie z Magdalen\u0105 Kordel\"}]},{\"@type\":\"WebSite\",\"@id\":\"https:\/\/literackieprzeszpiegi.pl\/#website\",\"url\":\"https:\/\/literackieprzeszpiegi.pl\/\",\"name\":\"Literackie przeszpiegi\",\"description\":\"blog o ksi\u0105\u017ckach\",\"publisher\":{\"@id\":\"https:\/\/literackieprzeszpiegi.pl\/#organization\"},\"potentialAction\":[{\"@type\":\"SearchAction\",\"target\":{\"@type\":\"EntryPoint\",\"urlTemplate\":\"https:\/\/literackieprzeszpiegi.pl\/?s={search_term_string}\"},\"query-input\":\"required name=search_term_string\"}],\"inLanguage\":\"pl-PL\"},{\"@type\":\"Organization\",\"@id\":\"https:\/\/literackieprzeszpiegi.pl\/#organization\",\"name\":\"Literackie przeszpiegi\",\"url\":\"https:\/\/literackieprzeszpiegi.pl\/\",\"logo\":{\"@type\":\"ImageObject\",\"inLanguage\":\"pl-PL\",\"@id\":\"https:\/\/literackieprzeszpiegi.pl\/#\/schema\/logo\/image\/\",\"url\":\"https:\/\/literackieprzeszpiegi.pl\/wp-content\/uploads\/2021\/01\/cropped-cropped-Literackie-przeszpiegi-1.png\",\"contentUrl\":\"https:\/\/literackieprzeszpiegi.pl\/wp-content\/uploads\/2021\/01\/cropped-cropped-Literackie-przeszpiegi-1.png\",\"width\":499,\"height\":142,\"caption\":\"Literackie przeszpiegi\"},\"image\":{\"@id\":\"https:\/\/literackieprzeszpiegi.pl\/#\/schema\/logo\/image\/\"}},{\"@type\":\"Person\",\"@id\":\"https:\/\/literackieprzeszpiegi.pl\/#\/schema\/person\/fd5c4f317aed549d4833e6402ffea017\",\"name\":\"Szpieg\",\"image\":{\"@type\":\"ImageObject\",\"inLanguage\":\"pl-PL\",\"@id\":\"https:\/\/literackieprzeszpiegi.pl\/#\/schema\/person\/image\/\",\"url\":\"https:\/\/secure.gravatar.com\/avatar\/45a17869257e08975d929f204ef78290?s=96&d=mm&r=g\",\"contentUrl\":\"https:\/\/secure.gravatar.com\/avatar\/45a17869257e08975d929f204ef78290?s=96&d=mm&r=g\",\"caption\":\"Szpieg\"},\"url\":\"https:\/\/literackieprzeszpiegi.pl\/index.php\/author\/admin\/\"}]}<\/script>\n<!-- \/ Yoast SEO plugin. -->","yoast_head_json":{"title":"Spotkanie z Magdalen\u0105 Kordel - Literackie przeszpiegi","robots":{"index":"index","follow":"follow","max-snippet":"max-snippet:-1","max-image-preview":"max-image-preview:large","max-video-preview":"max-video-preview:-1"},"canonical":"https:\/\/literackieprzeszpiegi.pl\/index.php\/2017\/06\/22\/spotkanie-z-magdalena-kordel\/","og_locale":"pl_PL","og_type":"article","og_title":"Spotkanie z Magdalen\u0105 Kordel - Literackie przeszpiegi","og_description":"Co si\u0119 dzieje, gdy na spotkaniu autorka jest rozbrajaj\u0105co szczera?","og_url":"https:\/\/literackieprzeszpiegi.pl\/index.php\/2017\/06\/22\/spotkanie-z-magdalena-kordel\/","og_site_name":"Literackie przeszpiegi","article_published_time":"2017-06-22T07:00:57+00:00","article_modified_time":"2017-11-13T21:17:34+00:00","og_image":[{"width":100,"height":80,"url":"https:\/\/literackieprzeszpiegi.pl\/wp-content\/uploads\/2017\/06\/ok2-1-e1510607678650.jpg","type":"image\/jpeg"}],"author":"Szpieg","twitter_card":"summary_large_image","twitter_misc":{"Napisane przez":"Szpieg","Szacowany czas czytania":"2 minuty"},"schema":{"@context":"https:\/\/schema.org","@graph":[{"@type":"Article","@id":"https:\/\/literackieprzeszpiegi.pl\/index.php\/2017\/06\/22\/spotkanie-z-magdalena-kordel\/#article","isPartOf":{"@id":"https:\/\/literackieprzeszpiegi.pl\/index.php\/2017\/06\/22\/spotkanie-z-magdalena-kordel\/"},"author":{"name":"Szpieg","@id":"https:\/\/literackieprzeszpiegi.pl\/#\/schema\/person\/fd5c4f317aed549d4833e6402ffea017"},"headline":"Spotkanie z Magdalen\u0105 Kordel","datePublished":"2017-06-22T07:00:57+00:00","dateModified":"2017-11-13T21:17:34+00:00","mainEntityOfPage":{"@id":"https:\/\/literackieprzeszpiegi.pl\/index.php\/2017\/06\/22\/spotkanie-z-magdalena-kordel\/"},"wordCount":339,"commentCount":0,"publisher":{"@id":"https:\/\/literackieprzeszpiegi.pl\/#organization"},"image":{"@id":"https:\/\/literackieprzeszpiegi.pl\/index.php\/2017\/06\/22\/spotkanie-z-magdalena-kordel\/#primaryimage"},"thumbnailUrl":"https:\/\/literackieprzeszpiegi.pl\/wp-content\/uploads\/2017\/06\/ok2-1-e1510607678650.jpg","keywords":["Magdalena Kordel","Wydawnictwo Znak"],"articleSection":["Przychodzi Szpieg na spotkanie..."],"inLanguage":"pl-PL","potentialAction":[{"@type":"CommentAction","name":"Comment","target":["https:\/\/literackieprzeszpiegi.pl\/index.php\/2017\/06\/22\/spotkanie-z-magdalena-kordel\/#respond"]}]},{"@type":"WebPage","@id":"https:\/\/literackieprzeszpiegi.pl\/index.php\/2017\/06\/22\/spotkanie-z-magdalena-kordel\/","url":"https:\/\/literackieprzeszpiegi.pl\/index.php\/2017\/06\/22\/spotkanie-z-magdalena-kordel\/","name":"Spotkanie z Magdalen\u0105 Kordel - Literackie przeszpiegi","isPartOf":{"@id":"https:\/\/literackieprzeszpiegi.pl\/#website"},"primaryImageOfPage":{"@id":"https:\/\/literackieprzeszpiegi.pl\/index.php\/2017\/06\/22\/spotkanie-z-magdalena-kordel\/#primaryimage"},"image":{"@id":"https:\/\/literackieprzeszpiegi.pl\/index.php\/2017\/06\/22\/spotkanie-z-magdalena-kordel\/#primaryimage"},"thumbnailUrl":"https:\/\/literackieprzeszpiegi.pl\/wp-content\/uploads\/2017\/06\/ok2-1-e1510607678650.jpg","datePublished":"2017-06-22T07:00:57+00:00","dateModified":"2017-11-13T21:17:34+00:00","breadcrumb":{"@id":"https:\/\/literackieprzeszpiegi.pl\/index.php\/2017\/06\/22\/spotkanie-z-magdalena-kordel\/#breadcrumb"},"inLanguage":"pl-PL","potentialAction":[{"@type":"ReadAction","target":["https:\/\/literackieprzeszpiegi.pl\/index.php\/2017\/06\/22\/spotkanie-z-magdalena-kordel\/"]}]},{"@type":"ImageObject","inLanguage":"pl-PL","@id":"https:\/\/literackieprzeszpiegi.pl\/index.php\/2017\/06\/22\/spotkanie-z-magdalena-kordel\/#primaryimage","url":"https:\/\/literackieprzeszpiegi.pl\/wp-content\/uploads\/2017\/06\/ok2-1-e1510607678650.jpg","contentUrl":"https:\/\/literackieprzeszpiegi.pl\/wp-content\/uploads\/2017\/06\/ok2-1-e1510607678650.jpg","width":100,"height":80},{"@type":"BreadcrumbList","@id":"https:\/\/literackieprzeszpiegi.pl\/index.php\/2017\/06\/22\/spotkanie-z-magdalena-kordel\/#breadcrumb","itemListElement":[{"@type":"ListItem","position":1,"name":"Home","item":"https:\/\/literackieprzeszpiegi.pl\/"},{"@type":"ListItem","position":2,"name":"Spotkanie z Magdalen\u0105 Kordel"}]},{"@type":"WebSite","@id":"https:\/\/literackieprzeszpiegi.pl\/#website","url":"https:\/\/literackieprzeszpiegi.pl\/","name":"Literackie przeszpiegi","description":"blog o ksi\u0105\u017ckach","publisher":{"@id":"https:\/\/literackieprzeszpiegi.pl\/#organization"},"potentialAction":[{"@type":"SearchAction","target":{"@type":"EntryPoint","urlTemplate":"https:\/\/literackieprzeszpiegi.pl\/?s={search_term_string}"},"query-input":"required name=search_term_string"}],"inLanguage":"pl-PL"},{"@type":"Organization","@id":"https:\/\/literackieprzeszpiegi.pl\/#organization","name":"Literackie przeszpiegi","url":"https:\/\/literackieprzeszpiegi.pl\/","logo":{"@type":"ImageObject","inLanguage":"pl-PL","@id":"https:\/\/literackieprzeszpiegi.pl\/#\/schema\/logo\/image\/","url":"https:\/\/literackieprzeszpiegi.pl\/wp-content\/uploads\/2021\/01\/cropped-cropped-Literackie-przeszpiegi-1.png","contentUrl":"https:\/\/literackieprzeszpiegi.pl\/wp-content\/uploads\/2021\/01\/cropped-cropped-Literackie-przeszpiegi-1.png","width":499,"height":142,"caption":"Literackie przeszpiegi"},"image":{"@id":"https:\/\/literackieprzeszpiegi.pl\/#\/schema\/logo\/image\/"}},{"@type":"Person","@id":"https:\/\/literackieprzeszpiegi.pl\/#\/schema\/person\/fd5c4f317aed549d4833e6402ffea017","name":"Szpieg","image":{"@type":"ImageObject","inLanguage":"pl-PL","@id":"https:\/\/literackieprzeszpiegi.pl\/#\/schema\/person\/image\/","url":"https:\/\/secure.gravatar.com\/avatar\/45a17869257e08975d929f204ef78290?s=96&d=mm&r=g","contentUrl":"https:\/\/secure.gravatar.com\/avatar\/45a17869257e08975d929f204ef78290?s=96&d=mm&r=g","caption":"Szpieg"},"url":"https:\/\/literackieprzeszpiegi.pl\/index.php\/author\/admin\/"}]}},"_links":{"self":[{"href":"https:\/\/literackieprzeszpiegi.pl\/index.php\/wp-json\/wp\/v2\/posts\/629"}],"collection":[{"href":"https:\/\/literackieprzeszpiegi.pl\/index.php\/wp-json\/wp\/v2\/posts"}],"about":[{"href":"https:\/\/literackieprzeszpiegi.pl\/index.php\/wp-json\/wp\/v2\/types\/post"}],"author":[{"embeddable":true,"href":"https:\/\/literackieprzeszpiegi.pl\/index.php\/wp-json\/wp\/v2\/users\/1"}],"replies":[{"embeddable":true,"href":"https:\/\/literackieprzeszpiegi.pl\/index.php\/wp-json\/wp\/v2\/comments?post=629"}],"version-history":[{"count":10,"href":"https:\/\/literackieprzeszpiegi.pl\/index.php\/wp-json\/wp\/v2\/posts\/629\/revisions"}],"predecessor-version":[{"id":903,"href":"https:\/\/literackieprzeszpiegi.pl\/index.php\/wp-json\/wp\/v2\/posts\/629\/revisions\/903"}],"wp:featuredmedia":[{"embeddable":true,"href":"https:\/\/literackieprzeszpiegi.pl\/index.php\/wp-json\/wp\/v2\/media\/630"}],"wp:attachment":[{"href":"https:\/\/literackieprzeszpiegi.pl\/index.php\/wp-json\/wp\/v2\/media?parent=629"}],"wp:term":[{"taxonomy":"category","embeddable":true,"href":"https:\/\/literackieprzeszpiegi.pl\/index.php\/wp-json\/wp\/v2\/categories?post=629"},{"taxonomy":"post_tag","embeddable":true,"href":"https:\/\/literackieprzeszpiegi.pl\/index.php\/wp-json\/wp\/v2\/tags?post=629"}],"curies":[{"name":"wp","href":"https:\/\/api.w.org\/{rel}","templated":true}]}}